{"id":6,"name":"Pedro","url":"","description":"Nascido em Santo Andr\u00e9, S\u00e3o Paulo, come\u00e7ou a produzir mat\u00e9rias para seu blog pessoal, onde focava em escrever sobre as principais not\u00edcias relacionadas a seus interesses culturais e art\u00edsticos. Atualmente, cursa Jornalismo na Faculdade Paulus de Tecnologia e Comunica\u00e7\u00e3o e atua como estagi\u00e1rio no portal. Apaixonado por todas as formas de arte, especialmente a m\u00fasica, sendo f\u00e3 da banda brit\u00e2nica Radiohead e do compositor brasileiro Esteban Tavares, Pedro apresenta an\u00e1lises e informa\u00e7\u00f5es que v\u00e3o al\u00e9m da imagem e do som, ao explorar as diferentes nuances de cada artista, projeto ou evento, assim como o contexto cultural e social por tr\u00e1s das cria\u00e7\u00f5es. Al\u00e9m disso, acompanha de perto lan\u00e7amentos, tend\u00eancias e acontecimentos n\u00e3o apenas do entretenimento, mas tamb\u00e9m do mundo como um todo, onde explora um pouco de cada assunto todo dia.","link":"https:\/\/portaltela.pt\/por\/pedro-menezes\/","slug":"pedro-menezes","avatar_urls":{"24":"https:\/\/portaltela.pt\/s.01k8rhncp4jt1\/2026\/01\/WhatsApp-Image-2025-12-02-at-12.53.58-125x125.png","48":"https:\/\/portaltela.pt\/s.01k8rhncp4jt1\/2026\/01\/WhatsApp-Image-2025-12-02-at-12.53.58-125x125.png","96":"https:\/\/portaltela.pt\/s.01k8rhncp4jt1\/2026\/01\/WhatsApp-Image-2025-12-02-at-12.53.58-125x125.png"},"meta":{"author_slogan":""},"yoast_head":"<!-- This site is optimized with the Yoast SEO plugin v27.2 - https:\/\/yoast.com\/product\/yoast-seo-wordpress\/ -->\n<title>Pedro, Autor em Portal Tela Portugal<\/title>\n<meta name=\"robots\" content=\"index, follow, max-snippet:-1, max-image-preview:large, max-video-preview:-1\" \/>\n<meta property=\"og:locale\" content=\"pt_PT\" \/>\n<meta property=\"og:type\" content=\"profile\" \/>\n<meta property=\"og:title\" content=\"Pedro, Autor em Portal Tela Portugal\" \/>\n<meta property=\"og:url\" content=\"https:\/\/portaltela.pt\/por\/pedro-menezes\/\" \/>\n<meta property=\"og:site_name\" content=\"Portal Tela Portugal\" \/>\n<meta property=\"og:image\" content=\"https:\/\/portaltela.pt\/s.01k8rhncp4jt1\/2026\/01\/WhatsApp-Image-2025-12-02-at-12.53.58.png\" \/>\n\t<meta property=\"og:image:width\" content=\"480\" \/>\n\t<meta property=\"og:image:height\" content=\"640\" \/>\n\t<meta property=\"og:image:type\" content=\"image\/png\" \/>\n<meta name=\"twitter:card\" content=\"summary_large_image\" \/>\n<script type=\"application\/ld+json\" class=\"yoast-schema-graph\">{\"@context\":\"https:\/\/schema.org\",\"@graph\":[{\"@type\":\"ProfilePage\",\"@id\":\"https:\/\/portaltela.pt\/por\/pedro-menezes\/\",\"url\":\"https:\/\/portaltela.pt\/por\/pedro-menezes\/\",\"name\":\"Pedro, Autor em Portal Tela Portugal\",\"isPartOf\":{\"@id\":\"https:\/\/portaltela.pt\/#website\"},\"breadcrumb\":{\"@id\":\"https:\/\/portaltela.pt\/por\/pedro-menezes\/#breadcrumb\"},\"inLanguage\":\"pt-PT\",\"potentialAction\":[{\"@type\":\"ReadAction\",\"target\":[\"https:\/\/portaltela.pt\/por\/pedro-menezes\/\"]}]},{\"@type\":\"BreadcrumbList\",\"@id\":\"https:\/\/portaltela.pt\/por\/pedro-menezes\/#breadcrumb\",\"itemListElement\":[{\"@type\":\"ListItem\",\"position\":1,\"name\":\"In\u00edcio\",\"item\":\"https:\/\/portaltela.pt\/\"},{\"@type\":\"ListItem\",\"position\":2,\"name\":\"Arquivos para Pedro\"}]},{\"@type\":\"WebSite\",\"@id\":\"https:\/\/portaltela.pt\/#website\",\"url\":\"https:\/\/portaltela.pt\/\",\"name\":\"Portal Tela Portugal\",\"description\":\"\",\"potentialAction\":[{\"@type\":\"SearchAction\",\"target\":{\"@type\":\"EntryPoint\",\"urlTemplate\":\"https:\/\/portaltela.pt\/?s={search_term_string}\"},\"query-input\":{\"@type\":\"PropertyValueSpecification\",\"valueRequired\":true,\"valueName\":\"search_term_string\"}}],\"inLanguage\":\"pt-PT\"},{\"@type\":\"Person\",\"@id\":\"https:\/\/portaltela.pt\/#\/schema\/person\/46f99d681ff7818ab78ca399120163c1\",\"name\":\"Pedro\",\"image\":{\"@type\":\"ImageObject\",\"inLanguage\":\"pt-PT\",\"@id\":\"https:\/\/portaltela.pt\/s.01k8rhncp4jt1\/2026\/01\/WhatsApp-Image-2025-12-02-at-12.53.58-125x125.png\",\"url\":\"https:\/\/portaltela.pt\/s.01k8rhncp4jt1\/2026\/01\/WhatsApp-Image-2025-12-02-at-12.53.58-125x125.png\",\"contentUrl\":\"https:\/\/portaltela.pt\/s.01k8rhncp4jt1\/2026\/01\/WhatsApp-Image-2025-12-02-at-12.53.58-125x125.png\",\"caption\":\"Pedro\"},\"description\":\"Nascido em Santo Andr\u00e9, S\u00e3o Paulo, come\u00e7ou a produzir mat\u00e9rias para seu blog pessoal, onde focava em escrever sobre as principais not\u00edcias relacionadas a seus interesses culturais e art\u00edsticos. Atualmente, cursa Jornalismo na Faculdade Paulus de Tecnologia e Comunica\u00e7\u00e3o e atua como estagi\u00e1rio no portal. Apaixonado por todas as formas de arte, especialmente a m\u00fasica, sendo f\u00e3 da banda brit\u00e2nica Radiohead e do compositor brasileiro Esteban Tavares, Pedro apresenta an\u00e1lises e informa\u00e7\u00f5es que v\u00e3o al\u00e9m da imagem e do som, ao explorar as diferentes nuances de cada artista, projeto ou evento, assim como o contexto cultural e social por tr\u00e1s das cria\u00e7\u00f5es. Al\u00e9m disso, acompanha de perto lan\u00e7amentos, tend\u00eancias e acontecimentos n\u00e3o apenas do entretenimento, mas tamb\u00e9m do mundo como um todo, onde explora um pouco de cada assunto todo dia.\",\"mainEntityOfPage\":{\"@id\":\"https:\/\/portaltela.pt\/por\/pedro-menezes\/\"}}]}<\/script>\n<!-- \/ Yoast SEO plugin. -->","yoast_head_json":{"title":"Pedro, Autor em Portal Tela Portugal","robots":{"index":"index","follow":"follow","max-snippet":"max-snippet:-1","max-image-preview":"max-image-preview:large","max-video-preview":"max-video-preview:-1"},"og_locale":"pt_PT","og_type":"profile","og_title":"Pedro, Autor em Portal Tela Portugal","og_url":"https:\/\/portaltela.pt\/por\/pedro-menezes\/","og_site_name":"Portal Tela Portugal","og_image":[{"width":480,"height":640,"url":"https:\/\/portaltela.pt\/s.01k8rhncp4jt1\/2026\/01\/WhatsApp-Image-2025-12-02-at-12.53.58.png","type":"image\/png"}],"twitter_card":"summary_large_image","schema":{"@context":"https:\/\/schema.org","@graph":[{"@type":"ProfilePage","@id":"https:\/\/portaltela.pt\/por\/pedro-menezes\/","url":"https:\/\/portaltela.pt\/por\/pedro-menezes\/","name":"Pedro, Autor em Portal Tela Portugal","isPartOf":{"@id":"https:\/\/portaltela.pt\/#website"},"breadcrumb":{"@id":"https:\/\/portaltela.pt\/por\/pedro-menezes\/#breadcrumb"},"inLanguage":"pt-PT","potentialAction":[{"@type":"ReadAction","target":["https:\/\/portaltela.pt\/por\/pedro-menezes\/"]}]},{"@type":"BreadcrumbList","@id":"https:\/\/portaltela.pt\/por\/pedro-menezes\/#breadcrumb","itemListElement":[{"@type":"ListItem","position":1,"name":"In\u00edcio","item":"https:\/\/portaltela.pt\/"},{"@type":"ListItem","position":2,"name":"Arquivos para Pedro"}]},{"@type":"WebSite","@id":"https:\/\/portaltela.pt\/#website","url":"https:\/\/portaltela.pt\/","name":"Portal Tela Portugal","description":"","potentialAction":[{"@type":"SearchAction","target":{"@type":"EntryPoint","urlTemplate":"https:\/\/portaltela.pt\/?s={search_term_string}"},"query-input":{"@type":"PropertyValueSpecification","valueRequired":true,"valueName":"search_term_string"}}],"inLanguage":"pt-PT"},{"@type":"Person","@id":"https:\/\/portaltela.pt\/#\/schema\/person\/46f99d681ff7818ab78ca399120163c1","name":"Pedro","image":{"@type":"ImageObject","inLanguage":"pt-PT","@id":"https:\/\/portaltela.pt\/s.01k8rhncp4jt1\/2026\/01\/WhatsApp-Image-2025-12-02-at-12.53.58-125x125.png","url":"https:\/\/portaltela.pt\/s.01k8rhncp4jt1\/2026\/01\/WhatsApp-Image-2025-12-02-at-12.53.58-125x125.png","contentUrl":"https:\/\/portaltela.pt\/s.01k8rhncp4jt1\/2026\/01\/WhatsApp-Image-2025-12-02-at-12.53.58-125x125.png","caption":"Pedro"},"description":"Nascido em Santo Andr\u00e9, S\u00e3o Paulo, come\u00e7ou a produzir mat\u00e9rias para seu blog pessoal, onde focava em escrever sobre as principais not\u00edcias relacionadas a seus interesses culturais e art\u00edsticos. Atualmente, cursa Jornalismo na Faculdade Paulus de Tecnologia e Comunica\u00e7\u00e3o e atua como estagi\u00e1rio no portal. Apaixonado por todas as formas de arte, especialmente a m\u00fasica, sendo f\u00e3 da banda brit\u00e2nica Radiohead e do compositor brasileiro Esteban Tavares, Pedro apresenta an\u00e1lises e informa\u00e7\u00f5es que v\u00e3o al\u00e9m da imagem e do som, ao explorar as diferentes nuances de cada artista, projeto ou evento, assim como o contexto cultural e social por tr\u00e1s das cria\u00e7\u00f5es. Al\u00e9m disso, acompanha de perto lan\u00e7amentos, tend\u00eancias e acontecimentos n\u00e3o apenas do entretenimento, mas tamb\u00e9m do mundo como um todo, onde explora um pouco de cada assunto todo dia.","mainEntityOfPage":{"@id":"https:\/\/portaltela.pt\/por\/pedro-menezes\/"}}]}},"elementor_introduction":"","_links":{"self":[{"href":"https:\/\/portaltela.pt\/api\/wp\/v2\/users\/6","targetHints":{"allow":["GET"]}}],"collection":[{"href":"https:\/\/portaltela.pt\/api\/wp\/v2\/users"}]}}