{"id":99882,"date":"2025-12-26T15:12:00","date_gmt":"2025-12-26T18:12:00","guid":{"rendered":"https:\/\/portaltela.pt\/noticias\/2025\/12\/26\/ruben-dias-admite-que-o-fim-pode-ser-o-mais-dificil\/"},"modified":"2025-12-26T15:12:00","modified_gmt":"2025-12-26T18:12:00","slug":"ruben-dias-admite-que-o-fim-pode-ser-o-mais-dificil","status":"publish","type":"post","link":"https:\/\/portaltela.pt\/desporto\/futebol\/2025\/12\/26\/ruben-dias-admite-que-o-fim-pode-ser-o-mais-dificil\/","title":{"rendered":"R\u00faben Dias admite que o fim pode ser o mais dif\u00edcil"},"content":{"rendered":"<p>R\u00faben Dias aborda, em entrevista \u00e0 Forbes, o percurso que o levou ao topo do futebol. Explica que o futebol surgiu naturalmente da sua paix\u00e3o, mas que sempre atribuiu grande import\u00e2ncia \u00e0 escola e ao desempenho acad\u00e9mico. Este equil\u00edbrio definiu grande parte do seu trajeto.<\/p>\n<p>Come\u00e7ou no Estrela da Amadora e ganhou maior proje\u00e7\u00e3o no Benfica, onde integrou as camadas jovens, a equipa B e a equipa principal. Recorda que o clube lhe ofereceu tudo, tanto a n\u00edvel desportivo como humano, moldando o jogador que \u00e9 hoje.<\/p>\n<p>A passagem para o futebol s\u00e9nior \u00e9 descrita como um dos maiores desafios da carreira. A atua\u00e7\u00e3o com jogadores experientes, ap\u00f3s treinar com jovens, exige adapta\u00e7\u00e3o r\u00e1pida e resili\u00eancia, afirma o jogador.<\/p>\n<h3>O passo para o topo<\/h3>\n<p>R\u00faben Dias destaca que chegou ao Manchester City em 2020, momento em que passou a competir na (considerada) melhor liga do mundo. Ali conquistou quatro t\u00edtulos da Premier League, uma Liga dos Campe\u00f5es, um Mundial de clubes e v\u00e1rias ta\u00e7as nacionais.<\/p>\n<p>Relativamente ao campeonato ingl\u00eas, o defesa central sublinha que a liga espelha ambi\u00e7\u00e3o e capacidade. Refor\u00e7a a ideia de que s\u00f3 evolui quem demonstra consist\u00eancia e qualidade em alto n\u00edvel.<\/p>\n<h3>O estado atual da carreira<\/h3>\n<p>Sobre o volume de jogos e les\u00f5es, Dias analisa que a temporada tem limites. A express\u00e3o de preocupa\u00e7\u00e3o \u00e9 para a sa\u00fade dos jogadores, de modo a manter a qualidade do produto final do futebol.<\/p>\n<p>Quanto aos valores da ind\u00fastria, o jogador reconhece que o sistema funciona por propor\u00e7\u00f5es. Observa que os rendimentos globais refletem o que a ind\u00fastria produz, citando dados do mercado que apontam para cifras elevadas, mas acima de tudo proporcionais \u00e0 produ\u00e7\u00e3o.<\/p>\n<h3>Planos para o futuro<\/h3>\n<p>Aos 28 anos, o jogador olha para o que vem a seguir sem pressas. A prioridade \u00e9 preparar a transi\u00e7\u00e3o para a vida ap\u00f3s a carreira, planeando um interl\u00fadio de viagem nos primeiros seis meses depois da reforma.<\/p>\n<p>Sobre o futuro profissional, encara cen\u00e1rios com cautela, aguardando o momento certo para tomar decis\u00f5es ap\u00f3s uma reflex\u00e3o adequada. Mant\u00e9m o foco na educa\u00e7\u00e3o como \u00e1rea de interesse social.<\/p>\n<p>A interven\u00e7\u00e3o social \u00e9 uma constante na sua vis\u00e3o. Destaca a educa\u00e7\u00e3o como \u00e1rea priorit\u00e1ria, empenhando-se em apoiar oportunidades de aprendizagem para jovens, mantendo a ideia de que investir na educa\u00e7\u00e3o transforma vidas.<\/p>\n","protected":false},"excerpt":{"rendered":"<ul>\n<li>R\u00faben Dias diz que o futebol surgiu naturalmente, mantendo forte liga\u00e7\u00e3o \u00e0 escola e \u00e0 aprendizagem durante a juventude, antes de ser jogador profissional.<\/li>\n<li>A carreira passou pelo Estrela da Amadora e pelo Benfica, onde diz ter recebido tudo e onde enfrentou o salto da forma\u00e7\u00e3o para a equipa principal como um dos momentos mais desafiantes.<\/li>\n<li>Em dois mil e vinte assinou pelo Manchester City, desde ent\u00e3o vencendo quatro Premier Leagues, uma Liga dos Campe\u00f5es, al\u00e9m de outros trof\u00e9us colectivos.<\/li>\n<li>A \u00e9poca atual j\u00e1 envolve quarenta e nove jogos em v\u00e1rias competi\u00e7\u00f5es oficiais, e ele defende que a sa\u00fade dos jogadores deve ser considerada face ao aumento de jogos e les\u00f5es.<\/li>\n<li>Fora do campo, afirma que a no\u00e7\u00e3o de o futebol poder terminar \u00e9 a parte mais dif\u00edcil, planeando viajar nos seis meses iniciais ap\u00f3s a carreira e destacando a educa\u00e7\u00e3o como \u00e1rea em que pretende ter impacto.<\/li>\n<\/ul>\n","protected":false},"author":2,"featured_media":99905,"comment_status":"closed","ping_status":"closed","sticky":false,"template":"","format":"standard","meta":{"footnotes":""},"categories":[21,24],"tags":[152,163,32,1128,1014,36],"class_list":["post-99882","post","type-post","status-publish","format-standard","has-post-thumbnail","hentry","category-desporto","category-futebol","tag-desporto","tag-educacao","tag-futebol","tag-intervencao-social","tag-portugal","tag-reforma"],"yoast_head":"<!-- This site is optimized with the Yoast SEO plugin v27.2 - https:\/\/yoast.com\/product\/yoast-seo-wordpress\/ -->\n<title>R\u00faben Dias admite que o fim pode ser o mais dif\u00edcil - Portal Tela Portugal<\/title>\n<meta name=\"robots\" content=\"index, follow, max-snippet:-1, max-image-preview:large, max-video-preview:-1\" \/>\n<meta property=\"og:locale\" content=\"pt_PT\" \/>\n<meta property=\"og:type\" content=\"article\" \/>\n<meta property=\"og:title\" content=\"R\u00faben Dias admite que o fim pode ser o mais dif\u00edcil - Portal Tela Portugal\" \/>\n<meta property=\"og:description\" content=\"R\u00faben Dias diz que o futebol surgiu naturalmente, mantendo forte liga\u00e7\u00e3o \u00e0 escola e \u00e0 aprendizagem durante a juventude, antes de ser jogador profissional. A carreira passou pelo Estrela da Amadora e pelo Benfica, onde diz ter recebido tudo e onde enfrentou o salto da forma\u00e7\u00e3o para a equipa principal como um dos momentos mais desafiantes. Em dois mil e vinte assinou pelo Manchester City, desde ent\u00e3o vencendo quatro Premier Leagues, uma Liga dos Campe\u00f5es, al\u00e9m de outros trof\u00e9us colectivos. A \u00e9poca atual j\u00e1 envolve quarenta e nove jogos em v\u00e1rias competi\u00e7\u00f5es oficiais, e ele defende que a sa\u00fade dos jogadores deve ser considerada face ao aumento de jogos e les\u00f5es. Fora do campo, afirma que a no\u00e7\u00e3o de o futebol poder terminar \u00e9 a parte mais dif\u00edcil, planeando viajar nos seis meses iniciais ap\u00f3s a carreira e destacando a educa\u00e7\u00e3o como \u00e1rea em que pretende ter impacto.\" \/>\n<meta property=\"og:url\" content=\"https:\/\/portaltela.pt\/noticias\/2025\/12\/26\/ruben-dias-admite-que-o-fim-pode-ser-o-mais-dificil\/\" \/>\n<meta property=\"og:site_name\" content=\"Portal Tela Portugal\" \/>\n<meta property=\"article:published_time\" content=\"2025-12-26T18:12:00+00:00\" \/>\n<meta name=\"author\" content=\"Telinha\" \/>\n<meta name=\"twitter:card\" content=\"summary_large_image\" \/>\n<meta name=\"twitter:label1\" content=\"Escrito por\" \/>\n\t<meta name=\"twitter:data1\" content=\"Telinha\" \/>\n\t<meta name=\"twitter:label2\" content=\"Tempo estimado de leitura\" \/>\n\t<meta name=\"twitter:data2\" content=\"2 minutos\" \/>\n<script type=\"application\/ld+json\" class=\"yoast-schema-graph\">{\"@context\":\"https:\/\/schema.org\",\"@graph\":[{\"@type\":\"Article\",\"@id\":\"https:\/\/portaltela.pt\/noticias\/2025\/12\/26\/ruben-dias-admite-que-o-fim-pode-ser-o-mais-dificil\/#article\",\"isPartOf\":{\"@id\":\"https:\/\/portaltela.pt\/noticias\/2025\/12\/26\/ruben-dias-admite-que-o-fim-pode-ser-o-mais-dificil\/\"},\"author\":{\"name\":\"Telinha\",\"@id\":\"https:\/\/portaltela.pt\/#\/schema\/person\/c4278d4a6028830caff9ee44b42d32ed\"},\"headline\":\"R\u00faben Dias admite que o fim pode ser o mais dif\u00edcil\",\"datePublished\":\"2025-12-26T18:12:00+00:00\",\"mainEntityOfPage\":{\"@id\":\"https:\/\/portaltela.pt\/noticias\/2025\/12\/26\/ruben-dias-admite-que-o-fim-pode-ser-o-mais-dificil\/\"},\"wordCount\":429,\"image\":{\"@id\":\"https:\/\/portaltela.pt\/noticias\/2025\/12\/26\/ruben-dias-admite-que-o-fim-pode-ser-o-mais-dificil\/#primaryimage\"},\"thumbnailUrl\":\"https:\/\/portaltela.pt\/s.01k8rhncp4jt1\/2025\/12\/unnamed-file-1888.jpg\",\"keywords\":[\"desporto\",\"educa\u00e7\u00e3o\",\"futebol\",\"Interven\u00e7\u00e3o Social\",\"Portugal\",\"reforma\"],\"articleSection\":[\"Desporto\",\"Futebol\"],\"inLanguage\":\"pt-PT\"},{\"@type\":\"WebPage\",\"@id\":\"https:\/\/portaltela.pt\/noticias\/2025\/12\/26\/ruben-dias-admite-que-o-fim-pode-ser-o-mais-dificil\/\",\"url\":\"https:\/\/portaltela.pt\/noticias\/2025\/12\/26\/ruben-dias-admite-que-o-fim-pode-ser-o-mais-dificil\/\",\"name\":\"R\u00faben Dias admite que o fim pode ser o mais dif\u00edcil - Portal Tela Portugal\",\"isPartOf\":{\"@id\":\"https:\/\/portaltela.pt\/#website\"},\"primaryImageOfPage\":{\"@id\":\"https:\/\/portaltela.pt\/noticias\/2025\/12\/26\/ruben-dias-admite-que-o-fim-pode-ser-o-mais-dificil\/#primaryimage\"},\"image\":{\"@id\":\"https:\/\/portaltela.pt\/noticias\/2025\/12\/26\/ruben-dias-admite-que-o-fim-pode-ser-o-mais-dificil\/#primaryimage\"},\"thumbnailUrl\":\"https:\/\/portaltela.pt\/s.01k8rhncp4jt1\/2025\/12\/unnamed-file-1888.jpg\",\"datePublished\":\"2025-12-26T18:12:00+00:00\",\"author\":{\"@id\":\"https:\/\/portaltela.pt\/#\/schema\/person\/c4278d4a6028830caff9ee44b42d32ed\"},\"breadcrumb\":{\"@id\":\"https:\/\/portaltela.pt\/noticias\/2025\/12\/26\/ruben-dias-admite-que-o-fim-pode-ser-o-mais-dificil\/#breadcrumb\"},\"inLanguage\":\"pt-PT\",\"potentialAction\":[{\"@type\":\"ReadAction\",\"target\":[\"https:\/\/portaltela.pt\/noticias\/2025\/12\/26\/ruben-dias-admite-que-o-fim-pode-ser-o-mais-dificil\/\"]}]},{\"@type\":\"ImageObject\",\"inLanguage\":\"pt-PT\",\"@id\":\"https:\/\/portaltela.pt\/noticias\/2025\/12\/26\/ruben-dias-admite-que-o-fim-pode-ser-o-mais-dificil\/#primaryimage\",\"url\":\"https:\/\/portaltela.pt\/s.01k8rhncp4jt1\/2025\/12\/unnamed-file-1888.jpg\",\"contentUrl\":\"https:\/\/portaltela.pt\/s.01k8rhncp4jt1\/2025\/12\/unnamed-file-1888.jpg\",\"width\":796,\"height\":448,\"caption\":\"Photo\"},{\"@type\":\"BreadcrumbList\",\"@id\":\"https:\/\/portaltela.pt\/noticias\/2025\/12\/26\/ruben-dias-admite-que-o-fim-pode-ser-o-mais-dificil\/#breadcrumb\",\"itemListElement\":[{\"@type\":\"ListItem\",\"position\":1,\"name\":\"In\u00edcio\",\"item\":\"https:\/\/portaltela.pt\/\"},{\"@type\":\"ListItem\",\"position\":2,\"name\":\"R\u00faben Dias admite que o fim pode ser o mais dif\u00edcil\"}]},{\"@type\":\"WebSite\",\"@id\":\"https:\/\/portaltela.pt\/#website\",\"url\":\"https:\/\/portaltela.pt\/\",\"name\":\"Portal Tela Portugal\",\"description\":\"\",\"potentialAction\":[{\"@type\":\"SearchAction\",\"target\":{\"@type\":\"EntryPoint\",\"urlTemplate\":\"https:\/\/portaltela.pt\/?s={search_term_string}\"},\"query-input\":{\"@type\":\"PropertyValueSpecification\",\"valueRequired\":true,\"valueName\":\"search_term_string\"}}],\"inLanguage\":\"pt-PT\"},{\"@type\":\"Person\",\"@id\":\"https:\/\/portaltela.pt\/#\/schema\/person\/c4278d4a6028830caff9ee44b42d32ed\",\"name\":\"Telinha\",\"image\":{\"@type\":\"ImageObject\",\"inLanguage\":\"pt-PT\",\"@id\":\"https:\/\/portaltela.pt\/s.01k8rhncp4jt1\/2025\/11\/talking-bot-125x125.png\",\"url\":\"https:\/\/portaltela.pt\/s.01k8rhncp4jt1\/2025\/11\/talking-bot-125x125.png\",\"contentUrl\":\"https:\/\/portaltela.pt\/s.01k8rhncp4jt1\/2025\/11\/talking-bot-125x125.png\",\"caption\":\"Telinha\"},\"sameAs\":[\"https:\/\/portaltela.pt\/\"],\"url\":\"https:\/\/portaltela.pt\/por\/367410592786\/\"}]}<\/script>\n<!-- \/ Yoast SEO plugin. -->","yoast_head_json":{"title":"R\u00faben Dias admite que o fim pode ser o mais dif\u00edcil - Portal Tela Portugal","robots":{"index":"index","follow":"follow","max-snippet":"max-snippet:-1","max-image-preview":"max-image-preview:large","max-video-preview":"max-video-preview:-1"},"og_locale":"pt_PT","og_type":"article","og_title":"R\u00faben Dias admite que o fim pode ser o mais dif\u00edcil - Portal Tela Portugal","og_description":"R\u00faben Dias diz que o futebol surgiu naturalmente, mantendo forte liga\u00e7\u00e3o \u00e0 escola e \u00e0 aprendizagem durante a juventude, antes de ser jogador profissional. A carreira passou pelo Estrela da Amadora e pelo Benfica, onde diz ter recebido tudo e onde enfrentou o salto da forma\u00e7\u00e3o para a equipa principal como um dos momentos mais desafiantes. Em dois mil e vinte assinou pelo Manchester City, desde ent\u00e3o vencendo quatro Premier Leagues, uma Liga dos Campe\u00f5es, al\u00e9m de outros trof\u00e9us colectivos. A \u00e9poca atual j\u00e1 envolve quarenta e nove jogos em v\u00e1rias competi\u00e7\u00f5es oficiais, e ele defende que a sa\u00fade dos jogadores deve ser considerada face ao aumento de jogos e les\u00f5es. Fora do campo, afirma que a no\u00e7\u00e3o de o futebol poder terminar \u00e9 a parte mais dif\u00edcil, planeando viajar nos seis meses iniciais ap\u00f3s a carreira e destacando a educa\u00e7\u00e3o como \u00e1rea em que pretende ter impacto.","og_url":"https:\/\/portaltela.pt\/noticias\/2025\/12\/26\/ruben-dias-admite-que-o-fim-pode-ser-o-mais-dificil\/","og_site_name":"Portal Tela Portugal","article_published_time":"2025-12-26T18:12:00+00:00","author":"Telinha","twitter_card":"summary_large_image","twitter_misc":{"Escrito por":"Telinha","Tempo estimado de leitura":"2 minutos"},"schema":{"@context":"https:\/\/schema.org","@graph":[{"@type":"Article","@id":"https:\/\/portaltela.pt\/noticias\/2025\/12\/26\/ruben-dias-admite-que-o-fim-pode-ser-o-mais-dificil\/#article","isPartOf":{"@id":"https:\/\/portaltela.pt\/noticias\/2025\/12\/26\/ruben-dias-admite-que-o-fim-pode-ser-o-mais-dificil\/"},"author":{"name":"Telinha","@id":"https:\/\/portaltela.pt\/#\/schema\/person\/c4278d4a6028830caff9ee44b42d32ed"},"headline":"R\u00faben Dias admite que o fim pode ser o mais dif\u00edcil","datePublished":"2025-12-26T18:12:00+00:00","mainEntityOfPage":{"@id":"https:\/\/portaltela.pt\/noticias\/2025\/12\/26\/ruben-dias-admite-que-o-fim-pode-ser-o-mais-dificil\/"},"wordCount":429,"image":{"@id":"https:\/\/portaltela.pt\/noticias\/2025\/12\/26\/ruben-dias-admite-que-o-fim-pode-ser-o-mais-dificil\/#primaryimage"},"thumbnailUrl":"https:\/\/portaltela.pt\/s.01k8rhncp4jt1\/2025\/12\/unnamed-file-1888.jpg","keywords":["desporto","educa\u00e7\u00e3o","futebol","Interven\u00e7\u00e3o Social","Portugal","reforma"],"articleSection":["Desporto","Futebol"],"inLanguage":"pt-PT"},{"@type":"WebPage","@id":"https:\/\/portaltela.pt\/noticias\/2025\/12\/26\/ruben-dias-admite-que-o-fim-pode-ser-o-mais-dificil\/","url":"https:\/\/portaltela.pt\/noticias\/2025\/12\/26\/ruben-dias-admite-que-o-fim-pode-ser-o-mais-dificil\/","name":"R\u00faben Dias admite que o fim pode ser o mais dif\u00edcil - Portal Tela Portugal","isPartOf":{"@id":"https:\/\/portaltela.pt\/#website"},"primaryImageOfPage":{"@id":"https:\/\/portaltela.pt\/noticias\/2025\/12\/26\/ruben-dias-admite-que-o-fim-pode-ser-o-mais-dificil\/#primaryimage"},"image":{"@id":"https:\/\/portaltela.pt\/noticias\/2025\/12\/26\/ruben-dias-admite-que-o-fim-pode-ser-o-mais-dificil\/#primaryimage"},"thumbnailUrl":"https:\/\/portaltela.pt\/s.01k8rhncp4jt1\/2025\/12\/unnamed-file-1888.jpg","datePublished":"2025-12-26T18:12:00+00:00","author":{"@id":"https:\/\/portaltela.pt\/#\/schema\/person\/c4278d4a6028830caff9ee44b42d32ed"},"breadcrumb":{"@id":"https:\/\/portaltela.pt\/noticias\/2025\/12\/26\/ruben-dias-admite-que-o-fim-pode-ser-o-mais-dificil\/#breadcrumb"},"inLanguage":"pt-PT","potentialAction":[{"@type":"ReadAction","target":["https:\/\/portaltela.pt\/noticias\/2025\/12\/26\/ruben-dias-admite-que-o-fim-pode-ser-o-mais-dificil\/"]}]},{"@type":"ImageObject","inLanguage":"pt-PT","@id":"https:\/\/portaltela.pt\/noticias\/2025\/12\/26\/ruben-dias-admite-que-o-fim-pode-ser-o-mais-dificil\/#primaryimage","url":"https:\/\/portaltela.pt\/s.01k8rhncp4jt1\/2025\/12\/unnamed-file-1888.jpg","contentUrl":"https:\/\/portaltela.pt\/s.01k8rhncp4jt1\/2025\/12\/unnamed-file-1888.jpg","width":796,"height":448,"caption":"Photo"},{"@type":"BreadcrumbList","@id":"https:\/\/portaltela.pt\/noticias\/2025\/12\/26\/ruben-dias-admite-que-o-fim-pode-ser-o-mais-dificil\/#breadcrumb","itemListElement":[{"@type":"ListItem","position":1,"name":"In\u00edcio","item":"https:\/\/portaltela.pt\/"},{"@type":"ListItem","position":2,"name":"R\u00faben Dias admite que o fim pode ser o mais dif\u00edcil"}]},{"@type":"WebSite","@id":"https:\/\/portaltela.pt\/#website","url":"https:\/\/portaltela.pt\/","name":"Portal Tela Portugal","description":"","potentialAction":[{"@type":"SearchAction","target":{"@type":"EntryPoint","urlTemplate":"https:\/\/portaltela.pt\/?s={search_term_string}"},"query-input":{"@type":"PropertyValueSpecification","valueRequired":true,"valueName":"search_term_string"}}],"inLanguage":"pt-PT"},{"@type":"Person","@id":"https:\/\/portaltela.pt\/#\/schema\/person\/c4278d4a6028830caff9ee44b42d32ed","name":"Telinha","image":{"@type":"ImageObject","inLanguage":"pt-PT","@id":"https:\/\/portaltela.pt\/s.01k8rhncp4jt1\/2025\/11\/talking-bot-125x125.png","url":"https:\/\/portaltela.pt\/s.01k8rhncp4jt1\/2025\/11\/talking-bot-125x125.png","contentUrl":"https:\/\/portaltela.pt\/s.01k8rhncp4jt1\/2025\/11\/talking-bot-125x125.png","caption":"Telinha"},"sameAs":["https:\/\/portaltela.pt\/"],"url":"https:\/\/portaltela.pt\/por\/367410592786\/"}]}},"_links":{"self":[{"href":"https:\/\/portaltela.pt\/api\/wp\/v2\/posts\/99882","targetHints":{"allow":["GET"]}}],"collection":[{"href":"https:\/\/portaltela.pt\/api\/wp\/v2\/posts"}],"about":[{"href":"https:\/\/portaltela.pt\/api\/wp\/v2\/types\/post"}],"author":[{"embeddable":true,"href":"https:\/\/portaltela.pt\/api\/wp\/v2\/users\/2"}],"replies":[{"embeddable":true,"href":"https:\/\/portaltela.pt\/api\/wp\/v2\/comments?post=99882"}],"version-history":[{"count":0,"href":"https:\/\/portaltela.pt\/api\/wp\/v2\/posts\/99882\/revisions"}],"wp:featuredmedia":[{"embeddable":true,"href":"https:\/\/portaltela.pt\/api\/wp\/v2\/media\/99905"}],"wp:attachment":[{"href":"https:\/\/portaltela.pt\/api\/wp\/v2\/media?parent=99882"}],"wp:term":[{"taxonomy":"category","embeddable":true,"href":"https:\/\/portaltela.pt\/api\/wp\/v2\/categories?post=99882"},{"taxonomy":"post_tag","embeddable":true,"href":"https:\/\/portaltela.pt\/api\/wp\/v2\/tags?post=99882"}],"curies":[{"name":"wp","href":"https:\/\/api.w.org\/{rel}","templated":true}]}}