{"id":99706,"date":"2025-12-26T13:33:00","date_gmt":"2025-12-26T16:33:00","guid":{"rendered":"https:\/\/portaltela.pt\/noticias\/2025\/12\/26\/angola-impoe-taxa-turistica-a-viajantes-estrangeiros\/"},"modified":"2025-12-26T13:33:00","modified_gmt":"2025-12-26T16:33:00","slug":"angola-impoe-taxa-turistica-a-viajantes-estrangeiros","status":"publish","type":"post","link":"https:\/\/portaltela.pt\/noticias\/2025\/12\/26\/angola-impoe-taxa-turistica-a-viajantes-estrangeiros\/","title":{"rendered":"Angola imp\u00f5e taxa tur\u00edstica a viajantes estrangeiros"},"content":{"rendered":"<p>Angola aprovou, em Conselho de Ministros, a implementa\u00e7\u00e3o de uma taxa tur\u00edstica para viajantes estrangeiros. A incid\u00eancia \u00e9 de 5% sobre a di\u00e1ria paga pelo alojamento, com um limite de at\u00e9 sete noites. A data de entrada em vigor ainda n\u00e3o foi anunciada.<\/p>\n<p>O governo afirma que a medida vai revolucionar o funding do sector, integrando-se no programa Simplifica Turismo, que visa simplificar procedimentos na administra\u00e7\u00e3o p\u00fablica relacionados com o turismo. O ministro M\u00e1rcio Daniel destacou o objetivo de financiar infraestruturas e a\u00e7\u00f5es estrat\u00e9gicas.<\/p>\n<p>A cria\u00e7\u00e3o de um Bureau de Conven\u00e7\u00f5es foi tamb\u00e9m aprovada para promover o turismo de eventos. O \u00f3rg\u00e3o ficar\u00e1 sob a al\u00e7ada do Minist\u00e9rio do Turismo, com foco em atrair eventos p\u00fablicos e privados atrav\u00e9s de infraestruturas j\u00e1 em constru\u00e7\u00e3o, como o centro de confer\u00eancias junto ao AIAAN.<\/p>\n<h3>Turismo de Eventos<\/h3>\n<p>O pacote inclui medidas para desenvolver o turismo de eventos, aproveitando o Aeroporto Internacional Ant\u00f3nio Agostinho Neto e o futuro centro de confer\u00eancias na zona da Chicala. A ideia \u00e9 posicionar Angola como destino preferencial para grandes eventos.<\/p>\n<h3>Turismo de Cruzeiros<\/h3>\n<p>Foi aprovada uma Proposta de Decreto Presidencial para o turismo de navios de cruzeiro, promovendo Luanda, Namibe e Lobito. O objetivo \u00e9 dar a conhecer infraestruturas nacionais, apresentar atividades e competir com portos da regi\u00e3o, como Walvis Bay e Cape Town.<\/p>\n","protected":false},"excerpt":{"rendered":"<ul>\n<li>O Conselho de Ministros aprovou cobrar uma taxa tur\u00edstica de 5% sobre a di\u00e1ria, com limite de at\u00e9 sete noites, para viajantes estrangeiros, ainda sem data de entrada em vigor anunciada.<\/li>\n<li>A medida faz parte do pacote do Simplifica Turismo, destinado a simplificar procedimentos e financiar o setor.<\/li>\n<li>Foi criada uma estrat\u00e9gia de turismo de eventos com um Bureau de Conven\u00e7\u00f5es, sob a al\u00e7ada do Minist\u00e9rio do Turismo, para atrair grandes eventos.<\/li>\n<li>Tamb\u00e9m foi aprovada uma medida para o turismo de navios de cruzeiro, com foco nos portos de Luanda, Namibe e Lobito, para promover as infraestruturas nacionais.<\/li>\n<li>A proposta n\u00e3o incluiu, desta vez, altera\u00e7\u00f5es ao regime de visto de turismo, que ficou para an\u00e1lise futura.<\/li>\n<\/ul>\n","protected":false},"author":2,"featured_media":99708,"comment_status":"closed","ping_status":"closed","sticky":false,"template":"","format":"standard","meta":{"footnotes":""},"categories":[1],"tags":[1650,755,258,1934,1933,169],"class_list":["post-99706","post","type-post","status-publish","format-standard","has-post-thumbnail","hentry","category-noticias","tag-conferencia","tag-desenvolvimento-sustentavel","tag-infraestruturas","tag-lobito","tag-namibe","tag-turismo"],"yoast_head":"<!-- This site is optimized with the Yoast SEO plugin v27.2 - https:\/\/yoast.com\/product\/yoast-seo-wordpress\/ -->\n<title>Angola imp\u00f5e taxa tur\u00edstica a viajantes estrangeiros - Portal Tela Portugal<\/title>\n<meta name=\"robots\" content=\"index, follow, max-snippet:-1, max-image-preview:large, max-video-preview:-1\" \/>\n<meta property=\"og:locale\" content=\"pt_PT\" \/>\n<meta property=\"og:type\" content=\"article\" \/>\n<meta property=\"og:title\" content=\"Angola imp\u00f5e taxa tur\u00edstica a viajantes estrangeiros - Portal Tela Portugal\" \/>\n<meta property=\"og:description\" content=\"O Conselho de Ministros aprovou cobrar uma taxa tur\u00edstica de 5% sobre a di\u00e1ria, com limite de at\u00e9 sete noites, para viajantes estrangeiros, ainda sem data de entrada em vigor anunciada. A medida faz parte do pacote do Simplifica Turismo, destinado a simplificar procedimentos e financiar o setor. Foi criada uma estrat\u00e9gia de turismo de eventos com um Bureau de Conven\u00e7\u00f5es, sob a al\u00e7ada do Minist\u00e9rio do Turismo, para atrair grandes eventos. Tamb\u00e9m foi aprovada uma medida para o turismo de navios de cruzeiro, com foco nos portos de Luanda, Namibe e Lobito, para promover as infraestruturas nacionais. A proposta n\u00e3o incluiu, desta vez, altera\u00e7\u00f5es ao regime de visto de turismo, que ficou para an\u00e1lise futura.\" \/>\n<meta property=\"og:url\" content=\"https:\/\/portaltela.pt\/noticias\/2025\/12\/26\/angola-impoe-taxa-turistica-a-viajantes-estrangeiros\/\" \/>\n<meta property=\"og:site_name\" content=\"Portal Tela Portugal\" \/>\n<meta property=\"article:published_time\" content=\"2025-12-26T16:33:00+00:00\" \/>\n<meta name=\"author\" content=\"Telinha\" \/>\n<meta name=\"twitter:card\" content=\"summary_large_image\" \/>\n<meta name=\"twitter:label1\" content=\"Escrito por\" \/>\n\t<meta name=\"twitter:data1\" content=\"Telinha\" \/>\n\t<meta name=\"twitter:label2\" content=\"Tempo estimado de leitura\" \/>\n\t<meta name=\"twitter:data2\" content=\"1 minuto\" \/>\n<script type=\"application\/ld+json\" class=\"yoast-schema-graph\">{\"@context\":\"https:\/\/schema.org\",\"@graph\":[{\"@type\":\"Article\",\"@id\":\"https:\/\/portaltela.pt\/noticias\/2025\/12\/26\/angola-impoe-taxa-turistica-a-viajantes-estrangeiros\/#article\",\"isPartOf\":{\"@id\":\"https:\/\/portaltela.pt\/noticias\/2025\/12\/26\/angola-impoe-taxa-turistica-a-viajantes-estrangeiros\/\"},\"author\":{\"name\":\"Telinha\",\"@id\":\"https:\/\/portaltela.pt\/#\/schema\/person\/c4278d4a6028830caff9ee44b42d32ed\"},\"headline\":\"Angola imp\u00f5e taxa tur\u00edstica a viajantes estrangeiros\",\"datePublished\":\"2025-12-26T16:33:00+00:00\",\"mainEntityOfPage\":{\"@id\":\"https:\/\/portaltela.pt\/noticias\/2025\/12\/26\/angola-impoe-taxa-turistica-a-viajantes-estrangeiros\/\"},\"wordCount\":245,\"image\":{\"@id\":\"https:\/\/portaltela.pt\/noticias\/2025\/12\/26\/angola-impoe-taxa-turistica-a-viajantes-estrangeiros\/#primaryimage\"},\"thumbnailUrl\":\"https:\/\/portaltela.pt\/s.01k8rhncp4jt1\/2025\/12\/2054911.jpg\",\"keywords\":[\"confer\u00eancia\",\"desenvolvimento sustent\u00e1vel\",\"infraestruturas\",\"Lobito\",\"Namibe\",\"turismo\"],\"articleSection\":[\"Not\u00edcias\"],\"inLanguage\":\"pt-PT\"},{\"@type\":\"WebPage\",\"@id\":\"https:\/\/portaltela.pt\/noticias\/2025\/12\/26\/angola-impoe-taxa-turistica-a-viajantes-estrangeiros\/\",\"url\":\"https:\/\/portaltela.pt\/noticias\/2025\/12\/26\/angola-impoe-taxa-turistica-a-viajantes-estrangeiros\/\",\"name\":\"Angola imp\u00f5e taxa tur\u00edstica a viajantes estrangeiros - Portal Tela Portugal\",\"isPartOf\":{\"@id\":\"https:\/\/portaltela.pt\/#website\"},\"primaryImageOfPage\":{\"@id\":\"https:\/\/portaltela.pt\/noticias\/2025\/12\/26\/angola-impoe-taxa-turistica-a-viajantes-estrangeiros\/#primaryimage\"},\"image\":{\"@id\":\"https:\/\/portaltela.pt\/noticias\/2025\/12\/26\/angola-impoe-taxa-turistica-a-viajantes-estrangeiros\/#primaryimage\"},\"thumbnailUrl\":\"https:\/\/portaltela.pt\/s.01k8rhncp4jt1\/2025\/12\/2054911.jpg\",\"datePublished\":\"2025-12-26T16:33:00+00:00\",\"author\":{\"@id\":\"https:\/\/portaltela.pt\/#\/schema\/person\/c4278d4a6028830caff9ee44b42d32ed\"},\"breadcrumb\":{\"@id\":\"https:\/\/portaltela.pt\/noticias\/2025\/12\/26\/angola-impoe-taxa-turistica-a-viajantes-estrangeiros\/#breadcrumb\"},\"inLanguage\":\"pt-PT\",\"potentialAction\":[{\"@type\":\"ReadAction\",\"target\":[\"https:\/\/portaltela.pt\/noticias\/2025\/12\/26\/angola-impoe-taxa-turistica-a-viajantes-estrangeiros\/\"]}]},{\"@type\":\"ImageObject\",\"inLanguage\":\"pt-PT\",\"@id\":\"https:\/\/portaltela.pt\/noticias\/2025\/12\/26\/angola-impoe-taxa-turistica-a-viajantes-estrangeiros\/#primaryimage\",\"url\":\"https:\/\/portaltela.pt\/s.01k8rhncp4jt1\/2025\/12\/2054911.jpg\",\"contentUrl\":\"https:\/\/portaltela.pt\/s.01k8rhncp4jt1\/2025\/12\/2054911.jpg\",\"width\":796,\"height\":448,\"caption\":\"Luanda, Angola\"},{\"@type\":\"BreadcrumbList\",\"@id\":\"https:\/\/portaltela.pt\/noticias\/2025\/12\/26\/angola-impoe-taxa-turistica-a-viajantes-estrangeiros\/#breadcrumb\",\"itemListElement\":[{\"@type\":\"ListItem\",\"position\":1,\"name\":\"In\u00edcio\",\"item\":\"https:\/\/portaltela.pt\/\"},{\"@type\":\"ListItem\",\"position\":2,\"name\":\"Angola imp\u00f5e taxa tur\u00edstica a viajantes estrangeiros\"}]},{\"@type\":\"WebSite\",\"@id\":\"https:\/\/portaltela.pt\/#website\",\"url\":\"https:\/\/portaltela.pt\/\",\"name\":\"Portal Tela Portugal\",\"description\":\"\",\"potentialAction\":[{\"@type\":\"SearchAction\",\"target\":{\"@type\":\"EntryPoint\",\"urlTemplate\":\"https:\/\/portaltela.pt\/?s={search_term_string}\"},\"query-input\":{\"@type\":\"PropertyValueSpecification\",\"valueRequired\":true,\"valueName\":\"search_term_string\"}}],\"inLanguage\":\"pt-PT\"},{\"@type\":\"Person\",\"@id\":\"https:\/\/portaltela.pt\/#\/schema\/person\/c4278d4a6028830caff9ee44b42d32ed\",\"name\":\"Telinha\",\"image\":{\"@type\":\"ImageObject\",\"inLanguage\":\"pt-PT\",\"@id\":\"https:\/\/portaltela.pt\/s.01k8rhncp4jt1\/2025\/11\/talking-bot-125x125.png\",\"url\":\"https:\/\/portaltela.pt\/s.01k8rhncp4jt1\/2025\/11\/talking-bot-125x125.png\",\"contentUrl\":\"https:\/\/portaltela.pt\/s.01k8rhncp4jt1\/2025\/11\/talking-bot-125x125.png\",\"caption\":\"Telinha\"},\"sameAs\":[\"https:\/\/portaltela.pt\/\"],\"url\":\"https:\/\/portaltela.pt\/por\/367410592786\/\"}]}<\/script>\n<!-- \/ Yoast SEO plugin. -->","yoast_head_json":{"title":"Angola imp\u00f5e taxa tur\u00edstica a viajantes estrangeiros - Portal Tela Portugal","robots":{"index":"index","follow":"follow","max-snippet":"max-snippet:-1","max-image-preview":"max-image-preview:large","max-video-preview":"max-video-preview:-1"},"og_locale":"pt_PT","og_type":"article","og_title":"Angola imp\u00f5e taxa tur\u00edstica a viajantes estrangeiros - Portal Tela Portugal","og_description":"O Conselho de Ministros aprovou cobrar uma taxa tur\u00edstica de 5% sobre a di\u00e1ria, com limite de at\u00e9 sete noites, para viajantes estrangeiros, ainda sem data de entrada em vigor anunciada. A medida faz parte do pacote do Simplifica Turismo, destinado a simplificar procedimentos e financiar o setor. Foi criada uma estrat\u00e9gia de turismo de eventos com um Bureau de Conven\u00e7\u00f5es, sob a al\u00e7ada do Minist\u00e9rio do Turismo, para atrair grandes eventos. Tamb\u00e9m foi aprovada uma medida para o turismo de navios de cruzeiro, com foco nos portos de Luanda, Namibe e Lobito, para promover as infraestruturas nacionais. A proposta n\u00e3o incluiu, desta vez, altera\u00e7\u00f5es ao regime de visto de turismo, que ficou para an\u00e1lise futura.","og_url":"https:\/\/portaltela.pt\/noticias\/2025\/12\/26\/angola-impoe-taxa-turistica-a-viajantes-estrangeiros\/","og_site_name":"Portal Tela Portugal","article_published_time":"2025-12-26T16:33:00+00:00","author":"Telinha","twitter_card":"summary_large_image","twitter_misc":{"Escrito por":"Telinha","Tempo estimado de leitura":"1 minuto"},"schema":{"@context":"https:\/\/schema.org","@graph":[{"@type":"Article","@id":"https:\/\/portaltela.pt\/noticias\/2025\/12\/26\/angola-impoe-taxa-turistica-a-viajantes-estrangeiros\/#article","isPartOf":{"@id":"https:\/\/portaltela.pt\/noticias\/2025\/12\/26\/angola-impoe-taxa-turistica-a-viajantes-estrangeiros\/"},"author":{"name":"Telinha","@id":"https:\/\/portaltela.pt\/#\/schema\/person\/c4278d4a6028830caff9ee44b42d32ed"},"headline":"Angola imp\u00f5e taxa tur\u00edstica a viajantes estrangeiros","datePublished":"2025-12-26T16:33:00+00:00","mainEntityOfPage":{"@id":"https:\/\/portaltela.pt\/noticias\/2025\/12\/26\/angola-impoe-taxa-turistica-a-viajantes-estrangeiros\/"},"wordCount":245,"image":{"@id":"https:\/\/portaltela.pt\/noticias\/2025\/12\/26\/angola-impoe-taxa-turistica-a-viajantes-estrangeiros\/#primaryimage"},"thumbnailUrl":"https:\/\/portaltela.pt\/s.01k8rhncp4jt1\/2025\/12\/2054911.jpg","keywords":["confer\u00eancia","desenvolvimento sustent\u00e1vel","infraestruturas","Lobito","Namibe","turismo"],"articleSection":["Not\u00edcias"],"inLanguage":"pt-PT"},{"@type":"WebPage","@id":"https:\/\/portaltela.pt\/noticias\/2025\/12\/26\/angola-impoe-taxa-turistica-a-viajantes-estrangeiros\/","url":"https:\/\/portaltela.pt\/noticias\/2025\/12\/26\/angola-impoe-taxa-turistica-a-viajantes-estrangeiros\/","name":"Angola imp\u00f5e taxa tur\u00edstica a viajantes estrangeiros - Portal Tela Portugal","isPartOf":{"@id":"https:\/\/portaltela.pt\/#website"},"primaryImageOfPage":{"@id":"https:\/\/portaltela.pt\/noticias\/2025\/12\/26\/angola-impoe-taxa-turistica-a-viajantes-estrangeiros\/#primaryimage"},"image":{"@id":"https:\/\/portaltela.pt\/noticias\/2025\/12\/26\/angola-impoe-taxa-turistica-a-viajantes-estrangeiros\/#primaryimage"},"thumbnailUrl":"https:\/\/portaltela.pt\/s.01k8rhncp4jt1\/2025\/12\/2054911.jpg","datePublished":"2025-12-26T16:33:00+00:00","author":{"@id":"https:\/\/portaltela.pt\/#\/schema\/person\/c4278d4a6028830caff9ee44b42d32ed"},"breadcrumb":{"@id":"https:\/\/portaltela.pt\/noticias\/2025\/12\/26\/angola-impoe-taxa-turistica-a-viajantes-estrangeiros\/#breadcrumb"},"inLanguage":"pt-PT","potentialAction":[{"@type":"ReadAction","target":["https:\/\/portaltela.pt\/noticias\/2025\/12\/26\/angola-impoe-taxa-turistica-a-viajantes-estrangeiros\/"]}]},{"@type":"ImageObject","inLanguage":"pt-PT","@id":"https:\/\/portaltela.pt\/noticias\/2025\/12\/26\/angola-impoe-taxa-turistica-a-viajantes-estrangeiros\/#primaryimage","url":"https:\/\/portaltela.pt\/s.01k8rhncp4jt1\/2025\/12\/2054911.jpg","contentUrl":"https:\/\/portaltela.pt\/s.01k8rhncp4jt1\/2025\/12\/2054911.jpg","width":796,"height":448,"caption":"Luanda, Angola"},{"@type":"BreadcrumbList","@id":"https:\/\/portaltela.pt\/noticias\/2025\/12\/26\/angola-impoe-taxa-turistica-a-viajantes-estrangeiros\/#breadcrumb","itemListElement":[{"@type":"ListItem","position":1,"name":"In\u00edcio","item":"https:\/\/portaltela.pt\/"},{"@type":"ListItem","position":2,"name":"Angola imp\u00f5e taxa tur\u00edstica a viajantes estrangeiros"}]},{"@type":"WebSite","@id":"https:\/\/portaltela.pt\/#website","url":"https:\/\/portaltela.pt\/","name":"Portal Tela Portugal","description":"","potentialAction":[{"@type":"SearchAction","target":{"@type":"EntryPoint","urlTemplate":"https:\/\/portaltela.pt\/?s={search_term_string}"},"query-input":{"@type":"PropertyValueSpecification","valueRequired":true,"valueName":"search_term_string"}}],"inLanguage":"pt-PT"},{"@type":"Person","@id":"https:\/\/portaltela.pt\/#\/schema\/person\/c4278d4a6028830caff9ee44b42d32ed","name":"Telinha","image":{"@type":"ImageObject","inLanguage":"pt-PT","@id":"https:\/\/portaltela.pt\/s.01k8rhncp4jt1\/2025\/11\/talking-bot-125x125.png","url":"https:\/\/portaltela.pt\/s.01k8rhncp4jt1\/2025\/11\/talking-bot-125x125.png","contentUrl":"https:\/\/portaltela.pt\/s.01k8rhncp4jt1\/2025\/11\/talking-bot-125x125.png","caption":"Telinha"},"sameAs":["https:\/\/portaltela.pt\/"],"url":"https:\/\/portaltela.pt\/por\/367410592786\/"}]}},"_links":{"self":[{"href":"https:\/\/portaltela.pt\/api\/wp\/v2\/posts\/99706","targetHints":{"allow":["GET"]}}],"collection":[{"href":"https:\/\/portaltela.pt\/api\/wp\/v2\/posts"}],"about":[{"href":"https:\/\/portaltela.pt\/api\/wp\/v2\/types\/post"}],"author":[{"embeddable":true,"href":"https:\/\/portaltela.pt\/api\/wp\/v2\/users\/2"}],"replies":[{"embeddable":true,"href":"https:\/\/portaltela.pt\/api\/wp\/v2\/comments?post=99706"}],"version-history":[{"count":0,"href":"https:\/\/portaltela.pt\/api\/wp\/v2\/posts\/99706\/revisions"}],"wp:featuredmedia":[{"embeddable":true,"href":"https:\/\/portaltela.pt\/api\/wp\/v2\/media\/99708"}],"wp:attachment":[{"href":"https:\/\/portaltela.pt\/api\/wp\/v2\/media?parent=99706"}],"wp:term":[{"taxonomy":"category","embeddable":true,"href":"https:\/\/portaltela.pt\/api\/wp\/v2\/categories?post=99706"},{"taxonomy":"post_tag","embeddable":true,"href":"https:\/\/portaltela.pt\/api\/wp\/v2\/tags?post=99706"}],"curies":[{"name":"wp","href":"https:\/\/api.w.org\/{rel}","templated":true}]}}