{"id":99470,"date":"2025-12-26T11:01:26","date_gmt":"2025-12-26T14:01:26","guid":{"rendered":"https:\/\/portaltela.pt\/noticias\/2025\/12\/26\/armand-duplantis-vence-premio-de-desportista-europeu-do-ano\/"},"modified":"2025-12-26T11:01:26","modified_gmt":"2025-12-26T14:01:26","slug":"armand-duplantis-vence-premio-de-desportista-europeu-do-ano","status":"publish","type":"post","link":"https:\/\/portaltela.pt\/desporto\/2025\/12\/26\/armand-duplantis-vence-premio-de-desportista-europeu-do-ano\/","title":{"rendered":"Armand Duplantis vence Pr\u00e9mio de Desportista Europeu do Ano"},"content":{"rendered":"<p>Armand Duplantis, o sueco decorado no salto com vara, venceu o Pr\u00e9mio de Desportista Europeu do Ano de 2025, promovido por ag\u00eancias de not\u00edcias europeias. O atleta soma 184 pontos, superando Carlos Alcaraz, que ficou em segundo com 143 pontos. A cerim\u00f3nia contou com 62 atletas de 24 pa\u00edses.<\/p>\n<p>Duplantis j\u00e1 \u00e9 medalha de ouro ol\u00edmpica em T\u00f3quio e Paris, campe\u00e3o mundial e recordista mundial da disciplina com 6,30 metros. O galard\u00e3o revela o dom\u00ednio do atleta em v\u00e1rias fases da carreira, incluindo recordes em pista coberta.<\/p>\n<p>A lista dos 10 mais votados inclui nomes de v\u00e1rias modalidades, entre eles Alcaraz (t\u00e9nis), Pogacar (ciclismo) e Femke Bol (atletismo). Vitinha, campe\u00e3o europeu pelo Paris Saint-Germain, aparece na 18.\u00aa posi\u00e7\u00e3o com 13 pontos, empatado com outros atletas.<\/p>\n<h3>Participantes e organiza\u00e7\u00e3o da vota\u00e7\u00e3o<\/h3>\n<p>A vota\u00e7\u00e3o envolveu 23 ag\u00eancias de not\u00edcias, incluindo a Lusa, na 68.\u00aa edi\u00e7\u00e3o do pr\u00e9mio. O total de pontos refletiu as posi\u00e7\u00f5es atribu\u00eddas por cada ag\u00eancia, com Duplantis figurando em 23 listas, nove em primeiro lugar e quatro em segundo.<\/p>\n","protected":false},"excerpt":{"rendered":"<ul>\n<li>Armand Duplantis venceu o Pr\u00e9mio de Desportista Europeu do Ano de 2025, com 184 pontos, sendo j\u00e1 medalha de ouro ol\u00edmpica e campe\u00e3o mundial de salto com vara.<\/li>\n<li>Vitinha ficou na dezoit oitava posi\u00e7\u00e3o, com 13 pontos, integrando a lista na 18.\u00aa posi\u00e7\u00e3o.<\/li>\n<li>A vota\u00e7\u00e3o envolveu sessenta e dois atletas de vinte e quatro pa\u00edses, com o top dez a incluir Carlos Alcaraz e Tadej Pogacar, entre outros.<\/li>\n<li>Duplantis participou de vinte e tr\u00eas listas de votos, aparecendo em primeiro lugar nove vezes e em segundo quatro, em rela\u00e7\u00e3o \u00e0s ag\u00eancias de not\u00edcias que comp\u00f5em o galard\u00e3o.<\/li>\n<li>O pr\u00e9mio \u00e9 promovido por ag\u00eancias de not\u00edcias europeias e j\u00e1 teve vencedores anteriores, como L\u00e9on Marchand (2024).<\/li>\n<\/ul>\n","protected":false},"author":2,"featured_media":99472,"comment_status":"closed","ping_status":"closed","sticky":false,"template":"","format":"standard","meta":{"footnotes":""},"categories":[21],"tags":[279,152,186,60,84],"class_list":["post-99470","post","type-post","status-publish","format-standard","has-post-thumbnail","hentry","category-desporto","tag-atleta-do-ano","tag-desporto","tag-desportos","tag-esportes","tag-olimpiadas"],"yoast_head":"<!-- This site is optimized with the Yoast SEO plugin v27.2 - https:\/\/yoast.com\/product\/yoast-seo-wordpress\/ -->\n<title>Armand Duplantis vence Pr\u00e9mio de Desportista Europeu do Ano - Portal Tela Portugal<\/title>\n<meta name=\"robots\" content=\"index, follow, max-snippet:-1, max-image-preview:large, max-video-preview:-1\" \/>\n<meta property=\"og:locale\" content=\"pt_PT\" \/>\n<meta property=\"og:type\" content=\"article\" \/>\n<meta property=\"og:title\" content=\"Armand Duplantis vence Pr\u00e9mio de Desportista Europeu do Ano - Portal Tela Portugal\" \/>\n<meta property=\"og:description\" content=\"Armand Duplantis venceu o Pr\u00e9mio de Desportista Europeu do Ano de 2025, com 184 pontos, sendo j\u00e1 medalha de ouro ol\u00edmpica e campe\u00e3o mundial de salto com vara. Vitinha ficou na dezoit oitava posi\u00e7\u00e3o, com 13 pontos, integrando a lista na 18.\u00aa posi\u00e7\u00e3o. A vota\u00e7\u00e3o envolveu sessenta e dois atletas de vinte e quatro pa\u00edses, com o top dez a incluir Carlos Alcaraz e Tadej Pogacar, entre outros. Duplantis participou de vinte e tr\u00eas listas de votos, aparecendo em primeiro lugar nove vezes e em segundo quatro, em rela\u00e7\u00e3o \u00e0s ag\u00eancias de not\u00edcias que comp\u00f5em o galard\u00e3o. O pr\u00e9mio \u00e9 promovido por ag\u00eancias de not\u00edcias europeias e j\u00e1 teve vencedores anteriores, como L\u00e9on Marchand (2024).\" \/>\n<meta property=\"og:url\" content=\"https:\/\/portaltela.pt\/noticias\/2025\/12\/26\/armand-duplantis-vence-premio-de-desportista-europeu-do-ano\/\" \/>\n<meta property=\"og:site_name\" content=\"Portal Tela Portugal\" \/>\n<meta property=\"article:published_time\" content=\"2025-12-26T14:01:26+00:00\" \/>\n<meta name=\"author\" content=\"Telinha\" \/>\n<meta name=\"twitter:card\" content=\"summary_large_image\" \/>\n<meta name=\"twitter:label1\" content=\"Escrito por\" \/>\n\t<meta name=\"twitter:data1\" content=\"Telinha\" \/>\n\t<meta name=\"twitter:label2\" content=\"Tempo estimado de leitura\" \/>\n\t<meta name=\"twitter:data2\" content=\"1 minuto\" \/>\n<script type=\"application\/ld+json\" class=\"yoast-schema-graph\">{\"@context\":\"https:\/\/schema.org\",\"@graph\":[{\"@type\":\"Article\",\"@id\":\"https:\/\/portaltela.pt\/noticias\/2025\/12\/26\/armand-duplantis-vence-premio-de-desportista-europeu-do-ano\/#article\",\"isPartOf\":{\"@id\":\"https:\/\/portaltela.pt\/noticias\/2025\/12\/26\/armand-duplantis-vence-premio-de-desportista-europeu-do-ano\/\"},\"author\":{\"name\":\"Telinha\",\"@id\":\"https:\/\/portaltela.pt\/#\/schema\/person\/c4278d4a6028830caff9ee44b42d32ed\"},\"headline\":\"Armand Duplantis vence Pr\u00e9mio de Desportista Europeu do Ano\",\"datePublished\":\"2025-12-26T14:01:26+00:00\",\"mainEntityOfPage\":{\"@id\":\"https:\/\/portaltela.pt\/noticias\/2025\/12\/26\/armand-duplantis-vence-premio-de-desportista-europeu-do-ano\/\"},\"wordCount\":192,\"image\":{\"@id\":\"https:\/\/portaltela.pt\/noticias\/2025\/12\/26\/armand-duplantis-vence-premio-de-desportista-europeu-do-ano\/#primaryimage\"},\"thumbnailUrl\":\"https:\/\/portaltela.pt\/s.01k8rhncp4jt1\/2025\/12\/img_1200x721uu2025-09-16-00-46-09-2390074-im-638935803944239617.jpg\",\"keywords\":[\"Atleta do Ano\",\"desporto\",\"desportos\",\"esportes\",\"olimp\u00edadas\"],\"articleSection\":[\"Desporto\"],\"inLanguage\":\"pt-PT\"},{\"@type\":\"WebPage\",\"@id\":\"https:\/\/portaltela.pt\/noticias\/2025\/12\/26\/armand-duplantis-vence-premio-de-desportista-europeu-do-ano\/\",\"url\":\"https:\/\/portaltela.pt\/noticias\/2025\/12\/26\/armand-duplantis-vence-premio-de-desportista-europeu-do-ano\/\",\"name\":\"Armand Duplantis vence Pr\u00e9mio de Desportista Europeu do Ano - Portal Tela Portugal\",\"isPartOf\":{\"@id\":\"https:\/\/portaltela.pt\/#website\"},\"primaryImageOfPage\":{\"@id\":\"https:\/\/portaltela.pt\/noticias\/2025\/12\/26\/armand-duplantis-vence-premio-de-desportista-europeu-do-ano\/#primaryimage\"},\"image\":{\"@id\":\"https:\/\/portaltela.pt\/noticias\/2025\/12\/26\/armand-duplantis-vence-premio-de-desportista-europeu-do-ano\/#primaryimage\"},\"thumbnailUrl\":\"https:\/\/portaltela.pt\/s.01k8rhncp4jt1\/2025\/12\/img_1200x721uu2025-09-16-00-46-09-2390074-im-638935803944239617.jpg\",\"datePublished\":\"2025-12-26T14:01:26+00:00\",\"author\":{\"@id\":\"https:\/\/portaltela.pt\/#\/schema\/person\/c4278d4a6028830caff9ee44b42d32ed\"},\"breadcrumb\":{\"@id\":\"https:\/\/portaltela.pt\/noticias\/2025\/12\/26\/armand-duplantis-vence-premio-de-desportista-europeu-do-ano\/#breadcrumb\"},\"inLanguage\":\"pt-PT\",\"potentialAction\":[{\"@type\":\"ReadAction\",\"target\":[\"https:\/\/portaltela.pt\/noticias\/2025\/12\/26\/armand-duplantis-vence-premio-de-desportista-europeu-do-ano\/\"]}]},{\"@type\":\"ImageObject\",\"inLanguage\":\"pt-PT\",\"@id\":\"https:\/\/portaltela.pt\/noticias\/2025\/12\/26\/armand-duplantis-vence-premio-de-desportista-europeu-do-ano\/#primaryimage\",\"url\":\"https:\/\/portaltela.pt\/s.01k8rhncp4jt1\/2025\/12\/img_1200x721uu2025-09-16-00-46-09-2390074-im-638935803944239617.jpg\",\"contentUrl\":\"https:\/\/portaltela.pt\/s.01k8rhncp4jt1\/2025\/12\/img_1200x721uu2025-09-16-00-46-09-2390074-im-638935803944239617.jpg\",\"width\":796,\"height\":448,\"caption\":\"Armand Duplantis bate record do mundo do salto com vara pela 14.\u00aa vez\"},{\"@type\":\"BreadcrumbList\",\"@id\":\"https:\/\/portaltela.pt\/noticias\/2025\/12\/26\/armand-duplantis-vence-premio-de-desportista-europeu-do-ano\/#breadcrumb\",\"itemListElement\":[{\"@type\":\"ListItem\",\"position\":1,\"name\":\"In\u00edcio\",\"item\":\"https:\/\/portaltela.pt\/\"},{\"@type\":\"ListItem\",\"position\":2,\"name\":\"Armand Duplantis vence Pr\u00e9mio de Desportista Europeu do Ano\"}]},{\"@type\":\"WebSite\",\"@id\":\"https:\/\/portaltela.pt\/#website\",\"url\":\"https:\/\/portaltela.pt\/\",\"name\":\"Portal Tela Portugal\",\"description\":\"\",\"potentialAction\":[{\"@type\":\"SearchAction\",\"target\":{\"@type\":\"EntryPoint\",\"urlTemplate\":\"https:\/\/portaltela.pt\/?s={search_term_string}\"},\"query-input\":{\"@type\":\"PropertyValueSpecification\",\"valueRequired\":true,\"valueName\":\"search_term_string\"}}],\"inLanguage\":\"pt-PT\"},{\"@type\":\"Person\",\"@id\":\"https:\/\/portaltela.pt\/#\/schema\/person\/c4278d4a6028830caff9ee44b42d32ed\",\"name\":\"Telinha\",\"image\":{\"@type\":\"ImageObject\",\"inLanguage\":\"pt-PT\",\"@id\":\"https:\/\/portaltela.pt\/s.01k8rhncp4jt1\/2025\/11\/talking-bot-125x125.png\",\"url\":\"https:\/\/portaltela.pt\/s.01k8rhncp4jt1\/2025\/11\/talking-bot-125x125.png\",\"contentUrl\":\"https:\/\/portaltela.pt\/s.01k8rhncp4jt1\/2025\/11\/talking-bot-125x125.png\",\"caption\":\"Telinha\"},\"sameAs\":[\"https:\/\/portaltela.pt\/\"],\"url\":\"https:\/\/portaltela.pt\/por\/367410592786\/\"}]}<\/script>\n<!-- \/ Yoast SEO plugin. -->","yoast_head_json":{"title":"Armand Duplantis vence Pr\u00e9mio de Desportista Europeu do Ano - Portal Tela Portugal","robots":{"index":"index","follow":"follow","max-snippet":"max-snippet:-1","max-image-preview":"max-image-preview:large","max-video-preview":"max-video-preview:-1"},"og_locale":"pt_PT","og_type":"article","og_title":"Armand Duplantis vence Pr\u00e9mio de Desportista Europeu do Ano - Portal Tela Portugal","og_description":"Armand Duplantis venceu o Pr\u00e9mio de Desportista Europeu do Ano de 2025, com 184 pontos, sendo j\u00e1 medalha de ouro ol\u00edmpica e campe\u00e3o mundial de salto com vara. Vitinha ficou na dezoit oitava posi\u00e7\u00e3o, com 13 pontos, integrando a lista na 18.\u00aa posi\u00e7\u00e3o. A vota\u00e7\u00e3o envolveu sessenta e dois atletas de vinte e quatro pa\u00edses, com o top dez a incluir Carlos Alcaraz e Tadej Pogacar, entre outros. Duplantis participou de vinte e tr\u00eas listas de votos, aparecendo em primeiro lugar nove vezes e em segundo quatro, em rela\u00e7\u00e3o \u00e0s ag\u00eancias de not\u00edcias que comp\u00f5em o galard\u00e3o. O pr\u00e9mio \u00e9 promovido por ag\u00eancias de not\u00edcias europeias e j\u00e1 teve vencedores anteriores, como L\u00e9on Marchand (2024).","og_url":"https:\/\/portaltela.pt\/noticias\/2025\/12\/26\/armand-duplantis-vence-premio-de-desportista-europeu-do-ano\/","og_site_name":"Portal Tela Portugal","article_published_time":"2025-12-26T14:01:26+00:00","author":"Telinha","twitter_card":"summary_large_image","twitter_misc":{"Escrito por":"Telinha","Tempo estimado de leitura":"1 minuto"},"schema":{"@context":"https:\/\/schema.org","@graph":[{"@type":"Article","@id":"https:\/\/portaltela.pt\/noticias\/2025\/12\/26\/armand-duplantis-vence-premio-de-desportista-europeu-do-ano\/#article","isPartOf":{"@id":"https:\/\/portaltela.pt\/noticias\/2025\/12\/26\/armand-duplantis-vence-premio-de-desportista-europeu-do-ano\/"},"author":{"name":"Telinha","@id":"https:\/\/portaltela.pt\/#\/schema\/person\/c4278d4a6028830caff9ee44b42d32ed"},"headline":"Armand Duplantis vence Pr\u00e9mio de Desportista Europeu do Ano","datePublished":"2025-12-26T14:01:26+00:00","mainEntityOfPage":{"@id":"https:\/\/portaltela.pt\/noticias\/2025\/12\/26\/armand-duplantis-vence-premio-de-desportista-europeu-do-ano\/"},"wordCount":192,"image":{"@id":"https:\/\/portaltela.pt\/noticias\/2025\/12\/26\/armand-duplantis-vence-premio-de-desportista-europeu-do-ano\/#primaryimage"},"thumbnailUrl":"https:\/\/portaltela.pt\/s.01k8rhncp4jt1\/2025\/12\/img_1200x721uu2025-09-16-00-46-09-2390074-im-638935803944239617.jpg","keywords":["Atleta do Ano","desporto","desportos","esportes","olimp\u00edadas"],"articleSection":["Desporto"],"inLanguage":"pt-PT"},{"@type":"WebPage","@id":"https:\/\/portaltela.pt\/noticias\/2025\/12\/26\/armand-duplantis-vence-premio-de-desportista-europeu-do-ano\/","url":"https:\/\/portaltela.pt\/noticias\/2025\/12\/26\/armand-duplantis-vence-premio-de-desportista-europeu-do-ano\/","name":"Armand Duplantis vence Pr\u00e9mio de Desportista Europeu do Ano - Portal Tela Portugal","isPartOf":{"@id":"https:\/\/portaltela.pt\/#website"},"primaryImageOfPage":{"@id":"https:\/\/portaltela.pt\/noticias\/2025\/12\/26\/armand-duplantis-vence-premio-de-desportista-europeu-do-ano\/#primaryimage"},"image":{"@id":"https:\/\/portaltela.pt\/noticias\/2025\/12\/26\/armand-duplantis-vence-premio-de-desportista-europeu-do-ano\/#primaryimage"},"thumbnailUrl":"https:\/\/portaltela.pt\/s.01k8rhncp4jt1\/2025\/12\/img_1200x721uu2025-09-16-00-46-09-2390074-im-638935803944239617.jpg","datePublished":"2025-12-26T14:01:26+00:00","author":{"@id":"https:\/\/portaltela.pt\/#\/schema\/person\/c4278d4a6028830caff9ee44b42d32ed"},"breadcrumb":{"@id":"https:\/\/portaltela.pt\/noticias\/2025\/12\/26\/armand-duplantis-vence-premio-de-desportista-europeu-do-ano\/#breadcrumb"},"inLanguage":"pt-PT","potentialAction":[{"@type":"ReadAction","target":["https:\/\/portaltela.pt\/noticias\/2025\/12\/26\/armand-duplantis-vence-premio-de-desportista-europeu-do-ano\/"]}]},{"@type":"ImageObject","inLanguage":"pt-PT","@id":"https:\/\/portaltela.pt\/noticias\/2025\/12\/26\/armand-duplantis-vence-premio-de-desportista-europeu-do-ano\/#primaryimage","url":"https:\/\/portaltela.pt\/s.01k8rhncp4jt1\/2025\/12\/img_1200x721uu2025-09-16-00-46-09-2390074-im-638935803944239617.jpg","contentUrl":"https:\/\/portaltela.pt\/s.01k8rhncp4jt1\/2025\/12\/img_1200x721uu2025-09-16-00-46-09-2390074-im-638935803944239617.jpg","width":796,"height":448,"caption":"Armand Duplantis bate record do mundo do salto com vara pela 14.\u00aa vez"},{"@type":"BreadcrumbList","@id":"https:\/\/portaltela.pt\/noticias\/2025\/12\/26\/armand-duplantis-vence-premio-de-desportista-europeu-do-ano\/#breadcrumb","itemListElement":[{"@type":"ListItem","position":1,"name":"In\u00edcio","item":"https:\/\/portaltela.pt\/"},{"@type":"ListItem","position":2,"name":"Armand Duplantis vence Pr\u00e9mio de Desportista Europeu do Ano"}]},{"@type":"WebSite","@id":"https:\/\/portaltela.pt\/#website","url":"https:\/\/portaltela.pt\/","name":"Portal Tela Portugal","description":"","potentialAction":[{"@type":"SearchAction","target":{"@type":"EntryPoint","urlTemplate":"https:\/\/portaltela.pt\/?s={search_term_string}"},"query-input":{"@type":"PropertyValueSpecification","valueRequired":true,"valueName":"search_term_string"}}],"inLanguage":"pt-PT"},{"@type":"Person","@id":"https:\/\/portaltela.pt\/#\/schema\/person\/c4278d4a6028830caff9ee44b42d32ed","name":"Telinha","image":{"@type":"ImageObject","inLanguage":"pt-PT","@id":"https:\/\/portaltela.pt\/s.01k8rhncp4jt1\/2025\/11\/talking-bot-125x125.png","url":"https:\/\/portaltela.pt\/s.01k8rhncp4jt1\/2025\/11\/talking-bot-125x125.png","contentUrl":"https:\/\/portaltela.pt\/s.01k8rhncp4jt1\/2025\/11\/talking-bot-125x125.png","caption":"Telinha"},"sameAs":["https:\/\/portaltela.pt\/"],"url":"https:\/\/portaltela.pt\/por\/367410592786\/"}]}},"_links":{"self":[{"href":"https:\/\/portaltela.pt\/api\/wp\/v2\/posts\/99470","targetHints":{"allow":["GET"]}}],"collection":[{"href":"https:\/\/portaltela.pt\/api\/wp\/v2\/posts"}],"about":[{"href":"https:\/\/portaltela.pt\/api\/wp\/v2\/types\/post"}],"author":[{"embeddable":true,"href":"https:\/\/portaltela.pt\/api\/wp\/v2\/users\/2"}],"replies":[{"embeddable":true,"href":"https:\/\/portaltela.pt\/api\/wp\/v2\/comments?post=99470"}],"version-history":[{"count":0,"href":"https:\/\/portaltela.pt\/api\/wp\/v2\/posts\/99470\/revisions"}],"wp:featuredmedia":[{"embeddable":true,"href":"https:\/\/portaltela.pt\/api\/wp\/v2\/media\/99472"}],"wp:attachment":[{"href":"https:\/\/portaltela.pt\/api\/wp\/v2\/media?parent=99470"}],"wp:term":[{"taxonomy":"category","embeddable":true,"href":"https:\/\/portaltela.pt\/api\/wp\/v2\/categories?post=99470"},{"taxonomy":"post_tag","embeddable":true,"href":"https:\/\/portaltela.pt\/api\/wp\/v2\/tags?post=99470"}],"curies":[{"name":"wp","href":"https:\/\/api.w.org\/{rel}","templated":true}]}}