{"id":99194,"date":"2025-12-26T08:11:48","date_gmt":"2025-12-26T11:11:48","guid":{"rendered":"https:\/\/portaltela.pt\/noticias\/2025\/12\/26\/iniciativa-solidaria-do-lidl-leva-espirito-de-natal-a-lares-do-distrito\/"},"modified":"2025-12-26T08:11:48","modified_gmt":"2025-12-26T11:11:48","slug":"iniciativa-solidaria-do-lidl-leva-espirito-de-natal-a-lares-do-distrito","status":"publish","type":"post","link":"https:\/\/portaltela.pt\/noticias\/2025\/12\/26\/iniciativa-solidaria-do-lidl-leva-espirito-de-natal-a-lares-do-distrito\/","title":{"rendered":"Iniciativa solid\u00e1ria do Lidl leva esp\u00edrito de Natal a lares do distrito"},"content":{"rendered":"<p>O Lidl promoveu uma a\u00e7\u00e3o solid\u00e1ria de Natal junto de lares do distrito de Castelo Branco, levando conv\u00edvio e alegria a dezenas de utentes. A iniciativa insere-se numa das regi\u00f5es mais afetadas pela desertifica\u00e7\u00e3o e pelo envelhecimento demogr\u00e1fico.<\/p>\n<p>Integrada no roadshow nacional do Cami\u00e3o Favorina, a a\u00e7\u00e3o decorreu nos lares Lar Major Rato, em Alcains; Santa Casa da Miseric\u00f3rdia de Vila Velha de R\u00f3d\u00e3o; e Sociedade Filarm\u00f3nica de Benefic\u00eancia Fratelense, em Vila Velha de R\u00f3d\u00e3o. Ao longo do dia, o cami\u00e3o transformou-se num espa\u00e7o de celebra\u00e7\u00e3o natal\u00edcia com visitas do Pai Natal e dos elfos.<\/p>\n<p>O foco foi proporcionar momentos de proximidade e surpresa, oferecendo companhia e doces aos seniores. A diretora de Corporate Affairs do Lidl Portugal sublinhou que o Natal \u00e9 tempo de estar presente e cuidar dos outros, destacando a import\u00e2ncia de levar aten\u00e7\u00e3o e alegria a quem j\u00e1 deu tanto \u00e0 comunidade.<\/p>\n<h3>Percurso do cami\u00e3o Favorina<\/h3>\n<p>Este gesto insere-se no roadshow do cami\u00e3o Favorina, que durante dezembro percorre v\u00e1rias localidades, aproximando a marca das comunidades. A iniciativa refor\u00e7a os valores de partilha, generosidade e encontro da \u00e9poca natal\u00edcia, e evidencia o compromisso do Lidl com a promo\u00e7\u00e3o de a\u00e7\u00f5es de impacto social positivo junto da terceira idade.<\/p>\n","protected":false},"excerpt":{"rendered":"<ul>\n<li>O Lidl promoveu uma a\u00e7\u00e3o solid\u00e1ria de Natal junto de tr\u00eas lares no distrito de Castelo Branco, levando momentos de conv\u00edvio a idosos.<\/li>\n<li>O evento integrou o roadshow nacional do Cami\u00e3o Favorina, com o lema \u201cCuidar de Quem J\u00e1 Cuidou de N\u00f3s Vale Mesmo a Pena\u201d.<\/li>\n<li>Os lares visitados foram o Lar Major Rato, em Alcains; a Santa Casa da Miseric\u00f3rdia de Vila Velha de R\u00f3d\u00e3o; e a Sociedade Filarm\u00f3nica de Benefic\u00eancia Fratelense, em Vila Velha de R\u00f3d\u00e3o.<\/li>\n<li>Ao longo do dia, o cami\u00e3o transformou-se num espa\u00e7o de celebra\u00e7\u00e3o natal\u00edcia com a presen\u00e7a do Pai Natal e de elfos, proporcionando companhia e surpresas doces aos utentes.<\/li>\n<li>A diretora de Corporate Affairs do Lidl Portugal, Vanessa Romeu, destacou que a a\u00e7\u00e3o envolve cuidado, aten\u00e7\u00e3o e alegria para a comunidade s\u00e9nior, refor\u00e7ando o compromisso da empresa com a proximidade e o desenvolvimento social.<\/li>\n<\/ul>\n","protected":false},"author":2,"featured_media":99218,"comment_status":"closed","ping_status":"closed","sticky":false,"template":"","format":"standard","meta":{"footnotes":""},"categories":[1],"tags":[1084,1955,1211,1112,903],"class_list":["post-99194","post","type-post","status-publish","format-standard","has-post-thumbnail","hentry","category-noticias","tag-acao-social","tag-alcains","tag-apoio-social","tag-castelo-branco","tag-comunidades"],"yoast_head":"<!-- This site is optimized with the Yoast SEO plugin v27.2 - https:\/\/yoast.com\/product\/yoast-seo-wordpress\/ -->\n<title>Iniciativa solid\u00e1ria do Lidl leva esp\u00edrito de Natal a lares do distrito - Portal Tela Portugal<\/title>\n<meta name=\"robots\" content=\"index, follow, max-snippet:-1, max-image-preview:large, max-video-preview:-1\" \/>\n<meta property=\"og:locale\" content=\"pt_PT\" \/>\n<meta property=\"og:type\" content=\"article\" \/>\n<meta property=\"og:title\" content=\"Iniciativa solid\u00e1ria do Lidl leva esp\u00edrito de Natal a lares do distrito - Portal Tela Portugal\" \/>\n<meta property=\"og:description\" content=\"O Lidl promoveu uma a\u00e7\u00e3o solid\u00e1ria de Natal junto de tr\u00eas lares no distrito de Castelo Branco, levando momentos de conv\u00edvio a idosos. O evento integrou o roadshow nacional do Cami\u00e3o Favorina, com o lema \u201cCuidar de Quem J\u00e1 Cuidou de N\u00f3s Vale Mesmo a Pena\u201d. Os lares visitados foram o Lar Major Rato, em Alcains; a Santa Casa da Miseric\u00f3rdia de Vila Velha de R\u00f3d\u00e3o; e a Sociedade Filarm\u00f3nica de Benefic\u00eancia Fratelense, em Vila Velha de R\u00f3d\u00e3o. Ao longo do dia, o cami\u00e3o transformou-se num espa\u00e7o de celebra\u00e7\u00e3o natal\u00edcia com a presen\u00e7a do Pai Natal e de elfos, proporcionando companhia e surpresas doces aos utentes. A diretora de Corporate Affairs do Lidl Portugal, Vanessa Romeu, destacou que a a\u00e7\u00e3o envolve cuidado, aten\u00e7\u00e3o e alegria para a comunidade s\u00e9nior, refor\u00e7ando o compromisso da empresa com a proximidade e o desenvolvimento social.\" \/>\n<meta property=\"og:url\" content=\"https:\/\/portaltela.pt\/noticias\/2025\/12\/26\/iniciativa-solidaria-do-lidl-leva-espirito-de-natal-a-lares-do-distrito\/\" \/>\n<meta property=\"og:site_name\" content=\"Portal Tela Portugal\" \/>\n<meta property=\"article:published_time\" content=\"2025-12-26T11:11:48+00:00\" \/>\n<meta name=\"author\" content=\"Telinha\" \/>\n<meta name=\"twitter:card\" content=\"summary_large_image\" \/>\n<meta name=\"twitter:label1\" content=\"Escrito por\" \/>\n\t<meta name=\"twitter:data1\" content=\"Telinha\" \/>\n\t<meta name=\"twitter:label2\" content=\"Tempo estimado de leitura\" \/>\n\t<meta name=\"twitter:data2\" content=\"1 minuto\" \/>\n<script type=\"application\/ld+json\" class=\"yoast-schema-graph\">{\"@context\":\"https:\/\/schema.org\",\"@graph\":[{\"@type\":\"Article\",\"@id\":\"https:\/\/portaltela.pt\/noticias\/2025\/12\/26\/iniciativa-solidaria-do-lidl-leva-espirito-de-natal-a-lares-do-distrito\/#article\",\"isPartOf\":{\"@id\":\"https:\/\/portaltela.pt\/noticias\/2025\/12\/26\/iniciativa-solidaria-do-lidl-leva-espirito-de-natal-a-lares-do-distrito\/\"},\"author\":{\"name\":\"Telinha\",\"@id\":\"https:\/\/portaltela.pt\/#\/schema\/person\/c4278d4a6028830caff9ee44b42d32ed\"},\"headline\":\"Iniciativa solid\u00e1ria do Lidl leva esp\u00edrito de Natal a lares do distrito\",\"datePublished\":\"2025-12-26T11:11:48+00:00\",\"mainEntityOfPage\":{\"@id\":\"https:\/\/portaltela.pt\/noticias\/2025\/12\/26\/iniciativa-solidaria-do-lidl-leva-espirito-de-natal-a-lares-do-distrito\/\"},\"wordCount\":241,\"image\":{\"@id\":\"https:\/\/portaltela.pt\/noticias\/2025\/12\/26\/iniciativa-solidaria-do-lidl-leva-espirito-de-natal-a-lares-do-distrito\/#primaryimage\"},\"thumbnailUrl\":\"https:\/\/portaltela.pt\/s.01k8rhncp4jt1\/2025\/12\/unnamed-file-1821.jpg\",\"keywords\":[\"A\u00e7\u00e3o Social\",\"Alcains\",\"Apoio Social\",\"Castelo Branco\",\"comunidades\"],\"articleSection\":[\"Not\u00edcias\"],\"inLanguage\":\"pt-PT\"},{\"@type\":\"WebPage\",\"@id\":\"https:\/\/portaltela.pt\/noticias\/2025\/12\/26\/iniciativa-solidaria-do-lidl-leva-espirito-de-natal-a-lares-do-distrito\/\",\"url\":\"https:\/\/portaltela.pt\/noticias\/2025\/12\/26\/iniciativa-solidaria-do-lidl-leva-espirito-de-natal-a-lares-do-distrito\/\",\"name\":\"Iniciativa solid\u00e1ria do Lidl leva esp\u00edrito de Natal a lares do distrito - Portal Tela Portugal\",\"isPartOf\":{\"@id\":\"https:\/\/portaltela.pt\/#website\"},\"primaryImageOfPage\":{\"@id\":\"https:\/\/portaltela.pt\/noticias\/2025\/12\/26\/iniciativa-solidaria-do-lidl-leva-espirito-de-natal-a-lares-do-distrito\/#primaryimage\"},\"image\":{\"@id\":\"https:\/\/portaltela.pt\/noticias\/2025\/12\/26\/iniciativa-solidaria-do-lidl-leva-espirito-de-natal-a-lares-do-distrito\/#primaryimage\"},\"thumbnailUrl\":\"https:\/\/portaltela.pt\/s.01k8rhncp4jt1\/2025\/12\/unnamed-file-1821.jpg\",\"datePublished\":\"2025-12-26T11:11:48+00:00\",\"author\":{\"@id\":\"https:\/\/portaltela.pt\/#\/schema\/person\/c4278d4a6028830caff9ee44b42d32ed\"},\"breadcrumb\":{\"@id\":\"https:\/\/portaltela.pt\/noticias\/2025\/12\/26\/iniciativa-solidaria-do-lidl-leva-espirito-de-natal-a-lares-do-distrito\/#breadcrumb\"},\"inLanguage\":\"pt-PT\",\"potentialAction\":[{\"@type\":\"ReadAction\",\"target\":[\"https:\/\/portaltela.pt\/noticias\/2025\/12\/26\/iniciativa-solidaria-do-lidl-leva-espirito-de-natal-a-lares-do-distrito\/\"]}]},{\"@type\":\"ImageObject\",\"inLanguage\":\"pt-PT\",\"@id\":\"https:\/\/portaltela.pt\/noticias\/2025\/12\/26\/iniciativa-solidaria-do-lidl-leva-espirito-de-natal-a-lares-do-distrito\/#primaryimage\",\"url\":\"https:\/\/portaltela.pt\/s.01k8rhncp4jt1\/2025\/12\/unnamed-file-1821.jpg\",\"contentUrl\":\"https:\/\/portaltela.pt\/s.01k8rhncp4jt1\/2025\/12\/unnamed-file-1821.jpg\",\"caption\":\"Iniciativa solid\u00e1ria do Lidl levou o espirito do Natal a lares do distrito\"},{\"@type\":\"BreadcrumbList\",\"@id\":\"https:\/\/portaltela.pt\/noticias\/2025\/12\/26\/iniciativa-solidaria-do-lidl-leva-espirito-de-natal-a-lares-do-distrito\/#breadcrumb\",\"itemListElement\":[{\"@type\":\"ListItem\",\"position\":1,\"name\":\"In\u00edcio\",\"item\":\"https:\/\/portaltela.pt\/\"},{\"@type\":\"ListItem\",\"position\":2,\"name\":\"Iniciativa solid\u00e1ria do Lidl leva esp\u00edrito de Natal a lares do distrito\"}]},{\"@type\":\"WebSite\",\"@id\":\"https:\/\/portaltela.pt\/#website\",\"url\":\"https:\/\/portaltela.pt\/\",\"name\":\"Portal Tela Portugal\",\"description\":\"\",\"potentialAction\":[{\"@type\":\"SearchAction\",\"target\":{\"@type\":\"EntryPoint\",\"urlTemplate\":\"https:\/\/portaltela.pt\/?s={search_term_string}\"},\"query-input\":{\"@type\":\"PropertyValueSpecification\",\"valueRequired\":true,\"valueName\":\"search_term_string\"}}],\"inLanguage\":\"pt-PT\"},{\"@type\":\"Person\",\"@id\":\"https:\/\/portaltela.pt\/#\/schema\/person\/c4278d4a6028830caff9ee44b42d32ed\",\"name\":\"Telinha\",\"image\":{\"@type\":\"ImageObject\",\"inLanguage\":\"pt-PT\",\"@id\":\"https:\/\/portaltela.pt\/s.01k8rhncp4jt1\/2025\/11\/talking-bot-125x125.png\",\"url\":\"https:\/\/portaltela.pt\/s.01k8rhncp4jt1\/2025\/11\/talking-bot-125x125.png\",\"contentUrl\":\"https:\/\/portaltela.pt\/s.01k8rhncp4jt1\/2025\/11\/talking-bot-125x125.png\",\"caption\":\"Telinha\"},\"sameAs\":[\"https:\/\/portaltela.pt\/\"],\"url\":\"https:\/\/portaltela.pt\/por\/367410592786\/\"}]}<\/script>\n<!-- \/ Yoast SEO plugin. -->","yoast_head_json":{"title":"Iniciativa solid\u00e1ria do Lidl leva esp\u00edrito de Natal a lares do distrito - Portal Tela Portugal","robots":{"index":"index","follow":"follow","max-snippet":"max-snippet:-1","max-image-preview":"max-image-preview:large","max-video-preview":"max-video-preview:-1"},"og_locale":"pt_PT","og_type":"article","og_title":"Iniciativa solid\u00e1ria do Lidl leva esp\u00edrito de Natal a lares do distrito - Portal Tela Portugal","og_description":"O Lidl promoveu uma a\u00e7\u00e3o solid\u00e1ria de Natal junto de tr\u00eas lares no distrito de Castelo Branco, levando momentos de conv\u00edvio a idosos. O evento integrou o roadshow nacional do Cami\u00e3o Favorina, com o lema \u201cCuidar de Quem J\u00e1 Cuidou de N\u00f3s Vale Mesmo a Pena\u201d. Os lares visitados foram o Lar Major Rato, em Alcains; a Santa Casa da Miseric\u00f3rdia de Vila Velha de R\u00f3d\u00e3o; e a Sociedade Filarm\u00f3nica de Benefic\u00eancia Fratelense, em Vila Velha de R\u00f3d\u00e3o. Ao longo do dia, o cami\u00e3o transformou-se num espa\u00e7o de celebra\u00e7\u00e3o natal\u00edcia com a presen\u00e7a do Pai Natal e de elfos, proporcionando companhia e surpresas doces aos utentes. A diretora de Corporate Affairs do Lidl Portugal, Vanessa Romeu, destacou que a a\u00e7\u00e3o envolve cuidado, aten\u00e7\u00e3o e alegria para a comunidade s\u00e9nior, refor\u00e7ando o compromisso da empresa com a proximidade e o desenvolvimento social.","og_url":"https:\/\/portaltela.pt\/noticias\/2025\/12\/26\/iniciativa-solidaria-do-lidl-leva-espirito-de-natal-a-lares-do-distrito\/","og_site_name":"Portal Tela Portugal","article_published_time":"2025-12-26T11:11:48+00:00","author":"Telinha","twitter_card":"summary_large_image","twitter_misc":{"Escrito por":"Telinha","Tempo estimado de leitura":"1 minuto"},"schema":{"@context":"https:\/\/schema.org","@graph":[{"@type":"Article","@id":"https:\/\/portaltela.pt\/noticias\/2025\/12\/26\/iniciativa-solidaria-do-lidl-leva-espirito-de-natal-a-lares-do-distrito\/#article","isPartOf":{"@id":"https:\/\/portaltela.pt\/noticias\/2025\/12\/26\/iniciativa-solidaria-do-lidl-leva-espirito-de-natal-a-lares-do-distrito\/"},"author":{"name":"Telinha","@id":"https:\/\/portaltela.pt\/#\/schema\/person\/c4278d4a6028830caff9ee44b42d32ed"},"headline":"Iniciativa solid\u00e1ria do Lidl leva esp\u00edrito de Natal a lares do distrito","datePublished":"2025-12-26T11:11:48+00:00","mainEntityOfPage":{"@id":"https:\/\/portaltela.pt\/noticias\/2025\/12\/26\/iniciativa-solidaria-do-lidl-leva-espirito-de-natal-a-lares-do-distrito\/"},"wordCount":241,"image":{"@id":"https:\/\/portaltela.pt\/noticias\/2025\/12\/26\/iniciativa-solidaria-do-lidl-leva-espirito-de-natal-a-lares-do-distrito\/#primaryimage"},"thumbnailUrl":"https:\/\/portaltela.pt\/s.01k8rhncp4jt1\/2025\/12\/unnamed-file-1821.jpg","keywords":["A\u00e7\u00e3o Social","Alcains","Apoio Social","Castelo Branco","comunidades"],"articleSection":["Not\u00edcias"],"inLanguage":"pt-PT"},{"@type":"WebPage","@id":"https:\/\/portaltela.pt\/noticias\/2025\/12\/26\/iniciativa-solidaria-do-lidl-leva-espirito-de-natal-a-lares-do-distrito\/","url":"https:\/\/portaltela.pt\/noticias\/2025\/12\/26\/iniciativa-solidaria-do-lidl-leva-espirito-de-natal-a-lares-do-distrito\/","name":"Iniciativa solid\u00e1ria do Lidl leva esp\u00edrito de Natal a lares do distrito - Portal Tela Portugal","isPartOf":{"@id":"https:\/\/portaltela.pt\/#website"},"primaryImageOfPage":{"@id":"https:\/\/portaltela.pt\/noticias\/2025\/12\/26\/iniciativa-solidaria-do-lidl-leva-espirito-de-natal-a-lares-do-distrito\/#primaryimage"},"image":{"@id":"https:\/\/portaltela.pt\/noticias\/2025\/12\/26\/iniciativa-solidaria-do-lidl-leva-espirito-de-natal-a-lares-do-distrito\/#primaryimage"},"thumbnailUrl":"https:\/\/portaltela.pt\/s.01k8rhncp4jt1\/2025\/12\/unnamed-file-1821.jpg","datePublished":"2025-12-26T11:11:48+00:00","author":{"@id":"https:\/\/portaltela.pt\/#\/schema\/person\/c4278d4a6028830caff9ee44b42d32ed"},"breadcrumb":{"@id":"https:\/\/portaltela.pt\/noticias\/2025\/12\/26\/iniciativa-solidaria-do-lidl-leva-espirito-de-natal-a-lares-do-distrito\/#breadcrumb"},"inLanguage":"pt-PT","potentialAction":[{"@type":"ReadAction","target":["https:\/\/portaltela.pt\/noticias\/2025\/12\/26\/iniciativa-solidaria-do-lidl-leva-espirito-de-natal-a-lares-do-distrito\/"]}]},{"@type":"ImageObject","inLanguage":"pt-PT","@id":"https:\/\/portaltela.pt\/noticias\/2025\/12\/26\/iniciativa-solidaria-do-lidl-leva-espirito-de-natal-a-lares-do-distrito\/#primaryimage","url":"https:\/\/portaltela.pt\/s.01k8rhncp4jt1\/2025\/12\/unnamed-file-1821.jpg","contentUrl":"https:\/\/portaltela.pt\/s.01k8rhncp4jt1\/2025\/12\/unnamed-file-1821.jpg","caption":"Iniciativa solid\u00e1ria do Lidl levou o espirito do Natal a lares do distrito"},{"@type":"BreadcrumbList","@id":"https:\/\/portaltela.pt\/noticias\/2025\/12\/26\/iniciativa-solidaria-do-lidl-leva-espirito-de-natal-a-lares-do-distrito\/#breadcrumb","itemListElement":[{"@type":"ListItem","position":1,"name":"In\u00edcio","item":"https:\/\/portaltela.pt\/"},{"@type":"ListItem","position":2,"name":"Iniciativa solid\u00e1ria do Lidl leva esp\u00edrito de Natal a lares do distrito"}]},{"@type":"WebSite","@id":"https:\/\/portaltela.pt\/#website","url":"https:\/\/portaltela.pt\/","name":"Portal Tela Portugal","description":"","potentialAction":[{"@type":"SearchAction","target":{"@type":"EntryPoint","urlTemplate":"https:\/\/portaltela.pt\/?s={search_term_string}"},"query-input":{"@type":"PropertyValueSpecification","valueRequired":true,"valueName":"search_term_string"}}],"inLanguage":"pt-PT"},{"@type":"Person","@id":"https:\/\/portaltela.pt\/#\/schema\/person\/c4278d4a6028830caff9ee44b42d32ed","name":"Telinha","image":{"@type":"ImageObject","inLanguage":"pt-PT","@id":"https:\/\/portaltela.pt\/s.01k8rhncp4jt1\/2025\/11\/talking-bot-125x125.png","url":"https:\/\/portaltela.pt\/s.01k8rhncp4jt1\/2025\/11\/talking-bot-125x125.png","contentUrl":"https:\/\/portaltela.pt\/s.01k8rhncp4jt1\/2025\/11\/talking-bot-125x125.png","caption":"Telinha"},"sameAs":["https:\/\/portaltela.pt\/"],"url":"https:\/\/portaltela.pt\/por\/367410592786\/"}]}},"_links":{"self":[{"href":"https:\/\/portaltela.pt\/api\/wp\/v2\/posts\/99194","targetHints":{"allow":["GET"]}}],"collection":[{"href":"https:\/\/portaltela.pt\/api\/wp\/v2\/posts"}],"about":[{"href":"https:\/\/portaltela.pt\/api\/wp\/v2\/types\/post"}],"author":[{"embeddable":true,"href":"https:\/\/portaltela.pt\/api\/wp\/v2\/users\/2"}],"replies":[{"embeddable":true,"href":"https:\/\/portaltela.pt\/api\/wp\/v2\/comments?post=99194"}],"version-history":[{"count":0,"href":"https:\/\/portaltela.pt\/api\/wp\/v2\/posts\/99194\/revisions"}],"wp:featuredmedia":[{"embeddable":true,"href":"https:\/\/portaltela.pt\/api\/wp\/v2\/media\/99218"}],"wp:attachment":[{"href":"https:\/\/portaltela.pt\/api\/wp\/v2\/media?parent=99194"}],"wp:term":[{"taxonomy":"category","embeddable":true,"href":"https:\/\/portaltela.pt\/api\/wp\/v2\/categories?post=99194"},{"taxonomy":"post_tag","embeddable":true,"href":"https:\/\/portaltela.pt\/api\/wp\/v2\/tags?post=99194"}],"curies":[{"name":"wp","href":"https:\/\/api.w.org\/{rel}","templated":true}]}}