{"id":99185,"date":"2025-12-26T03:13:00","date_gmt":"2025-12-26T06:13:00","guid":{"rendered":"https:\/\/portaltela.pt\/noticias\/2025\/12\/26\/empresario-procura-solucao-para-rafa-4\/"},"modified":"2025-12-26T03:13:00","modified_gmt":"2025-12-26T06:13:00","slug":"empresario-procura-solucao-para-rafa-4","status":"publish","type":"post","link":"https:\/\/portaltela.pt\/desporto\/futebol\/2025\/12\/26\/empresario-procura-solucao-para-rafa-4\/","title":{"rendered":"Empres\u00e1rio procura solu\u00e7\u00e3o para Rafa"},"content":{"rendered":"<p>Rafa Silva, 32 anos, n\u00e3o joga desde 2 de novembro. Foi convocado para o jogo frente ao Rizespor, no passado s\u00e1bado, mas permaneceu no banco. A sua atitude no aquecimento gerou protestos entre adeptos, e o treinador criticou o compromisso do jogador no treino.<\/p>\n<p>A situa\u00e7\u00e3o ganhou contornos pol\u00e9micos dentro do Besiktas, com cr\u00edticas p\u00fablicas ao desempenho e ao envolvimento do ponta-de-lan\u00e7a. O epis\u00f3dio ocorreu numa altura em que Rafa, que est\u00e1 na \u00f3rbita do Benfica, n\u00e3o foi utilizado na partida de s\u00e1bado contra o Rizespor.<\/p>\n<p>Na sequ\u00eancia dos acontecimentos, a dire\u00e7\u00e3o do Besiktas procura encontrar uma solu\u00e7\u00e3o para o caso. O presidente Serdal Adali e o representante de Rafa Silva dever\u00e3o reunir-se em breve, segundo o jornal Fanatik, para analisar op\u00e7\u00f5es que permitam esclarecer a situa\u00e7\u00e3o entre o clube, o jogador e a massa adepta. Rafa Silva tamb\u00e9m ficou de fora da convocat\u00f3ria para o jogo da Ta\u00e7a da Turquia diante do Fenerbah\u00e7e, na ter\u00e7a-feira.<\/p>\n","protected":false},"excerpt":{"rendered":"<ul>\n<li>Rafa Silva, 32 anos, n\u00e3o atua desde o dia 2 de novembro e foi convocado para o jogo com o Rizespor, mas ficou no banco.<\/li>\n<li>A atitude durante o aquecimento gerou protestos dos adeptos e o treinador o criticou por falta de empenho.<\/li>\n<li>Rafa n\u00e3o foi convocado para o jogo com o Fenerbah\u00e7e, da Ta\u00e7a da Turquia, realizado na ter\u00e7a-feira.<\/li>\n<li>O presidente do Besiktas, Serdal Adali, e o agente de Rafa devem reunir-se brevemente para encontrar uma solu\u00e7\u00e3o \u00e0 situa\u00e7\u00e3o.<\/li>\n<li>A reuni\u00e3o pretende abordar a poss\u00edvel solu\u00e7\u00e3o entre o clube, o jogador e o representante, com Rafa na mira do Benfica.<\/li>\n<\/ul>\n","protected":false},"author":2,"featured_media":99187,"comment_status":"closed","ping_status":"closed","sticky":false,"template":"","format":"standard","meta":{"footnotes":""},"categories":[21,24],"tags":[1946,152,32,1747,1021],"class_list":["post-99185","post","type-post","status-publish","format-standard","has-post-thumbnail","hentry","category-desporto","category-futebol","tag-benfica","tag-desporto","tag-futebol","tag-futebol-profissional","tag-futebolistas"],"yoast_head":"<!-- This site is optimized with the Yoast SEO plugin v27.2 - https:\/\/yoast.com\/product\/yoast-seo-wordpress\/ -->\n<title>Empres\u00e1rio procura solu\u00e7\u00e3o para Rafa - Portal Tela Portugal<\/title>\n<meta name=\"robots\" content=\"index, follow, max-snippet:-1, max-image-preview:large, max-video-preview:-1\" \/>\n<meta property=\"og:locale\" content=\"pt_PT\" \/>\n<meta property=\"og:type\" content=\"article\" \/>\n<meta property=\"og:title\" content=\"Empres\u00e1rio procura solu\u00e7\u00e3o para Rafa - Portal Tela Portugal\" \/>\n<meta property=\"og:description\" content=\"Rafa Silva, 32 anos, n\u00e3o atua desde o dia 2 de novembro e foi convocado para o jogo com o Rizespor, mas ficou no banco. A atitude durante o aquecimento gerou protestos dos adeptos e o treinador o criticou por falta de empenho. Rafa n\u00e3o foi convocado para o jogo com o Fenerbah\u00e7e, da Ta\u00e7a da Turquia, realizado na ter\u00e7a-feira. O presidente do Besiktas, Serdal Adali, e o agente de Rafa devem reunir-se brevemente para encontrar uma solu\u00e7\u00e3o \u00e0 situa\u00e7\u00e3o. A reuni\u00e3o pretende abordar a poss\u00edvel solu\u00e7\u00e3o entre o clube, o jogador e o representante, com Rafa na mira do Benfica.\" \/>\n<meta property=\"og:url\" content=\"https:\/\/portaltela.pt\/noticias\/2025\/12\/26\/empresario-procura-solucao-para-rafa-4\/\" \/>\n<meta property=\"og:site_name\" content=\"Portal Tela Portugal\" \/>\n<meta property=\"article:published_time\" content=\"2025-12-26T06:13:00+00:00\" \/>\n<meta name=\"author\" content=\"Telinha\" \/>\n<meta name=\"twitter:card\" content=\"summary_large_image\" \/>\n<meta name=\"twitter:label1\" content=\"Escrito por\" \/>\n\t<meta name=\"twitter:data1\" content=\"Telinha\" \/>\n\t<meta name=\"twitter:label2\" content=\"Tempo estimado de leitura\" \/>\n\t<meta name=\"twitter:data2\" content=\"1 minuto\" \/>\n<script type=\"application\/ld+json\" class=\"yoast-schema-graph\">{\"@context\":\"https:\/\/schema.org\",\"@graph\":[{\"@type\":\"Article\",\"@id\":\"https:\/\/portaltela.pt\/noticias\/2025\/12\/26\/empresario-procura-solucao-para-rafa-4\/#article\",\"isPartOf\":{\"@id\":\"https:\/\/portaltela.pt\/noticias\/2025\/12\/26\/empresario-procura-solucao-para-rafa-4\/\"},\"author\":{\"name\":\"Telinha\",\"@id\":\"https:\/\/portaltela.pt\/#\/schema\/person\/c4278d4a6028830caff9ee44b42d32ed\"},\"headline\":\"Empres\u00e1rio procura solu\u00e7\u00e3o para Rafa\",\"datePublished\":\"2025-12-26T06:13:00+00:00\",\"mainEntityOfPage\":{\"@id\":\"https:\/\/portaltela.pt\/noticias\/2025\/12\/26\/empresario-procura-solucao-para-rafa-4\/\"},\"wordCount\":182,\"image\":{\"@id\":\"https:\/\/portaltela.pt\/noticias\/2025\/12\/26\/empresario-procura-solucao-para-rafa-4\/#primaryimage\"},\"thumbnailUrl\":\"https:\/\/portaltela.pt\/s.01k8rhncp4jt1\/2025\/12\/img_920x518uu2025-12-21-18-03-00-2410624-2.jpg\",\"keywords\":[\"Benfica\",\"desporto\",\"futebol\",\"Futebol Profissional\",\"futebolistas\"],\"articleSection\":[\"Desporto\",\"Futebol\"],\"inLanguage\":\"pt-PT\"},{\"@type\":\"WebPage\",\"@id\":\"https:\/\/portaltela.pt\/noticias\/2025\/12\/26\/empresario-procura-solucao-para-rafa-4\/\",\"url\":\"https:\/\/portaltela.pt\/noticias\/2025\/12\/26\/empresario-procura-solucao-para-rafa-4\/\",\"name\":\"Empres\u00e1rio procura solu\u00e7\u00e3o para Rafa - Portal Tela Portugal\",\"isPartOf\":{\"@id\":\"https:\/\/portaltela.pt\/#website\"},\"primaryImageOfPage\":{\"@id\":\"https:\/\/portaltela.pt\/noticias\/2025\/12\/26\/empresario-procura-solucao-para-rafa-4\/#primaryimage\"},\"image\":{\"@id\":\"https:\/\/portaltela.pt\/noticias\/2025\/12\/26\/empresario-procura-solucao-para-rafa-4\/#primaryimage\"},\"thumbnailUrl\":\"https:\/\/portaltela.pt\/s.01k8rhncp4jt1\/2025\/12\/img_920x518uu2025-12-21-18-03-00-2410624-2.jpg\",\"datePublished\":\"2025-12-26T06:13:00+00:00\",\"author\":{\"@id\":\"https:\/\/portaltela.pt\/#\/schema\/person\/c4278d4a6028830caff9ee44b42d32ed\"},\"breadcrumb\":{\"@id\":\"https:\/\/portaltela.pt\/noticias\/2025\/12\/26\/empresario-procura-solucao-para-rafa-4\/#breadcrumb\"},\"inLanguage\":\"pt-PT\",\"potentialAction\":[{\"@type\":\"ReadAction\",\"target\":[\"https:\/\/portaltela.pt\/noticias\/2025\/12\/26\/empresario-procura-solucao-para-rafa-4\/\"]}]},{\"@type\":\"ImageObject\",\"inLanguage\":\"pt-PT\",\"@id\":\"https:\/\/portaltela.pt\/noticias\/2025\/12\/26\/empresario-procura-solucao-para-rafa-4\/#primaryimage\",\"url\":\"https:\/\/portaltela.pt\/s.01k8rhncp4jt1\/2025\/12\/img_920x518uu2025-12-21-18-03-00-2410624-2.jpg\",\"contentUrl\":\"https:\/\/portaltela.pt\/s.01k8rhncp4jt1\/2025\/12\/img_920x518uu2025-12-21-18-03-00-2410624-2.jpg\",\"width\":796,\"height\":448,\"caption\":\"Rafa\"},{\"@type\":\"BreadcrumbList\",\"@id\":\"https:\/\/portaltela.pt\/noticias\/2025\/12\/26\/empresario-procura-solucao-para-rafa-4\/#breadcrumb\",\"itemListElement\":[{\"@type\":\"ListItem\",\"position\":1,\"name\":\"In\u00edcio\",\"item\":\"https:\/\/portaltela.pt\/\"},{\"@type\":\"ListItem\",\"position\":2,\"name\":\"Empres\u00e1rio procura solu\u00e7\u00e3o para Rafa\"}]},{\"@type\":\"WebSite\",\"@id\":\"https:\/\/portaltela.pt\/#website\",\"url\":\"https:\/\/portaltela.pt\/\",\"name\":\"Portal Tela Portugal\",\"description\":\"\",\"potentialAction\":[{\"@type\":\"SearchAction\",\"target\":{\"@type\":\"EntryPoint\",\"urlTemplate\":\"https:\/\/portaltela.pt\/?s={search_term_string}\"},\"query-input\":{\"@type\":\"PropertyValueSpecification\",\"valueRequired\":true,\"valueName\":\"search_term_string\"}}],\"inLanguage\":\"pt-PT\"},{\"@type\":\"Person\",\"@id\":\"https:\/\/portaltela.pt\/#\/schema\/person\/c4278d4a6028830caff9ee44b42d32ed\",\"name\":\"Telinha\",\"image\":{\"@type\":\"ImageObject\",\"inLanguage\":\"pt-PT\",\"@id\":\"https:\/\/portaltela.pt\/s.01k8rhncp4jt1\/2025\/11\/talking-bot-125x125.png\",\"url\":\"https:\/\/portaltela.pt\/s.01k8rhncp4jt1\/2025\/11\/talking-bot-125x125.png\",\"contentUrl\":\"https:\/\/portaltela.pt\/s.01k8rhncp4jt1\/2025\/11\/talking-bot-125x125.png\",\"caption\":\"Telinha\"},\"sameAs\":[\"https:\/\/portaltela.pt\/\"],\"url\":\"https:\/\/portaltela.pt\/por\/367410592786\/\"}]}<\/script>\n<!-- \/ Yoast SEO plugin. -->","yoast_head_json":{"title":"Empres\u00e1rio procura solu\u00e7\u00e3o para Rafa - Portal Tela Portugal","robots":{"index":"index","follow":"follow","max-snippet":"max-snippet:-1","max-image-preview":"max-image-preview:large","max-video-preview":"max-video-preview:-1"},"og_locale":"pt_PT","og_type":"article","og_title":"Empres\u00e1rio procura solu\u00e7\u00e3o para Rafa - Portal Tela Portugal","og_description":"Rafa Silva, 32 anos, n\u00e3o atua desde o dia 2 de novembro e foi convocado para o jogo com o Rizespor, mas ficou no banco. A atitude durante o aquecimento gerou protestos dos adeptos e o treinador o criticou por falta de empenho. Rafa n\u00e3o foi convocado para o jogo com o Fenerbah\u00e7e, da Ta\u00e7a da Turquia, realizado na ter\u00e7a-feira. O presidente do Besiktas, Serdal Adali, e o agente de Rafa devem reunir-se brevemente para encontrar uma solu\u00e7\u00e3o \u00e0 situa\u00e7\u00e3o. A reuni\u00e3o pretende abordar a poss\u00edvel solu\u00e7\u00e3o entre o clube, o jogador e o representante, com Rafa na mira do Benfica.","og_url":"https:\/\/portaltela.pt\/noticias\/2025\/12\/26\/empresario-procura-solucao-para-rafa-4\/","og_site_name":"Portal Tela Portugal","article_published_time":"2025-12-26T06:13:00+00:00","author":"Telinha","twitter_card":"summary_large_image","twitter_misc":{"Escrito por":"Telinha","Tempo estimado de leitura":"1 minuto"},"schema":{"@context":"https:\/\/schema.org","@graph":[{"@type":"Article","@id":"https:\/\/portaltela.pt\/noticias\/2025\/12\/26\/empresario-procura-solucao-para-rafa-4\/#article","isPartOf":{"@id":"https:\/\/portaltela.pt\/noticias\/2025\/12\/26\/empresario-procura-solucao-para-rafa-4\/"},"author":{"name":"Telinha","@id":"https:\/\/portaltela.pt\/#\/schema\/person\/c4278d4a6028830caff9ee44b42d32ed"},"headline":"Empres\u00e1rio procura solu\u00e7\u00e3o para Rafa","datePublished":"2025-12-26T06:13:00+00:00","mainEntityOfPage":{"@id":"https:\/\/portaltela.pt\/noticias\/2025\/12\/26\/empresario-procura-solucao-para-rafa-4\/"},"wordCount":182,"image":{"@id":"https:\/\/portaltela.pt\/noticias\/2025\/12\/26\/empresario-procura-solucao-para-rafa-4\/#primaryimage"},"thumbnailUrl":"https:\/\/portaltela.pt\/s.01k8rhncp4jt1\/2025\/12\/img_920x518uu2025-12-21-18-03-00-2410624-2.jpg","keywords":["Benfica","desporto","futebol","Futebol Profissional","futebolistas"],"articleSection":["Desporto","Futebol"],"inLanguage":"pt-PT"},{"@type":"WebPage","@id":"https:\/\/portaltela.pt\/noticias\/2025\/12\/26\/empresario-procura-solucao-para-rafa-4\/","url":"https:\/\/portaltela.pt\/noticias\/2025\/12\/26\/empresario-procura-solucao-para-rafa-4\/","name":"Empres\u00e1rio procura solu\u00e7\u00e3o para Rafa - Portal Tela Portugal","isPartOf":{"@id":"https:\/\/portaltela.pt\/#website"},"primaryImageOfPage":{"@id":"https:\/\/portaltela.pt\/noticias\/2025\/12\/26\/empresario-procura-solucao-para-rafa-4\/#primaryimage"},"image":{"@id":"https:\/\/portaltela.pt\/noticias\/2025\/12\/26\/empresario-procura-solucao-para-rafa-4\/#primaryimage"},"thumbnailUrl":"https:\/\/portaltela.pt\/s.01k8rhncp4jt1\/2025\/12\/img_920x518uu2025-12-21-18-03-00-2410624-2.jpg","datePublished":"2025-12-26T06:13:00+00:00","author":{"@id":"https:\/\/portaltela.pt\/#\/schema\/person\/c4278d4a6028830caff9ee44b42d32ed"},"breadcrumb":{"@id":"https:\/\/portaltela.pt\/noticias\/2025\/12\/26\/empresario-procura-solucao-para-rafa-4\/#breadcrumb"},"inLanguage":"pt-PT","potentialAction":[{"@type":"ReadAction","target":["https:\/\/portaltela.pt\/noticias\/2025\/12\/26\/empresario-procura-solucao-para-rafa-4\/"]}]},{"@type":"ImageObject","inLanguage":"pt-PT","@id":"https:\/\/portaltela.pt\/noticias\/2025\/12\/26\/empresario-procura-solucao-para-rafa-4\/#primaryimage","url":"https:\/\/portaltela.pt\/s.01k8rhncp4jt1\/2025\/12\/img_920x518uu2025-12-21-18-03-00-2410624-2.jpg","contentUrl":"https:\/\/portaltela.pt\/s.01k8rhncp4jt1\/2025\/12\/img_920x518uu2025-12-21-18-03-00-2410624-2.jpg","width":796,"height":448,"caption":"Rafa"},{"@type":"BreadcrumbList","@id":"https:\/\/portaltela.pt\/noticias\/2025\/12\/26\/empresario-procura-solucao-para-rafa-4\/#breadcrumb","itemListElement":[{"@type":"ListItem","position":1,"name":"In\u00edcio","item":"https:\/\/portaltela.pt\/"},{"@type":"ListItem","position":2,"name":"Empres\u00e1rio procura solu\u00e7\u00e3o para Rafa"}]},{"@type":"WebSite","@id":"https:\/\/portaltela.pt\/#website","url":"https:\/\/portaltela.pt\/","name":"Portal Tela Portugal","description":"","potentialAction":[{"@type":"SearchAction","target":{"@type":"EntryPoint","urlTemplate":"https:\/\/portaltela.pt\/?s={search_term_string}"},"query-input":{"@type":"PropertyValueSpecification","valueRequired":true,"valueName":"search_term_string"}}],"inLanguage":"pt-PT"},{"@type":"Person","@id":"https:\/\/portaltela.pt\/#\/schema\/person\/c4278d4a6028830caff9ee44b42d32ed","name":"Telinha","image":{"@type":"ImageObject","inLanguage":"pt-PT","@id":"https:\/\/portaltela.pt\/s.01k8rhncp4jt1\/2025\/11\/talking-bot-125x125.png","url":"https:\/\/portaltela.pt\/s.01k8rhncp4jt1\/2025\/11\/talking-bot-125x125.png","contentUrl":"https:\/\/portaltela.pt\/s.01k8rhncp4jt1\/2025\/11\/talking-bot-125x125.png","caption":"Telinha"},"sameAs":["https:\/\/portaltela.pt\/"],"url":"https:\/\/portaltela.pt\/por\/367410592786\/"}]}},"_links":{"self":[{"href":"https:\/\/portaltela.pt\/api\/wp\/v2\/posts\/99185","targetHints":{"allow":["GET"]}}],"collection":[{"href":"https:\/\/portaltela.pt\/api\/wp\/v2\/posts"}],"about":[{"href":"https:\/\/portaltela.pt\/api\/wp\/v2\/types\/post"}],"author":[{"embeddable":true,"href":"https:\/\/portaltela.pt\/api\/wp\/v2\/users\/2"}],"replies":[{"embeddable":true,"href":"https:\/\/portaltela.pt\/api\/wp\/v2\/comments?post=99185"}],"version-history":[{"count":0,"href":"https:\/\/portaltela.pt\/api\/wp\/v2\/posts\/99185\/revisions"}],"wp:featuredmedia":[{"embeddable":true,"href":"https:\/\/portaltela.pt\/api\/wp\/v2\/media\/99187"}],"wp:attachment":[{"href":"https:\/\/portaltela.pt\/api\/wp\/v2\/media?parent=99185"}],"wp:term":[{"taxonomy":"category","embeddable":true,"href":"https:\/\/portaltela.pt\/api\/wp\/v2\/categories?post=99185"},{"taxonomy":"post_tag","embeddable":true,"href":"https:\/\/portaltela.pt\/api\/wp\/v2\/tags?post=99185"}],"curies":[{"name":"wp","href":"https:\/\/api.w.org\/{rel}","templated":true}]}}