{"id":98636,"date":"2025-12-26T04:23:00","date_gmt":"2025-12-26T07:23:00","guid":{"rendered":"https:\/\/portaltela.pt\/noticias\/2025\/12\/26\/governo-angolano-fixa-taxa-de-turismo-para-visitantes\/"},"modified":"2025-12-26T04:23:00","modified_gmt":"2025-12-26T07:23:00","slug":"governo-angolano-fixa-taxa-de-turismo-para-visitantes","status":"publish","type":"post","link":"https:\/\/portaltela.pt\/noticias\/2025\/12\/26\/governo-angolano-fixa-taxa-de-turismo-para-visitantes\/","title":{"rendered":"Governo angolano fixa taxa de turismo para visitantes"},"content":{"rendered":"<p>O Governo de Angola anunciou a cria\u00e7\u00e3o de uma taxa de turismo que incide sobre as hospedagens de turistas internacionais, com dura\u00e7\u00e3o de at\u00e9 sete dias. A medida integra o conjunto de diplomas do programa Simplifica Turismo.<\/p>\n<p>Segundo o ministro do Turismo, M\u00e1rcio Daniel, o Conselho de Ministros aprovou a Proposta de Lei de Autoriza\u00e7\u00e3o Legislativa que permite ao Presidente da Rep\u00fablica aprovar o Regime Jur\u00eddico da Contribui\u00e7\u00e3o Especial para o Turismo. A taxa ser\u00e1 de 5% sobre a di\u00e1ria paga aos empreendimentos tur\u00edsticos.<\/p>\n<p>A cobran\u00e7a aplica-se a hot\u00e9is, resorts, lodges e semelhantes, sempre com o teto de sete noites por visitante. A inten\u00e7\u00e3o \u00e9 financiar o setor e estruturar o turismo de forma mais sustent\u00e1vel, afirmou o governante.<\/p>\n<h3>Turismo de Eventos<\/h3>\n<p>O Conselho de Ministros aprovou a Proposta de Decreto Presidencial que cria a Estrat\u00e9gia do Turismo de Eventos para Angola capitalizar investimentos nacionais e internacionais. A estrat\u00e9gia envolve a cria\u00e7\u00e3o de um Bureau de Conven\u00e7\u00f5es sob a al\u00e7ada do Minist\u00e9rio do Turismo.<\/p>\n<p>A\u00e7ambando infraestruturas, o objetivo \u00e9 atrair eventos de natureza p\u00fablica e privada, aproveitando o Aeroporto Internacional Antonio Agostinho Neto e a constru\u00e7\u00e3o de um grande centro de confer\u00eancias na zona da Chicala. O Bureau dever\u00e1 coordenar a\u00e7\u00f5es para maximizar a realiza\u00e7\u00e3o de eventos no pa\u00eds.<\/p>\n<p>M\u00e1rcio Daniel destacou que, para o dinamismo do mercado MICE, \u00e9 essencial que as estruturas n\u00e3o fiquem sem utiliza\u00e7\u00e3o. Angola pretende competir com a \u00c1frica do Sul, Ruanda, Qu\u00e9nia, Egito e Marrocos na capta\u00e7\u00e3o de grandes eventos.<\/p>\n<h3>Turismo mar\u00edtimo e cruzeiros<\/h3>\n<p>Foi ainda aprovada a Proposta de Decreto Presidencial que estabelece medidas para o desenvolvimento do turismo mar\u00edtimo, com foco nos cruzeiros. O governo aponta os portos de Luanda, Namibe e Lobito como pontos de rece\u00e7\u00e3o de navios de passageiros.<\/p>\n<p>A estrat\u00e9gia visa apresentar o potencial infraestrutural angolano e posicionar o pa\u00eds como destino relevante para cruzeiros, associando as novas infraestruturas \u00e0 atratividade tur\u00edstica. Pa\u00edses da regi\u00e3o j\u00e1 recebem parte significativa do tr\u00e1fego de cruzeiros com ativos portu\u00e1rios fortes.<\/p>\n","protected":false},"excerpt":{"rendered":"<ul>\n<li>A taxa de turismo proposta \u00e9 de 5% da di\u00e1ria de hot\u00e9is para turistas internacionais, com validade at\u00e9 sete dias de dormida.<\/li>\n<li>O Conselho de Ministros analisou seis diplomas legais no \u00e2mbito do Simplifica Turismo, incluindo a Proposta de Lei de Autoriza\u00e7\u00e3o Legislativa.<\/li>\n<li>Foi aprovada a Proposta de Decreto Presidencial que cria a Estrat\u00e9gia do Turismo de Eventos e um Bureau de Conven\u00e7\u00f5es para atrair eventos p\u00fablicos e privados.<\/li>\n<li>O governo tamb\u00e9m avan\u00e7a com o desenvolvimento do turismo mar\u00edtimo, visando cruzeiros nos portos de Luanda, Namibe e Lobito.<\/li>\n<li>A estrat\u00e9gia procura promover o potencial infraestrutural e posicionar Angola como destino forte de cruzeiros, aproveitando infraestruturas como o centro de confer\u00eancias na zona da chicala.<\/li>\n<\/ul>\n","protected":false},"author":2,"featured_media":98638,"comment_status":"closed","ping_status":"closed","sticky":false,"template":"","format":"standard","meta":{"footnotes":""},"categories":[1],"tags":[755,1615,316,1934,1933,169],"class_list":["post-98636","post","type-post","status-publish","format-standard","has-post-thumbnail","hentry","category-noticias","tag-desenvolvimento-sustentavel","tag-infraestrutura","tag-investimento","tag-lobito","tag-namibe","tag-turismo"],"yoast_head":"<!-- This site is optimized with the Yoast SEO plugin v27.2 - https:\/\/yoast.com\/product\/yoast-seo-wordpress\/ -->\n<title>Governo angolano fixa taxa de turismo para visitantes - Portal Tela Portugal<\/title>\n<meta name=\"robots\" content=\"index, follow, max-snippet:-1, max-image-preview:large, max-video-preview:-1\" \/>\n<meta property=\"og:locale\" content=\"pt_PT\" \/>\n<meta property=\"og:type\" content=\"article\" \/>\n<meta property=\"og:title\" content=\"Governo angolano fixa taxa de turismo para visitantes - Portal Tela Portugal\" \/>\n<meta property=\"og:description\" content=\"A taxa de turismo proposta \u00e9 de 5% da di\u00e1ria de hot\u00e9is para turistas internacionais, com validade at\u00e9 sete dias de dormida. O Conselho de Ministros analisou seis diplomas legais no \u00e2mbito do Simplifica Turismo, incluindo a Proposta de Lei de Autoriza\u00e7\u00e3o Legislativa. Foi aprovada a Proposta de Decreto Presidencial que cria a Estrat\u00e9gia do Turismo de Eventos e um Bureau de Conven\u00e7\u00f5es para atrair eventos p\u00fablicos e privados. O governo tamb\u00e9m avan\u00e7a com o desenvolvimento do turismo mar\u00edtimo, visando cruzeiros nos portos de Luanda, Namibe e Lobito. A estrat\u00e9gia procura promover o potencial infraestrutural e posicionar Angola como destino forte de cruzeiros, aproveitando infraestruturas como o centro de confer\u00eancias na zona da chicala.\" \/>\n<meta property=\"og:url\" content=\"https:\/\/portaltela.pt\/noticias\/2025\/12\/26\/governo-angolano-fixa-taxa-de-turismo-para-visitantes\/\" \/>\n<meta property=\"og:site_name\" content=\"Portal Tela Portugal\" \/>\n<meta property=\"article:published_time\" content=\"2025-12-26T07:23:00+00:00\" \/>\n<meta name=\"author\" content=\"Telinha\" \/>\n<meta name=\"twitter:card\" content=\"summary_large_image\" \/>\n<meta name=\"twitter:label1\" content=\"Escrito por\" \/>\n\t<meta name=\"twitter:data1\" content=\"Telinha\" \/>\n\t<meta name=\"twitter:label2\" content=\"Tempo estimado de leitura\" \/>\n\t<meta name=\"twitter:data2\" content=\"2 minutos\" \/>\n<script type=\"application\/ld+json\" class=\"yoast-schema-graph\">{\"@context\":\"https:\/\/schema.org\",\"@graph\":[{\"@type\":\"Article\",\"@id\":\"https:\/\/portaltela.pt\/noticias\/2025\/12\/26\/governo-angolano-fixa-taxa-de-turismo-para-visitantes\/#article\",\"isPartOf\":{\"@id\":\"https:\/\/portaltela.pt\/noticias\/2025\/12\/26\/governo-angolano-fixa-taxa-de-turismo-para-visitantes\/\"},\"author\":{\"name\":\"Telinha\",\"@id\":\"https:\/\/portaltela.pt\/#\/schema\/person\/c4278d4a6028830caff9ee44b42d32ed\"},\"headline\":\"Governo angolano fixa taxa de turismo para visitantes\",\"datePublished\":\"2025-12-26T07:23:00+00:00\",\"mainEntityOfPage\":{\"@id\":\"https:\/\/portaltela.pt\/noticias\/2025\/12\/26\/governo-angolano-fixa-taxa-de-turismo-para-visitantes\/\"},\"wordCount\":372,\"image\":{\"@id\":\"https:\/\/portaltela.pt\/noticias\/2025\/12\/26\/governo-angolano-fixa-taxa-de-turismo-para-visitantes\/#primaryimage\"},\"thumbnailUrl\":\"https:\/\/portaltela.pt\/s.01k8rhncp4jt1\/2025\/12\/34184016.jpg\",\"keywords\":[\"desenvolvimento sustent\u00e1vel\",\"infraestrutura\",\"investimento\",\"Lobito\",\"Namibe\",\"turismo\"],\"articleSection\":[\"Not\u00edcias\"],\"inLanguage\":\"pt-PT\"},{\"@type\":\"WebPage\",\"@id\":\"https:\/\/portaltela.pt\/noticias\/2025\/12\/26\/governo-angolano-fixa-taxa-de-turismo-para-visitantes\/\",\"url\":\"https:\/\/portaltela.pt\/noticias\/2025\/12\/26\/governo-angolano-fixa-taxa-de-turismo-para-visitantes\/\",\"name\":\"Governo angolano fixa taxa de turismo para visitantes - Portal Tela Portugal\",\"isPartOf\":{\"@id\":\"https:\/\/portaltela.pt\/#website\"},\"primaryImageOfPage\":{\"@id\":\"https:\/\/portaltela.pt\/noticias\/2025\/12\/26\/governo-angolano-fixa-taxa-de-turismo-para-visitantes\/#primaryimage\"},\"image\":{\"@id\":\"https:\/\/portaltela.pt\/noticias\/2025\/12\/26\/governo-angolano-fixa-taxa-de-turismo-para-visitantes\/#primaryimage\"},\"thumbnailUrl\":\"https:\/\/portaltela.pt\/s.01k8rhncp4jt1\/2025\/12\/34184016.jpg\",\"datePublished\":\"2025-12-26T07:23:00+00:00\",\"author\":{\"@id\":\"https:\/\/portaltela.pt\/#\/schema\/person\/c4278d4a6028830caff9ee44b42d32ed\"},\"breadcrumb\":{\"@id\":\"https:\/\/portaltela.pt\/noticias\/2025\/12\/26\/governo-angolano-fixa-taxa-de-turismo-para-visitantes\/#breadcrumb\"},\"inLanguage\":\"pt-PT\",\"potentialAction\":[{\"@type\":\"ReadAction\",\"target\":[\"https:\/\/portaltela.pt\/noticias\/2025\/12\/26\/governo-angolano-fixa-taxa-de-turismo-para-visitantes\/\"]}]},{\"@type\":\"ImageObject\",\"inLanguage\":\"pt-PT\",\"@id\":\"https:\/\/portaltela.pt\/noticias\/2025\/12\/26\/governo-angolano-fixa-taxa-de-turismo-para-visitantes\/#primaryimage\",\"url\":\"https:\/\/portaltela.pt\/s.01k8rhncp4jt1\/2025\/12\/34184016.jpg\",\"contentUrl\":\"https:\/\/portaltela.pt\/s.01k8rhncp4jt1\/2025\/12\/34184016.jpg\",\"width\":796,\"height\":448,\"caption\":\"Marginal na baixa da cidade em Luanda, Angola, 23 de agosto de 2021\"},{\"@type\":\"BreadcrumbList\",\"@id\":\"https:\/\/portaltela.pt\/noticias\/2025\/12\/26\/governo-angolano-fixa-taxa-de-turismo-para-visitantes\/#breadcrumb\",\"itemListElement\":[{\"@type\":\"ListItem\",\"position\":1,\"name\":\"In\u00edcio\",\"item\":\"https:\/\/portaltela.pt\/\"},{\"@type\":\"ListItem\",\"position\":2,\"name\":\"Governo angolano fixa taxa de turismo para visitantes\"}]},{\"@type\":\"WebSite\",\"@id\":\"https:\/\/portaltela.pt\/#website\",\"url\":\"https:\/\/portaltela.pt\/\",\"name\":\"Portal Tela Portugal\",\"description\":\"\",\"potentialAction\":[{\"@type\":\"SearchAction\",\"target\":{\"@type\":\"EntryPoint\",\"urlTemplate\":\"https:\/\/portaltela.pt\/?s={search_term_string}\"},\"query-input\":{\"@type\":\"PropertyValueSpecification\",\"valueRequired\":true,\"valueName\":\"search_term_string\"}}],\"inLanguage\":\"pt-PT\"},{\"@type\":\"Person\",\"@id\":\"https:\/\/portaltela.pt\/#\/schema\/person\/c4278d4a6028830caff9ee44b42d32ed\",\"name\":\"Telinha\",\"image\":{\"@type\":\"ImageObject\",\"inLanguage\":\"pt-PT\",\"@id\":\"https:\/\/portaltela.pt\/s.01k8rhncp4jt1\/2025\/11\/talking-bot-125x125.png\",\"url\":\"https:\/\/portaltela.pt\/s.01k8rhncp4jt1\/2025\/11\/talking-bot-125x125.png\",\"contentUrl\":\"https:\/\/portaltela.pt\/s.01k8rhncp4jt1\/2025\/11\/talking-bot-125x125.png\",\"caption\":\"Telinha\"},\"sameAs\":[\"https:\/\/portaltela.pt\/\"],\"url\":\"https:\/\/portaltela.pt\/por\/367410592786\/\"}]}<\/script>\n<!-- \/ Yoast SEO plugin. -->","yoast_head_json":{"title":"Governo angolano fixa taxa de turismo para visitantes - Portal Tela Portugal","robots":{"index":"index","follow":"follow","max-snippet":"max-snippet:-1","max-image-preview":"max-image-preview:large","max-video-preview":"max-video-preview:-1"},"og_locale":"pt_PT","og_type":"article","og_title":"Governo angolano fixa taxa de turismo para visitantes - Portal Tela Portugal","og_description":"A taxa de turismo proposta \u00e9 de 5% da di\u00e1ria de hot\u00e9is para turistas internacionais, com validade at\u00e9 sete dias de dormida. O Conselho de Ministros analisou seis diplomas legais no \u00e2mbito do Simplifica Turismo, incluindo a Proposta de Lei de Autoriza\u00e7\u00e3o Legislativa. Foi aprovada a Proposta de Decreto Presidencial que cria a Estrat\u00e9gia do Turismo de Eventos e um Bureau de Conven\u00e7\u00f5es para atrair eventos p\u00fablicos e privados. O governo tamb\u00e9m avan\u00e7a com o desenvolvimento do turismo mar\u00edtimo, visando cruzeiros nos portos de Luanda, Namibe e Lobito. A estrat\u00e9gia procura promover o potencial infraestrutural e posicionar Angola como destino forte de cruzeiros, aproveitando infraestruturas como o centro de confer\u00eancias na zona da chicala.","og_url":"https:\/\/portaltela.pt\/noticias\/2025\/12\/26\/governo-angolano-fixa-taxa-de-turismo-para-visitantes\/","og_site_name":"Portal Tela Portugal","article_published_time":"2025-12-26T07:23:00+00:00","author":"Telinha","twitter_card":"summary_large_image","twitter_misc":{"Escrito por":"Telinha","Tempo estimado de leitura":"2 minutos"},"schema":{"@context":"https:\/\/schema.org","@graph":[{"@type":"Article","@id":"https:\/\/portaltela.pt\/noticias\/2025\/12\/26\/governo-angolano-fixa-taxa-de-turismo-para-visitantes\/#article","isPartOf":{"@id":"https:\/\/portaltela.pt\/noticias\/2025\/12\/26\/governo-angolano-fixa-taxa-de-turismo-para-visitantes\/"},"author":{"name":"Telinha","@id":"https:\/\/portaltela.pt\/#\/schema\/person\/c4278d4a6028830caff9ee44b42d32ed"},"headline":"Governo angolano fixa taxa de turismo para visitantes","datePublished":"2025-12-26T07:23:00+00:00","mainEntityOfPage":{"@id":"https:\/\/portaltela.pt\/noticias\/2025\/12\/26\/governo-angolano-fixa-taxa-de-turismo-para-visitantes\/"},"wordCount":372,"image":{"@id":"https:\/\/portaltela.pt\/noticias\/2025\/12\/26\/governo-angolano-fixa-taxa-de-turismo-para-visitantes\/#primaryimage"},"thumbnailUrl":"https:\/\/portaltela.pt\/s.01k8rhncp4jt1\/2025\/12\/34184016.jpg","keywords":["desenvolvimento sustent\u00e1vel","infraestrutura","investimento","Lobito","Namibe","turismo"],"articleSection":["Not\u00edcias"],"inLanguage":"pt-PT"},{"@type":"WebPage","@id":"https:\/\/portaltela.pt\/noticias\/2025\/12\/26\/governo-angolano-fixa-taxa-de-turismo-para-visitantes\/","url":"https:\/\/portaltela.pt\/noticias\/2025\/12\/26\/governo-angolano-fixa-taxa-de-turismo-para-visitantes\/","name":"Governo angolano fixa taxa de turismo para visitantes - Portal Tela Portugal","isPartOf":{"@id":"https:\/\/portaltela.pt\/#website"},"primaryImageOfPage":{"@id":"https:\/\/portaltela.pt\/noticias\/2025\/12\/26\/governo-angolano-fixa-taxa-de-turismo-para-visitantes\/#primaryimage"},"image":{"@id":"https:\/\/portaltela.pt\/noticias\/2025\/12\/26\/governo-angolano-fixa-taxa-de-turismo-para-visitantes\/#primaryimage"},"thumbnailUrl":"https:\/\/portaltela.pt\/s.01k8rhncp4jt1\/2025\/12\/34184016.jpg","datePublished":"2025-12-26T07:23:00+00:00","author":{"@id":"https:\/\/portaltela.pt\/#\/schema\/person\/c4278d4a6028830caff9ee44b42d32ed"},"breadcrumb":{"@id":"https:\/\/portaltela.pt\/noticias\/2025\/12\/26\/governo-angolano-fixa-taxa-de-turismo-para-visitantes\/#breadcrumb"},"inLanguage":"pt-PT","potentialAction":[{"@type":"ReadAction","target":["https:\/\/portaltela.pt\/noticias\/2025\/12\/26\/governo-angolano-fixa-taxa-de-turismo-para-visitantes\/"]}]},{"@type":"ImageObject","inLanguage":"pt-PT","@id":"https:\/\/portaltela.pt\/noticias\/2025\/12\/26\/governo-angolano-fixa-taxa-de-turismo-para-visitantes\/#primaryimage","url":"https:\/\/portaltela.pt\/s.01k8rhncp4jt1\/2025\/12\/34184016.jpg","contentUrl":"https:\/\/portaltela.pt\/s.01k8rhncp4jt1\/2025\/12\/34184016.jpg","width":796,"height":448,"caption":"Marginal na baixa da cidade em Luanda, Angola, 23 de agosto de 2021"},{"@type":"BreadcrumbList","@id":"https:\/\/portaltela.pt\/noticias\/2025\/12\/26\/governo-angolano-fixa-taxa-de-turismo-para-visitantes\/#breadcrumb","itemListElement":[{"@type":"ListItem","position":1,"name":"In\u00edcio","item":"https:\/\/portaltela.pt\/"},{"@type":"ListItem","position":2,"name":"Governo angolano fixa taxa de turismo para visitantes"}]},{"@type":"WebSite","@id":"https:\/\/portaltela.pt\/#website","url":"https:\/\/portaltela.pt\/","name":"Portal Tela Portugal","description":"","potentialAction":[{"@type":"SearchAction","target":{"@type":"EntryPoint","urlTemplate":"https:\/\/portaltela.pt\/?s={search_term_string}"},"query-input":{"@type":"PropertyValueSpecification","valueRequired":true,"valueName":"search_term_string"}}],"inLanguage":"pt-PT"},{"@type":"Person","@id":"https:\/\/portaltela.pt\/#\/schema\/person\/c4278d4a6028830caff9ee44b42d32ed","name":"Telinha","image":{"@type":"ImageObject","inLanguage":"pt-PT","@id":"https:\/\/portaltela.pt\/s.01k8rhncp4jt1\/2025\/11\/talking-bot-125x125.png","url":"https:\/\/portaltela.pt\/s.01k8rhncp4jt1\/2025\/11\/talking-bot-125x125.png","contentUrl":"https:\/\/portaltela.pt\/s.01k8rhncp4jt1\/2025\/11\/talking-bot-125x125.png","caption":"Telinha"},"sameAs":["https:\/\/portaltela.pt\/"],"url":"https:\/\/portaltela.pt\/por\/367410592786\/"}]}},"_links":{"self":[{"href":"https:\/\/portaltela.pt\/api\/wp\/v2\/posts\/98636","targetHints":{"allow":["GET"]}}],"collection":[{"href":"https:\/\/portaltela.pt\/api\/wp\/v2\/posts"}],"about":[{"href":"https:\/\/portaltela.pt\/api\/wp\/v2\/types\/post"}],"author":[{"embeddable":true,"href":"https:\/\/portaltela.pt\/api\/wp\/v2\/users\/2"}],"replies":[{"embeddable":true,"href":"https:\/\/portaltela.pt\/api\/wp\/v2\/comments?post=98636"}],"version-history":[{"count":0,"href":"https:\/\/portaltela.pt\/api\/wp\/v2\/posts\/98636\/revisions"}],"wp:featuredmedia":[{"embeddable":true,"href":"https:\/\/portaltela.pt\/api\/wp\/v2\/media\/98638"}],"wp:attachment":[{"href":"https:\/\/portaltela.pt\/api\/wp\/v2\/media?parent=98636"}],"wp:term":[{"taxonomy":"category","embeddable":true,"href":"https:\/\/portaltela.pt\/api\/wp\/v2\/categories?post=98636"},{"taxonomy":"post_tag","embeddable":true,"href":"https:\/\/portaltela.pt\/api\/wp\/v2\/tags?post=98636"}],"curies":[{"name":"wp","href":"https:\/\/api.w.org\/{rel}","templated":true}]}}