{"id":97966,"date":"2025-12-25T15:25:00","date_gmt":"2025-12-25T18:25:00","guid":{"rendered":"https:\/\/portaltela.pt\/noticias\/2025\/12\/25\/falece-angela-pereira-jovem-marcada-pela-grande-vontade-de-viver\/"},"modified":"2025-12-25T15:25:00","modified_gmt":"2025-12-25T18:25:00","slug":"falece-angela-pereira-jovem-marcada-pela-grande-vontade-de-viver","status":"publish","type":"post","link":"https:\/\/portaltela.pt\/noticias\/2025\/12\/25\/falece-angela-pereira-jovem-marcada-pela-grande-vontade-de-viver\/","title":{"rendered":"Falece \u00c2ngela Pereira, jovem marcada pela grande vontade de viver"},"content":{"rendered":"<p>\u00c2ngela Pereira, jovem de 23 anos, morreu no IPO do Porto ap\u00f3s uma longa luta contra uma infe\u00e7\u00e3o f\u00fangica grave associada \u00e0 leucemia resistente. A fam\u00edlia anunciou a not\u00edcia nas redes sociais, indicando deteriora\u00e7\u00e3o por pneumonia nos \u00faltimos dias.<\/p>\n<p>Natural de Viana do Castelo, \u00c2ngela lutava h\u00e1 tr\u00eas anos contra a doen\u00e7a. Foram realizadas seis linhas de quimioterapia e dois transplantes de medula \u00f3ssea. Ap\u00f3s o \u00faltimo transplante surgiu a aspergilose invasiva, de dif\u00edcil tratamento.<\/p>\n<p>Houve apelo p\u00fablico por uma segunda opini\u00e3o m\u00e9dica e por transfer\u00eancia para um centro que pudesse oferecer novas op\u00e7\u00f5es terap\u00eauticas. A situa\u00e7\u00e3o ganhou repercuss\u00e3o nacional, com mensagens de apoio de personalidades p\u00fablicas.<\/p>\n<p>O IPO do Porto explicou que a jovem se encontrava num contexto cl\u00ednico de alto risco. A infe\u00e7\u00e3o f\u00fangica desenvolveu resist\u00eancia a antif\u00fang\u00ednicos dispon\u00edveis devido \u00e0 imunosupress\u00e3o dos transplantes.<\/p>\n<p>Foi estabelecido um interc\u00e2mbio com o National Aspergillosis Centre, em Manchester, para estudar um novo plano de tratamento. M\u00e9dicos de ambos os centros trocaram impress\u00f5es para reavaliar exames e estrat\u00e9gias.<\/p>\n<p>Apesar dos esfor\u00e7os, a condi\u00e7\u00e3o cl\u00ednica piorou recentemente, levando ao desenvolvimento de pneumonia, que contribuiu para o desfecho fatal desta quinta-feira. A fam\u00edlia agradece o apoio recebido durante a longa caminhada de \u00c2ngela.<\/p>\n","protected":false},"excerpt":{"rendered":"<ul>\n<li>\u00c2ngela Pereira, 23 anos, natural de Viana do Castelo, morreu no IPO do Porto ap\u00f3s tr\u00eas anos a lutar contra uma leucemia resistente, com seis linhas de quimioterapia e dois transplantes de medula \u00f3ssea, agravada por aspergilose invasiva.<\/li>\n<li>Em redes sociais, pediu ajuda para uma segunda opini\u00e3o m\u00e9dica, dizendo ter grande vontade de viver; a mensagem tornou-se viral, com mais de um milh\u00e3o de intera\u00e7\u00f5es.<\/li>\n<li>O IPO explicou que o caso ocorria num contexto de alto risco, com aspergilose invasiva resistente a antif\u00fangicos, levando a uma interven\u00e7\u00e3o cir\u00fargica aos pulm\u00f5es.<\/li>\n<li>Foi estabelecido interc\u00e2mbio com o National Aspergillosis Centre, em Manchester, para definir um novo plano de tratamento, com troca de impress\u00f5es entre as equipas.<\/li>\n<li>A deteriora\u00e7\u00e3o final ocorreu ap\u00f3s o desenvolvimento de pneumonia; a fam\u00edlia comunicou a morte nas redes sociais.<\/li>\n<\/ul>\n","protected":false},"author":2,"featured_media":97974,"comment_status":"closed","ping_status":"closed","sticky":false,"template":"","format":"standard","meta":{"footnotes":""},"categories":[1],"tags":[61,633,841,982,172,1530],"class_list":["post-97966","post","type-post","status-publish","format-standard","has-post-thumbnail","hentry","category-noticias","tag-doencas","tag-hospital","tag-infecao-respiratoria-aguda","tag-porto","tag-saude","tag-viana-do-castelo"],"yoast_head":"<!-- This site is optimized with the Yoast SEO plugin v27.2 - https:\/\/yoast.com\/product\/yoast-seo-wordpress\/ -->\n<title>Falece \u00c2ngela Pereira, jovem marcada pela grande vontade de viver - Portal Tela Portugal<\/title>\n<meta name=\"robots\" content=\"index, follow, max-snippet:-1, max-image-preview:large, max-video-preview:-1\" \/>\n<meta property=\"og:locale\" content=\"pt_PT\" \/>\n<meta property=\"og:type\" content=\"article\" \/>\n<meta property=\"og:title\" content=\"Falece \u00c2ngela Pereira, jovem marcada pela grande vontade de viver - Portal Tela Portugal\" \/>\n<meta property=\"og:description\" content=\"\u00c2ngela Pereira, 23 anos, natural de Viana do Castelo, morreu no IPO do Porto ap\u00f3s tr\u00eas anos a lutar contra uma leucemia resistente, com seis linhas de quimioterapia e dois transplantes de medula \u00f3ssea, agravada por aspergilose invasiva. Em redes sociais, pediu ajuda para uma segunda opini\u00e3o m\u00e9dica, dizendo ter grande vontade de viver; a mensagem tornou-se viral, com mais de um milh\u00e3o de intera\u00e7\u00f5es. O IPO explicou que o caso ocorria num contexto de alto risco, com aspergilose invasiva resistente a antif\u00fangicos, levando a uma interven\u00e7\u00e3o cir\u00fargica aos pulm\u00f5es. Foi estabelecido interc\u00e2mbio com o National Aspergillosis Centre, em Manchester, para definir um novo plano de tratamento, com troca de impress\u00f5es entre as equipas. A deteriora\u00e7\u00e3o final ocorreu ap\u00f3s o desenvolvimento de pneumonia; a fam\u00edlia comunicou a morte nas redes sociais.\" \/>\n<meta property=\"og:url\" content=\"https:\/\/portaltela.pt\/noticias\/2025\/12\/25\/falece-angela-pereira-jovem-marcada-pela-grande-vontade-de-viver\/\" \/>\n<meta property=\"og:site_name\" content=\"Portal Tela Portugal\" \/>\n<meta property=\"article:published_time\" content=\"2025-12-25T18:25:00+00:00\" \/>\n<meta name=\"author\" content=\"Telinha\" \/>\n<meta name=\"twitter:card\" content=\"summary_large_image\" \/>\n<meta name=\"twitter:label1\" content=\"Escrito por\" \/>\n\t<meta name=\"twitter:data1\" content=\"Telinha\" \/>\n\t<meta name=\"twitter:label2\" content=\"Tempo estimado de leitura\" \/>\n\t<meta name=\"twitter:data2\" content=\"1 minuto\" \/>\n<script type=\"application\/ld+json\" class=\"yoast-schema-graph\">{\"@context\":\"https:\/\/schema.org\",\"@graph\":[{\"@type\":\"Article\",\"@id\":\"https:\/\/portaltela.pt\/noticias\/2025\/12\/25\/falece-angela-pereira-jovem-marcada-pela-grande-vontade-de-viver\/#article\",\"isPartOf\":{\"@id\":\"https:\/\/portaltela.pt\/noticias\/2025\/12\/25\/falece-angela-pereira-jovem-marcada-pela-grande-vontade-de-viver\/\"},\"author\":{\"name\":\"Telinha\",\"@id\":\"https:\/\/portaltela.pt\/#\/schema\/person\/c4278d4a6028830caff9ee44b42d32ed\"},\"headline\":\"Falece \u00c2ngela Pereira, jovem marcada pela grande vontade de viver\",\"datePublished\":\"2025-12-25T18:25:00+00:00\",\"mainEntityOfPage\":{\"@id\":\"https:\/\/portaltela.pt\/noticias\/2025\/12\/25\/falece-angela-pereira-jovem-marcada-pela-grande-vontade-de-viver\/\"},\"wordCount\":241,\"image\":{\"@id\":\"https:\/\/portaltela.pt\/noticias\/2025\/12\/25\/falece-angela-pereira-jovem-marcada-pela-grande-vontade-de-viver\/#primaryimage\"},\"thumbnailUrl\":\"https:\/\/portaltela.pt\/s.01k8rhncp4jt1\/2025\/12\/captura-de-ecra-2025-12-25-as-180447.jpg\",\"keywords\":[\"doen\u00e7as\",\"hospital\",\"infe\u00e7\u00e3o respirat\u00f3ria aguda\",\"Porto\",\"sa\u00fade\",\"Viana do Castelo\"],\"articleSection\":[\"Not\u00edcias\"],\"inLanguage\":\"pt-PT\"},{\"@type\":\"WebPage\",\"@id\":\"https:\/\/portaltela.pt\/noticias\/2025\/12\/25\/falece-angela-pereira-jovem-marcada-pela-grande-vontade-de-viver\/\",\"url\":\"https:\/\/portaltela.pt\/noticias\/2025\/12\/25\/falece-angela-pereira-jovem-marcada-pela-grande-vontade-de-viver\/\",\"name\":\"Falece \u00c2ngela Pereira, jovem marcada pela grande vontade de viver - Portal Tela Portugal\",\"isPartOf\":{\"@id\":\"https:\/\/portaltela.pt\/#website\"},\"primaryImageOfPage\":{\"@id\":\"https:\/\/portaltela.pt\/noticias\/2025\/12\/25\/falece-angela-pereira-jovem-marcada-pela-grande-vontade-de-viver\/#primaryimage\"},\"image\":{\"@id\":\"https:\/\/portaltela.pt\/noticias\/2025\/12\/25\/falece-angela-pereira-jovem-marcada-pela-grande-vontade-de-viver\/#primaryimage\"},\"thumbnailUrl\":\"https:\/\/portaltela.pt\/s.01k8rhncp4jt1\/2025\/12\/captura-de-ecra-2025-12-25-as-180447.jpg\",\"datePublished\":\"2025-12-25T18:25:00+00:00\",\"author\":{\"@id\":\"https:\/\/portaltela.pt\/#\/schema\/person\/c4278d4a6028830caff9ee44b42d32ed\"},\"breadcrumb\":{\"@id\":\"https:\/\/portaltela.pt\/noticias\/2025\/12\/25\/falece-angela-pereira-jovem-marcada-pela-grande-vontade-de-viver\/#breadcrumb\"},\"inLanguage\":\"pt-PT\",\"potentialAction\":[{\"@type\":\"ReadAction\",\"target\":[\"https:\/\/portaltela.pt\/noticias\/2025\/12\/25\/falece-angela-pereira-jovem-marcada-pela-grande-vontade-de-viver\/\"]}]},{\"@type\":\"ImageObject\",\"inLanguage\":\"pt-PT\",\"@id\":\"https:\/\/portaltela.pt\/noticias\/2025\/12\/25\/falece-angela-pereira-jovem-marcada-pela-grande-vontade-de-viver\/#primaryimage\",\"url\":\"https:\/\/portaltela.pt\/s.01k8rhncp4jt1\/2025\/12\/captura-de-ecra-2025-12-25-as-180447.jpg\",\"contentUrl\":\"https:\/\/portaltela.pt\/s.01k8rhncp4jt1\/2025\/12\/captura-de-ecra-2025-12-25-as-180447.jpg\",\"width\":796,\"height\":448,\"caption\":\"Photo\"},{\"@type\":\"BreadcrumbList\",\"@id\":\"https:\/\/portaltela.pt\/noticias\/2025\/12\/25\/falece-angela-pereira-jovem-marcada-pela-grande-vontade-de-viver\/#breadcrumb\",\"itemListElement\":[{\"@type\":\"ListItem\",\"position\":1,\"name\":\"In\u00edcio\",\"item\":\"https:\/\/portaltela.pt\/\"},{\"@type\":\"ListItem\",\"position\":2,\"name\":\"Falece \u00c2ngela Pereira, jovem marcada pela grande vontade de viver\"}]},{\"@type\":\"WebSite\",\"@id\":\"https:\/\/portaltela.pt\/#website\",\"url\":\"https:\/\/portaltela.pt\/\",\"name\":\"Portal Tela Portugal\",\"description\":\"\",\"potentialAction\":[{\"@type\":\"SearchAction\",\"target\":{\"@type\":\"EntryPoint\",\"urlTemplate\":\"https:\/\/portaltela.pt\/?s={search_term_string}\"},\"query-input\":{\"@type\":\"PropertyValueSpecification\",\"valueRequired\":true,\"valueName\":\"search_term_string\"}}],\"inLanguage\":\"pt-PT\"},{\"@type\":\"Person\",\"@id\":\"https:\/\/portaltela.pt\/#\/schema\/person\/c4278d4a6028830caff9ee44b42d32ed\",\"name\":\"Telinha\",\"image\":{\"@type\":\"ImageObject\",\"inLanguage\":\"pt-PT\",\"@id\":\"https:\/\/portaltela.pt\/s.01k8rhncp4jt1\/2025\/11\/talking-bot-125x125.png\",\"url\":\"https:\/\/portaltela.pt\/s.01k8rhncp4jt1\/2025\/11\/talking-bot-125x125.png\",\"contentUrl\":\"https:\/\/portaltela.pt\/s.01k8rhncp4jt1\/2025\/11\/talking-bot-125x125.png\",\"caption\":\"Telinha\"},\"sameAs\":[\"https:\/\/portaltela.pt\/\"],\"url\":\"https:\/\/portaltela.pt\/por\/367410592786\/\"}]}<\/script>\n<!-- \/ Yoast SEO plugin. -->","yoast_head_json":{"title":"Falece \u00c2ngela Pereira, jovem marcada pela grande vontade de viver - Portal Tela Portugal","robots":{"index":"index","follow":"follow","max-snippet":"max-snippet:-1","max-image-preview":"max-image-preview:large","max-video-preview":"max-video-preview:-1"},"og_locale":"pt_PT","og_type":"article","og_title":"Falece \u00c2ngela Pereira, jovem marcada pela grande vontade de viver - Portal Tela Portugal","og_description":"\u00c2ngela Pereira, 23 anos, natural de Viana do Castelo, morreu no IPO do Porto ap\u00f3s tr\u00eas anos a lutar contra uma leucemia resistente, com seis linhas de quimioterapia e dois transplantes de medula \u00f3ssea, agravada por aspergilose invasiva. Em redes sociais, pediu ajuda para uma segunda opini\u00e3o m\u00e9dica, dizendo ter grande vontade de viver; a mensagem tornou-se viral, com mais de um milh\u00e3o de intera\u00e7\u00f5es. O IPO explicou que o caso ocorria num contexto de alto risco, com aspergilose invasiva resistente a antif\u00fangicos, levando a uma interven\u00e7\u00e3o cir\u00fargica aos pulm\u00f5es. Foi estabelecido interc\u00e2mbio com o National Aspergillosis Centre, em Manchester, para definir um novo plano de tratamento, com troca de impress\u00f5es entre as equipas. A deteriora\u00e7\u00e3o final ocorreu ap\u00f3s o desenvolvimento de pneumonia; a fam\u00edlia comunicou a morte nas redes sociais.","og_url":"https:\/\/portaltela.pt\/noticias\/2025\/12\/25\/falece-angela-pereira-jovem-marcada-pela-grande-vontade-de-viver\/","og_site_name":"Portal Tela Portugal","article_published_time":"2025-12-25T18:25:00+00:00","author":"Telinha","twitter_card":"summary_large_image","twitter_misc":{"Escrito por":"Telinha","Tempo estimado de leitura":"1 minuto"},"schema":{"@context":"https:\/\/schema.org","@graph":[{"@type":"Article","@id":"https:\/\/portaltela.pt\/noticias\/2025\/12\/25\/falece-angela-pereira-jovem-marcada-pela-grande-vontade-de-viver\/#article","isPartOf":{"@id":"https:\/\/portaltela.pt\/noticias\/2025\/12\/25\/falece-angela-pereira-jovem-marcada-pela-grande-vontade-de-viver\/"},"author":{"name":"Telinha","@id":"https:\/\/portaltela.pt\/#\/schema\/person\/c4278d4a6028830caff9ee44b42d32ed"},"headline":"Falece \u00c2ngela Pereira, jovem marcada pela grande vontade de viver","datePublished":"2025-12-25T18:25:00+00:00","mainEntityOfPage":{"@id":"https:\/\/portaltela.pt\/noticias\/2025\/12\/25\/falece-angela-pereira-jovem-marcada-pela-grande-vontade-de-viver\/"},"wordCount":241,"image":{"@id":"https:\/\/portaltela.pt\/noticias\/2025\/12\/25\/falece-angela-pereira-jovem-marcada-pela-grande-vontade-de-viver\/#primaryimage"},"thumbnailUrl":"https:\/\/portaltela.pt\/s.01k8rhncp4jt1\/2025\/12\/captura-de-ecra-2025-12-25-as-180447.jpg","keywords":["doen\u00e7as","hospital","infe\u00e7\u00e3o respirat\u00f3ria aguda","Porto","sa\u00fade","Viana do Castelo"],"articleSection":["Not\u00edcias"],"inLanguage":"pt-PT"},{"@type":"WebPage","@id":"https:\/\/portaltela.pt\/noticias\/2025\/12\/25\/falece-angela-pereira-jovem-marcada-pela-grande-vontade-de-viver\/","url":"https:\/\/portaltela.pt\/noticias\/2025\/12\/25\/falece-angela-pereira-jovem-marcada-pela-grande-vontade-de-viver\/","name":"Falece \u00c2ngela Pereira, jovem marcada pela grande vontade de viver - Portal Tela Portugal","isPartOf":{"@id":"https:\/\/portaltela.pt\/#website"},"primaryImageOfPage":{"@id":"https:\/\/portaltela.pt\/noticias\/2025\/12\/25\/falece-angela-pereira-jovem-marcada-pela-grande-vontade-de-viver\/#primaryimage"},"image":{"@id":"https:\/\/portaltela.pt\/noticias\/2025\/12\/25\/falece-angela-pereira-jovem-marcada-pela-grande-vontade-de-viver\/#primaryimage"},"thumbnailUrl":"https:\/\/portaltela.pt\/s.01k8rhncp4jt1\/2025\/12\/captura-de-ecra-2025-12-25-as-180447.jpg","datePublished":"2025-12-25T18:25:00+00:00","author":{"@id":"https:\/\/portaltela.pt\/#\/schema\/person\/c4278d4a6028830caff9ee44b42d32ed"},"breadcrumb":{"@id":"https:\/\/portaltela.pt\/noticias\/2025\/12\/25\/falece-angela-pereira-jovem-marcada-pela-grande-vontade-de-viver\/#breadcrumb"},"inLanguage":"pt-PT","potentialAction":[{"@type":"ReadAction","target":["https:\/\/portaltela.pt\/noticias\/2025\/12\/25\/falece-angela-pereira-jovem-marcada-pela-grande-vontade-de-viver\/"]}]},{"@type":"ImageObject","inLanguage":"pt-PT","@id":"https:\/\/portaltela.pt\/noticias\/2025\/12\/25\/falece-angela-pereira-jovem-marcada-pela-grande-vontade-de-viver\/#primaryimage","url":"https:\/\/portaltela.pt\/s.01k8rhncp4jt1\/2025\/12\/captura-de-ecra-2025-12-25-as-180447.jpg","contentUrl":"https:\/\/portaltela.pt\/s.01k8rhncp4jt1\/2025\/12\/captura-de-ecra-2025-12-25-as-180447.jpg","width":796,"height":448,"caption":"Photo"},{"@type":"BreadcrumbList","@id":"https:\/\/portaltela.pt\/noticias\/2025\/12\/25\/falece-angela-pereira-jovem-marcada-pela-grande-vontade-de-viver\/#breadcrumb","itemListElement":[{"@type":"ListItem","position":1,"name":"In\u00edcio","item":"https:\/\/portaltela.pt\/"},{"@type":"ListItem","position":2,"name":"Falece \u00c2ngela Pereira, jovem marcada pela grande vontade de viver"}]},{"@type":"WebSite","@id":"https:\/\/portaltela.pt\/#website","url":"https:\/\/portaltela.pt\/","name":"Portal Tela Portugal","description":"","potentialAction":[{"@type":"SearchAction","target":{"@type":"EntryPoint","urlTemplate":"https:\/\/portaltela.pt\/?s={search_term_string}"},"query-input":{"@type":"PropertyValueSpecification","valueRequired":true,"valueName":"search_term_string"}}],"inLanguage":"pt-PT"},{"@type":"Person","@id":"https:\/\/portaltela.pt\/#\/schema\/person\/c4278d4a6028830caff9ee44b42d32ed","name":"Telinha","image":{"@type":"ImageObject","inLanguage":"pt-PT","@id":"https:\/\/portaltela.pt\/s.01k8rhncp4jt1\/2025\/11\/talking-bot-125x125.png","url":"https:\/\/portaltela.pt\/s.01k8rhncp4jt1\/2025\/11\/talking-bot-125x125.png","contentUrl":"https:\/\/portaltela.pt\/s.01k8rhncp4jt1\/2025\/11\/talking-bot-125x125.png","caption":"Telinha"},"sameAs":["https:\/\/portaltela.pt\/"],"url":"https:\/\/portaltela.pt\/por\/367410592786\/"}]}},"_links":{"self":[{"href":"https:\/\/portaltela.pt\/api\/wp\/v2\/posts\/97966","targetHints":{"allow":["GET"]}}],"collection":[{"href":"https:\/\/portaltela.pt\/api\/wp\/v2\/posts"}],"about":[{"href":"https:\/\/portaltela.pt\/api\/wp\/v2\/types\/post"}],"author":[{"embeddable":true,"href":"https:\/\/portaltela.pt\/api\/wp\/v2\/users\/2"}],"replies":[{"embeddable":true,"href":"https:\/\/portaltela.pt\/api\/wp\/v2\/comments?post=97966"}],"version-history":[{"count":0,"href":"https:\/\/portaltela.pt\/api\/wp\/v2\/posts\/97966\/revisions"}],"wp:featuredmedia":[{"embeddable":true,"href":"https:\/\/portaltela.pt\/api\/wp\/v2\/media\/97974"}],"wp:attachment":[{"href":"https:\/\/portaltela.pt\/api\/wp\/v2\/media?parent=97966"}],"wp:term":[{"taxonomy":"category","embeddable":true,"href":"https:\/\/portaltela.pt\/api\/wp\/v2\/categories?post=97966"},{"taxonomy":"post_tag","embeddable":true,"href":"https:\/\/portaltela.pt\/api\/wp\/v2\/tags?post=97966"}],"curies":[{"name":"wp","href":"https:\/\/api.w.org\/{rel}","templated":true}]}}