{"id":97695,"date":"2025-12-25T12:36:00","date_gmt":"2025-12-25T15:36:00","guid":{"rendered":"https:\/\/portaltela.pt\/noticias\/2025\/12\/25\/morreu-a-jovem-angela-pereira\/"},"modified":"2025-12-25T12:36:00","modified_gmt":"2025-12-25T15:36:00","slug":"morreu-a-jovem-angela-pereira","status":"publish","type":"post","link":"https:\/\/portaltela.pt\/noticias\/2025\/12\/25\/morreu-a-jovem-angela-pereira\/","title":{"rendered":"Morreu a jovem \u00c2ngela Pereira"},"content":{"rendered":"<p>A jovem \u00c2ngela Pereira, de 23 anos, natural de Viana do Castelo, morreu no dia de Natal no IPO do Porto. O \u00f3bito ocorreu decorrente do agravamento do seu estado de sa\u00fade, j\u00e1 com diagn\u00f3stico de doen\u00e7a oncol\u00f3gica.<\/p>\n<p>\u00c2ngela tinha uma grave condi\u00e7\u00e3o pulmonar e desenvolveu pneumonia, que complicou o seu quadro cl\u00ednico. O hospital manteve contacto com uma unidade especializada em Manchester na tentativa de encontrar tratamento adequado.<\/p>\n<p>A busca por solu\u00e7\u00f5es internacionais surgiu ap\u00f3s uma amiga da jovem lan\u00e7ar um apelo p\u00fablico nas redes sociais. O objetivo era mobilizar apoio para encontrar uma op\u00e7\u00e3o terap\u00eautica que pudesse salvar a vida da doente.<\/p>\n<h3>Tentativas de tratamento internacional<\/h3>\n<p>O IPO do Porto informou que contactou a unidade brit\u00e2nica para avaliar possibilidades de tratamento que n\u00e3o estivessem dispon\u00edveis localmente. A comunica\u00e7\u00e3o ocorreu antes do desfecho fatal, sem confirma\u00e7\u00e3o de efic\u00e1cia.<\/p>\n<h3>Contexto e desdobramentos<\/h3>\n<p>A not\u00edcia ressalva que a interven\u00e7\u00e3o internacional n\u00e3o garantiu qualquer resultado positivo. N\u00e3o h\u00e1 detalhes sobre procedimentos ou acordos firmados entre as institui\u00e7\u00f5es envolvidas.<\/p>\n<h3>Rea\u00e7\u00f5es e pr\u00f3ximos passos<\/h3>\n<p>Foi contabilizada a participa\u00e7\u00e3o de familiares e de uma rede de apoio que apelou \u00e0 mobiliza\u00e7\u00e3o p\u00fablica. O caso mant\u00e9m-se como exemplo da exig\u00eancia por recursos terap\u00eauticos em situa\u00e7\u00f5es graves, com limita\u00e7\u00f5es de acesso.<\/p>\n","protected":false},"excerpt":{"rendered":"<ul>\n<li>\u00c2ngela Pereira, 23 anos, natural de Viana do Castelo, morreu no dia de Natal no IPO do Porto.<\/li>\n<li>Era doente oncol\u00f3gica com grave condi\u00e7\u00e3o pulmonar e pneumonia.<\/li>\n<li>O IPO do Porto contactou uma unidade especializada em Manchester na tentativa de encontrar tratamento.<\/li>\n<li>A tentativa de ajuda internacional ocorreu depois de uma amiga da jovem ter feito um apelo p\u00fablico nas redes sociais.<\/li>\n<\/ul>\n","protected":false},"author":2,"featured_media":97701,"comment_status":"closed","ping_status":"closed","sticky":false,"template":"","format":"standard","meta":{"footnotes":""},"categories":[1],"tags":[1874,256,81,1907,172,1530],"class_list":["post-97695","post","type-post","status-publish","format-standard","has-post-thumbnail","hentry","category-noticias","tag-cancer","tag-cooperacao-internacional","tag-internacionais","tag-pneumonias","tag-saude","tag-viana-do-castelo"],"yoast_head":"<!-- This site is optimized with the Yoast SEO plugin v27.2 - https:\/\/yoast.com\/product\/yoast-seo-wordpress\/ -->\n<title>Morreu a jovem \u00c2ngela Pereira - Portal Tela Portugal<\/title>\n<meta name=\"robots\" content=\"index, follow, max-snippet:-1, max-image-preview:large, max-video-preview:-1\" \/>\n<meta property=\"og:locale\" content=\"pt_PT\" \/>\n<meta property=\"og:type\" content=\"article\" \/>\n<meta property=\"og:title\" content=\"Morreu a jovem \u00c2ngela Pereira - Portal Tela Portugal\" \/>\n<meta property=\"og:description\" content=\"\u00c2ngela Pereira, 23 anos, natural de Viana do Castelo, morreu no dia de Natal no IPO do Porto. Era doente oncol\u00f3gica com grave condi\u00e7\u00e3o pulmonar e pneumonia. O IPO do Porto contactou uma unidade especializada em Manchester na tentativa de encontrar tratamento. A tentativa de ajuda internacional ocorreu depois de uma amiga da jovem ter feito um apelo p\u00fablico nas redes sociais.\" \/>\n<meta property=\"og:url\" content=\"https:\/\/portaltela.pt\/noticias\/2025\/12\/25\/morreu-a-jovem-angela-pereira\/\" \/>\n<meta property=\"og:site_name\" content=\"Portal Tela Portugal\" \/>\n<meta property=\"article:published_time\" content=\"2025-12-25T15:36:00+00:00\" \/>\n<meta name=\"author\" content=\"Telinha\" \/>\n<meta name=\"twitter:card\" content=\"summary_large_image\" \/>\n<meta name=\"twitter:label1\" content=\"Escrito por\" \/>\n\t<meta name=\"twitter:data1\" content=\"Telinha\" \/>\n\t<meta name=\"twitter:label2\" content=\"Tempo estimado de leitura\" \/>\n\t<meta name=\"twitter:data2\" content=\"1 minuto\" \/>\n<script type=\"application\/ld+json\" class=\"yoast-schema-graph\">{\"@context\":\"https:\/\/schema.org\",\"@graph\":[{\"@type\":\"Article\",\"@id\":\"https:\/\/portaltela.pt\/noticias\/2025\/12\/25\/morreu-a-jovem-angela-pereira\/#article\",\"isPartOf\":{\"@id\":\"https:\/\/portaltela.pt\/noticias\/2025\/12\/25\/morreu-a-jovem-angela-pereira\/\"},\"author\":{\"name\":\"Telinha\",\"@id\":\"https:\/\/portaltela.pt\/#\/schema\/person\/c4278d4a6028830caff9ee44b42d32ed\"},\"headline\":\"Morreu a jovem \u00c2ngela Pereira\",\"datePublished\":\"2025-12-25T15:36:00+00:00\",\"mainEntityOfPage\":{\"@id\":\"https:\/\/portaltela.pt\/noticias\/2025\/12\/25\/morreu-a-jovem-angela-pereira\/\"},\"wordCount\":240,\"image\":{\"@id\":\"https:\/\/portaltela.pt\/noticias\/2025\/12\/25\/morreu-a-jovem-angela-pereira\/#primaryimage\"},\"thumbnailUrl\":\"https:\/\/portaltela.pt\/s.01k8rhncp4jt1\/2025\/12\/unnamed-file-1682.jpg\",\"keywords\":[\"C\u00e2ncer\",\"coopera\u00e7\u00e3o internacional\",\"internacionais\",\"pneumonias\",\"sa\u00fade\",\"Viana do Castelo\"],\"articleSection\":[\"Not\u00edcias\"],\"inLanguage\":\"pt-PT\"},{\"@type\":\"WebPage\",\"@id\":\"https:\/\/portaltela.pt\/noticias\/2025\/12\/25\/morreu-a-jovem-angela-pereira\/\",\"url\":\"https:\/\/portaltela.pt\/noticias\/2025\/12\/25\/morreu-a-jovem-angela-pereira\/\",\"name\":\"Morreu a jovem \u00c2ngela Pereira - Portal Tela Portugal\",\"isPartOf\":{\"@id\":\"https:\/\/portaltela.pt\/#website\"},\"primaryImageOfPage\":{\"@id\":\"https:\/\/portaltela.pt\/noticias\/2025\/12\/25\/morreu-a-jovem-angela-pereira\/#primaryimage\"},\"image\":{\"@id\":\"https:\/\/portaltela.pt\/noticias\/2025\/12\/25\/morreu-a-jovem-angela-pereira\/#primaryimage\"},\"thumbnailUrl\":\"https:\/\/portaltela.pt\/s.01k8rhncp4jt1\/2025\/12\/unnamed-file-1682.jpg\",\"datePublished\":\"2025-12-25T15:36:00+00:00\",\"author\":{\"@id\":\"https:\/\/portaltela.pt\/#\/schema\/person\/c4278d4a6028830caff9ee44b42d32ed\"},\"breadcrumb\":{\"@id\":\"https:\/\/portaltela.pt\/noticias\/2025\/12\/25\/morreu-a-jovem-angela-pereira\/#breadcrumb\"},\"inLanguage\":\"pt-PT\",\"potentialAction\":[{\"@type\":\"ReadAction\",\"target\":[\"https:\/\/portaltela.pt\/noticias\/2025\/12\/25\/morreu-a-jovem-angela-pereira\/\"]}]},{\"@type\":\"ImageObject\",\"inLanguage\":\"pt-PT\",\"@id\":\"https:\/\/portaltela.pt\/noticias\/2025\/12\/25\/morreu-a-jovem-angela-pereira\/#primaryimage\",\"url\":\"https:\/\/portaltela.pt\/s.01k8rhncp4jt1\/2025\/12\/unnamed-file-1682.jpg\",\"contentUrl\":\"https:\/\/portaltela.pt\/s.01k8rhncp4jt1\/2025\/12\/unnamed-file-1682.jpg\",\"width\":796,\"height\":448,\"caption\":\"Morreu a jovem \u00c2ngela Pereira\"},{\"@type\":\"BreadcrumbList\",\"@id\":\"https:\/\/portaltela.pt\/noticias\/2025\/12\/25\/morreu-a-jovem-angela-pereira\/#breadcrumb\",\"itemListElement\":[{\"@type\":\"ListItem\",\"position\":1,\"name\":\"In\u00edcio\",\"item\":\"https:\/\/portaltela.pt\/\"},{\"@type\":\"ListItem\",\"position\":2,\"name\":\"Morreu a jovem \u00c2ngela Pereira\"}]},{\"@type\":\"WebSite\",\"@id\":\"https:\/\/portaltela.pt\/#website\",\"url\":\"https:\/\/portaltela.pt\/\",\"name\":\"Portal Tela Portugal\",\"description\":\"\",\"potentialAction\":[{\"@type\":\"SearchAction\",\"target\":{\"@type\":\"EntryPoint\",\"urlTemplate\":\"https:\/\/portaltela.pt\/?s={search_term_string}\"},\"query-input\":{\"@type\":\"PropertyValueSpecification\",\"valueRequired\":true,\"valueName\":\"search_term_string\"}}],\"inLanguage\":\"pt-PT\"},{\"@type\":\"Person\",\"@id\":\"https:\/\/portaltela.pt\/#\/schema\/person\/c4278d4a6028830caff9ee44b42d32ed\",\"name\":\"Telinha\",\"image\":{\"@type\":\"ImageObject\",\"inLanguage\":\"pt-PT\",\"@id\":\"https:\/\/portaltela.pt\/s.01k8rhncp4jt1\/2025\/11\/talking-bot-125x125.png\",\"url\":\"https:\/\/portaltela.pt\/s.01k8rhncp4jt1\/2025\/11\/talking-bot-125x125.png\",\"contentUrl\":\"https:\/\/portaltela.pt\/s.01k8rhncp4jt1\/2025\/11\/talking-bot-125x125.png\",\"caption\":\"Telinha\"},\"sameAs\":[\"https:\/\/portaltela.pt\/\"],\"url\":\"https:\/\/portaltela.pt\/por\/367410592786\/\"}]}<\/script>\n<!-- \/ Yoast SEO plugin. -->","yoast_head_json":{"title":"Morreu a jovem \u00c2ngela Pereira - Portal Tela Portugal","robots":{"index":"index","follow":"follow","max-snippet":"max-snippet:-1","max-image-preview":"max-image-preview:large","max-video-preview":"max-video-preview:-1"},"og_locale":"pt_PT","og_type":"article","og_title":"Morreu a jovem \u00c2ngela Pereira - Portal Tela Portugal","og_description":"\u00c2ngela Pereira, 23 anos, natural de Viana do Castelo, morreu no dia de Natal no IPO do Porto. Era doente oncol\u00f3gica com grave condi\u00e7\u00e3o pulmonar e pneumonia. O IPO do Porto contactou uma unidade especializada em Manchester na tentativa de encontrar tratamento. A tentativa de ajuda internacional ocorreu depois de uma amiga da jovem ter feito um apelo p\u00fablico nas redes sociais.","og_url":"https:\/\/portaltela.pt\/noticias\/2025\/12\/25\/morreu-a-jovem-angela-pereira\/","og_site_name":"Portal Tela Portugal","article_published_time":"2025-12-25T15:36:00+00:00","author":"Telinha","twitter_card":"summary_large_image","twitter_misc":{"Escrito por":"Telinha","Tempo estimado de leitura":"1 minuto"},"schema":{"@context":"https:\/\/schema.org","@graph":[{"@type":"Article","@id":"https:\/\/portaltela.pt\/noticias\/2025\/12\/25\/morreu-a-jovem-angela-pereira\/#article","isPartOf":{"@id":"https:\/\/portaltela.pt\/noticias\/2025\/12\/25\/morreu-a-jovem-angela-pereira\/"},"author":{"name":"Telinha","@id":"https:\/\/portaltela.pt\/#\/schema\/person\/c4278d4a6028830caff9ee44b42d32ed"},"headline":"Morreu a jovem \u00c2ngela Pereira","datePublished":"2025-12-25T15:36:00+00:00","mainEntityOfPage":{"@id":"https:\/\/portaltela.pt\/noticias\/2025\/12\/25\/morreu-a-jovem-angela-pereira\/"},"wordCount":240,"image":{"@id":"https:\/\/portaltela.pt\/noticias\/2025\/12\/25\/morreu-a-jovem-angela-pereira\/#primaryimage"},"thumbnailUrl":"https:\/\/portaltela.pt\/s.01k8rhncp4jt1\/2025\/12\/unnamed-file-1682.jpg","keywords":["C\u00e2ncer","coopera\u00e7\u00e3o internacional","internacionais","pneumonias","sa\u00fade","Viana do Castelo"],"articleSection":["Not\u00edcias"],"inLanguage":"pt-PT"},{"@type":"WebPage","@id":"https:\/\/portaltela.pt\/noticias\/2025\/12\/25\/morreu-a-jovem-angela-pereira\/","url":"https:\/\/portaltela.pt\/noticias\/2025\/12\/25\/morreu-a-jovem-angela-pereira\/","name":"Morreu a jovem \u00c2ngela Pereira - Portal Tela Portugal","isPartOf":{"@id":"https:\/\/portaltela.pt\/#website"},"primaryImageOfPage":{"@id":"https:\/\/portaltela.pt\/noticias\/2025\/12\/25\/morreu-a-jovem-angela-pereira\/#primaryimage"},"image":{"@id":"https:\/\/portaltela.pt\/noticias\/2025\/12\/25\/morreu-a-jovem-angela-pereira\/#primaryimage"},"thumbnailUrl":"https:\/\/portaltela.pt\/s.01k8rhncp4jt1\/2025\/12\/unnamed-file-1682.jpg","datePublished":"2025-12-25T15:36:00+00:00","author":{"@id":"https:\/\/portaltela.pt\/#\/schema\/person\/c4278d4a6028830caff9ee44b42d32ed"},"breadcrumb":{"@id":"https:\/\/portaltela.pt\/noticias\/2025\/12\/25\/morreu-a-jovem-angela-pereira\/#breadcrumb"},"inLanguage":"pt-PT","potentialAction":[{"@type":"ReadAction","target":["https:\/\/portaltela.pt\/noticias\/2025\/12\/25\/morreu-a-jovem-angela-pereira\/"]}]},{"@type":"ImageObject","inLanguage":"pt-PT","@id":"https:\/\/portaltela.pt\/noticias\/2025\/12\/25\/morreu-a-jovem-angela-pereira\/#primaryimage","url":"https:\/\/portaltela.pt\/s.01k8rhncp4jt1\/2025\/12\/unnamed-file-1682.jpg","contentUrl":"https:\/\/portaltela.pt\/s.01k8rhncp4jt1\/2025\/12\/unnamed-file-1682.jpg","width":796,"height":448,"caption":"Morreu a jovem \u00c2ngela Pereira"},{"@type":"BreadcrumbList","@id":"https:\/\/portaltela.pt\/noticias\/2025\/12\/25\/morreu-a-jovem-angela-pereira\/#breadcrumb","itemListElement":[{"@type":"ListItem","position":1,"name":"In\u00edcio","item":"https:\/\/portaltela.pt\/"},{"@type":"ListItem","position":2,"name":"Morreu a jovem \u00c2ngela Pereira"}]},{"@type":"WebSite","@id":"https:\/\/portaltela.pt\/#website","url":"https:\/\/portaltela.pt\/","name":"Portal Tela Portugal","description":"","potentialAction":[{"@type":"SearchAction","target":{"@type":"EntryPoint","urlTemplate":"https:\/\/portaltela.pt\/?s={search_term_string}"},"query-input":{"@type":"PropertyValueSpecification","valueRequired":true,"valueName":"search_term_string"}}],"inLanguage":"pt-PT"},{"@type":"Person","@id":"https:\/\/portaltela.pt\/#\/schema\/person\/c4278d4a6028830caff9ee44b42d32ed","name":"Telinha","image":{"@type":"ImageObject","inLanguage":"pt-PT","@id":"https:\/\/portaltela.pt\/s.01k8rhncp4jt1\/2025\/11\/talking-bot-125x125.png","url":"https:\/\/portaltela.pt\/s.01k8rhncp4jt1\/2025\/11\/talking-bot-125x125.png","contentUrl":"https:\/\/portaltela.pt\/s.01k8rhncp4jt1\/2025\/11\/talking-bot-125x125.png","caption":"Telinha"},"sameAs":["https:\/\/portaltela.pt\/"],"url":"https:\/\/portaltela.pt\/por\/367410592786\/"}]}},"_links":{"self":[{"href":"https:\/\/portaltela.pt\/api\/wp\/v2\/posts\/97695","targetHints":{"allow":["GET"]}}],"collection":[{"href":"https:\/\/portaltela.pt\/api\/wp\/v2\/posts"}],"about":[{"href":"https:\/\/portaltela.pt\/api\/wp\/v2\/types\/post"}],"author":[{"embeddable":true,"href":"https:\/\/portaltela.pt\/api\/wp\/v2\/users\/2"}],"replies":[{"embeddable":true,"href":"https:\/\/portaltela.pt\/api\/wp\/v2\/comments?post=97695"}],"version-history":[{"count":0,"href":"https:\/\/portaltela.pt\/api\/wp\/v2\/posts\/97695\/revisions"}],"wp:featuredmedia":[{"embeddable":true,"href":"https:\/\/portaltela.pt\/api\/wp\/v2\/media\/97701"}],"wp:attachment":[{"href":"https:\/\/portaltela.pt\/api\/wp\/v2\/media?parent=97695"}],"wp:term":[{"taxonomy":"category","embeddable":true,"href":"https:\/\/portaltela.pt\/api\/wp\/v2\/categories?post=97695"},{"taxonomy":"post_tag","embeddable":true,"href":"https:\/\/portaltela.pt\/api\/wp\/v2\/tags?post=97695"}],"curies":[{"name":"wp","href":"https:\/\/api.w.org\/{rel}","templated":true}]}}