{"id":97688,"date":"2025-12-25T12:40:00","date_gmt":"2025-12-25T15:40:00","guid":{"rendered":"https:\/\/portaltela.pt\/noticias\/2025\/12\/25\/angela-pereira-morre-no-natal-apos-luta-contra-doenca-rara\/"},"modified":"2025-12-25T12:40:00","modified_gmt":"2025-12-25T15:40:00","slug":"angela-pereira-morre-no-natal-apos-luta-contra-doenca-rara","status":"publish","type":"post","link":"https:\/\/portaltela.pt\/noticias\/2025\/12\/25\/angela-pereira-morre-no-natal-apos-luta-contra-doenca-rara\/","title":{"rendered":"\u00c2ngela Pereira morre no Natal ap\u00f3s luta contra doen\u00e7a rara"},"content":{"rendered":"<p>Morreu na manh\u00e3 de Natal \u00c2ngela Pereira, jovem de 23 anos que estava internada no IPO do Porto. A paciente lutava contra uma doen\u00e7a oncol\u00f3gica associada a uma grave condi\u00e7\u00e3o pulmonar, agravada por um quadro de pneumonia. A confirma\u00e7\u00e3o veio da fam\u00edlia.<\/p>\n<p>Natural de Viana do Castelo, \u00c2ngela enfrentava o aspergiloma, uma condi\u00e7\u00e3o pulmonar grave. O caso ganhou notoriedade nacional ap\u00f3s um v\u00eddeo divulgado nas redes sociais, no qual a jovem apelava a uma poss\u00edvel nova esperan\u00e7a de tratamento.<\/p>\n<p>O IPO do Porto esteve em contacto com um hospital em Manchester, Reino Unido, unidade especializada no tratamento da doen\u00e7a. A transfer\u00eancia seria viabilizada a pedido de uma amiga da jovem, que solicitou ajuda a especialistas brit\u00e2nicos.<\/p>\n<p>A fam\u00edlia informou a morte pela p\u00e1gina de Instagram da jovem, em mensagem assinada pela fam\u00edlia e por algu\u00e9m pr\u00f3ximo. O texto expressa profunda tristeza e partilha as \u00faltimas vontades de \u00c2ngela, agradecendo a todos que a apoiaram.<\/p>\n<p>Antes de partir, \u00c2ngela pediu que, para sempre, fosse reconhecida a gratid\u00e3o de quem esteve presente. A fam\u00edlia acrescenta que cada gesto de carinho foi sentido e que a jovem nunca esteve sozinha nesta caminhada.<\/p>\n","protected":false},"excerpt":{"rendered":"<ul>\n<li>\u00c2ngela Pereira, de 23 anos, faleceu na manh\u00e3 de Natal no IPO do Porto, ap\u00f3s agravamento do estado de sa\u00fade ligado a uma doen\u00e7a oncol\u00f3gica com grave condi\u00e7\u00e3o pulmonar e pneumonia.<\/li>\n<li>Natural de Viana do Castelo, \u00c2ngela lutava contra aspergiloma, uma doen\u00e7a pulmonar grave que ganhou aten\u00e7\u00e3o p\u00fablica nas \u00faltimas semanas.<\/li>\n<li>O IPO do Porto chegou a contactar um hospital em Manchester, no Reino Unido, numa tentativa de transferir a paciente para uma unidade especializada.<\/li>\n<li>A morte foi confirmada pela fam\u00edlia numa publica\u00e7\u00e3o no Instagram, com agradecimentos a quem ajudou e apoiou ao longo da recupera\u00e7\u00e3o.<\/li>\n<li>A mensagem de despedida sublinha que, antes de partir, \u00c2ngela pediu palavras de agradecimento a todos os que fizeram parte da sua rede de apoio.<\/li>\n<\/ul>\n","protected":false},"author":2,"featured_media":97711,"comment_status":"closed","ping_status":"closed","sticky":false,"template":"","format":"standard","meta":{"footnotes":""},"categories":[1],"tags":[61,633,1907,982,172,1530],"class_list":["post-97688","post","type-post","status-publish","format-standard","has-post-thumbnail","hentry","category-noticias","tag-doencas","tag-hospital","tag-pneumonias","tag-porto","tag-saude","tag-viana-do-castelo"],"yoast_head":"<!-- This site is optimized with the Yoast SEO plugin v27.2 - https:\/\/yoast.com\/product\/yoast-seo-wordpress\/ -->\n<title>\u00c2ngela Pereira morre no Natal ap\u00f3s luta contra doen\u00e7a rara - Portal Tela Portugal<\/title>\n<meta name=\"robots\" content=\"index, follow, max-snippet:-1, max-image-preview:large, max-video-preview:-1\" \/>\n<meta property=\"og:locale\" content=\"pt_PT\" \/>\n<meta property=\"og:type\" content=\"article\" \/>\n<meta property=\"og:title\" content=\"\u00c2ngela Pereira morre no Natal ap\u00f3s luta contra doen\u00e7a rara - Portal Tela Portugal\" \/>\n<meta property=\"og:description\" content=\"\u00c2ngela Pereira, de 23 anos, faleceu na manh\u00e3 de Natal no IPO do Porto, ap\u00f3s agravamento do estado de sa\u00fade ligado a uma doen\u00e7a oncol\u00f3gica com grave condi\u00e7\u00e3o pulmonar e pneumonia. Natural de Viana do Castelo, \u00c2ngela lutava contra aspergiloma, uma doen\u00e7a pulmonar grave que ganhou aten\u00e7\u00e3o p\u00fablica nas \u00faltimas semanas. O IPO do Porto chegou a contactar um hospital em Manchester, no Reino Unido, numa tentativa de transferir a paciente para uma unidade especializada. A morte foi confirmada pela fam\u00edlia numa publica\u00e7\u00e3o no Instagram, com agradecimentos a quem ajudou e apoiou ao longo da recupera\u00e7\u00e3o. A mensagem de despedida sublinha que, antes de partir, \u00c2ngela pediu palavras de agradecimento a todos os que fizeram parte da sua rede de apoio.\" \/>\n<meta property=\"og:url\" content=\"https:\/\/portaltela.pt\/noticias\/2025\/12\/25\/angela-pereira-morre-no-natal-apos-luta-contra-doenca-rara\/\" \/>\n<meta property=\"og:site_name\" content=\"Portal Tela Portugal\" \/>\n<meta property=\"article:published_time\" content=\"2025-12-25T15:40:00+00:00\" \/>\n<meta name=\"author\" content=\"Telinha\" \/>\n<meta name=\"twitter:card\" content=\"summary_large_image\" \/>\n<meta name=\"twitter:label1\" content=\"Escrito por\" \/>\n\t<meta name=\"twitter:data1\" content=\"Telinha\" \/>\n\t<meta name=\"twitter:label2\" content=\"Tempo estimado de leitura\" \/>\n\t<meta name=\"twitter:data2\" content=\"1 minuto\" \/>\n<script type=\"application\/ld+json\" class=\"yoast-schema-graph\">{\"@context\":\"https:\/\/schema.org\",\"@graph\":[{\"@type\":\"Article\",\"@id\":\"https:\/\/portaltela.pt\/noticias\/2025\/12\/25\/angela-pereira-morre-no-natal-apos-luta-contra-doenca-rara\/#article\",\"isPartOf\":{\"@id\":\"https:\/\/portaltela.pt\/noticias\/2025\/12\/25\/angela-pereira-morre-no-natal-apos-luta-contra-doenca-rara\/\"},\"author\":{\"name\":\"Telinha\",\"@id\":\"https:\/\/portaltela.pt\/#\/schema\/person\/c4278d4a6028830caff9ee44b42d32ed\"},\"headline\":\"\u00c2ngela Pereira morre no Natal ap\u00f3s luta contra doen\u00e7a rara\",\"datePublished\":\"2025-12-25T15:40:00+00:00\",\"mainEntityOfPage\":{\"@id\":\"https:\/\/portaltela.pt\/noticias\/2025\/12\/25\/angela-pereira-morre-no-natal-apos-luta-contra-doenca-rara\/\"},\"wordCount\":220,\"image\":{\"@id\":\"https:\/\/portaltela.pt\/noticias\/2025\/12\/25\/angela-pereira-morre-no-natal-apos-luta-contra-doenca-rara\/#primaryimage\"},\"thumbnailUrl\":\"https:\/\/portaltela.pt\/s.01k8rhncp4jt1\/2025\/12\/unnamed-file-1684.jpg\",\"keywords\":[\"doen\u00e7as\",\"hospital\",\"pneumonias\",\"Porto\",\"sa\u00fade\",\"Viana do Castelo\"],\"articleSection\":[\"Not\u00edcias\"],\"inLanguage\":\"pt-PT\"},{\"@type\":\"WebPage\",\"@id\":\"https:\/\/portaltela.pt\/noticias\/2025\/12\/25\/angela-pereira-morre-no-natal-apos-luta-contra-doenca-rara\/\",\"url\":\"https:\/\/portaltela.pt\/noticias\/2025\/12\/25\/angela-pereira-morre-no-natal-apos-luta-contra-doenca-rara\/\",\"name\":\"\u00c2ngela Pereira morre no Natal ap\u00f3s luta contra doen\u00e7a rara - Portal Tela Portugal\",\"isPartOf\":{\"@id\":\"https:\/\/portaltela.pt\/#website\"},\"primaryImageOfPage\":{\"@id\":\"https:\/\/portaltela.pt\/noticias\/2025\/12\/25\/angela-pereira-morre-no-natal-apos-luta-contra-doenca-rara\/#primaryimage\"},\"image\":{\"@id\":\"https:\/\/portaltela.pt\/noticias\/2025\/12\/25\/angela-pereira-morre-no-natal-apos-luta-contra-doenca-rara\/#primaryimage\"},\"thumbnailUrl\":\"https:\/\/portaltela.pt\/s.01k8rhncp4jt1\/2025\/12\/unnamed-file-1684.jpg\",\"datePublished\":\"2025-12-25T15:40:00+00:00\",\"author\":{\"@id\":\"https:\/\/portaltela.pt\/#\/schema\/person\/c4278d4a6028830caff9ee44b42d32ed\"},\"breadcrumb\":{\"@id\":\"https:\/\/portaltela.pt\/noticias\/2025\/12\/25\/angela-pereira-morre-no-natal-apos-luta-contra-doenca-rara\/#breadcrumb\"},\"inLanguage\":\"pt-PT\",\"potentialAction\":[{\"@type\":\"ReadAction\",\"target\":[\"https:\/\/portaltela.pt\/noticias\/2025\/12\/25\/angela-pereira-morre-no-natal-apos-luta-contra-doenca-rara\/\"]}]},{\"@type\":\"ImageObject\",\"inLanguage\":\"pt-PT\",\"@id\":\"https:\/\/portaltela.pt\/noticias\/2025\/12\/25\/angela-pereira-morre-no-natal-apos-luta-contra-doenca-rara\/#primaryimage\",\"url\":\"https:\/\/portaltela.pt\/s.01k8rhncp4jt1\/2025\/12\/unnamed-file-1684.jpg\",\"contentUrl\":\"https:\/\/portaltela.pt\/s.01k8rhncp4jt1\/2025\/12\/unnamed-file-1684.jpg\",\"width\":796,\"height\":448,\"caption\":\"Foto DR\"},{\"@type\":\"BreadcrumbList\",\"@id\":\"https:\/\/portaltela.pt\/noticias\/2025\/12\/25\/angela-pereira-morre-no-natal-apos-luta-contra-doenca-rara\/#breadcrumb\",\"itemListElement\":[{\"@type\":\"ListItem\",\"position\":1,\"name\":\"In\u00edcio\",\"item\":\"https:\/\/portaltela.pt\/\"},{\"@type\":\"ListItem\",\"position\":2,\"name\":\"\u00c2ngela Pereira morre no Natal ap\u00f3s luta contra doen\u00e7a rara\"}]},{\"@type\":\"WebSite\",\"@id\":\"https:\/\/portaltela.pt\/#website\",\"url\":\"https:\/\/portaltela.pt\/\",\"name\":\"Portal Tela Portugal\",\"description\":\"\",\"potentialAction\":[{\"@type\":\"SearchAction\",\"target\":{\"@type\":\"EntryPoint\",\"urlTemplate\":\"https:\/\/portaltela.pt\/?s={search_term_string}\"},\"query-input\":{\"@type\":\"PropertyValueSpecification\",\"valueRequired\":true,\"valueName\":\"search_term_string\"}}],\"inLanguage\":\"pt-PT\"},{\"@type\":\"Person\",\"@id\":\"https:\/\/portaltela.pt\/#\/schema\/person\/c4278d4a6028830caff9ee44b42d32ed\",\"name\":\"Telinha\",\"image\":{\"@type\":\"ImageObject\",\"inLanguage\":\"pt-PT\",\"@id\":\"https:\/\/portaltela.pt\/s.01k8rhncp4jt1\/2025\/11\/talking-bot-125x125.png\",\"url\":\"https:\/\/portaltela.pt\/s.01k8rhncp4jt1\/2025\/11\/talking-bot-125x125.png\",\"contentUrl\":\"https:\/\/portaltela.pt\/s.01k8rhncp4jt1\/2025\/11\/talking-bot-125x125.png\",\"caption\":\"Telinha\"},\"sameAs\":[\"https:\/\/portaltela.pt\/\"],\"url\":\"https:\/\/portaltela.pt\/por\/367410592786\/\"}]}<\/script>\n<!-- \/ Yoast SEO plugin. -->","yoast_head_json":{"title":"\u00c2ngela Pereira morre no Natal ap\u00f3s luta contra doen\u00e7a rara - Portal Tela Portugal","robots":{"index":"index","follow":"follow","max-snippet":"max-snippet:-1","max-image-preview":"max-image-preview:large","max-video-preview":"max-video-preview:-1"},"og_locale":"pt_PT","og_type":"article","og_title":"\u00c2ngela Pereira morre no Natal ap\u00f3s luta contra doen\u00e7a rara - Portal Tela Portugal","og_description":"\u00c2ngela Pereira, de 23 anos, faleceu na manh\u00e3 de Natal no IPO do Porto, ap\u00f3s agravamento do estado de sa\u00fade ligado a uma doen\u00e7a oncol\u00f3gica com grave condi\u00e7\u00e3o pulmonar e pneumonia. Natural de Viana do Castelo, \u00c2ngela lutava contra aspergiloma, uma doen\u00e7a pulmonar grave que ganhou aten\u00e7\u00e3o p\u00fablica nas \u00faltimas semanas. O IPO do Porto chegou a contactar um hospital em Manchester, no Reino Unido, numa tentativa de transferir a paciente para uma unidade especializada. A morte foi confirmada pela fam\u00edlia numa publica\u00e7\u00e3o no Instagram, com agradecimentos a quem ajudou e apoiou ao longo da recupera\u00e7\u00e3o. A mensagem de despedida sublinha que, antes de partir, \u00c2ngela pediu palavras de agradecimento a todos os que fizeram parte da sua rede de apoio.","og_url":"https:\/\/portaltela.pt\/noticias\/2025\/12\/25\/angela-pereira-morre-no-natal-apos-luta-contra-doenca-rara\/","og_site_name":"Portal Tela Portugal","article_published_time":"2025-12-25T15:40:00+00:00","author":"Telinha","twitter_card":"summary_large_image","twitter_misc":{"Escrito por":"Telinha","Tempo estimado de leitura":"1 minuto"},"schema":{"@context":"https:\/\/schema.org","@graph":[{"@type":"Article","@id":"https:\/\/portaltela.pt\/noticias\/2025\/12\/25\/angela-pereira-morre-no-natal-apos-luta-contra-doenca-rara\/#article","isPartOf":{"@id":"https:\/\/portaltela.pt\/noticias\/2025\/12\/25\/angela-pereira-morre-no-natal-apos-luta-contra-doenca-rara\/"},"author":{"name":"Telinha","@id":"https:\/\/portaltela.pt\/#\/schema\/person\/c4278d4a6028830caff9ee44b42d32ed"},"headline":"\u00c2ngela Pereira morre no Natal ap\u00f3s luta contra doen\u00e7a rara","datePublished":"2025-12-25T15:40:00+00:00","mainEntityOfPage":{"@id":"https:\/\/portaltela.pt\/noticias\/2025\/12\/25\/angela-pereira-morre-no-natal-apos-luta-contra-doenca-rara\/"},"wordCount":220,"image":{"@id":"https:\/\/portaltela.pt\/noticias\/2025\/12\/25\/angela-pereira-morre-no-natal-apos-luta-contra-doenca-rara\/#primaryimage"},"thumbnailUrl":"https:\/\/portaltela.pt\/s.01k8rhncp4jt1\/2025\/12\/unnamed-file-1684.jpg","keywords":["doen\u00e7as","hospital","pneumonias","Porto","sa\u00fade","Viana do Castelo"],"articleSection":["Not\u00edcias"],"inLanguage":"pt-PT"},{"@type":"WebPage","@id":"https:\/\/portaltela.pt\/noticias\/2025\/12\/25\/angela-pereira-morre-no-natal-apos-luta-contra-doenca-rara\/","url":"https:\/\/portaltela.pt\/noticias\/2025\/12\/25\/angela-pereira-morre-no-natal-apos-luta-contra-doenca-rara\/","name":"\u00c2ngela Pereira morre no Natal ap\u00f3s luta contra doen\u00e7a rara - Portal Tela Portugal","isPartOf":{"@id":"https:\/\/portaltela.pt\/#website"},"primaryImageOfPage":{"@id":"https:\/\/portaltela.pt\/noticias\/2025\/12\/25\/angela-pereira-morre-no-natal-apos-luta-contra-doenca-rara\/#primaryimage"},"image":{"@id":"https:\/\/portaltela.pt\/noticias\/2025\/12\/25\/angela-pereira-morre-no-natal-apos-luta-contra-doenca-rara\/#primaryimage"},"thumbnailUrl":"https:\/\/portaltela.pt\/s.01k8rhncp4jt1\/2025\/12\/unnamed-file-1684.jpg","datePublished":"2025-12-25T15:40:00+00:00","author":{"@id":"https:\/\/portaltela.pt\/#\/schema\/person\/c4278d4a6028830caff9ee44b42d32ed"},"breadcrumb":{"@id":"https:\/\/portaltela.pt\/noticias\/2025\/12\/25\/angela-pereira-morre-no-natal-apos-luta-contra-doenca-rara\/#breadcrumb"},"inLanguage":"pt-PT","potentialAction":[{"@type":"ReadAction","target":["https:\/\/portaltela.pt\/noticias\/2025\/12\/25\/angela-pereira-morre-no-natal-apos-luta-contra-doenca-rara\/"]}]},{"@type":"ImageObject","inLanguage":"pt-PT","@id":"https:\/\/portaltela.pt\/noticias\/2025\/12\/25\/angela-pereira-morre-no-natal-apos-luta-contra-doenca-rara\/#primaryimage","url":"https:\/\/portaltela.pt\/s.01k8rhncp4jt1\/2025\/12\/unnamed-file-1684.jpg","contentUrl":"https:\/\/portaltela.pt\/s.01k8rhncp4jt1\/2025\/12\/unnamed-file-1684.jpg","width":796,"height":448,"caption":"Foto DR"},{"@type":"BreadcrumbList","@id":"https:\/\/portaltela.pt\/noticias\/2025\/12\/25\/angela-pereira-morre-no-natal-apos-luta-contra-doenca-rara\/#breadcrumb","itemListElement":[{"@type":"ListItem","position":1,"name":"In\u00edcio","item":"https:\/\/portaltela.pt\/"},{"@type":"ListItem","position":2,"name":"\u00c2ngela Pereira morre no Natal ap\u00f3s luta contra doen\u00e7a rara"}]},{"@type":"WebSite","@id":"https:\/\/portaltela.pt\/#website","url":"https:\/\/portaltela.pt\/","name":"Portal Tela Portugal","description":"","potentialAction":[{"@type":"SearchAction","target":{"@type":"EntryPoint","urlTemplate":"https:\/\/portaltela.pt\/?s={search_term_string}"},"query-input":{"@type":"PropertyValueSpecification","valueRequired":true,"valueName":"search_term_string"}}],"inLanguage":"pt-PT"},{"@type":"Person","@id":"https:\/\/portaltela.pt\/#\/schema\/person\/c4278d4a6028830caff9ee44b42d32ed","name":"Telinha","image":{"@type":"ImageObject","inLanguage":"pt-PT","@id":"https:\/\/portaltela.pt\/s.01k8rhncp4jt1\/2025\/11\/talking-bot-125x125.png","url":"https:\/\/portaltela.pt\/s.01k8rhncp4jt1\/2025\/11\/talking-bot-125x125.png","contentUrl":"https:\/\/portaltela.pt\/s.01k8rhncp4jt1\/2025\/11\/talking-bot-125x125.png","caption":"Telinha"},"sameAs":["https:\/\/portaltela.pt\/"],"url":"https:\/\/portaltela.pt\/por\/367410592786\/"}]}},"_links":{"self":[{"href":"https:\/\/portaltela.pt\/api\/wp\/v2\/posts\/97688","targetHints":{"allow":["GET"]}}],"collection":[{"href":"https:\/\/portaltela.pt\/api\/wp\/v2\/posts"}],"about":[{"href":"https:\/\/portaltela.pt\/api\/wp\/v2\/types\/post"}],"author":[{"embeddable":true,"href":"https:\/\/portaltela.pt\/api\/wp\/v2\/users\/2"}],"replies":[{"embeddable":true,"href":"https:\/\/portaltela.pt\/api\/wp\/v2\/comments?post=97688"}],"version-history":[{"count":0,"href":"https:\/\/portaltela.pt\/api\/wp\/v2\/posts\/97688\/revisions"}],"wp:featuredmedia":[{"embeddable":true,"href":"https:\/\/portaltela.pt\/api\/wp\/v2\/media\/97711"}],"wp:attachment":[{"href":"https:\/\/portaltela.pt\/api\/wp\/v2\/media?parent=97688"}],"wp:term":[{"taxonomy":"category","embeddable":true,"href":"https:\/\/portaltela.pt\/api\/wp\/v2\/categories?post=97688"},{"taxonomy":"post_tag","embeddable":true,"href":"https:\/\/portaltela.pt\/api\/wp\/v2\/tags?post=97688"}],"curies":[{"name":"wp","href":"https:\/\/api.w.org\/{rel}","templated":true}]}}