{"id":97612,"date":"2025-12-25T12:10:00","date_gmt":"2025-12-25T15:10:00","guid":{"rendered":"https:\/\/portaltela.pt\/noticias\/2025\/12\/25\/angola-anuncia-cobranca-de-taxa-turistica\/"},"modified":"2025-12-25T12:10:00","modified_gmt":"2025-12-25T15:10:00","slug":"angola-anuncia-cobranca-de-taxa-turistica","status":"publish","type":"post","link":"https:\/\/portaltela.pt\/noticias\/2025\/12\/25\/angola-anuncia-cobranca-de-taxa-turistica\/","title":{"rendered":"Angola anuncia cobran\u00e7a de taxa tur\u00edstica"},"content":{"rendered":"<p>Angola aprovou a cobran\u00e7a de uma taxa tur\u00edstica de 5% sobre a di\u00e1ria nos empreendimentos hoteleiros, com um limite de sete dias de perman\u00eancia. A medida, anunciada pelo Governo, visa financiar o setor e atrair grandes eventos.<\/p>\n<p>O ministro do Turismo, M\u00e1rcio Daniel, afirmou que a taxa pode revolucionar o financiamento do turismo no pa\u00eds. O Governo n\u00e3o indicou a data de entrada em vigor, apenas que o prazo de estadia n\u00e3o dever\u00e1 exceder uma semana.<\/p>\n<p>A medida integra o programa Simplifica Turismo, que foca na simplifica\u00e7\u00e3o de procedimentos na administra\u00e7\u00e3o p\u00fablica. Paralelamente, est\u00e1 em curso a Estrat\u00e9gia do Turismo de Eventos, para atrair investimentos de grande dimens\u00e3o.<\/p>\n<h3>Turismos de Eventos e Infraestruturas<\/h3>\n<p>O ministro destacou a constru\u00e7\u00e3o de um grande centro de confer\u00eancias na zona da Chicala, ligado ao Aeroporto Internacional Ant\u00f3nio Agostinho Neto, para facilitar a realiza\u00e7\u00e3o de eventos.<\/p>\n<p>Foca-se ainda nos portos para cruzeiros, com investimentos em Luanda, Namibe e Lobito, para receber navios e ampliar o turismo mar\u00edtimo do pa\u00eds.<\/p>\n<p>Segundo o Governo, a estrat\u00e9gia pretende diversificar a oferta tur\u00edstica e posicionar Angola como destino de eventos regionais e internacionais, aproveitando infraestruturas existentes.<\/p>\n","protected":false},"excerpt":{"rendered":"<ul>\n<li>Angola vai cobrar taxa tur\u00edstica de cinco por cento sobre a di\u00e1ria nos empreendimentos hoteleiros, com limite de sete dias de perman\u00eancia.<\/li>\n<li>A medida foi aprovada pelo Governo angolano, sem indicar a data de entrada em vigor.<\/li>\n<li>A taxa destina-se a financiar o setor e a atrair grandes eventos, inserida no programa Simplifica Turismo.<\/li>\n<li>O Governo tamb\u00e9m refor\u00e7a a Estrat\u00e9gia do Turismo de Eventos para incentivar investimentos de grande dimens\u00e3o e atrair eventos nacionais e regionais.<\/li>\n<li>No turismo mar\u00edtimo, Angola aposta nos portos de Luanda, Namibe e Lobito para cruzeiros, com investimento no Aeroporto Internacional Ant\u00f3nio Agostinho Neto (AIAAN) e num centro de confer\u00eancias na zona da Chicala.<\/li>\n<\/ul>\n","protected":false},"author":2,"featured_media":97613,"comment_status":"closed","ping_status":"closed","sticky":false,"template":"","format":"standard","meta":{"footnotes":""},"categories":[1],"tags":[1650,733,1615,1934,1933,169],"class_list":["post-97612","post","type-post","status-publish","format-standard","has-post-thumbnail","hentry","category-noticias","tag-conferencia","tag-financas-publicas","tag-infraestrutura","tag-lobito","tag-namibe","tag-turismo"],"yoast_head":"<!-- This site is optimized with the Yoast SEO plugin v27.2 - https:\/\/yoast.com\/product\/yoast-seo-wordpress\/ -->\n<title>Angola anuncia cobran\u00e7a de taxa tur\u00edstica - Portal Tela Portugal<\/title>\n<meta name=\"robots\" content=\"index, follow, max-snippet:-1, max-image-preview:large, max-video-preview:-1\" \/>\n<meta property=\"og:locale\" content=\"pt_PT\" \/>\n<meta property=\"og:type\" content=\"article\" \/>\n<meta property=\"og:title\" content=\"Angola anuncia cobran\u00e7a de taxa tur\u00edstica - Portal Tela Portugal\" \/>\n<meta property=\"og:description\" content=\"Angola vai cobrar taxa tur\u00edstica de cinco por cento sobre a di\u00e1ria nos empreendimentos hoteleiros, com limite de sete dias de perman\u00eancia. A medida foi aprovada pelo Governo angolano, sem indicar a data de entrada em vigor. A taxa destina-se a financiar o setor e a atrair grandes eventos, inserida no programa Simplifica Turismo. O Governo tamb\u00e9m refor\u00e7a a Estrat\u00e9gia do Turismo de Eventos para incentivar investimentos de grande dimens\u00e3o e atrair eventos nacionais e regionais. No turismo mar\u00edtimo, Angola aposta nos portos de Luanda, Namibe e Lobito para cruzeiros, com investimento no Aeroporto Internacional Ant\u00f3nio Agostinho Neto (AIAAN) e num centro de confer\u00eancias na zona da Chicala.\" \/>\n<meta property=\"og:url\" content=\"https:\/\/portaltela.pt\/noticias\/2025\/12\/25\/angola-anuncia-cobranca-de-taxa-turistica\/\" \/>\n<meta property=\"og:site_name\" content=\"Portal Tela Portugal\" \/>\n<meta property=\"article:published_time\" content=\"2025-12-25T15:10:00+00:00\" \/>\n<meta name=\"author\" content=\"Telinha\" \/>\n<meta name=\"twitter:card\" content=\"summary_large_image\" \/>\n<meta name=\"twitter:label1\" content=\"Escrito por\" \/>\n\t<meta name=\"twitter:data1\" content=\"Telinha\" \/>\n\t<meta name=\"twitter:label2\" content=\"Tempo estimado de leitura\" \/>\n\t<meta name=\"twitter:data2\" content=\"1 minuto\" \/>\n<script type=\"application\/ld+json\" class=\"yoast-schema-graph\">{\"@context\":\"https:\/\/schema.org\",\"@graph\":[{\"@type\":\"Article\",\"@id\":\"https:\/\/portaltela.pt\/noticias\/2025\/12\/25\/angola-anuncia-cobranca-de-taxa-turistica\/#article\",\"isPartOf\":{\"@id\":\"https:\/\/portaltela.pt\/noticias\/2025\/12\/25\/angola-anuncia-cobranca-de-taxa-turistica\/\"},\"author\":{\"name\":\"Telinha\",\"@id\":\"https:\/\/portaltela.pt\/#\/schema\/person\/c4278d4a6028830caff9ee44b42d32ed\"},\"headline\":\"Angola anuncia cobran\u00e7a de taxa tur\u00edstica\",\"datePublished\":\"2025-12-25T15:10:00+00:00\",\"mainEntityOfPage\":{\"@id\":\"https:\/\/portaltela.pt\/noticias\/2025\/12\/25\/angola-anuncia-cobranca-de-taxa-turistica\/\"},\"wordCount\":215,\"image\":{\"@id\":\"https:\/\/portaltela.pt\/noticias\/2025\/12\/25\/angola-anuncia-cobranca-de-taxa-turistica\/#primaryimage\"},\"thumbnailUrl\":\"https:\/\/portaltela.pt\/s.01k8rhncp4jt1\/2025\/12\/image-1015.jpg\",\"keywords\":[\"confer\u00eancia\",\"finan\u00e7as p\u00fablicas\",\"infraestrutura\",\"Lobito\",\"Namibe\",\"turismo\"],\"articleSection\":[\"Not\u00edcias\"],\"inLanguage\":\"pt-PT\"},{\"@type\":\"WebPage\",\"@id\":\"https:\/\/portaltela.pt\/noticias\/2025\/12\/25\/angola-anuncia-cobranca-de-taxa-turistica\/\",\"url\":\"https:\/\/portaltela.pt\/noticias\/2025\/12\/25\/angola-anuncia-cobranca-de-taxa-turistica\/\",\"name\":\"Angola anuncia cobran\u00e7a de taxa tur\u00edstica - Portal Tela Portugal\",\"isPartOf\":{\"@id\":\"https:\/\/portaltela.pt\/#website\"},\"primaryImageOfPage\":{\"@id\":\"https:\/\/portaltela.pt\/noticias\/2025\/12\/25\/angola-anuncia-cobranca-de-taxa-turistica\/#primaryimage\"},\"image\":{\"@id\":\"https:\/\/portaltela.pt\/noticias\/2025\/12\/25\/angola-anuncia-cobranca-de-taxa-turistica\/#primaryimage\"},\"thumbnailUrl\":\"https:\/\/portaltela.pt\/s.01k8rhncp4jt1\/2025\/12\/image-1015.jpg\",\"datePublished\":\"2025-12-25T15:10:00+00:00\",\"author\":{\"@id\":\"https:\/\/portaltela.pt\/#\/schema\/person\/c4278d4a6028830caff9ee44b42d32ed\"},\"breadcrumb\":{\"@id\":\"https:\/\/portaltela.pt\/noticias\/2025\/12\/25\/angola-anuncia-cobranca-de-taxa-turistica\/#breadcrumb\"},\"inLanguage\":\"pt-PT\",\"potentialAction\":[{\"@type\":\"ReadAction\",\"target\":[\"https:\/\/portaltela.pt\/noticias\/2025\/12\/25\/angola-anuncia-cobranca-de-taxa-turistica\/\"]}]},{\"@type\":\"ImageObject\",\"inLanguage\":\"pt-PT\",\"@id\":\"https:\/\/portaltela.pt\/noticias\/2025\/12\/25\/angola-anuncia-cobranca-de-taxa-turistica\/#primaryimage\",\"url\":\"https:\/\/portaltela.pt\/s.01k8rhncp4jt1\/2025\/12\/image-1015.jpg\",\"contentUrl\":\"https:\/\/portaltela.pt\/s.01k8rhncp4jt1\/2025\/12\/image-1015.jpg\",\"width\":796,\"height\":448,\"caption\":\"Angola est\u00e1 a consolidar a aposta no turismo\"},{\"@type\":\"BreadcrumbList\",\"@id\":\"https:\/\/portaltela.pt\/noticias\/2025\/12\/25\/angola-anuncia-cobranca-de-taxa-turistica\/#breadcrumb\",\"itemListElement\":[{\"@type\":\"ListItem\",\"position\":1,\"name\":\"In\u00edcio\",\"item\":\"https:\/\/portaltela.pt\/\"},{\"@type\":\"ListItem\",\"position\":2,\"name\":\"Angola anuncia cobran\u00e7a de taxa tur\u00edstica\"}]},{\"@type\":\"WebSite\",\"@id\":\"https:\/\/portaltela.pt\/#website\",\"url\":\"https:\/\/portaltela.pt\/\",\"name\":\"Portal Tela Portugal\",\"description\":\"\",\"potentialAction\":[{\"@type\":\"SearchAction\",\"target\":{\"@type\":\"EntryPoint\",\"urlTemplate\":\"https:\/\/portaltela.pt\/?s={search_term_string}\"},\"query-input\":{\"@type\":\"PropertyValueSpecification\",\"valueRequired\":true,\"valueName\":\"search_term_string\"}}],\"inLanguage\":\"pt-PT\"},{\"@type\":\"Person\",\"@id\":\"https:\/\/portaltela.pt\/#\/schema\/person\/c4278d4a6028830caff9ee44b42d32ed\",\"name\":\"Telinha\",\"image\":{\"@type\":\"ImageObject\",\"inLanguage\":\"pt-PT\",\"@id\":\"https:\/\/portaltela.pt\/s.01k8rhncp4jt1\/2025\/11\/talking-bot-125x125.png\",\"url\":\"https:\/\/portaltela.pt\/s.01k8rhncp4jt1\/2025\/11\/talking-bot-125x125.png\",\"contentUrl\":\"https:\/\/portaltela.pt\/s.01k8rhncp4jt1\/2025\/11\/talking-bot-125x125.png\",\"caption\":\"Telinha\"},\"sameAs\":[\"https:\/\/portaltela.pt\/\"],\"url\":\"https:\/\/portaltela.pt\/por\/367410592786\/\"}]}<\/script>\n<!-- \/ Yoast SEO plugin. -->","yoast_head_json":{"title":"Angola anuncia cobran\u00e7a de taxa tur\u00edstica - Portal Tela Portugal","robots":{"index":"index","follow":"follow","max-snippet":"max-snippet:-1","max-image-preview":"max-image-preview:large","max-video-preview":"max-video-preview:-1"},"og_locale":"pt_PT","og_type":"article","og_title":"Angola anuncia cobran\u00e7a de taxa tur\u00edstica - Portal Tela Portugal","og_description":"Angola vai cobrar taxa tur\u00edstica de cinco por cento sobre a di\u00e1ria nos empreendimentos hoteleiros, com limite de sete dias de perman\u00eancia. A medida foi aprovada pelo Governo angolano, sem indicar a data de entrada em vigor. A taxa destina-se a financiar o setor e a atrair grandes eventos, inserida no programa Simplifica Turismo. O Governo tamb\u00e9m refor\u00e7a a Estrat\u00e9gia do Turismo de Eventos para incentivar investimentos de grande dimens\u00e3o e atrair eventos nacionais e regionais. No turismo mar\u00edtimo, Angola aposta nos portos de Luanda, Namibe e Lobito para cruzeiros, com investimento no Aeroporto Internacional Ant\u00f3nio Agostinho Neto (AIAAN) e num centro de confer\u00eancias na zona da Chicala.","og_url":"https:\/\/portaltela.pt\/noticias\/2025\/12\/25\/angola-anuncia-cobranca-de-taxa-turistica\/","og_site_name":"Portal Tela Portugal","article_published_time":"2025-12-25T15:10:00+00:00","author":"Telinha","twitter_card":"summary_large_image","twitter_misc":{"Escrito por":"Telinha","Tempo estimado de leitura":"1 minuto"},"schema":{"@context":"https:\/\/schema.org","@graph":[{"@type":"Article","@id":"https:\/\/portaltela.pt\/noticias\/2025\/12\/25\/angola-anuncia-cobranca-de-taxa-turistica\/#article","isPartOf":{"@id":"https:\/\/portaltela.pt\/noticias\/2025\/12\/25\/angola-anuncia-cobranca-de-taxa-turistica\/"},"author":{"name":"Telinha","@id":"https:\/\/portaltela.pt\/#\/schema\/person\/c4278d4a6028830caff9ee44b42d32ed"},"headline":"Angola anuncia cobran\u00e7a de taxa tur\u00edstica","datePublished":"2025-12-25T15:10:00+00:00","mainEntityOfPage":{"@id":"https:\/\/portaltela.pt\/noticias\/2025\/12\/25\/angola-anuncia-cobranca-de-taxa-turistica\/"},"wordCount":215,"image":{"@id":"https:\/\/portaltela.pt\/noticias\/2025\/12\/25\/angola-anuncia-cobranca-de-taxa-turistica\/#primaryimage"},"thumbnailUrl":"https:\/\/portaltela.pt\/s.01k8rhncp4jt1\/2025\/12\/image-1015.jpg","keywords":["confer\u00eancia","finan\u00e7as p\u00fablicas","infraestrutura","Lobito","Namibe","turismo"],"articleSection":["Not\u00edcias"],"inLanguage":"pt-PT"},{"@type":"WebPage","@id":"https:\/\/portaltela.pt\/noticias\/2025\/12\/25\/angola-anuncia-cobranca-de-taxa-turistica\/","url":"https:\/\/portaltela.pt\/noticias\/2025\/12\/25\/angola-anuncia-cobranca-de-taxa-turistica\/","name":"Angola anuncia cobran\u00e7a de taxa tur\u00edstica - Portal Tela Portugal","isPartOf":{"@id":"https:\/\/portaltela.pt\/#website"},"primaryImageOfPage":{"@id":"https:\/\/portaltela.pt\/noticias\/2025\/12\/25\/angola-anuncia-cobranca-de-taxa-turistica\/#primaryimage"},"image":{"@id":"https:\/\/portaltela.pt\/noticias\/2025\/12\/25\/angola-anuncia-cobranca-de-taxa-turistica\/#primaryimage"},"thumbnailUrl":"https:\/\/portaltela.pt\/s.01k8rhncp4jt1\/2025\/12\/image-1015.jpg","datePublished":"2025-12-25T15:10:00+00:00","author":{"@id":"https:\/\/portaltela.pt\/#\/schema\/person\/c4278d4a6028830caff9ee44b42d32ed"},"breadcrumb":{"@id":"https:\/\/portaltela.pt\/noticias\/2025\/12\/25\/angola-anuncia-cobranca-de-taxa-turistica\/#breadcrumb"},"inLanguage":"pt-PT","potentialAction":[{"@type":"ReadAction","target":["https:\/\/portaltela.pt\/noticias\/2025\/12\/25\/angola-anuncia-cobranca-de-taxa-turistica\/"]}]},{"@type":"ImageObject","inLanguage":"pt-PT","@id":"https:\/\/portaltela.pt\/noticias\/2025\/12\/25\/angola-anuncia-cobranca-de-taxa-turistica\/#primaryimage","url":"https:\/\/portaltela.pt\/s.01k8rhncp4jt1\/2025\/12\/image-1015.jpg","contentUrl":"https:\/\/portaltela.pt\/s.01k8rhncp4jt1\/2025\/12\/image-1015.jpg","width":796,"height":448,"caption":"Angola est\u00e1 a consolidar a aposta no turismo"},{"@type":"BreadcrumbList","@id":"https:\/\/portaltela.pt\/noticias\/2025\/12\/25\/angola-anuncia-cobranca-de-taxa-turistica\/#breadcrumb","itemListElement":[{"@type":"ListItem","position":1,"name":"In\u00edcio","item":"https:\/\/portaltela.pt\/"},{"@type":"ListItem","position":2,"name":"Angola anuncia cobran\u00e7a de taxa tur\u00edstica"}]},{"@type":"WebSite","@id":"https:\/\/portaltela.pt\/#website","url":"https:\/\/portaltela.pt\/","name":"Portal Tela Portugal","description":"","potentialAction":[{"@type":"SearchAction","target":{"@type":"EntryPoint","urlTemplate":"https:\/\/portaltela.pt\/?s={search_term_string}"},"query-input":{"@type":"PropertyValueSpecification","valueRequired":true,"valueName":"search_term_string"}}],"inLanguage":"pt-PT"},{"@type":"Person","@id":"https:\/\/portaltela.pt\/#\/schema\/person\/c4278d4a6028830caff9ee44b42d32ed","name":"Telinha","image":{"@type":"ImageObject","inLanguage":"pt-PT","@id":"https:\/\/portaltela.pt\/s.01k8rhncp4jt1\/2025\/11\/talking-bot-125x125.png","url":"https:\/\/portaltela.pt\/s.01k8rhncp4jt1\/2025\/11\/talking-bot-125x125.png","contentUrl":"https:\/\/portaltela.pt\/s.01k8rhncp4jt1\/2025\/11\/talking-bot-125x125.png","caption":"Telinha"},"sameAs":["https:\/\/portaltela.pt\/"],"url":"https:\/\/portaltela.pt\/por\/367410592786\/"}]}},"_links":{"self":[{"href":"https:\/\/portaltela.pt\/api\/wp\/v2\/posts\/97612","targetHints":{"allow":["GET"]}}],"collection":[{"href":"https:\/\/portaltela.pt\/api\/wp\/v2\/posts"}],"about":[{"href":"https:\/\/portaltela.pt\/api\/wp\/v2\/types\/post"}],"author":[{"embeddable":true,"href":"https:\/\/portaltela.pt\/api\/wp\/v2\/users\/2"}],"replies":[{"embeddable":true,"href":"https:\/\/portaltela.pt\/api\/wp\/v2\/comments?post=97612"}],"version-history":[{"count":0,"href":"https:\/\/portaltela.pt\/api\/wp\/v2\/posts\/97612\/revisions"}],"wp:featuredmedia":[{"embeddable":true,"href":"https:\/\/portaltela.pt\/api\/wp\/v2\/media\/97613"}],"wp:attachment":[{"href":"https:\/\/portaltela.pt\/api\/wp\/v2\/media?parent=97612"}],"wp:term":[{"taxonomy":"category","embeddable":true,"href":"https:\/\/portaltela.pt\/api\/wp\/v2\/categories?post=97612"},{"taxonomy":"post_tag","embeddable":true,"href":"https:\/\/portaltela.pt\/api\/wp\/v2\/tags?post=97612"}],"curies":[{"name":"wp","href":"https:\/\/api.w.org\/{rel}","templated":true}]}}