{"id":97608,"date":"2025-12-25T11:56:00","date_gmt":"2025-12-25T14:56:00","guid":{"rendered":"https:\/\/portaltela.pt\/noticias\/2025\/12\/25\/morre-angela-jovem-com-cancro-que-pediu-esperanca-ao-pais\/"},"modified":"2025-12-25T11:56:00","modified_gmt":"2025-12-25T14:56:00","slug":"morre-angela-jovem-com-cancro-que-pediu-esperanca-ao-pais","status":"publish","type":"post","link":"https:\/\/portaltela.pt\/noticias\/2025\/12\/25\/morre-angela-jovem-com-cancro-que-pediu-esperanca-ao-pais\/","title":{"rendered":"Morre \u00c2ngela, jovem com cancro que pediu esperan\u00e7a ao pa\u00eds"},"content":{"rendered":"<p>\u00c2ngela Pereira, uma jovem de 23 anos natural de Viana do Castelo, morreu esta manh\u00e3 no IPO do Porto. A doente oncol\u00f3gica lutava contra o cancro h\u00e1 cerca de tr\u00eas anos. O caso ficou marcado pela infe\u00e7\u00e3o f\u00fangica que complicou o quadro cl\u00ednico.<\/p>\n<p>Ao longo da doen\u00e7a, \u00c2ngela recebeu dois transplantes de medula e efetuou seis linhas de tratamento. O fungo Aspergillus afetou os pulm\u00f5es, obrigando \u00e0 remo\u00e7\u00e3o de parte do pulm\u00e3o direito e \u00e0 utiliza\u00e7\u00e3o de dreno durante parte do per\u00edodo de tratamento.<\/p>\n<p>A pol\u00e9mica p\u00fablica gerada pela situa\u00e7\u00e3o ficou marcada pela sua mensagem de esperan\u00e7a dirigida ao pa\u00eds, numa situa\u00e7\u00e3o de high risk cl\u00ednico. Os m\u00e9dicos do IPO indicaram que tudo foi feito, mas o desfecho foi desfavor\u00e1vel, encerrando o combate contra a doen\u00e7a.<\/p>\n<h3>Contexto cl\u00ednico<\/h3>\n<p>A jovem revelou ter sido transplantada com dador que foi o seu pai e que o segundo transplante visava a cura. O fungo come\u00e7ou a atacar os pulm\u00f5es, levando \u00e0 lobectomia do pulm\u00e3o direito inferior e \u00e0 depend\u00eancia de dreno durante cerca de um m\u00eas para facilitar a respira\u00e7\u00e3o.<\/p>\n<h3>Condi\u00e7\u00f5es atuais<\/h3>\n<p>No IPO do Porto, \u00c2ngela encontrava-se em contextos cl\u00ednicos de alto risco, ap\u00f3s v\u00e1rias tentativas terap\u00eauticas sem sucesso. A fam\u00edlia e o pa\u00eds acompanharam o caso com esperan\u00e7a, at\u00e9 ao desfecho desta manh\u00e3.<\/p>\n","protected":false},"excerpt":{"rendered":"<ul>\n<li>\u00c2ngela Pereira, de 23 anos, natural de Viana do Castelo, morreu esta manh\u00e3, no IPO do Porto, ap\u00f3s lutar contra o cancro h\u00e1 cerca de tr\u00eas anos.<\/li>\n<li>A doente j\u00e1 tinha feito dois transplantes de medula \u00f3ssea e seis linhas de tratamento, al\u00e9m de enfrentar uma infe\u00e7\u00e3o f\u00fangica pelo fungo Aspergillus.<\/li>\n<li>O fungo ataca os pulm\u00f5es, levando \u00e0 remo\u00e7\u00e3o de parte do pulm\u00e3o direito e a permanecer ligada a um dreno 24 horas por dia h\u00e1 cerca de um m\u00eas.<\/li>\n<li>Em p\u00fablico, \u00c2ngela pediu esperan\u00e7a ao pa\u00eds, tendo recebido apoio p\u00fablico durante a sua recupera\u00e7\u00e3o.<\/li>\n<li>O IPO esclareceu que o estado de sa\u00fade da jovem era de alt\u00edssimo risco, mesmo ap\u00f3s v\u00e1rias tentativas de tratamento.<\/li>\n<\/ul>\n","protected":false},"author":2,"featured_media":97609,"comment_status":"closed","ping_status":"closed","sticky":false,"template":"","format":"standard","meta":{"footnotes":""},"categories":[1],"tags":[1874,988,982,1014,1530],"class_list":["post-97608","post","type-post","status-publish","format-standard","has-post-thumbnail","hentry","category-noticias","tag-cancer","tag-infecoes-oportunistas","tag-porto","tag-portugal","tag-viana-do-castelo"],"yoast_head":"<!-- This site is optimized with the Yoast SEO plugin v27.2 - https:\/\/yoast.com\/product\/yoast-seo-wordpress\/ -->\n<title>Morre \u00c2ngela, jovem com cancro que pediu esperan\u00e7a ao pa\u00eds - Portal Tela Portugal<\/title>\n<meta name=\"robots\" content=\"index, follow, max-snippet:-1, max-image-preview:large, max-video-preview:-1\" \/>\n<meta property=\"og:locale\" content=\"pt_PT\" \/>\n<meta property=\"og:type\" content=\"article\" \/>\n<meta property=\"og:title\" content=\"Morre \u00c2ngela, jovem com cancro que pediu esperan\u00e7a ao pa\u00eds - Portal Tela Portugal\" \/>\n<meta property=\"og:description\" content=\"\u00c2ngela Pereira, de 23 anos, natural de Viana do Castelo, morreu esta manh\u00e3, no IPO do Porto, ap\u00f3s lutar contra o cancro h\u00e1 cerca de tr\u00eas anos. A doente j\u00e1 tinha feito dois transplantes de medula \u00f3ssea e seis linhas de tratamento, al\u00e9m de enfrentar uma infe\u00e7\u00e3o f\u00fangica pelo fungo Aspergillus. O fungo ataca os pulm\u00f5es, levando \u00e0 remo\u00e7\u00e3o de parte do pulm\u00e3o direito e a permanecer ligada a um dreno 24 horas por dia h\u00e1 cerca de um m\u00eas. Em p\u00fablico, \u00c2ngela pediu esperan\u00e7a ao pa\u00eds, tendo recebido apoio p\u00fablico durante a sua recupera\u00e7\u00e3o. O IPO esclareceu que o estado de sa\u00fade da jovem era de alt\u00edssimo risco, mesmo ap\u00f3s v\u00e1rias tentativas de tratamento.\" \/>\n<meta property=\"og:url\" content=\"https:\/\/portaltela.pt\/noticias\/2025\/12\/25\/morre-angela-jovem-com-cancro-que-pediu-esperanca-ao-pais\/\" \/>\n<meta property=\"og:site_name\" content=\"Portal Tela Portugal\" \/>\n<meta property=\"article:published_time\" content=\"2025-12-25T14:56:00+00:00\" \/>\n<meta name=\"author\" content=\"Telinha\" \/>\n<meta name=\"twitter:card\" content=\"summary_large_image\" \/>\n<meta name=\"twitter:label1\" content=\"Escrito por\" \/>\n\t<meta name=\"twitter:data1\" content=\"Telinha\" \/>\n\t<meta name=\"twitter:label2\" content=\"Tempo estimado de leitura\" \/>\n\t<meta name=\"twitter:data2\" content=\"1 minuto\" \/>\n<script type=\"application\/ld+json\" class=\"yoast-schema-graph\">{\"@context\":\"https:\/\/schema.org\",\"@graph\":[{\"@type\":\"Article\",\"@id\":\"https:\/\/portaltela.pt\/noticias\/2025\/12\/25\/morre-angela-jovem-com-cancro-que-pediu-esperanca-ao-pais\/#article\",\"isPartOf\":{\"@id\":\"https:\/\/portaltela.pt\/noticias\/2025\/12\/25\/morre-angela-jovem-com-cancro-que-pediu-esperanca-ao-pais\/\"},\"author\":{\"name\":\"Telinha\",\"@id\":\"https:\/\/portaltela.pt\/#\/schema\/person\/c4278d4a6028830caff9ee44b42d32ed\"},\"headline\":\"Morre \u00c2ngela, jovem com cancro que pediu esperan\u00e7a ao pa\u00eds\",\"datePublished\":\"2025-12-25T14:56:00+00:00\",\"mainEntityOfPage\":{\"@id\":\"https:\/\/portaltela.pt\/noticias\/2025\/12\/25\/morre-angela-jovem-com-cancro-que-pediu-esperanca-ao-pais\/\"},\"wordCount\":255,\"image\":{\"@id\":\"https:\/\/portaltela.pt\/noticias\/2025\/12\/25\/morre-angela-jovem-com-cancro-que-pediu-esperanca-ao-pais\/#primaryimage\"},\"thumbnailUrl\":\"https:\/\/portaltela.pt\/s.01k8rhncp4jt1\/2025\/12\/image-1014.jpg\",\"keywords\":[\"C\u00e2ncer\",\"infe\u00e7\u00f5es oportunistas\",\"Porto\",\"Portugal\",\"Viana do Castelo\"],\"articleSection\":[\"Not\u00edcias\"],\"inLanguage\":\"pt-PT\"},{\"@type\":\"WebPage\",\"@id\":\"https:\/\/portaltela.pt\/noticias\/2025\/12\/25\/morre-angela-jovem-com-cancro-que-pediu-esperanca-ao-pais\/\",\"url\":\"https:\/\/portaltela.pt\/noticias\/2025\/12\/25\/morre-angela-jovem-com-cancro-que-pediu-esperanca-ao-pais\/\",\"name\":\"Morre \u00c2ngela, jovem com cancro que pediu esperan\u00e7a ao pa\u00eds - Portal Tela Portugal\",\"isPartOf\":{\"@id\":\"https:\/\/portaltela.pt\/#website\"},\"primaryImageOfPage\":{\"@id\":\"https:\/\/portaltela.pt\/noticias\/2025\/12\/25\/morre-angela-jovem-com-cancro-que-pediu-esperanca-ao-pais\/#primaryimage\"},\"image\":{\"@id\":\"https:\/\/portaltela.pt\/noticias\/2025\/12\/25\/morre-angela-jovem-com-cancro-que-pediu-esperanca-ao-pais\/#primaryimage\"},\"thumbnailUrl\":\"https:\/\/portaltela.pt\/s.01k8rhncp4jt1\/2025\/12\/image-1014.jpg\",\"datePublished\":\"2025-12-25T14:56:00+00:00\",\"author\":{\"@id\":\"https:\/\/portaltela.pt\/#\/schema\/person\/c4278d4a6028830caff9ee44b42d32ed\"},\"breadcrumb\":{\"@id\":\"https:\/\/portaltela.pt\/noticias\/2025\/12\/25\/morre-angela-jovem-com-cancro-que-pediu-esperanca-ao-pais\/#breadcrumb\"},\"inLanguage\":\"pt-PT\",\"potentialAction\":[{\"@type\":\"ReadAction\",\"target\":[\"https:\/\/portaltela.pt\/noticias\/2025\/12\/25\/morre-angela-jovem-com-cancro-que-pediu-esperanca-ao-pais\/\"]}]},{\"@type\":\"ImageObject\",\"inLanguage\":\"pt-PT\",\"@id\":\"https:\/\/portaltela.pt\/noticias\/2025\/12\/25\/morre-angela-jovem-com-cancro-que-pediu-esperanca-ao-pais\/#primaryimage\",\"url\":\"https:\/\/portaltela.pt\/s.01k8rhncp4jt1\/2025\/12\/image-1014.jpg\",\"contentUrl\":\"https:\/\/portaltela.pt\/s.01k8rhncp4jt1\/2025\/12\/image-1014.jpg\",\"width\":796,\"height\":448,\"caption\":\"A jovem, de 23 anos, era natural de Viana do Castelo\"},{\"@type\":\"BreadcrumbList\",\"@id\":\"https:\/\/portaltela.pt\/noticias\/2025\/12\/25\/morre-angela-jovem-com-cancro-que-pediu-esperanca-ao-pais\/#breadcrumb\",\"itemListElement\":[{\"@type\":\"ListItem\",\"position\":1,\"name\":\"In\u00edcio\",\"item\":\"https:\/\/portaltela.pt\/\"},{\"@type\":\"ListItem\",\"position\":2,\"name\":\"Morre \u00c2ngela, jovem com cancro que pediu esperan\u00e7a ao pa\u00eds\"}]},{\"@type\":\"WebSite\",\"@id\":\"https:\/\/portaltela.pt\/#website\",\"url\":\"https:\/\/portaltela.pt\/\",\"name\":\"Portal Tela Portugal\",\"description\":\"\",\"potentialAction\":[{\"@type\":\"SearchAction\",\"target\":{\"@type\":\"EntryPoint\",\"urlTemplate\":\"https:\/\/portaltela.pt\/?s={search_term_string}\"},\"query-input\":{\"@type\":\"PropertyValueSpecification\",\"valueRequired\":true,\"valueName\":\"search_term_string\"}}],\"inLanguage\":\"pt-PT\"},{\"@type\":\"Person\",\"@id\":\"https:\/\/portaltela.pt\/#\/schema\/person\/c4278d4a6028830caff9ee44b42d32ed\",\"name\":\"Telinha\",\"image\":{\"@type\":\"ImageObject\",\"inLanguage\":\"pt-PT\",\"@id\":\"https:\/\/portaltela.pt\/s.01k8rhncp4jt1\/2025\/11\/talking-bot-125x125.png\",\"url\":\"https:\/\/portaltela.pt\/s.01k8rhncp4jt1\/2025\/11\/talking-bot-125x125.png\",\"contentUrl\":\"https:\/\/portaltela.pt\/s.01k8rhncp4jt1\/2025\/11\/talking-bot-125x125.png\",\"caption\":\"Telinha\"},\"sameAs\":[\"https:\/\/portaltela.pt\/\"],\"url\":\"https:\/\/portaltela.pt\/por\/367410592786\/\"}]}<\/script>\n<!-- \/ Yoast SEO plugin. -->","yoast_head_json":{"title":"Morre \u00c2ngela, jovem com cancro que pediu esperan\u00e7a ao pa\u00eds - Portal Tela Portugal","robots":{"index":"index","follow":"follow","max-snippet":"max-snippet:-1","max-image-preview":"max-image-preview:large","max-video-preview":"max-video-preview:-1"},"og_locale":"pt_PT","og_type":"article","og_title":"Morre \u00c2ngela, jovem com cancro que pediu esperan\u00e7a ao pa\u00eds - Portal Tela Portugal","og_description":"\u00c2ngela Pereira, de 23 anos, natural de Viana do Castelo, morreu esta manh\u00e3, no IPO do Porto, ap\u00f3s lutar contra o cancro h\u00e1 cerca de tr\u00eas anos. A doente j\u00e1 tinha feito dois transplantes de medula \u00f3ssea e seis linhas de tratamento, al\u00e9m de enfrentar uma infe\u00e7\u00e3o f\u00fangica pelo fungo Aspergillus. O fungo ataca os pulm\u00f5es, levando \u00e0 remo\u00e7\u00e3o de parte do pulm\u00e3o direito e a permanecer ligada a um dreno 24 horas por dia h\u00e1 cerca de um m\u00eas. Em p\u00fablico, \u00c2ngela pediu esperan\u00e7a ao pa\u00eds, tendo recebido apoio p\u00fablico durante a sua recupera\u00e7\u00e3o. O IPO esclareceu que o estado de sa\u00fade da jovem era de alt\u00edssimo risco, mesmo ap\u00f3s v\u00e1rias tentativas de tratamento.","og_url":"https:\/\/portaltela.pt\/noticias\/2025\/12\/25\/morre-angela-jovem-com-cancro-que-pediu-esperanca-ao-pais\/","og_site_name":"Portal Tela Portugal","article_published_time":"2025-12-25T14:56:00+00:00","author":"Telinha","twitter_card":"summary_large_image","twitter_misc":{"Escrito por":"Telinha","Tempo estimado de leitura":"1 minuto"},"schema":{"@context":"https:\/\/schema.org","@graph":[{"@type":"Article","@id":"https:\/\/portaltela.pt\/noticias\/2025\/12\/25\/morre-angela-jovem-com-cancro-que-pediu-esperanca-ao-pais\/#article","isPartOf":{"@id":"https:\/\/portaltela.pt\/noticias\/2025\/12\/25\/morre-angela-jovem-com-cancro-que-pediu-esperanca-ao-pais\/"},"author":{"name":"Telinha","@id":"https:\/\/portaltela.pt\/#\/schema\/person\/c4278d4a6028830caff9ee44b42d32ed"},"headline":"Morre \u00c2ngela, jovem com cancro que pediu esperan\u00e7a ao pa\u00eds","datePublished":"2025-12-25T14:56:00+00:00","mainEntityOfPage":{"@id":"https:\/\/portaltela.pt\/noticias\/2025\/12\/25\/morre-angela-jovem-com-cancro-que-pediu-esperanca-ao-pais\/"},"wordCount":255,"image":{"@id":"https:\/\/portaltela.pt\/noticias\/2025\/12\/25\/morre-angela-jovem-com-cancro-que-pediu-esperanca-ao-pais\/#primaryimage"},"thumbnailUrl":"https:\/\/portaltela.pt\/s.01k8rhncp4jt1\/2025\/12\/image-1014.jpg","keywords":["C\u00e2ncer","infe\u00e7\u00f5es oportunistas","Porto","Portugal","Viana do Castelo"],"articleSection":["Not\u00edcias"],"inLanguage":"pt-PT"},{"@type":"WebPage","@id":"https:\/\/portaltela.pt\/noticias\/2025\/12\/25\/morre-angela-jovem-com-cancro-que-pediu-esperanca-ao-pais\/","url":"https:\/\/portaltela.pt\/noticias\/2025\/12\/25\/morre-angela-jovem-com-cancro-que-pediu-esperanca-ao-pais\/","name":"Morre \u00c2ngela, jovem com cancro que pediu esperan\u00e7a ao pa\u00eds - Portal Tela Portugal","isPartOf":{"@id":"https:\/\/portaltela.pt\/#website"},"primaryImageOfPage":{"@id":"https:\/\/portaltela.pt\/noticias\/2025\/12\/25\/morre-angela-jovem-com-cancro-que-pediu-esperanca-ao-pais\/#primaryimage"},"image":{"@id":"https:\/\/portaltela.pt\/noticias\/2025\/12\/25\/morre-angela-jovem-com-cancro-que-pediu-esperanca-ao-pais\/#primaryimage"},"thumbnailUrl":"https:\/\/portaltela.pt\/s.01k8rhncp4jt1\/2025\/12\/image-1014.jpg","datePublished":"2025-12-25T14:56:00+00:00","author":{"@id":"https:\/\/portaltela.pt\/#\/schema\/person\/c4278d4a6028830caff9ee44b42d32ed"},"breadcrumb":{"@id":"https:\/\/portaltela.pt\/noticias\/2025\/12\/25\/morre-angela-jovem-com-cancro-que-pediu-esperanca-ao-pais\/#breadcrumb"},"inLanguage":"pt-PT","potentialAction":[{"@type":"ReadAction","target":["https:\/\/portaltela.pt\/noticias\/2025\/12\/25\/morre-angela-jovem-com-cancro-que-pediu-esperanca-ao-pais\/"]}]},{"@type":"ImageObject","inLanguage":"pt-PT","@id":"https:\/\/portaltela.pt\/noticias\/2025\/12\/25\/morre-angela-jovem-com-cancro-que-pediu-esperanca-ao-pais\/#primaryimage","url":"https:\/\/portaltela.pt\/s.01k8rhncp4jt1\/2025\/12\/image-1014.jpg","contentUrl":"https:\/\/portaltela.pt\/s.01k8rhncp4jt1\/2025\/12\/image-1014.jpg","width":796,"height":448,"caption":"A jovem, de 23 anos, era natural de Viana do Castelo"},{"@type":"BreadcrumbList","@id":"https:\/\/portaltela.pt\/noticias\/2025\/12\/25\/morre-angela-jovem-com-cancro-que-pediu-esperanca-ao-pais\/#breadcrumb","itemListElement":[{"@type":"ListItem","position":1,"name":"In\u00edcio","item":"https:\/\/portaltela.pt\/"},{"@type":"ListItem","position":2,"name":"Morre \u00c2ngela, jovem com cancro que pediu esperan\u00e7a ao pa\u00eds"}]},{"@type":"WebSite","@id":"https:\/\/portaltela.pt\/#website","url":"https:\/\/portaltela.pt\/","name":"Portal Tela Portugal","description":"","potentialAction":[{"@type":"SearchAction","target":{"@type":"EntryPoint","urlTemplate":"https:\/\/portaltela.pt\/?s={search_term_string}"},"query-input":{"@type":"PropertyValueSpecification","valueRequired":true,"valueName":"search_term_string"}}],"inLanguage":"pt-PT"},{"@type":"Person","@id":"https:\/\/portaltela.pt\/#\/schema\/person\/c4278d4a6028830caff9ee44b42d32ed","name":"Telinha","image":{"@type":"ImageObject","inLanguage":"pt-PT","@id":"https:\/\/portaltela.pt\/s.01k8rhncp4jt1\/2025\/11\/talking-bot-125x125.png","url":"https:\/\/portaltela.pt\/s.01k8rhncp4jt1\/2025\/11\/talking-bot-125x125.png","contentUrl":"https:\/\/portaltela.pt\/s.01k8rhncp4jt1\/2025\/11\/talking-bot-125x125.png","caption":"Telinha"},"sameAs":["https:\/\/portaltela.pt\/"],"url":"https:\/\/portaltela.pt\/por\/367410592786\/"}]}},"_links":{"self":[{"href":"https:\/\/portaltela.pt\/api\/wp\/v2\/posts\/97608","targetHints":{"allow":["GET"]}}],"collection":[{"href":"https:\/\/portaltela.pt\/api\/wp\/v2\/posts"}],"about":[{"href":"https:\/\/portaltela.pt\/api\/wp\/v2\/types\/post"}],"author":[{"embeddable":true,"href":"https:\/\/portaltela.pt\/api\/wp\/v2\/users\/2"}],"replies":[{"embeddable":true,"href":"https:\/\/portaltela.pt\/api\/wp\/v2\/comments?post=97608"}],"version-history":[{"count":0,"href":"https:\/\/portaltela.pt\/api\/wp\/v2\/posts\/97608\/revisions"}],"wp:featuredmedia":[{"embeddable":true,"href":"https:\/\/portaltela.pt\/api\/wp\/v2\/media\/97609"}],"wp:attachment":[{"href":"https:\/\/portaltela.pt\/api\/wp\/v2\/media?parent=97608"}],"wp:term":[{"taxonomy":"category","embeddable":true,"href":"https:\/\/portaltela.pt\/api\/wp\/v2\/categories?post=97608"},{"taxonomy":"post_tag","embeddable":true,"href":"https:\/\/portaltela.pt\/api\/wp\/v2\/tags?post=97608"}],"curies":[{"name":"wp","href":"https:\/\/api.w.org\/{rel}","templated":true}]}}