{"id":97419,"date":"2025-12-25T08:41:26","date_gmt":"2025-12-25T11:41:26","guid":{"rendered":"https:\/\/portaltela.pt\/noticias\/2025\/12\/25\/natal-fica-marcado-por-12-mortos-e-430-detencoes-por-alcool-ao-volante\/"},"modified":"2025-12-25T08:41:26","modified_gmt":"2025-12-25T11:41:26","slug":"natal-fica-marcado-por-12-mortos-e-430-detencoes-por-alcool-ao-volante","status":"publish","type":"post","link":"https:\/\/portaltela.pt\/noticias\/2025\/12\/25\/natal-fica-marcado-por-12-mortos-e-430-detencoes-por-alcool-ao-volante\/","title":{"rendered":"Natal fica marcado por 12 mortos e 430 deten\u00e7\u00f5es por \u00e1lcool ao volante"},"content":{"rendered":"<p>Durante o per\u00edodo entre 18 e 24 de dezembro, as opera\u00e7\u00f5es de seguran\u00e7a rodovi\u00e1ria associadas ao Natal e Ano Novo resultaram em 12 mortos nas estradas portuguesas e 433 deten\u00e7\u00f5es por condu\u00e7\u00e3o sob \u00e1lcool, segundo balan\u00e7os oficiais.<\/p>\n<p>A PSP registou 459 deten\u00e7\u00f5es no territ\u00f3rio nacional, com 235 por crimes rodovi\u00e1rios. Destaque para 161 deten\u00e7\u00f5es por condu\u00e7\u00e3o sob efeito de \u00e1lcool e 74 por falta de habilita\u00e7\u00e3o. Foram ainda 32 deten\u00e7\u00f5es por crimes contra a propriedade e 35 por tr\u00e1fico de estupefacientes.<\/p>\n<p>Na frente fronteiri\u00e7a, a PSP controlou 9.563 condutores e 35.387 viaturas por radar, realizando 2.734 infra\u00e7\u00f5es. Registaram-se 1.264 acidentes, com 18 feridos graves, 372 ligeiros e tr\u00eas v\u00edtimas mortais.<\/p>\n<p>Por sua vez, a Guarda Nacional Republicana (GNR) fiscalizou 55.244 condutores e identificou 468 situa\u00e7\u00f5es de excesso de \u00e1lcool. Deste total, 272 condutores tinham \u00e1lcool no sangue igual ou superior a 1,2 g\/l, e 86 ficaram detidos por conduzirem sem carta.<\/p>\n<p>A GNR contabilizou 8.580 contraordena\u00e7\u00f5es rodovi\u00e1rias e 1.755 acidentes, que causaram nove mortos, 38 feridos graves e 433 feridos ligeiros. As autoridades sublinham a necessidade de comportamento respons\u00e1vel ao volante durante per\u00edodos festivos.<\/p>\n<p>As autoridades destacam que o balan\u00e7o evidencia a persist\u00eancia de riscos na condu\u00e7\u00e3o durante o Natal e Ano Novo, refor\u00e7ando o apelo ao cumprimento das regras de tr\u00e2nsito para reduzir a sinistralidade.<\/p>\n","protected":false},"excerpt":{"rendered":"<ul>\n<li>Doze mortos nas estradas portuguesas entre 18 e 24 de dezembro, com tr\u00eas v\u00edtimas na \u00e1rea da PSP e nove na da GNR; 433 condutores detidos por condu\u00e7\u00e3o sob o efeito do \u00e1lcool.<\/li>\n<li>Durante a opera\u00e7\u00e3o de Natal, a PSP efetuou quinhentas e cinquenta e nove deten\u00e7\u00f5es em todo o pa\u00eds, destacando-se cento e sessenta e uma por condu\u00e7\u00e3o em estado de embriaguez e setenta e quatro por falta de habilita\u00e7\u00e3o legal para conduzir; foram fiscalizados nove mil e quinhentos e sessenta e tr\u00eas condutores e controladas trinta e cinco mil trezentas e oitenta e sete viaturas por radar.<\/li>\n<li>A PSP registou um mil\u00eas e duzentos e sessenta e quatro acidentes no per\u00edodo, com dezoito feridos graves, trezentos e setenta e dois feridos ligeiros e tr\u00eas v\u00edtimas mortais.<\/li>\n<li>A GNR fiscalizou cinquenta e cinco mil duzentos e quarenta e quatro condutores, identificando quinhentas e sessenta e oito situa\u00e7\u00f5es de excesso de \u00e1lcool; deteve duzentos e setenta e dois condutores com taxa igual ou superior a 1,2 g\/l e oitenta e seis por condu\u00e7\u00e3o sem carta.<\/li>\n<li>A GNR contabilizou oito mil e quinhentos e oitenta contraordena\u00e7\u00f5es e um mil setecentos e cinquenta e cinco acidentes, com nove mortos, quarenta e oito feridos graves e quatrocentos e trinta e tr\u00eas feridos ligeiros. A fronteira a\u00e9rea registrou quinze cidad\u00e3os detidos em situa\u00e7\u00e3o ilegal.<\/li>\n<\/ul>\n","protected":false},"author":2,"featured_media":97422,"comment_status":"closed","ping_status":"closed","sticky":false,"template":"","format":"standard","meta":{"footnotes":""},"categories":[1],"tags":[583,1794,1511,1124,250,1629],"class_list":["post-97419","post","type-post","status-publish","format-standard","has-post-thumbnail","hentry","category-noticias","tag-conducao-sem-carta","tag-conducao-sob-a-influencia-de-bebidas-alcoolicas","tag-ferimentos-graves","tag-infracoes-de-transito","tag-seguranca-publica","tag-transito"],"yoast_head":"<!-- This site is optimized with the Yoast SEO plugin v27.2 - https:\/\/yoast.com\/product\/yoast-seo-wordpress\/ -->\n<title>Natal fica marcado por 12 mortos e 430 deten\u00e7\u00f5es por \u00e1lcool ao volante - Portal Tela Portugal<\/title>\n<meta name=\"robots\" content=\"index, follow, max-snippet:-1, max-image-preview:large, max-video-preview:-1\" \/>\n<meta property=\"og:locale\" content=\"pt_PT\" \/>\n<meta property=\"og:type\" content=\"article\" \/>\n<meta property=\"og:title\" content=\"Natal fica marcado por 12 mortos e 430 deten\u00e7\u00f5es por \u00e1lcool ao volante - Portal Tela Portugal\" \/>\n<meta property=\"og:description\" content=\"Doze mortos nas estradas portuguesas entre 18 e 24 de dezembro, com tr\u00eas v\u00edtimas na \u00e1rea da PSP e nove na da GNR; 433 condutores detidos por condu\u00e7\u00e3o sob o efeito do \u00e1lcool. Durante a opera\u00e7\u00e3o de Natal, a PSP efetuou quinhentas e cinquenta e nove deten\u00e7\u00f5es em todo o pa\u00eds, destacando-se cento e sessenta e uma por condu\u00e7\u00e3o em estado de embriaguez e setenta e quatro por falta de habilita\u00e7\u00e3o legal para conduzir; foram fiscalizados nove mil e quinhentos e sessenta e tr\u00eas condutores e controladas trinta e cinco mil trezentas e oitenta e sete viaturas por radar. A PSP registou um mil\u00eas e duzentos e sessenta e quatro acidentes no per\u00edodo, com dezoito feridos graves, trezentos e setenta e dois feridos ligeiros e tr\u00eas v\u00edtimas mortais. A GNR fiscalizou cinquenta e cinco mil duzentos e quarenta e quatro condutores, identificando quinhentas e sessenta e oito situa\u00e7\u00f5es de excesso de \u00e1lcool; deteve duzentos e setenta e dois condutores com taxa igual ou superior a 1,2 g\/l e oitenta e seis por condu\u00e7\u00e3o sem carta. A GNR contabilizou oito mil e quinhentos e oitenta contraordena\u00e7\u00f5es e um mil setecentos e cinquenta e cinco acidentes, com nove mortos, quarenta e oito feridos graves e quatrocentos e trinta e tr\u00eas feridos ligeiros. A fronteira a\u00e9rea registrou quinze cidad\u00e3os detidos em situa\u00e7\u00e3o ilegal.\" \/>\n<meta property=\"og:url\" content=\"https:\/\/portaltela.pt\/noticias\/2025\/12\/25\/natal-fica-marcado-por-12-mortos-e-430-detencoes-por-alcool-ao-volante\/\" \/>\n<meta property=\"og:site_name\" content=\"Portal Tela Portugal\" \/>\n<meta property=\"article:published_time\" content=\"2025-12-25T11:41:26+00:00\" \/>\n<meta name=\"author\" content=\"Telinha\" \/>\n<meta name=\"twitter:card\" content=\"summary_large_image\" \/>\n<meta name=\"twitter:label1\" content=\"Escrito por\" \/>\n\t<meta name=\"twitter:data1\" content=\"Telinha\" \/>\n\t<meta name=\"twitter:label2\" content=\"Tempo estimado de leitura\" \/>\n\t<meta name=\"twitter:data2\" content=\"1 minuto\" \/>\n<script type=\"application\/ld+json\" class=\"yoast-schema-graph\">{\"@context\":\"https:\/\/schema.org\",\"@graph\":[{\"@type\":\"Article\",\"@id\":\"https:\/\/portaltela.pt\/noticias\/2025\/12\/25\/natal-fica-marcado-por-12-mortos-e-430-detencoes-por-alcool-ao-volante\/#article\",\"isPartOf\":{\"@id\":\"https:\/\/portaltela.pt\/noticias\/2025\/12\/25\/natal-fica-marcado-por-12-mortos-e-430-detencoes-por-alcool-ao-volante\/\"},\"author\":{\"name\":\"Telinha\",\"@id\":\"https:\/\/portaltela.pt\/#\/schema\/person\/c4278d4a6028830caff9ee44b42d32ed\"},\"headline\":\"Natal fica marcado por 12 mortos e 430 deten\u00e7\u00f5es por \u00e1lcool ao volante\",\"datePublished\":\"2025-12-25T11:41:26+00:00\",\"mainEntityOfPage\":{\"@id\":\"https:\/\/portaltela.pt\/noticias\/2025\/12\/25\/natal-fica-marcado-por-12-mortos-e-430-detencoes-por-alcool-ao-volante\/\"},\"wordCount\":233,\"image\":{\"@id\":\"https:\/\/portaltela.pt\/noticias\/2025\/12\/25\/natal-fica-marcado-por-12-mortos-e-430-detencoes-por-alcool-ao-volante\/#primaryimage\"},\"thumbnailUrl\":\"https:\/\/portaltela.pt\/s.01k8rhncp4jt1\/2025\/12\/natal-seguro.jpg\",\"keywords\":[\"condu\u00e7\u00e3o sem carta\",\"condu\u00e7\u00e3o sob a influ\u00eancia de bebidas alco\u00f3licas\",\"ferimentos graves\",\"infra\u00e7\u00f5es de tr\u00e2nsito\",\"seguran\u00e7a p\u00fablica\",\"tr\u00e2nsito\"],\"articleSection\":[\"Not\u00edcias\"],\"inLanguage\":\"pt-PT\"},{\"@type\":\"WebPage\",\"@id\":\"https:\/\/portaltela.pt\/noticias\/2025\/12\/25\/natal-fica-marcado-por-12-mortos-e-430-detencoes-por-alcool-ao-volante\/\",\"url\":\"https:\/\/portaltela.pt\/noticias\/2025\/12\/25\/natal-fica-marcado-por-12-mortos-e-430-detencoes-por-alcool-ao-volante\/\",\"name\":\"Natal fica marcado por 12 mortos e 430 deten\u00e7\u00f5es por \u00e1lcool ao volante - Portal Tela Portugal\",\"isPartOf\":{\"@id\":\"https:\/\/portaltela.pt\/#website\"},\"primaryImageOfPage\":{\"@id\":\"https:\/\/portaltela.pt\/noticias\/2025\/12\/25\/natal-fica-marcado-por-12-mortos-e-430-detencoes-por-alcool-ao-volante\/#primaryimage\"},\"image\":{\"@id\":\"https:\/\/portaltela.pt\/noticias\/2025\/12\/25\/natal-fica-marcado-por-12-mortos-e-430-detencoes-por-alcool-ao-volante\/#primaryimage\"},\"thumbnailUrl\":\"https:\/\/portaltela.pt\/s.01k8rhncp4jt1\/2025\/12\/natal-seguro.jpg\",\"datePublished\":\"2025-12-25T11:41:26+00:00\",\"author\":{\"@id\":\"https:\/\/portaltela.pt\/#\/schema\/person\/c4278d4a6028830caff9ee44b42d32ed\"},\"breadcrumb\":{\"@id\":\"https:\/\/portaltela.pt\/noticias\/2025\/12\/25\/natal-fica-marcado-por-12-mortos-e-430-detencoes-por-alcool-ao-volante\/#breadcrumb\"},\"inLanguage\":\"pt-PT\",\"potentialAction\":[{\"@type\":\"ReadAction\",\"target\":[\"https:\/\/portaltela.pt\/noticias\/2025\/12\/25\/natal-fica-marcado-por-12-mortos-e-430-detencoes-por-alcool-ao-volante\/\"]}]},{\"@type\":\"ImageObject\",\"inLanguage\":\"pt-PT\",\"@id\":\"https:\/\/portaltela.pt\/noticias\/2025\/12\/25\/natal-fica-marcado-por-12-mortos-e-430-detencoes-por-alcool-ao-volante\/#primaryimage\",\"url\":\"https:\/\/portaltela.pt\/s.01k8rhncp4jt1\/2025\/12\/natal-seguro.jpg\",\"contentUrl\":\"https:\/\/portaltela.pt\/s.01k8rhncp4jt1\/2025\/12\/natal-seguro.jpg\",\"width\":796,\"height\":448,\"caption\":\"12 mortos e mais de 430 deten\u00e7\u00f5es por \u00e1lcool ao volante marcam estradas no Natal\"},{\"@type\":\"BreadcrumbList\",\"@id\":\"https:\/\/portaltela.pt\/noticias\/2025\/12\/25\/natal-fica-marcado-por-12-mortos-e-430-detencoes-por-alcool-ao-volante\/#breadcrumb\",\"itemListElement\":[{\"@type\":\"ListItem\",\"position\":1,\"name\":\"In\u00edcio\",\"item\":\"https:\/\/portaltela.pt\/\"},{\"@type\":\"ListItem\",\"position\":2,\"name\":\"Natal fica marcado por 12 mortos e 430 deten\u00e7\u00f5es por \u00e1lcool ao volante\"}]},{\"@type\":\"WebSite\",\"@id\":\"https:\/\/portaltela.pt\/#website\",\"url\":\"https:\/\/portaltela.pt\/\",\"name\":\"Portal Tela Portugal\",\"description\":\"\",\"potentialAction\":[{\"@type\":\"SearchAction\",\"target\":{\"@type\":\"EntryPoint\",\"urlTemplate\":\"https:\/\/portaltela.pt\/?s={search_term_string}\"},\"query-input\":{\"@type\":\"PropertyValueSpecification\",\"valueRequired\":true,\"valueName\":\"search_term_string\"}}],\"inLanguage\":\"pt-PT\"},{\"@type\":\"Person\",\"@id\":\"https:\/\/portaltela.pt\/#\/schema\/person\/c4278d4a6028830caff9ee44b42d32ed\",\"name\":\"Telinha\",\"image\":{\"@type\":\"ImageObject\",\"inLanguage\":\"pt-PT\",\"@id\":\"https:\/\/portaltela.pt\/s.01k8rhncp4jt1\/2025\/11\/talking-bot-125x125.png\",\"url\":\"https:\/\/portaltela.pt\/s.01k8rhncp4jt1\/2025\/11\/talking-bot-125x125.png\",\"contentUrl\":\"https:\/\/portaltela.pt\/s.01k8rhncp4jt1\/2025\/11\/talking-bot-125x125.png\",\"caption\":\"Telinha\"},\"sameAs\":[\"https:\/\/portaltela.pt\/\"],\"url\":\"https:\/\/portaltela.pt\/por\/367410592786\/\"}]}<\/script>\n<!-- \/ Yoast SEO plugin. -->","yoast_head_json":{"title":"Natal fica marcado por 12 mortos e 430 deten\u00e7\u00f5es por \u00e1lcool ao volante - Portal Tela Portugal","robots":{"index":"index","follow":"follow","max-snippet":"max-snippet:-1","max-image-preview":"max-image-preview:large","max-video-preview":"max-video-preview:-1"},"og_locale":"pt_PT","og_type":"article","og_title":"Natal fica marcado por 12 mortos e 430 deten\u00e7\u00f5es por \u00e1lcool ao volante - Portal Tela Portugal","og_description":"Doze mortos nas estradas portuguesas entre 18 e 24 de dezembro, com tr\u00eas v\u00edtimas na \u00e1rea da PSP e nove na da GNR; 433 condutores detidos por condu\u00e7\u00e3o sob o efeito do \u00e1lcool. Durante a opera\u00e7\u00e3o de Natal, a PSP efetuou quinhentas e cinquenta e nove deten\u00e7\u00f5es em todo o pa\u00eds, destacando-se cento e sessenta e uma por condu\u00e7\u00e3o em estado de embriaguez e setenta e quatro por falta de habilita\u00e7\u00e3o legal para conduzir; foram fiscalizados nove mil e quinhentos e sessenta e tr\u00eas condutores e controladas trinta e cinco mil trezentas e oitenta e sete viaturas por radar. A PSP registou um mil\u00eas e duzentos e sessenta e quatro acidentes no per\u00edodo, com dezoito feridos graves, trezentos e setenta e dois feridos ligeiros e tr\u00eas v\u00edtimas mortais. A GNR fiscalizou cinquenta e cinco mil duzentos e quarenta e quatro condutores, identificando quinhentas e sessenta e oito situa\u00e7\u00f5es de excesso de \u00e1lcool; deteve duzentos e setenta e dois condutores com taxa igual ou superior a 1,2 g\/l e oitenta e seis por condu\u00e7\u00e3o sem carta. A GNR contabilizou oito mil e quinhentos e oitenta contraordena\u00e7\u00f5es e um mil setecentos e cinquenta e cinco acidentes, com nove mortos, quarenta e oito feridos graves e quatrocentos e trinta e tr\u00eas feridos ligeiros. A fronteira a\u00e9rea registrou quinze cidad\u00e3os detidos em situa\u00e7\u00e3o ilegal.","og_url":"https:\/\/portaltela.pt\/noticias\/2025\/12\/25\/natal-fica-marcado-por-12-mortos-e-430-detencoes-por-alcool-ao-volante\/","og_site_name":"Portal Tela Portugal","article_published_time":"2025-12-25T11:41:26+00:00","author":"Telinha","twitter_card":"summary_large_image","twitter_misc":{"Escrito por":"Telinha","Tempo estimado de leitura":"1 minuto"},"schema":{"@context":"https:\/\/schema.org","@graph":[{"@type":"Article","@id":"https:\/\/portaltela.pt\/noticias\/2025\/12\/25\/natal-fica-marcado-por-12-mortos-e-430-detencoes-por-alcool-ao-volante\/#article","isPartOf":{"@id":"https:\/\/portaltela.pt\/noticias\/2025\/12\/25\/natal-fica-marcado-por-12-mortos-e-430-detencoes-por-alcool-ao-volante\/"},"author":{"name":"Telinha","@id":"https:\/\/portaltela.pt\/#\/schema\/person\/c4278d4a6028830caff9ee44b42d32ed"},"headline":"Natal fica marcado por 12 mortos e 430 deten\u00e7\u00f5es por \u00e1lcool ao volante","datePublished":"2025-12-25T11:41:26+00:00","mainEntityOfPage":{"@id":"https:\/\/portaltela.pt\/noticias\/2025\/12\/25\/natal-fica-marcado-por-12-mortos-e-430-detencoes-por-alcool-ao-volante\/"},"wordCount":233,"image":{"@id":"https:\/\/portaltela.pt\/noticias\/2025\/12\/25\/natal-fica-marcado-por-12-mortos-e-430-detencoes-por-alcool-ao-volante\/#primaryimage"},"thumbnailUrl":"https:\/\/portaltela.pt\/s.01k8rhncp4jt1\/2025\/12\/natal-seguro.jpg","keywords":["condu\u00e7\u00e3o sem carta","condu\u00e7\u00e3o sob a influ\u00eancia de bebidas alco\u00f3licas","ferimentos graves","infra\u00e7\u00f5es de tr\u00e2nsito","seguran\u00e7a p\u00fablica","tr\u00e2nsito"],"articleSection":["Not\u00edcias"],"inLanguage":"pt-PT"},{"@type":"WebPage","@id":"https:\/\/portaltela.pt\/noticias\/2025\/12\/25\/natal-fica-marcado-por-12-mortos-e-430-detencoes-por-alcool-ao-volante\/","url":"https:\/\/portaltela.pt\/noticias\/2025\/12\/25\/natal-fica-marcado-por-12-mortos-e-430-detencoes-por-alcool-ao-volante\/","name":"Natal fica marcado por 12 mortos e 430 deten\u00e7\u00f5es por \u00e1lcool ao volante - Portal Tela Portugal","isPartOf":{"@id":"https:\/\/portaltela.pt\/#website"},"primaryImageOfPage":{"@id":"https:\/\/portaltela.pt\/noticias\/2025\/12\/25\/natal-fica-marcado-por-12-mortos-e-430-detencoes-por-alcool-ao-volante\/#primaryimage"},"image":{"@id":"https:\/\/portaltela.pt\/noticias\/2025\/12\/25\/natal-fica-marcado-por-12-mortos-e-430-detencoes-por-alcool-ao-volante\/#primaryimage"},"thumbnailUrl":"https:\/\/portaltela.pt\/s.01k8rhncp4jt1\/2025\/12\/natal-seguro.jpg","datePublished":"2025-12-25T11:41:26+00:00","author":{"@id":"https:\/\/portaltela.pt\/#\/schema\/person\/c4278d4a6028830caff9ee44b42d32ed"},"breadcrumb":{"@id":"https:\/\/portaltela.pt\/noticias\/2025\/12\/25\/natal-fica-marcado-por-12-mortos-e-430-detencoes-por-alcool-ao-volante\/#breadcrumb"},"inLanguage":"pt-PT","potentialAction":[{"@type":"ReadAction","target":["https:\/\/portaltela.pt\/noticias\/2025\/12\/25\/natal-fica-marcado-por-12-mortos-e-430-detencoes-por-alcool-ao-volante\/"]}]},{"@type":"ImageObject","inLanguage":"pt-PT","@id":"https:\/\/portaltela.pt\/noticias\/2025\/12\/25\/natal-fica-marcado-por-12-mortos-e-430-detencoes-por-alcool-ao-volante\/#primaryimage","url":"https:\/\/portaltela.pt\/s.01k8rhncp4jt1\/2025\/12\/natal-seguro.jpg","contentUrl":"https:\/\/portaltela.pt\/s.01k8rhncp4jt1\/2025\/12\/natal-seguro.jpg","width":796,"height":448,"caption":"12 mortos e mais de 430 deten\u00e7\u00f5es por \u00e1lcool ao volante marcam estradas no Natal"},{"@type":"BreadcrumbList","@id":"https:\/\/portaltela.pt\/noticias\/2025\/12\/25\/natal-fica-marcado-por-12-mortos-e-430-detencoes-por-alcool-ao-volante\/#breadcrumb","itemListElement":[{"@type":"ListItem","position":1,"name":"In\u00edcio","item":"https:\/\/portaltela.pt\/"},{"@type":"ListItem","position":2,"name":"Natal fica marcado por 12 mortos e 430 deten\u00e7\u00f5es por \u00e1lcool ao volante"}]},{"@type":"WebSite","@id":"https:\/\/portaltela.pt\/#website","url":"https:\/\/portaltela.pt\/","name":"Portal Tela Portugal","description":"","potentialAction":[{"@type":"SearchAction","target":{"@type":"EntryPoint","urlTemplate":"https:\/\/portaltela.pt\/?s={search_term_string}"},"query-input":{"@type":"PropertyValueSpecification","valueRequired":true,"valueName":"search_term_string"}}],"inLanguage":"pt-PT"},{"@type":"Person","@id":"https:\/\/portaltela.pt\/#\/schema\/person\/c4278d4a6028830caff9ee44b42d32ed","name":"Telinha","image":{"@type":"ImageObject","inLanguage":"pt-PT","@id":"https:\/\/portaltela.pt\/s.01k8rhncp4jt1\/2025\/11\/talking-bot-125x125.png","url":"https:\/\/portaltela.pt\/s.01k8rhncp4jt1\/2025\/11\/talking-bot-125x125.png","contentUrl":"https:\/\/portaltela.pt\/s.01k8rhncp4jt1\/2025\/11\/talking-bot-125x125.png","caption":"Telinha"},"sameAs":["https:\/\/portaltela.pt\/"],"url":"https:\/\/portaltela.pt\/por\/367410592786\/"}]}},"_links":{"self":[{"href":"https:\/\/portaltela.pt\/api\/wp\/v2\/posts\/97419","targetHints":{"allow":["GET"]}}],"collection":[{"href":"https:\/\/portaltela.pt\/api\/wp\/v2\/posts"}],"about":[{"href":"https:\/\/portaltela.pt\/api\/wp\/v2\/types\/post"}],"author":[{"embeddable":true,"href":"https:\/\/portaltela.pt\/api\/wp\/v2\/users\/2"}],"replies":[{"embeddable":true,"href":"https:\/\/portaltela.pt\/api\/wp\/v2\/comments?post=97419"}],"version-history":[{"count":0,"href":"https:\/\/portaltela.pt\/api\/wp\/v2\/posts\/97419\/revisions"}],"wp:featuredmedia":[{"embeddable":true,"href":"https:\/\/portaltela.pt\/api\/wp\/v2\/media\/97422"}],"wp:attachment":[{"href":"https:\/\/portaltela.pt\/api\/wp\/v2\/media?parent=97419"}],"wp:term":[{"taxonomy":"category","embeddable":true,"href":"https:\/\/portaltela.pt\/api\/wp\/v2\/categories?post=97419"},{"taxonomy":"post_tag","embeddable":true,"href":"https:\/\/portaltela.pt\/api\/wp\/v2\/tags?post=97419"}],"curies":[{"name":"wp","href":"https:\/\/api.w.org\/{rel}","templated":true}]}}