{"id":97395,"date":"2025-12-25T08:40:00","date_gmt":"2025-12-25T11:40:00","guid":{"rendered":"https:\/\/portaltela.pt\/noticias\/2025\/12\/25\/doze-mortos-e-433-condutores-detidos-por-alcool-em-sete-dias\/"},"modified":"2025-12-25T08:40:00","modified_gmt":"2025-12-25T11:40:00","slug":"doze-mortos-e-433-condutores-detidos-por-alcool-em-sete-dias","status":"publish","type":"post","link":"https:\/\/portaltela.pt\/noticias\/2025\/12\/25\/doze-mortos-e-433-condutores-detidos-por-alcool-em-sete-dias\/","title":{"rendered":"Doze mortos e 433 condutores detidos por \u00e1lcool em sete dias"},"content":{"rendered":"<p>Entre 18 e 24 de dezembro, a opera\u00e7\u00e3o Natal e Ano Novo 2025\/2026 verificada pela PSP e GNR registou 12 mortos e 433 condutores detidos por condu\u00e7\u00e3o sob efeito de \u00e1lcool. O balan\u00e7o aponta a\u00e7\u00f5es de fiscaliza\u00e7\u00e3o em todo o territ\u00f3rio nacional, com foco na seguran\u00e7a rodovi\u00e1ria durante o per\u00edodo festivo.<\/p>\n<p>Na PSP, foram registadas 459 deten\u00e7\u00f5es, com 235 crimes rodovi\u00e1rios, 161 por embriaguez e 74 por falta de habilita\u00e7\u00e3o. Tamb\u00e9m houve deten\u00e7\u00f5es por crimes contra a propriedade (32) e por tr\u00e1fico de estupefacientes (35). A fronteira a\u00e9rea reportou 15 deten\u00e7\u00f5es por situa\u00e7\u00e3o ilegal.<\/p>\n<p>A servi\u00e7o de radar, a PSP fiscalizou 9.563 condutores e 35.387 viaturas, resultando em 2.734 infra\u00e7\u00f5es. Na \u00e1rea de atua\u00e7\u00e3o da PSP, ocorreram 1.264 acidentes, com 390 feridos e 3 mortos.<\/p>\n<h3>Excesso de \u00e1lcool e deten\u00e7\u00f5es<\/h3>\n<p>Segundo a GNR, entre 18 e 24 de dezembro foram fiscalizados 55.244 condutores, com 468 detidos por excesso de \u00e1lcool; 272 estavam com taxa de alcoolemia igual ou superior a 1,2 g\/l. Al\u00e9m disso, 86 condutores foram detidos por falta de habilita\u00e7\u00e3o.<\/p>\n<p>Foram emitidas 8.580 contraordena\u00e7\u00f5es rodovi\u00e1rias. O total de acidentes no per\u00edodo foi de 1.755, com 9 mortos, 38 feridos graves e 433 feridos leves.<\/p>\n","protected":false},"excerpt":{"rendered":"<ul>\n<li>Doze pessoas morreram entre 18 e 24 de dezembro, no \u00e2mbito da opera\u00e7\u00e3o Natal e Ano Novo 2025\/2026.<\/li>\n<li>A PSP registou 459 deten\u00e7\u00f5es, com 235 crimes rodovi\u00e1rios, 161 por embriaguez e 74 por falta de habilita\u00e7\u00e3o.<\/li>\n<li>Foram detidos 32 por crimes contra a propriedade e 35 por tr\u00e1fico de estupefacientes, com 45.253 doses apreendidas; ainda houve 15 deten\u00e7\u00f5es por situa\u00e7\u00e3o ilegal na fronteira a\u00e9rea.<\/li>\n<li>Na fiscaliza\u00e7\u00e3o de radar, a PSP fiscalizou 9.563 condutores e 35.387 viaturas, resultando em 2.734 infra\u00e7\u00f5es.<\/li>\n<li>A sinistralidade: PSP registou 1.264 acidentes com 390 feridos e 3 mortos; na GNR, 55.244 condutores fiscalizados, 468 com excesso de \u00e1lcool e 272 detidos (taxa \u2265 1,2 g\/l), 86 sem habilita\u00e7\u00e3o, com 9 mortos, 38 feridos graves e 433 feridos leves.<\/li>\n<\/ul>\n","protected":false},"author":2,"featured_media":97405,"comment_status":"closed","ping_status":"closed","sticky":false,"template":"","format":"standard","meta":{"footnotes":""},"categories":[1],"tags":[1794,1692,1014,250,1629],"class_list":["post-97395","post","type-post","status-publish","format-standard","has-post-thumbnail","hentry","category-noticias","tag-conducao-sob-a-influencia-de-bebidas-alcoolicas","tag-fiscalizacao-de-transito","tag-portugal","tag-seguranca-publica","tag-transito"],"yoast_head":"<!-- This site is optimized with the Yoast SEO plugin v27.2 - https:\/\/yoast.com\/product\/yoast-seo-wordpress\/ -->\n<title>Doze mortos e 433 condutores detidos por \u00e1lcool em sete dias - Portal Tela Portugal<\/title>\n<meta name=\"robots\" content=\"index, follow, max-snippet:-1, max-image-preview:large, max-video-preview:-1\" \/>\n<meta property=\"og:locale\" content=\"pt_PT\" \/>\n<meta property=\"og:type\" content=\"article\" \/>\n<meta property=\"og:title\" content=\"Doze mortos e 433 condutores detidos por \u00e1lcool em sete dias - Portal Tela Portugal\" \/>\n<meta property=\"og:description\" content=\"Doze pessoas morreram entre 18 e 24 de dezembro, no \u00e2mbito da opera\u00e7\u00e3o Natal e Ano Novo 2025\/2026. A PSP registou 459 deten\u00e7\u00f5es, com 235 crimes rodovi\u00e1rios, 161 por embriaguez e 74 por falta de habilita\u00e7\u00e3o. Foram detidos 32 por crimes contra a propriedade e 35 por tr\u00e1fico de estupefacientes, com 45.253 doses apreendidas; ainda houve 15 deten\u00e7\u00f5es por situa\u00e7\u00e3o ilegal na fronteira a\u00e9rea. Na fiscaliza\u00e7\u00e3o de radar, a PSP fiscalizou 9.563 condutores e 35.387 viaturas, resultando em 2.734 infra\u00e7\u00f5es. A sinistralidade: PSP registou 1.264 acidentes com 390 feridos e 3 mortos; na GNR, 55.244 condutores fiscalizados, 468 com excesso de \u00e1lcool e 272 detidos (taxa \u2265 1,2 g\/l), 86 sem habilita\u00e7\u00e3o, com 9 mortos, 38 feridos graves e 433 feridos leves.\" \/>\n<meta property=\"og:url\" content=\"https:\/\/portaltela.pt\/noticias\/2025\/12\/25\/doze-mortos-e-433-condutores-detidos-por-alcool-em-sete-dias\/\" \/>\n<meta property=\"og:site_name\" content=\"Portal Tela Portugal\" \/>\n<meta property=\"article:published_time\" content=\"2025-12-25T11:40:00+00:00\" \/>\n<meta name=\"author\" content=\"Telinha\" \/>\n<meta name=\"twitter:card\" content=\"summary_large_image\" \/>\n<meta name=\"twitter:label1\" content=\"Escrito por\" \/>\n\t<meta name=\"twitter:data1\" content=\"Telinha\" \/>\n\t<meta name=\"twitter:label2\" content=\"Tempo estimado de leitura\" \/>\n\t<meta name=\"twitter:data2\" content=\"1 minuto\" \/>\n<script type=\"application\/ld+json\" class=\"yoast-schema-graph\">{\"@context\":\"https:\/\/schema.org\",\"@graph\":[{\"@type\":\"Article\",\"@id\":\"https:\/\/portaltela.pt\/noticias\/2025\/12\/25\/doze-mortos-e-433-condutores-detidos-por-alcool-em-sete-dias\/#article\",\"isPartOf\":{\"@id\":\"https:\/\/portaltela.pt\/noticias\/2025\/12\/25\/doze-mortos-e-433-condutores-detidos-por-alcool-em-sete-dias\/\"},\"author\":{\"name\":\"Telinha\",\"@id\":\"https:\/\/portaltela.pt\/#\/schema\/person\/c4278d4a6028830caff9ee44b42d32ed\"},\"headline\":\"Doze mortos e 433 condutores detidos por \u00e1lcool em sete dias\",\"datePublished\":\"2025-12-25T11:40:00+00:00\",\"mainEntityOfPage\":{\"@id\":\"https:\/\/portaltela.pt\/noticias\/2025\/12\/25\/doze-mortos-e-433-condutores-detidos-por-alcool-em-sete-dias\/\"},\"wordCount\":204,\"image\":{\"@id\":\"https:\/\/portaltela.pt\/noticias\/2025\/12\/25\/doze-mortos-e-433-condutores-detidos-por-alcool-em-sete-dias\/#primaryimage\"},\"thumbnailUrl\":\"https:\/\/portaltela.pt\/s.01k8rhncp4jt1\/2025\/12\/image-1005.jpg\",\"keywords\":[\"condu\u00e7\u00e3o sob a influ\u00eancia de bebidas alco\u00f3licas\",\"fiscaliza\u00e7\u00e3o de tr\u00e2nsito\",\"Portugal\",\"seguran\u00e7a p\u00fablica\",\"tr\u00e2nsito\"],\"articleSection\":[\"Not\u00edcias\"],\"inLanguage\":\"pt-PT\"},{\"@type\":\"WebPage\",\"@id\":\"https:\/\/portaltela.pt\/noticias\/2025\/12\/25\/doze-mortos-e-433-condutores-detidos-por-alcool-em-sete-dias\/\",\"url\":\"https:\/\/portaltela.pt\/noticias\/2025\/12\/25\/doze-mortos-e-433-condutores-detidos-por-alcool-em-sete-dias\/\",\"name\":\"Doze mortos e 433 condutores detidos por \u00e1lcool em sete dias - Portal Tela Portugal\",\"isPartOf\":{\"@id\":\"https:\/\/portaltela.pt\/#website\"},\"primaryImageOfPage\":{\"@id\":\"https:\/\/portaltela.pt\/noticias\/2025\/12\/25\/doze-mortos-e-433-condutores-detidos-por-alcool-em-sete-dias\/#primaryimage\"},\"image\":{\"@id\":\"https:\/\/portaltela.pt\/noticias\/2025\/12\/25\/doze-mortos-e-433-condutores-detidos-por-alcool-em-sete-dias\/#primaryimage\"},\"thumbnailUrl\":\"https:\/\/portaltela.pt\/s.01k8rhncp4jt1\/2025\/12\/image-1005.jpg\",\"datePublished\":\"2025-12-25T11:40:00+00:00\",\"author\":{\"@id\":\"https:\/\/portaltela.pt\/#\/schema\/person\/c4278d4a6028830caff9ee44b42d32ed\"},\"breadcrumb\":{\"@id\":\"https:\/\/portaltela.pt\/noticias\/2025\/12\/25\/doze-mortos-e-433-condutores-detidos-por-alcool-em-sete-dias\/#breadcrumb\"},\"inLanguage\":\"pt-PT\",\"potentialAction\":[{\"@type\":\"ReadAction\",\"target\":[\"https:\/\/portaltela.pt\/noticias\/2025\/12\/25\/doze-mortos-e-433-condutores-detidos-por-alcool-em-sete-dias\/\"]}]},{\"@type\":\"ImageObject\",\"inLanguage\":\"pt-PT\",\"@id\":\"https:\/\/portaltela.pt\/noticias\/2025\/12\/25\/doze-mortos-e-433-condutores-detidos-por-alcool-em-sete-dias\/#primaryimage\",\"url\":\"https:\/\/portaltela.pt\/s.01k8rhncp4jt1\/2025\/12\/image-1005.jpg\",\"contentUrl\":\"https:\/\/portaltela.pt\/s.01k8rhncp4jt1\/2025\/12\/image-1005.jpg\",\"width\":796,\"height\":448,\"caption\":\"Do total, 235 deten\u00e7\u00f5es foram por crimes rodovi\u00e1rios, 161 por condu\u00e7\u00e3o em estado de embriaguez e 74 por falta de habilita\u00e7\u00e3o legal para conduzir\"},{\"@type\":\"BreadcrumbList\",\"@id\":\"https:\/\/portaltela.pt\/noticias\/2025\/12\/25\/doze-mortos-e-433-condutores-detidos-por-alcool-em-sete-dias\/#breadcrumb\",\"itemListElement\":[{\"@type\":\"ListItem\",\"position\":1,\"name\":\"In\u00edcio\",\"item\":\"https:\/\/portaltela.pt\/\"},{\"@type\":\"ListItem\",\"position\":2,\"name\":\"Doze mortos e 433 condutores detidos por \u00e1lcool em sete dias\"}]},{\"@type\":\"WebSite\",\"@id\":\"https:\/\/portaltela.pt\/#website\",\"url\":\"https:\/\/portaltela.pt\/\",\"name\":\"Portal Tela Portugal\",\"description\":\"\",\"potentialAction\":[{\"@type\":\"SearchAction\",\"target\":{\"@type\":\"EntryPoint\",\"urlTemplate\":\"https:\/\/portaltela.pt\/?s={search_term_string}\"},\"query-input\":{\"@type\":\"PropertyValueSpecification\",\"valueRequired\":true,\"valueName\":\"search_term_string\"}}],\"inLanguage\":\"pt-PT\"},{\"@type\":\"Person\",\"@id\":\"https:\/\/portaltela.pt\/#\/schema\/person\/c4278d4a6028830caff9ee44b42d32ed\",\"name\":\"Telinha\",\"image\":{\"@type\":\"ImageObject\",\"inLanguage\":\"pt-PT\",\"@id\":\"https:\/\/portaltela.pt\/s.01k8rhncp4jt1\/2025\/11\/talking-bot-125x125.png\",\"url\":\"https:\/\/portaltela.pt\/s.01k8rhncp4jt1\/2025\/11\/talking-bot-125x125.png\",\"contentUrl\":\"https:\/\/portaltela.pt\/s.01k8rhncp4jt1\/2025\/11\/talking-bot-125x125.png\",\"caption\":\"Telinha\"},\"sameAs\":[\"https:\/\/portaltela.pt\/\"],\"url\":\"https:\/\/portaltela.pt\/por\/367410592786\/\"}]}<\/script>\n<!-- \/ Yoast SEO plugin. -->","yoast_head_json":{"title":"Doze mortos e 433 condutores detidos por \u00e1lcool em sete dias - Portal Tela Portugal","robots":{"index":"index","follow":"follow","max-snippet":"max-snippet:-1","max-image-preview":"max-image-preview:large","max-video-preview":"max-video-preview:-1"},"og_locale":"pt_PT","og_type":"article","og_title":"Doze mortos e 433 condutores detidos por \u00e1lcool em sete dias - Portal Tela Portugal","og_description":"Doze pessoas morreram entre 18 e 24 de dezembro, no \u00e2mbito da opera\u00e7\u00e3o Natal e Ano Novo 2025\/2026. A PSP registou 459 deten\u00e7\u00f5es, com 235 crimes rodovi\u00e1rios, 161 por embriaguez e 74 por falta de habilita\u00e7\u00e3o. Foram detidos 32 por crimes contra a propriedade e 35 por tr\u00e1fico de estupefacientes, com 45.253 doses apreendidas; ainda houve 15 deten\u00e7\u00f5es por situa\u00e7\u00e3o ilegal na fronteira a\u00e9rea. Na fiscaliza\u00e7\u00e3o de radar, a PSP fiscalizou 9.563 condutores e 35.387 viaturas, resultando em 2.734 infra\u00e7\u00f5es. A sinistralidade: PSP registou 1.264 acidentes com 390 feridos e 3 mortos; na GNR, 55.244 condutores fiscalizados, 468 com excesso de \u00e1lcool e 272 detidos (taxa \u2265 1,2 g\/l), 86 sem habilita\u00e7\u00e3o, com 9 mortos, 38 feridos graves e 433 feridos leves.","og_url":"https:\/\/portaltela.pt\/noticias\/2025\/12\/25\/doze-mortos-e-433-condutores-detidos-por-alcool-em-sete-dias\/","og_site_name":"Portal Tela Portugal","article_published_time":"2025-12-25T11:40:00+00:00","author":"Telinha","twitter_card":"summary_large_image","twitter_misc":{"Escrito por":"Telinha","Tempo estimado de leitura":"1 minuto"},"schema":{"@context":"https:\/\/schema.org","@graph":[{"@type":"Article","@id":"https:\/\/portaltela.pt\/noticias\/2025\/12\/25\/doze-mortos-e-433-condutores-detidos-por-alcool-em-sete-dias\/#article","isPartOf":{"@id":"https:\/\/portaltela.pt\/noticias\/2025\/12\/25\/doze-mortos-e-433-condutores-detidos-por-alcool-em-sete-dias\/"},"author":{"name":"Telinha","@id":"https:\/\/portaltela.pt\/#\/schema\/person\/c4278d4a6028830caff9ee44b42d32ed"},"headline":"Doze mortos e 433 condutores detidos por \u00e1lcool em sete dias","datePublished":"2025-12-25T11:40:00+00:00","mainEntityOfPage":{"@id":"https:\/\/portaltela.pt\/noticias\/2025\/12\/25\/doze-mortos-e-433-condutores-detidos-por-alcool-em-sete-dias\/"},"wordCount":204,"image":{"@id":"https:\/\/portaltela.pt\/noticias\/2025\/12\/25\/doze-mortos-e-433-condutores-detidos-por-alcool-em-sete-dias\/#primaryimage"},"thumbnailUrl":"https:\/\/portaltela.pt\/s.01k8rhncp4jt1\/2025\/12\/image-1005.jpg","keywords":["condu\u00e7\u00e3o sob a influ\u00eancia de bebidas alco\u00f3licas","fiscaliza\u00e7\u00e3o de tr\u00e2nsito","Portugal","seguran\u00e7a p\u00fablica","tr\u00e2nsito"],"articleSection":["Not\u00edcias"],"inLanguage":"pt-PT"},{"@type":"WebPage","@id":"https:\/\/portaltela.pt\/noticias\/2025\/12\/25\/doze-mortos-e-433-condutores-detidos-por-alcool-em-sete-dias\/","url":"https:\/\/portaltela.pt\/noticias\/2025\/12\/25\/doze-mortos-e-433-condutores-detidos-por-alcool-em-sete-dias\/","name":"Doze mortos e 433 condutores detidos por \u00e1lcool em sete dias - Portal Tela Portugal","isPartOf":{"@id":"https:\/\/portaltela.pt\/#website"},"primaryImageOfPage":{"@id":"https:\/\/portaltela.pt\/noticias\/2025\/12\/25\/doze-mortos-e-433-condutores-detidos-por-alcool-em-sete-dias\/#primaryimage"},"image":{"@id":"https:\/\/portaltela.pt\/noticias\/2025\/12\/25\/doze-mortos-e-433-condutores-detidos-por-alcool-em-sete-dias\/#primaryimage"},"thumbnailUrl":"https:\/\/portaltela.pt\/s.01k8rhncp4jt1\/2025\/12\/image-1005.jpg","datePublished":"2025-12-25T11:40:00+00:00","author":{"@id":"https:\/\/portaltela.pt\/#\/schema\/person\/c4278d4a6028830caff9ee44b42d32ed"},"breadcrumb":{"@id":"https:\/\/portaltela.pt\/noticias\/2025\/12\/25\/doze-mortos-e-433-condutores-detidos-por-alcool-em-sete-dias\/#breadcrumb"},"inLanguage":"pt-PT","potentialAction":[{"@type":"ReadAction","target":["https:\/\/portaltela.pt\/noticias\/2025\/12\/25\/doze-mortos-e-433-condutores-detidos-por-alcool-em-sete-dias\/"]}]},{"@type":"ImageObject","inLanguage":"pt-PT","@id":"https:\/\/portaltela.pt\/noticias\/2025\/12\/25\/doze-mortos-e-433-condutores-detidos-por-alcool-em-sete-dias\/#primaryimage","url":"https:\/\/portaltela.pt\/s.01k8rhncp4jt1\/2025\/12\/image-1005.jpg","contentUrl":"https:\/\/portaltela.pt\/s.01k8rhncp4jt1\/2025\/12\/image-1005.jpg","width":796,"height":448,"caption":"Do total, 235 deten\u00e7\u00f5es foram por crimes rodovi\u00e1rios, 161 por condu\u00e7\u00e3o em estado de embriaguez e 74 por falta de habilita\u00e7\u00e3o legal para conduzir"},{"@type":"BreadcrumbList","@id":"https:\/\/portaltela.pt\/noticias\/2025\/12\/25\/doze-mortos-e-433-condutores-detidos-por-alcool-em-sete-dias\/#breadcrumb","itemListElement":[{"@type":"ListItem","position":1,"name":"In\u00edcio","item":"https:\/\/portaltela.pt\/"},{"@type":"ListItem","position":2,"name":"Doze mortos e 433 condutores detidos por \u00e1lcool em sete dias"}]},{"@type":"WebSite","@id":"https:\/\/portaltela.pt\/#website","url":"https:\/\/portaltela.pt\/","name":"Portal Tela Portugal","description":"","potentialAction":[{"@type":"SearchAction","target":{"@type":"EntryPoint","urlTemplate":"https:\/\/portaltela.pt\/?s={search_term_string}"},"query-input":{"@type":"PropertyValueSpecification","valueRequired":true,"valueName":"search_term_string"}}],"inLanguage":"pt-PT"},{"@type":"Person","@id":"https:\/\/portaltela.pt\/#\/schema\/person\/c4278d4a6028830caff9ee44b42d32ed","name":"Telinha","image":{"@type":"ImageObject","inLanguage":"pt-PT","@id":"https:\/\/portaltela.pt\/s.01k8rhncp4jt1\/2025\/11\/talking-bot-125x125.png","url":"https:\/\/portaltela.pt\/s.01k8rhncp4jt1\/2025\/11\/talking-bot-125x125.png","contentUrl":"https:\/\/portaltela.pt\/s.01k8rhncp4jt1\/2025\/11\/talking-bot-125x125.png","caption":"Telinha"},"sameAs":["https:\/\/portaltela.pt\/"],"url":"https:\/\/portaltela.pt\/por\/367410592786\/"}]}},"_links":{"self":[{"href":"https:\/\/portaltela.pt\/api\/wp\/v2\/posts\/97395","targetHints":{"allow":["GET"]}}],"collection":[{"href":"https:\/\/portaltela.pt\/api\/wp\/v2\/posts"}],"about":[{"href":"https:\/\/portaltela.pt\/api\/wp\/v2\/types\/post"}],"author":[{"embeddable":true,"href":"https:\/\/portaltela.pt\/api\/wp\/v2\/users\/2"}],"replies":[{"embeddable":true,"href":"https:\/\/portaltela.pt\/api\/wp\/v2\/comments?post=97395"}],"version-history":[{"count":0,"href":"https:\/\/portaltela.pt\/api\/wp\/v2\/posts\/97395\/revisions"}],"wp:featuredmedia":[{"embeddable":true,"href":"https:\/\/portaltela.pt\/api\/wp\/v2\/media\/97405"}],"wp:attachment":[{"href":"https:\/\/portaltela.pt\/api\/wp\/v2\/media?parent=97395"}],"wp:term":[{"taxonomy":"category","embeddable":true,"href":"https:\/\/portaltela.pt\/api\/wp\/v2\/categories?post=97395"},{"taxonomy":"post_tag","embeddable":true,"href":"https:\/\/portaltela.pt\/api\/wp\/v2\/tags?post=97395"}],"curies":[{"name":"wp","href":"https:\/\/api.w.org\/{rel}","templated":true}]}}