{"id":97280,"date":"2025-12-25T07:07:00","date_gmt":"2025-12-25T10:07:00","guid":{"rendered":"https:\/\/portaltela.pt\/noticias\/2025\/12\/25\/selecao-sub-15-de-viseu-vai-disputar-o-interassociacoes\/"},"modified":"2025-12-25T07:07:00","modified_gmt":"2025-12-25T10:07:00","slug":"selecao-sub-15-de-viseu-vai-disputar-o-interassociacoes","status":"publish","type":"post","link":"https:\/\/portaltela.pt\/desporto\/futebol\/2025\/12\/25\/selecao-sub-15-de-viseu-vai-disputar-o-interassociacoes\/","title":{"rendered":"Sele\u00e7\u00e3o Sub-15 de Viseu vai disputar o Interassocia\u00e7\u00f5es"},"content":{"rendered":"<p>A Sele\u00e7\u00e3o de Futsal Sub-15 da Associa\u00e7\u00e3o de Futebol de Viseu vai disputar o Torneio Interassocia\u00e7\u00f5es entre 27 e 30 de dezembro, em Fornos de Algodres e na M\u00eada, no distrito da Guarda. O objetivo \u00e9 promover o desenvolvimento desportivo dos jovens atletas e facilitar o interc\u00e2mbio entre associa\u00e7\u00f5es do pa\u00eds.<\/p>\n<p>A equipa viseense estreia-se no dia 27, frente \u00e0 AF Algarve, no Pavilh\u00e3o Municipal. Os tr\u00eas primeiros jogos da fase inicial ser\u00e3o disputados neste recinto.<\/p>\n<p>No dia seguinte, a forma\u00e7\u00e3o de Viseu encara Angra do Hero\u00edsmo, seguindo-se a partida com a AF Santar\u00e9m a 29 de dezembro. O torneio encerra-se a 30 de dezembro, no Pavilh\u00e3o Desportivo da M\u00eada, diante da AF Vila Real.<\/p>\n<p>Fonte: Associa\u00e7\u00e3o de Futebol de Viseu.<\/p>\n","protected":false},"excerpt":{"rendered":"<ul>\n<li>A sele\u00e7\u00e3o de Futsal Sub-15 da Associa\u00e7\u00e3o de Futebol de Viseu vai disputar o Torneio Interassocia\u00e7\u00f5es entre 27 e 30 de dezembro, em Fornos de Algodres e na M\u00eada, no distrito da Guarda.<\/li>\n<li>A estreia \u00e9 a 27 de dezembro frente \u00e0 Associa\u00e7\u00e3o de Futebol de Algarve (AF Algarve), no Pavilh\u00e3o Municipal, recinto que acolhe os tr\u00eas primeiros jogos da sele\u00e7\u00e3o.<\/li>\n<li>No dia seguinte, 28 de dezembro, enfrenta Angra do Hero\u00edsmo, seguindo-se o encontro com a Associa\u00e7\u00e3o de Futebol de Santar\u00e9m (AF Santar\u00e9m) a 29 de dezembro.<\/li>\n<li>O \u00faltimo desafio est\u00e1 marcado para 30 de dezembro, no Pavilh\u00e3o Desportivo da M\u00eada, diante da AF Vila Real (Associa\u00e7\u00e3o de Futebol de Vila Real).<\/li>\n<li>O Torneio Interassocia\u00e7\u00f5es \u00e9 uma competi\u00e7\u00e3o de refer\u00eancia no futsal de forma\u00e7\u00e3o, promovendo o desenvolvimento desportivo dos jovens atletas e o interc\u00e2mbio entre as diferentes associa\u00e7\u00f5es do pa\u00eds.<\/li>\n<\/ul>\n","protected":false},"author":2,"featured_media":97282,"comment_status":"closed","ping_status":"closed","sticky":false,"template":"","format":"standard","meta":{"footnotes":""},"categories":[21,24],"tags":[152,1354,161,1355,1014,1171],"class_list":["post-97280","post","type-post","status-publish","format-standard","has-post-thumbnail","hentry","category-desporto","category-futebol","tag-desporto","tag-fornos-de-algodres","tag-futsal","tag-meda","tag-portugal","tag-viseu"],"yoast_head":"<!-- This site is optimized with the Yoast SEO plugin v27.2 - https:\/\/yoast.com\/product\/yoast-seo-wordpress\/ -->\n<title>Sele\u00e7\u00e3o Sub-15 de Viseu vai disputar o Interassocia\u00e7\u00f5es - Portal Tela Portugal<\/title>\n<meta name=\"robots\" content=\"index, follow, max-snippet:-1, max-image-preview:large, max-video-preview:-1\" \/>\n<meta property=\"og:locale\" content=\"pt_PT\" \/>\n<meta property=\"og:type\" content=\"article\" \/>\n<meta property=\"og:title\" content=\"Sele\u00e7\u00e3o Sub-15 de Viseu vai disputar o Interassocia\u00e7\u00f5es - Portal Tela Portugal\" \/>\n<meta property=\"og:description\" content=\"A sele\u00e7\u00e3o de Futsal Sub-15 da Associa\u00e7\u00e3o de Futebol de Viseu vai disputar o Torneio Interassocia\u00e7\u00f5es entre 27 e 30 de dezembro, em Fornos de Algodres e na M\u00eada, no distrito da Guarda. A estreia \u00e9 a 27 de dezembro frente \u00e0 Associa\u00e7\u00e3o de Futebol de Algarve (AF Algarve), no Pavilh\u00e3o Municipal, recinto que acolhe os tr\u00eas primeiros jogos da sele\u00e7\u00e3o. No dia seguinte, 28 de dezembro, enfrenta Angra do Hero\u00edsmo, seguindo-se o encontro com a Associa\u00e7\u00e3o de Futebol de Santar\u00e9m (AF Santar\u00e9m) a 29 de dezembro. O \u00faltimo desafio est\u00e1 marcado para 30 de dezembro, no Pavilh\u00e3o Desportivo da M\u00eada, diante da AF Vila Real (Associa\u00e7\u00e3o de Futebol de Vila Real). O Torneio Interassocia\u00e7\u00f5es \u00e9 uma competi\u00e7\u00e3o de refer\u00eancia no futsal de forma\u00e7\u00e3o, promovendo o desenvolvimento desportivo dos jovens atletas e o interc\u00e2mbio entre as diferentes associa\u00e7\u00f5es do pa\u00eds.\" \/>\n<meta property=\"og:url\" content=\"https:\/\/portaltela.pt\/noticias\/2025\/12\/25\/selecao-sub-15-de-viseu-vai-disputar-o-interassociacoes\/\" \/>\n<meta property=\"og:site_name\" content=\"Portal Tela Portugal\" \/>\n<meta property=\"article:published_time\" content=\"2025-12-25T10:07:00+00:00\" \/>\n<meta name=\"author\" content=\"Telinha\" \/>\n<meta name=\"twitter:card\" content=\"summary_large_image\" \/>\n<meta name=\"twitter:label1\" content=\"Escrito por\" \/>\n\t<meta name=\"twitter:data1\" content=\"Telinha\" \/>\n\t<meta name=\"twitter:label2\" content=\"Tempo estimado de leitura\" \/>\n\t<meta name=\"twitter:data2\" content=\"1 minuto\" \/>\n<script type=\"application\/ld+json\" class=\"yoast-schema-graph\">{\"@context\":\"https:\/\/schema.org\",\"@graph\":[{\"@type\":\"Article\",\"@id\":\"https:\/\/portaltela.pt\/noticias\/2025\/12\/25\/selecao-sub-15-de-viseu-vai-disputar-o-interassociacoes\/#article\",\"isPartOf\":{\"@id\":\"https:\/\/portaltela.pt\/noticias\/2025\/12\/25\/selecao-sub-15-de-viseu-vai-disputar-o-interassociacoes\/\"},\"author\":{\"name\":\"Telinha\",\"@id\":\"https:\/\/portaltela.pt\/#\/schema\/person\/c4278d4a6028830caff9ee44b42d32ed\"},\"headline\":\"Sele\u00e7\u00e3o Sub-15 de Viseu vai disputar o Interassocia\u00e7\u00f5es\",\"datePublished\":\"2025-12-25T10:07:00+00:00\",\"mainEntityOfPage\":{\"@id\":\"https:\/\/portaltela.pt\/noticias\/2025\/12\/25\/selecao-sub-15-de-viseu-vai-disputar-o-interassociacoes\/\"},\"wordCount\":140,\"image\":{\"@id\":\"https:\/\/portaltela.pt\/noticias\/2025\/12\/25\/selecao-sub-15-de-viseu-vai-disputar-o-interassociacoes\/#primaryimage\"},\"thumbnailUrl\":\"https:\/\/portaltela.pt\/s.01k8rhncp4jt1\/2025\/12\/unnamed-file-1630.jpg\",\"keywords\":[\"desporto\",\"Fornos de Algodres\",\"futsal\",\"M\u00eada\",\"Portugal\",\"Viseu\"],\"articleSection\":[\"Desporto\",\"Futebol\"],\"inLanguage\":\"pt-PT\"},{\"@type\":\"WebPage\",\"@id\":\"https:\/\/portaltela.pt\/noticias\/2025\/12\/25\/selecao-sub-15-de-viseu-vai-disputar-o-interassociacoes\/\",\"url\":\"https:\/\/portaltela.pt\/noticias\/2025\/12\/25\/selecao-sub-15-de-viseu-vai-disputar-o-interassociacoes\/\",\"name\":\"Sele\u00e7\u00e3o Sub-15 de Viseu vai disputar o Interassocia\u00e7\u00f5es - Portal Tela Portugal\",\"isPartOf\":{\"@id\":\"https:\/\/portaltela.pt\/#website\"},\"primaryImageOfPage\":{\"@id\":\"https:\/\/portaltela.pt\/noticias\/2025\/12\/25\/selecao-sub-15-de-viseu-vai-disputar-o-interassociacoes\/#primaryimage\"},\"image\":{\"@id\":\"https:\/\/portaltela.pt\/noticias\/2025\/12\/25\/selecao-sub-15-de-viseu-vai-disputar-o-interassociacoes\/#primaryimage\"},\"thumbnailUrl\":\"https:\/\/portaltela.pt\/s.01k8rhncp4jt1\/2025\/12\/unnamed-file-1630.jpg\",\"datePublished\":\"2025-12-25T10:07:00+00:00\",\"author\":{\"@id\":\"https:\/\/portaltela.pt\/#\/schema\/person\/c4278d4a6028830caff9ee44b42d32ed\"},\"breadcrumb\":{\"@id\":\"https:\/\/portaltela.pt\/noticias\/2025\/12\/25\/selecao-sub-15-de-viseu-vai-disputar-o-interassociacoes\/#breadcrumb\"},\"inLanguage\":\"pt-PT\",\"potentialAction\":[{\"@type\":\"ReadAction\",\"target\":[\"https:\/\/portaltela.pt\/noticias\/2025\/12\/25\/selecao-sub-15-de-viseu-vai-disputar-o-interassociacoes\/\"]}]},{\"@type\":\"ImageObject\",\"inLanguage\":\"pt-PT\",\"@id\":\"https:\/\/portaltela.pt\/noticias\/2025\/12\/25\/selecao-sub-15-de-viseu-vai-disputar-o-interassociacoes\/#primaryimage\",\"url\":\"https:\/\/portaltela.pt\/s.01k8rhncp4jt1\/2025\/12\/unnamed-file-1630.jpg\",\"contentUrl\":\"https:\/\/portaltela.pt\/s.01k8rhncp4jt1\/2025\/12\/unnamed-file-1630.jpg\",\"width\":796,\"height\":448,\"caption\":\"Futsal: Pedreles tem jogo que pode ser decisivo para o regresso aos nacionais\"},{\"@type\":\"BreadcrumbList\",\"@id\":\"https:\/\/portaltela.pt\/noticias\/2025\/12\/25\/selecao-sub-15-de-viseu-vai-disputar-o-interassociacoes\/#breadcrumb\",\"itemListElement\":[{\"@type\":\"ListItem\",\"position\":1,\"name\":\"In\u00edcio\",\"item\":\"https:\/\/portaltela.pt\/\"},{\"@type\":\"ListItem\",\"position\":2,\"name\":\"Sele\u00e7\u00e3o Sub-15 de Viseu vai disputar o Interassocia\u00e7\u00f5es\"}]},{\"@type\":\"WebSite\",\"@id\":\"https:\/\/portaltela.pt\/#website\",\"url\":\"https:\/\/portaltela.pt\/\",\"name\":\"Portal Tela Portugal\",\"description\":\"\",\"potentialAction\":[{\"@type\":\"SearchAction\",\"target\":{\"@type\":\"EntryPoint\",\"urlTemplate\":\"https:\/\/portaltela.pt\/?s={search_term_string}\"},\"query-input\":{\"@type\":\"PropertyValueSpecification\",\"valueRequired\":true,\"valueName\":\"search_term_string\"}}],\"inLanguage\":\"pt-PT\"},{\"@type\":\"Person\",\"@id\":\"https:\/\/portaltela.pt\/#\/schema\/person\/c4278d4a6028830caff9ee44b42d32ed\",\"name\":\"Telinha\",\"image\":{\"@type\":\"ImageObject\",\"inLanguage\":\"pt-PT\",\"@id\":\"https:\/\/portaltela.pt\/s.01k8rhncp4jt1\/2025\/11\/talking-bot-125x125.png\",\"url\":\"https:\/\/portaltela.pt\/s.01k8rhncp4jt1\/2025\/11\/talking-bot-125x125.png\",\"contentUrl\":\"https:\/\/portaltela.pt\/s.01k8rhncp4jt1\/2025\/11\/talking-bot-125x125.png\",\"caption\":\"Telinha\"},\"sameAs\":[\"https:\/\/portaltela.pt\/\"],\"url\":\"https:\/\/portaltela.pt\/por\/367410592786\/\"}]}<\/script>\n<!-- \/ Yoast SEO plugin. -->","yoast_head_json":{"title":"Sele\u00e7\u00e3o Sub-15 de Viseu vai disputar o Interassocia\u00e7\u00f5es - Portal Tela Portugal","robots":{"index":"index","follow":"follow","max-snippet":"max-snippet:-1","max-image-preview":"max-image-preview:large","max-video-preview":"max-video-preview:-1"},"og_locale":"pt_PT","og_type":"article","og_title":"Sele\u00e7\u00e3o Sub-15 de Viseu vai disputar o Interassocia\u00e7\u00f5es - Portal Tela Portugal","og_description":"A sele\u00e7\u00e3o de Futsal Sub-15 da Associa\u00e7\u00e3o de Futebol de Viseu vai disputar o Torneio Interassocia\u00e7\u00f5es entre 27 e 30 de dezembro, em Fornos de Algodres e na M\u00eada, no distrito da Guarda. A estreia \u00e9 a 27 de dezembro frente \u00e0 Associa\u00e7\u00e3o de Futebol de Algarve (AF Algarve), no Pavilh\u00e3o Municipal, recinto que acolhe os tr\u00eas primeiros jogos da sele\u00e7\u00e3o. No dia seguinte, 28 de dezembro, enfrenta Angra do Hero\u00edsmo, seguindo-se o encontro com a Associa\u00e7\u00e3o de Futebol de Santar\u00e9m (AF Santar\u00e9m) a 29 de dezembro. O \u00faltimo desafio est\u00e1 marcado para 30 de dezembro, no Pavilh\u00e3o Desportivo da M\u00eada, diante da AF Vila Real (Associa\u00e7\u00e3o de Futebol de Vila Real). O Torneio Interassocia\u00e7\u00f5es \u00e9 uma competi\u00e7\u00e3o de refer\u00eancia no futsal de forma\u00e7\u00e3o, promovendo o desenvolvimento desportivo dos jovens atletas e o interc\u00e2mbio entre as diferentes associa\u00e7\u00f5es do pa\u00eds.","og_url":"https:\/\/portaltela.pt\/noticias\/2025\/12\/25\/selecao-sub-15-de-viseu-vai-disputar-o-interassociacoes\/","og_site_name":"Portal Tela Portugal","article_published_time":"2025-12-25T10:07:00+00:00","author":"Telinha","twitter_card":"summary_large_image","twitter_misc":{"Escrito por":"Telinha","Tempo estimado de leitura":"1 minuto"},"schema":{"@context":"https:\/\/schema.org","@graph":[{"@type":"Article","@id":"https:\/\/portaltela.pt\/noticias\/2025\/12\/25\/selecao-sub-15-de-viseu-vai-disputar-o-interassociacoes\/#article","isPartOf":{"@id":"https:\/\/portaltela.pt\/noticias\/2025\/12\/25\/selecao-sub-15-de-viseu-vai-disputar-o-interassociacoes\/"},"author":{"name":"Telinha","@id":"https:\/\/portaltela.pt\/#\/schema\/person\/c4278d4a6028830caff9ee44b42d32ed"},"headline":"Sele\u00e7\u00e3o Sub-15 de Viseu vai disputar o Interassocia\u00e7\u00f5es","datePublished":"2025-12-25T10:07:00+00:00","mainEntityOfPage":{"@id":"https:\/\/portaltela.pt\/noticias\/2025\/12\/25\/selecao-sub-15-de-viseu-vai-disputar-o-interassociacoes\/"},"wordCount":140,"image":{"@id":"https:\/\/portaltela.pt\/noticias\/2025\/12\/25\/selecao-sub-15-de-viseu-vai-disputar-o-interassociacoes\/#primaryimage"},"thumbnailUrl":"https:\/\/portaltela.pt\/s.01k8rhncp4jt1\/2025\/12\/unnamed-file-1630.jpg","keywords":["desporto","Fornos de Algodres","futsal","M\u00eada","Portugal","Viseu"],"articleSection":["Desporto","Futebol"],"inLanguage":"pt-PT"},{"@type":"WebPage","@id":"https:\/\/portaltela.pt\/noticias\/2025\/12\/25\/selecao-sub-15-de-viseu-vai-disputar-o-interassociacoes\/","url":"https:\/\/portaltela.pt\/noticias\/2025\/12\/25\/selecao-sub-15-de-viseu-vai-disputar-o-interassociacoes\/","name":"Sele\u00e7\u00e3o Sub-15 de Viseu vai disputar o Interassocia\u00e7\u00f5es - Portal Tela Portugal","isPartOf":{"@id":"https:\/\/portaltela.pt\/#website"},"primaryImageOfPage":{"@id":"https:\/\/portaltela.pt\/noticias\/2025\/12\/25\/selecao-sub-15-de-viseu-vai-disputar-o-interassociacoes\/#primaryimage"},"image":{"@id":"https:\/\/portaltela.pt\/noticias\/2025\/12\/25\/selecao-sub-15-de-viseu-vai-disputar-o-interassociacoes\/#primaryimage"},"thumbnailUrl":"https:\/\/portaltela.pt\/s.01k8rhncp4jt1\/2025\/12\/unnamed-file-1630.jpg","datePublished":"2025-12-25T10:07:00+00:00","author":{"@id":"https:\/\/portaltela.pt\/#\/schema\/person\/c4278d4a6028830caff9ee44b42d32ed"},"breadcrumb":{"@id":"https:\/\/portaltela.pt\/noticias\/2025\/12\/25\/selecao-sub-15-de-viseu-vai-disputar-o-interassociacoes\/#breadcrumb"},"inLanguage":"pt-PT","potentialAction":[{"@type":"ReadAction","target":["https:\/\/portaltela.pt\/noticias\/2025\/12\/25\/selecao-sub-15-de-viseu-vai-disputar-o-interassociacoes\/"]}]},{"@type":"ImageObject","inLanguage":"pt-PT","@id":"https:\/\/portaltela.pt\/noticias\/2025\/12\/25\/selecao-sub-15-de-viseu-vai-disputar-o-interassociacoes\/#primaryimage","url":"https:\/\/portaltela.pt\/s.01k8rhncp4jt1\/2025\/12\/unnamed-file-1630.jpg","contentUrl":"https:\/\/portaltela.pt\/s.01k8rhncp4jt1\/2025\/12\/unnamed-file-1630.jpg","width":796,"height":448,"caption":"Futsal: Pedreles tem jogo que pode ser decisivo para o regresso aos nacionais"},{"@type":"BreadcrumbList","@id":"https:\/\/portaltela.pt\/noticias\/2025\/12\/25\/selecao-sub-15-de-viseu-vai-disputar-o-interassociacoes\/#breadcrumb","itemListElement":[{"@type":"ListItem","position":1,"name":"In\u00edcio","item":"https:\/\/portaltela.pt\/"},{"@type":"ListItem","position":2,"name":"Sele\u00e7\u00e3o Sub-15 de Viseu vai disputar o Interassocia\u00e7\u00f5es"}]},{"@type":"WebSite","@id":"https:\/\/portaltela.pt\/#website","url":"https:\/\/portaltela.pt\/","name":"Portal Tela Portugal","description":"","potentialAction":[{"@type":"SearchAction","target":{"@type":"EntryPoint","urlTemplate":"https:\/\/portaltela.pt\/?s={search_term_string}"},"query-input":{"@type":"PropertyValueSpecification","valueRequired":true,"valueName":"search_term_string"}}],"inLanguage":"pt-PT"},{"@type":"Person","@id":"https:\/\/portaltela.pt\/#\/schema\/person\/c4278d4a6028830caff9ee44b42d32ed","name":"Telinha","image":{"@type":"ImageObject","inLanguage":"pt-PT","@id":"https:\/\/portaltela.pt\/s.01k8rhncp4jt1\/2025\/11\/talking-bot-125x125.png","url":"https:\/\/portaltela.pt\/s.01k8rhncp4jt1\/2025\/11\/talking-bot-125x125.png","contentUrl":"https:\/\/portaltela.pt\/s.01k8rhncp4jt1\/2025\/11\/talking-bot-125x125.png","caption":"Telinha"},"sameAs":["https:\/\/portaltela.pt\/"],"url":"https:\/\/portaltela.pt\/por\/367410592786\/"}]}},"_links":{"self":[{"href":"https:\/\/portaltela.pt\/api\/wp\/v2\/posts\/97280","targetHints":{"allow":["GET"]}}],"collection":[{"href":"https:\/\/portaltela.pt\/api\/wp\/v2\/posts"}],"about":[{"href":"https:\/\/portaltela.pt\/api\/wp\/v2\/types\/post"}],"author":[{"embeddable":true,"href":"https:\/\/portaltela.pt\/api\/wp\/v2\/users\/2"}],"replies":[{"embeddable":true,"href":"https:\/\/portaltela.pt\/api\/wp\/v2\/comments?post=97280"}],"version-history":[{"count":0,"href":"https:\/\/portaltela.pt\/api\/wp\/v2\/posts\/97280\/revisions"}],"wp:featuredmedia":[{"embeddable":true,"href":"https:\/\/portaltela.pt\/api\/wp\/v2\/media\/97282"}],"wp:attachment":[{"href":"https:\/\/portaltela.pt\/api\/wp\/v2\/media?parent=97280"}],"wp:term":[{"taxonomy":"category","embeddable":true,"href":"https:\/\/portaltela.pt\/api\/wp\/v2\/categories?post=97280"},{"taxonomy":"post_tag","embeddable":true,"href":"https:\/\/portaltela.pt\/api\/wp\/v2\/tags?post=97280"}],"curies":[{"name":"wp","href":"https:\/\/api.w.org\/{rel}","templated":true}]}}