{"id":97217,"date":"2025-12-25T05:11:00","date_gmt":"2025-12-25T08:11:00","guid":{"rendered":"https:\/\/portaltela.pt\/noticias\/2025\/12\/25\/seixal-recebe-210-milhoes-para-investir-e-crescer-em-2026\/"},"modified":"2025-12-25T05:11:00","modified_gmt":"2025-12-25T08:11:00","slug":"seixal-recebe-210-milhoes-para-investir-e-crescer-em-2026","status":"publish","type":"post","link":"https:\/\/portaltela.pt\/noticias\/economia\/2025\/12\/25\/seixal-recebe-210-milhoes-para-investir-e-crescer-em-2026\/","title":{"rendered":"Seixal recebe 210 milh\u00f5es para investir e crescer em 2026"},"content":{"rendered":"<p>O Seixal aprovou um or\u00e7amento de 210 milh\u00f5es de euros para 2026, com a CDU no governo sem maioria. O documento mant\u00e9m o foco em educa\u00e7\u00e3o, sa\u00fade e investimento econ\u00f3mico, j\u00e1 validado pela C\u00e2mara e pela Assembleia Municipal.<\/p>\n<p>No conjunto de medidas, o montante prev\u00ea novas obras e interven\u00e7\u00f5es em educa\u00e7\u00e3o, sa\u00fade e atividade econ\u00f3mica. O objetivo \u00e9 continuar projetos em curso, assegurando continuidade das Grandes Op\u00e7\u00f5es do Plano.<\/p>\n<p>Na educa\u00e7\u00e3o, vestem-se de prioridade as creches e a requalifica\u00e7\u00e3o de escolas. Est\u00e3o previstas obras na Escola B\u00e1sica de Arrentela, in\u00edcio da interven\u00e7\u00e3o na Quinta do Conde de Portalegre, amplia\u00e7\u00e3o da Escola do Bairro Novo e o Jardim de Inf\u00e2ncia do Fogueteiro.<\/p>\n<h3>Educa\u00e7\u00e3o e sa\u00fade em destaque<\/h3>\n<p>Na sa\u00fade, o or\u00e7amento trabalha a constru\u00e7\u00e3o de centros de sa\u00fade em Paio Pires e nos Foros de Amora, al\u00e9m da expans\u00e3o da unidade de Fern\u00e3o Ferro, para acompanhar o crescimento demogr\u00e1fico do concelho.<\/p>\n<p>O munic\u00edpio refor\u00e7a o Seixal como p\u00f3lo econ\u00f3mico da \u00c1rea Metropolitana de Lisboa, com aumento de exporta\u00e7\u00f5es, PME L\u00edder e cria\u00e7\u00e3o de novas empresas. O objetivo \u00e9 manter a competitividade da regi\u00e3o.<\/p>\n<h3>Fiscalidade e composi\u00e7\u00e3o pol\u00edtica<\/h3>\n<p>No cap\u00edtulo fiscal, est\u00e1 prevista a redu\u00e7\u00e3o do IMI para 0,325%. A Derrama fica nos 1,5% para grandes empresas, mantendo isen\u00e7\u00f5es para PME, novas empresas que criem ou mantenham empregos.<\/p>\n<p>A C\u00e2mara \u00e9 formada por quatro vereadores da CDU, tr\u00eas do PS, tr\u00eas do Chega e um da coliga\u00e7\u00e3o AD. A Assembleia Municipal re\u00fane 39 membros, sob a presid\u00eancia de Br\u00e1zio Romeiro.<\/p>\n","protected":false},"excerpt":{"rendered":"<ul>\n<li>O Seixal aprovou um or\u00e7amento de 210 milh\u00f5es de euros para 2026, um aumento de 21,2 milh\u00f5es face ao ano anterior, com a CDU no governo sem maioria absoluta.<\/li>\n<li>A estrat\u00e9gia mant\u00e9m foco em educa\u00e7\u00e3o, sa\u00fade e investimento econ\u00f3mico, com continuidade de projetos em curso.<\/li>\n<li>No cap\u00edtulo educativo, prev\u00ea creches e a requalifica\u00e7\u00e3o de escolas em Arrentela, Quinta do Conde de Portalegre, Bairro Novo e o Jardim de Inf\u00e2ncia do Fogueteiro.<\/li>\n<li>Na sa\u00fade, est\u00e3o previstos centros de sa\u00fade em Paio Pires e nos Foros de Amora, al\u00e9m da amplia\u00e7\u00e3o da unidade de Fern\u00e3o Ferro.<\/li>\n<li>Em mat\u00e9ria fiscal, reduz o IMI para 0,325 por cento, e a Derrama mant\u00e9m-se nos 1,5 por cento para grandes empresas.<\/li>\n<\/ul>\n","protected":false},"author":2,"featured_media":97229,"comment_status":"closed","ping_status":"closed","sticky":false,"template":"","format":"standard","meta":{"footnotes":""},"categories":[2,1],"tags":[1209,28,163,1208,1769,172],"class_list":["post-97217","post","type-post","status-publish","format-standard","has-post-thumbnail","hentry","category-economia","category-noticias","tag-derrama","tag-economia","tag-educacao","tag-imi","tag-orcamento-territorio","tag-saude"],"yoast_head":"<!-- This site is optimized with the Yoast SEO plugin v27.2 - https:\/\/yoast.com\/product\/yoast-seo-wordpress\/ -->\n<title>Seixal recebe 210 milh\u00f5es para investir e crescer em 2026 - Portal Tela Portugal<\/title>\n<meta name=\"robots\" content=\"index, follow, max-snippet:-1, max-image-preview:large, max-video-preview:-1\" \/>\n<meta property=\"og:locale\" content=\"pt_PT\" \/>\n<meta property=\"og:type\" content=\"article\" \/>\n<meta property=\"og:title\" content=\"Seixal recebe 210 milh\u00f5es para investir e crescer em 2026 - Portal Tela Portugal\" \/>\n<meta property=\"og:description\" content=\"O Seixal aprovou um or\u00e7amento de 210 milh\u00f5es de euros para 2026, um aumento de 21,2 milh\u00f5es face ao ano anterior, com a CDU no governo sem maioria absoluta. A estrat\u00e9gia mant\u00e9m foco em educa\u00e7\u00e3o, sa\u00fade e investimento econ\u00f3mico, com continuidade de projetos em curso. No cap\u00edtulo educativo, prev\u00ea creches e a requalifica\u00e7\u00e3o de escolas em Arrentela, Quinta do Conde de Portalegre, Bairro Novo e o Jardim de Inf\u00e2ncia do Fogueteiro. Na sa\u00fade, est\u00e3o previstos centros de sa\u00fade em Paio Pires e nos Foros de Amora, al\u00e9m da amplia\u00e7\u00e3o da unidade de Fern\u00e3o Ferro. Em mat\u00e9ria fiscal, reduz o IMI para 0,325 por cento, e a Derrama mant\u00e9m-se nos 1,5 por cento para grandes empresas.\" \/>\n<meta property=\"og:url\" content=\"https:\/\/portaltela.pt\/noticias\/2025\/12\/25\/seixal-recebe-210-milhoes-para-investir-e-crescer-em-2026\/\" \/>\n<meta property=\"og:site_name\" content=\"Portal Tela Portugal\" \/>\n<meta property=\"article:published_time\" content=\"2025-12-25T08:11:00+00:00\" \/>\n<meta name=\"author\" content=\"Telinha\" \/>\n<meta name=\"twitter:card\" content=\"summary_large_image\" \/>\n<meta name=\"twitter:label1\" content=\"Escrito por\" \/>\n\t<meta name=\"twitter:data1\" content=\"Telinha\" \/>\n\t<meta name=\"twitter:label2\" content=\"Tempo estimado de leitura\" \/>\n\t<meta name=\"twitter:data2\" content=\"1 minuto\" \/>\n<script type=\"application\/ld+json\" class=\"yoast-schema-graph\">{\"@context\":\"https:\/\/schema.org\",\"@graph\":[{\"@type\":\"Article\",\"@id\":\"https:\/\/portaltela.pt\/noticias\/2025\/12\/25\/seixal-recebe-210-milhoes-para-investir-e-crescer-em-2026\/#article\",\"isPartOf\":{\"@id\":\"https:\/\/portaltela.pt\/noticias\/2025\/12\/25\/seixal-recebe-210-milhoes-para-investir-e-crescer-em-2026\/\"},\"author\":{\"name\":\"Telinha\",\"@id\":\"https:\/\/portaltela.pt\/#\/schema\/person\/c4278d4a6028830caff9ee44b42d32ed\"},\"headline\":\"Seixal recebe 210 milh\u00f5es para investir e crescer em 2026\",\"datePublished\":\"2025-12-25T08:11:00+00:00\",\"mainEntityOfPage\":{\"@id\":\"https:\/\/portaltela.pt\/noticias\/2025\/12\/25\/seixal-recebe-210-milhoes-para-investir-e-crescer-em-2026\/\"},\"wordCount\":299,\"image\":{\"@id\":\"https:\/\/portaltela.pt\/noticias\/2025\/12\/25\/seixal-recebe-210-milhoes-para-investir-e-crescer-em-2026\/#primaryimage\"},\"thumbnailUrl\":\"https:\/\/portaltela.pt\/s.01k8rhncp4jt1\/2025\/12\/unnamed-file-1624.jpg\",\"keywords\":[\"Derrama\",\"economia\",\"educa\u00e7\u00e3o\",\"IMI\",\"Or\u00e7amento\/Territ\u00f3rio\",\"sa\u00fade\"],\"articleSection\":[\"Economia\",\"Not\u00edcias\"],\"inLanguage\":\"pt-PT\"},{\"@type\":\"WebPage\",\"@id\":\"https:\/\/portaltela.pt\/noticias\/2025\/12\/25\/seixal-recebe-210-milhoes-para-investir-e-crescer-em-2026\/\",\"url\":\"https:\/\/portaltela.pt\/noticias\/2025\/12\/25\/seixal-recebe-210-milhoes-para-investir-e-crescer-em-2026\/\",\"name\":\"Seixal recebe 210 milh\u00f5es para investir e crescer em 2026 - Portal Tela Portugal\",\"isPartOf\":{\"@id\":\"https:\/\/portaltela.pt\/#website\"},\"primaryImageOfPage\":{\"@id\":\"https:\/\/portaltela.pt\/noticias\/2025\/12\/25\/seixal-recebe-210-milhoes-para-investir-e-crescer-em-2026\/#primaryimage\"},\"image\":{\"@id\":\"https:\/\/portaltela.pt\/noticias\/2025\/12\/25\/seixal-recebe-210-milhoes-para-investir-e-crescer-em-2026\/#primaryimage\"},\"thumbnailUrl\":\"https:\/\/portaltela.pt\/s.01k8rhncp4jt1\/2025\/12\/unnamed-file-1624.jpg\",\"datePublished\":\"2025-12-25T08:11:00+00:00\",\"author\":{\"@id\":\"https:\/\/portaltela.pt\/#\/schema\/person\/c4278d4a6028830caff9ee44b42d32ed\"},\"breadcrumb\":{\"@id\":\"https:\/\/portaltela.pt\/noticias\/2025\/12\/25\/seixal-recebe-210-milhoes-para-investir-e-crescer-em-2026\/#breadcrumb\"},\"inLanguage\":\"pt-PT\",\"potentialAction\":[{\"@type\":\"ReadAction\",\"target\":[\"https:\/\/portaltela.pt\/noticias\/2025\/12\/25\/seixal-recebe-210-milhoes-para-investir-e-crescer-em-2026\/\"]}]},{\"@type\":\"ImageObject\",\"inLanguage\":\"pt-PT\",\"@id\":\"https:\/\/portaltela.pt\/noticias\/2025\/12\/25\/seixal-recebe-210-milhoes-para-investir-e-crescer-em-2026\/#primaryimage\",\"url\":\"https:\/\/portaltela.pt\/s.01k8rhncp4jt1\/2025\/12\/unnamed-file-1624.jpg\",\"contentUrl\":\"https:\/\/portaltela.pt\/s.01k8rhncp4jt1\/2025\/12\/unnamed-file-1624.jpg\",\"width\":796,\"height\":448,\"caption\":\"Seixal sobe a parada: 210 milh\u00f5es para investir e crescer em 2026\"},{\"@type\":\"BreadcrumbList\",\"@id\":\"https:\/\/portaltela.pt\/noticias\/2025\/12\/25\/seixal-recebe-210-milhoes-para-investir-e-crescer-em-2026\/#breadcrumb\",\"itemListElement\":[{\"@type\":\"ListItem\",\"position\":1,\"name\":\"In\u00edcio\",\"item\":\"https:\/\/portaltela.pt\/\"},{\"@type\":\"ListItem\",\"position\":2,\"name\":\"Seixal recebe 210 milh\u00f5es para investir e crescer em 2026\"}]},{\"@type\":\"WebSite\",\"@id\":\"https:\/\/portaltela.pt\/#website\",\"url\":\"https:\/\/portaltela.pt\/\",\"name\":\"Portal Tela Portugal\",\"description\":\"\",\"potentialAction\":[{\"@type\":\"SearchAction\",\"target\":{\"@type\":\"EntryPoint\",\"urlTemplate\":\"https:\/\/portaltela.pt\/?s={search_term_string}\"},\"query-input\":{\"@type\":\"PropertyValueSpecification\",\"valueRequired\":true,\"valueName\":\"search_term_string\"}}],\"inLanguage\":\"pt-PT\"},{\"@type\":\"Person\",\"@id\":\"https:\/\/portaltela.pt\/#\/schema\/person\/c4278d4a6028830caff9ee44b42d32ed\",\"name\":\"Telinha\",\"image\":{\"@type\":\"ImageObject\",\"inLanguage\":\"pt-PT\",\"@id\":\"https:\/\/portaltela.pt\/s.01k8rhncp4jt1\/2025\/11\/talking-bot-125x125.png\",\"url\":\"https:\/\/portaltela.pt\/s.01k8rhncp4jt1\/2025\/11\/talking-bot-125x125.png\",\"contentUrl\":\"https:\/\/portaltela.pt\/s.01k8rhncp4jt1\/2025\/11\/talking-bot-125x125.png\",\"caption\":\"Telinha\"},\"sameAs\":[\"https:\/\/portaltela.pt\/\"],\"url\":\"https:\/\/portaltela.pt\/por\/367410592786\/\"}]}<\/script>\n<!-- \/ Yoast SEO plugin. -->","yoast_head_json":{"title":"Seixal recebe 210 milh\u00f5es para investir e crescer em 2026 - Portal Tela Portugal","robots":{"index":"index","follow":"follow","max-snippet":"max-snippet:-1","max-image-preview":"max-image-preview:large","max-video-preview":"max-video-preview:-1"},"og_locale":"pt_PT","og_type":"article","og_title":"Seixal recebe 210 milh\u00f5es para investir e crescer em 2026 - Portal Tela Portugal","og_description":"O Seixal aprovou um or\u00e7amento de 210 milh\u00f5es de euros para 2026, um aumento de 21,2 milh\u00f5es face ao ano anterior, com a CDU no governo sem maioria absoluta. A estrat\u00e9gia mant\u00e9m foco em educa\u00e7\u00e3o, sa\u00fade e investimento econ\u00f3mico, com continuidade de projetos em curso. No cap\u00edtulo educativo, prev\u00ea creches e a requalifica\u00e7\u00e3o de escolas em Arrentela, Quinta do Conde de Portalegre, Bairro Novo e o Jardim de Inf\u00e2ncia do Fogueteiro. Na sa\u00fade, est\u00e3o previstos centros de sa\u00fade em Paio Pires e nos Foros de Amora, al\u00e9m da amplia\u00e7\u00e3o da unidade de Fern\u00e3o Ferro. Em mat\u00e9ria fiscal, reduz o IMI para 0,325 por cento, e a Derrama mant\u00e9m-se nos 1,5 por cento para grandes empresas.","og_url":"https:\/\/portaltela.pt\/noticias\/2025\/12\/25\/seixal-recebe-210-milhoes-para-investir-e-crescer-em-2026\/","og_site_name":"Portal Tela Portugal","article_published_time":"2025-12-25T08:11:00+00:00","author":"Telinha","twitter_card":"summary_large_image","twitter_misc":{"Escrito por":"Telinha","Tempo estimado de leitura":"1 minuto"},"schema":{"@context":"https:\/\/schema.org","@graph":[{"@type":"Article","@id":"https:\/\/portaltela.pt\/noticias\/2025\/12\/25\/seixal-recebe-210-milhoes-para-investir-e-crescer-em-2026\/#article","isPartOf":{"@id":"https:\/\/portaltela.pt\/noticias\/2025\/12\/25\/seixal-recebe-210-milhoes-para-investir-e-crescer-em-2026\/"},"author":{"name":"Telinha","@id":"https:\/\/portaltela.pt\/#\/schema\/person\/c4278d4a6028830caff9ee44b42d32ed"},"headline":"Seixal recebe 210 milh\u00f5es para investir e crescer em 2026","datePublished":"2025-12-25T08:11:00+00:00","mainEntityOfPage":{"@id":"https:\/\/portaltela.pt\/noticias\/2025\/12\/25\/seixal-recebe-210-milhoes-para-investir-e-crescer-em-2026\/"},"wordCount":299,"image":{"@id":"https:\/\/portaltela.pt\/noticias\/2025\/12\/25\/seixal-recebe-210-milhoes-para-investir-e-crescer-em-2026\/#primaryimage"},"thumbnailUrl":"https:\/\/portaltela.pt\/s.01k8rhncp4jt1\/2025\/12\/unnamed-file-1624.jpg","keywords":["Derrama","economia","educa\u00e7\u00e3o","IMI","Or\u00e7amento\/Territ\u00f3rio","sa\u00fade"],"articleSection":["Economia","Not\u00edcias"],"inLanguage":"pt-PT"},{"@type":"WebPage","@id":"https:\/\/portaltela.pt\/noticias\/2025\/12\/25\/seixal-recebe-210-milhoes-para-investir-e-crescer-em-2026\/","url":"https:\/\/portaltela.pt\/noticias\/2025\/12\/25\/seixal-recebe-210-milhoes-para-investir-e-crescer-em-2026\/","name":"Seixal recebe 210 milh\u00f5es para investir e crescer em 2026 - Portal Tela Portugal","isPartOf":{"@id":"https:\/\/portaltela.pt\/#website"},"primaryImageOfPage":{"@id":"https:\/\/portaltela.pt\/noticias\/2025\/12\/25\/seixal-recebe-210-milhoes-para-investir-e-crescer-em-2026\/#primaryimage"},"image":{"@id":"https:\/\/portaltela.pt\/noticias\/2025\/12\/25\/seixal-recebe-210-milhoes-para-investir-e-crescer-em-2026\/#primaryimage"},"thumbnailUrl":"https:\/\/portaltela.pt\/s.01k8rhncp4jt1\/2025\/12\/unnamed-file-1624.jpg","datePublished":"2025-12-25T08:11:00+00:00","author":{"@id":"https:\/\/portaltela.pt\/#\/schema\/person\/c4278d4a6028830caff9ee44b42d32ed"},"breadcrumb":{"@id":"https:\/\/portaltela.pt\/noticias\/2025\/12\/25\/seixal-recebe-210-milhoes-para-investir-e-crescer-em-2026\/#breadcrumb"},"inLanguage":"pt-PT","potentialAction":[{"@type":"ReadAction","target":["https:\/\/portaltela.pt\/noticias\/2025\/12\/25\/seixal-recebe-210-milhoes-para-investir-e-crescer-em-2026\/"]}]},{"@type":"ImageObject","inLanguage":"pt-PT","@id":"https:\/\/portaltela.pt\/noticias\/2025\/12\/25\/seixal-recebe-210-milhoes-para-investir-e-crescer-em-2026\/#primaryimage","url":"https:\/\/portaltela.pt\/s.01k8rhncp4jt1\/2025\/12\/unnamed-file-1624.jpg","contentUrl":"https:\/\/portaltela.pt\/s.01k8rhncp4jt1\/2025\/12\/unnamed-file-1624.jpg","width":796,"height":448,"caption":"Seixal sobe a parada: 210 milh\u00f5es para investir e crescer em 2026"},{"@type":"BreadcrumbList","@id":"https:\/\/portaltela.pt\/noticias\/2025\/12\/25\/seixal-recebe-210-milhoes-para-investir-e-crescer-em-2026\/#breadcrumb","itemListElement":[{"@type":"ListItem","position":1,"name":"In\u00edcio","item":"https:\/\/portaltela.pt\/"},{"@type":"ListItem","position":2,"name":"Seixal recebe 210 milh\u00f5es para investir e crescer em 2026"}]},{"@type":"WebSite","@id":"https:\/\/portaltela.pt\/#website","url":"https:\/\/portaltela.pt\/","name":"Portal Tela Portugal","description":"","potentialAction":[{"@type":"SearchAction","target":{"@type":"EntryPoint","urlTemplate":"https:\/\/portaltela.pt\/?s={search_term_string}"},"query-input":{"@type":"PropertyValueSpecification","valueRequired":true,"valueName":"search_term_string"}}],"inLanguage":"pt-PT"},{"@type":"Person","@id":"https:\/\/portaltela.pt\/#\/schema\/person\/c4278d4a6028830caff9ee44b42d32ed","name":"Telinha","image":{"@type":"ImageObject","inLanguage":"pt-PT","@id":"https:\/\/portaltela.pt\/s.01k8rhncp4jt1\/2025\/11\/talking-bot-125x125.png","url":"https:\/\/portaltela.pt\/s.01k8rhncp4jt1\/2025\/11\/talking-bot-125x125.png","contentUrl":"https:\/\/portaltela.pt\/s.01k8rhncp4jt1\/2025\/11\/talking-bot-125x125.png","caption":"Telinha"},"sameAs":["https:\/\/portaltela.pt\/"],"url":"https:\/\/portaltela.pt\/por\/367410592786\/"}]}},"_links":{"self":[{"href":"https:\/\/portaltela.pt\/api\/wp\/v2\/posts\/97217","targetHints":{"allow":["GET"]}}],"collection":[{"href":"https:\/\/portaltela.pt\/api\/wp\/v2\/posts"}],"about":[{"href":"https:\/\/portaltela.pt\/api\/wp\/v2\/types\/post"}],"author":[{"embeddable":true,"href":"https:\/\/portaltela.pt\/api\/wp\/v2\/users\/2"}],"replies":[{"embeddable":true,"href":"https:\/\/portaltela.pt\/api\/wp\/v2\/comments?post=97217"}],"version-history":[{"count":0,"href":"https:\/\/portaltela.pt\/api\/wp\/v2\/posts\/97217\/revisions"}],"wp:featuredmedia":[{"embeddable":true,"href":"https:\/\/portaltela.pt\/api\/wp\/v2\/media\/97229"}],"wp:attachment":[{"href":"https:\/\/portaltela.pt\/api\/wp\/v2\/media?parent=97217"}],"wp:term":[{"taxonomy":"category","embeddable":true,"href":"https:\/\/portaltela.pt\/api\/wp\/v2\/categories?post=97217"},{"taxonomy":"post_tag","embeddable":true,"href":"https:\/\/portaltela.pt\/api\/wp\/v2\/tags?post=97217"}],"curies":[{"name":"wp","href":"https:\/\/api.w.org\/{rel}","templated":true}]}}