{"id":96990,"date":"2025-12-23T21:00:00","date_gmt":"2025-12-24T00:00:00","guid":{"rendered":"https:\/\/portaltela.pt\/noticias\/2025\/12\/23\/ipma-coloca-11-distritos-sob-aviso-amarelo-por-frio\/"},"modified":"2025-12-23T21:00:00","modified_gmt":"2025-12-24T00:00:00","slug":"ipma-coloca-11-distritos-sob-aviso-amarelo-por-frio","status":"publish","type":"post","link":"https:\/\/portaltela.pt\/noticias\/2025\/12\/23\/ipma-coloca-11-distritos-sob-aviso-amarelo-por-frio\/","title":{"rendered":"IPMA coloca 11 distritos sob aviso amarelo por frio"},"content":{"rendered":"<p>O IPMA confirmou que 11 distritos de Portugal continental ficar\u00e3o sob aviso amarelo por frio. O aviso est\u00e1 ativo durante toda a sexta-feira e na madrugada de s\u00e1bado.<\/p>\n<p>O instituto explica que o frio pode provocar quedas de temperatura, vento frio e poss\u00edvel sensa\u00e7\u00e3o de desconforto. A medida visa preparar a popula\u00e7\u00e3o para condi\u00e7\u00f5es previstas.<\/p>\n<p>A informa\u00e7\u00e3o foi publicada pelo IPMA, que j\u00e1 tinha emitido avisos amarelos para v\u00e1rias zonas do pa\u00eds. A dura\u00e7\u00e3o prevista \u00e9 de 24 horas, abrangendo o dia inteiro de sexta e a madrugada de s\u00e1bado.<\/p>\n<h3>Aviso e dura\u00e7\u00e3o<\/h3>\n<ul>\n<li>O aviso amarelo mant\u00e9m-se em vigor ao longo de sexta-feira e da madrugada de s\u00e1bado.<\/li>\n<li>N\u00e3o foram divulgadas exce\u00e7\u00f5es territoriais dentro dos 11 distritos.<\/li>\n<li>O IPMA recomenda agasalhar-se bem e conferir atualiza\u00e7\u00f5es meteorol\u00f3gicas.<\/li>\n<\/ul>\n","protected":false},"excerpt":{"rendered":"<ul>\n<li>O IPMA vai colocar onze distritos de Portugal continental sob aviso amarelo por causa do frio.<\/li>\n<li>O aviso vai manter-se ativo durante todo o dia de sexta-feira e na madrugada de s\u00e1bado.<\/li>\n<li>A medida est\u00e1 alinhada com a previs\u00e3o de frio j\u00e1 anunciada pelo IPMA.<\/li>\n<li>O an\u00fancio confirma o alargamento para 11 distritos em aviso amarelo.<\/li>\n<li>A publica\u00e7\u00e3o n\u00e3o especifica quais distritos est\u00e3o inclu\u00eddos no aviso.<\/li>\n<\/ul>\n","protected":false},"author":2,"featured_media":96991,"comment_status":"closed","ping_status":"closed","sticky":false,"template":"","format":"standard","meta":{"footnotes":""},"categories":[1],"tags":[167,1795,1014,320],"class_list":["post-96990","post","type-post","status-publish","format-standard","has-post-thumbnail","hentry","category-noticias","tag-ambiente","tag-clima-escolar","tag-portugal","tag-protecao-civil"],"yoast_head":"<!-- This site is optimized with the Yoast SEO plugin v27.2 - https:\/\/yoast.com\/product\/yoast-seo-wordpress\/ -->\n<title>IPMA coloca 11 distritos sob aviso amarelo por frio - Portal Tela Portugal<\/title>\n<meta name=\"robots\" content=\"index, follow, max-snippet:-1, max-image-preview:large, max-video-preview:-1\" \/>\n<meta property=\"og:locale\" content=\"pt_PT\" \/>\n<meta property=\"og:type\" content=\"article\" \/>\n<meta property=\"og:title\" content=\"IPMA coloca 11 distritos sob aviso amarelo por frio - Portal Tela Portugal\" \/>\n<meta property=\"og:description\" content=\"O IPMA vai colocar onze distritos de Portugal continental sob aviso amarelo por causa do frio. O aviso vai manter-se ativo durante todo o dia de sexta-feira e na madrugada de s\u00e1bado. A medida est\u00e1 alinhada com a previs\u00e3o de frio j\u00e1 anunciada pelo IPMA. O an\u00fancio confirma o alargamento para 11 distritos em aviso amarelo. A publica\u00e7\u00e3o n\u00e3o especifica quais distritos est\u00e3o inclu\u00eddos no aviso.\" \/>\n<meta property=\"og:url\" content=\"https:\/\/portaltela.pt\/noticias\/2025\/12\/23\/ipma-coloca-11-distritos-sob-aviso-amarelo-por-frio\/\" \/>\n<meta property=\"og:site_name\" content=\"Portal Tela Portugal\" \/>\n<meta property=\"article:published_time\" content=\"2025-12-24T00:00:00+00:00\" \/>\n<meta name=\"author\" content=\"Telinha\" \/>\n<meta name=\"twitter:card\" content=\"summary_large_image\" \/>\n<meta name=\"twitter:label1\" content=\"Escrito por\" \/>\n\t<meta name=\"twitter:data1\" content=\"Telinha\" \/>\n\t<meta name=\"twitter:label2\" content=\"Tempo estimado de leitura\" \/>\n\t<meta name=\"twitter:data2\" content=\"1 minuto\" \/>\n<script type=\"application\/ld+json\" class=\"yoast-schema-graph\">{\"@context\":\"https:\/\/schema.org\",\"@graph\":[{\"@type\":\"Article\",\"@id\":\"https:\/\/portaltela.pt\/noticias\/2025\/12\/23\/ipma-coloca-11-distritos-sob-aviso-amarelo-por-frio\/#article\",\"isPartOf\":{\"@id\":\"https:\/\/portaltela.pt\/noticias\/2025\/12\/23\/ipma-coloca-11-distritos-sob-aviso-amarelo-por-frio\/\"},\"author\":{\"name\":\"Telinha\",\"@id\":\"https:\/\/portaltela.pt\/#\/schema\/person\/c4278d4a6028830caff9ee44b42d32ed\"},\"headline\":\"IPMA coloca 11 distritos sob aviso amarelo por frio\",\"datePublished\":\"2025-12-24T00:00:00+00:00\",\"mainEntityOfPage\":{\"@id\":\"https:\/\/portaltela.pt\/noticias\/2025\/12\/23\/ipma-coloca-11-distritos-sob-aviso-amarelo-por-frio\/\"},\"wordCount\":148,\"image\":{\"@id\":\"https:\/\/portaltela.pt\/noticias\/2025\/12\/23\/ipma-coloca-11-distritos-sob-aviso-amarelo-por-frio\/#primaryimage\"},\"thumbnailUrl\":\"https:\/\/portaltela.pt\/s.01k8rhncp4jt1\/2025\/12\/770-podcast-noticiario-320.jpg\",\"keywords\":[\"ambiente\",\"clima escolar\",\"Portugal\",\"prote\u00e7\u00e3o civil\"],\"articleSection\":[\"Not\u00edcias\"],\"inLanguage\":\"pt-PT\"},{\"@type\":\"WebPage\",\"@id\":\"https:\/\/portaltela.pt\/noticias\/2025\/12\/23\/ipma-coloca-11-distritos-sob-aviso-amarelo-por-frio\/\",\"url\":\"https:\/\/portaltela.pt\/noticias\/2025\/12\/23\/ipma-coloca-11-distritos-sob-aviso-amarelo-por-frio\/\",\"name\":\"IPMA coloca 11 distritos sob aviso amarelo por frio - Portal Tela Portugal\",\"isPartOf\":{\"@id\":\"https:\/\/portaltela.pt\/#website\"},\"primaryImageOfPage\":{\"@id\":\"https:\/\/portaltela.pt\/noticias\/2025\/12\/23\/ipma-coloca-11-distritos-sob-aviso-amarelo-por-frio\/#primaryimage\"},\"image\":{\"@id\":\"https:\/\/portaltela.pt\/noticias\/2025\/12\/23\/ipma-coloca-11-distritos-sob-aviso-amarelo-por-frio\/#primaryimage\"},\"thumbnailUrl\":\"https:\/\/portaltela.pt\/s.01k8rhncp4jt1\/2025\/12\/770-podcast-noticiario-320.jpg\",\"datePublished\":\"2025-12-24T00:00:00+00:00\",\"author\":{\"@id\":\"https:\/\/portaltela.pt\/#\/schema\/person\/c4278d4a6028830caff9ee44b42d32ed\"},\"breadcrumb\":{\"@id\":\"https:\/\/portaltela.pt\/noticias\/2025\/12\/23\/ipma-coloca-11-distritos-sob-aviso-amarelo-por-frio\/#breadcrumb\"},\"inLanguage\":\"pt-PT\",\"potentialAction\":[{\"@type\":\"ReadAction\",\"target\":[\"https:\/\/portaltela.pt\/noticias\/2025\/12\/23\/ipma-coloca-11-distritos-sob-aviso-amarelo-por-frio\/\"]}]},{\"@type\":\"ImageObject\",\"inLanguage\":\"pt-PT\",\"@id\":\"https:\/\/portaltela.pt\/noticias\/2025\/12\/23\/ipma-coloca-11-distritos-sob-aviso-amarelo-por-frio\/#primaryimage\",\"url\":\"https:\/\/portaltela.pt\/s.01k8rhncp4jt1\/2025\/12\/770-podcast-noticiario-320.jpg\",\"contentUrl\":\"https:\/\/portaltela.pt\/s.01k8rhncp4jt1\/2025\/12\/770-podcast-noticiario-320.jpg\",\"width\":796,\"height\":448,\"caption\":\"Capa do programa\"},{\"@type\":\"BreadcrumbList\",\"@id\":\"https:\/\/portaltela.pt\/noticias\/2025\/12\/23\/ipma-coloca-11-distritos-sob-aviso-amarelo-por-frio\/#breadcrumb\",\"itemListElement\":[{\"@type\":\"ListItem\",\"position\":1,\"name\":\"In\u00edcio\",\"item\":\"https:\/\/portaltela.pt\/\"},{\"@type\":\"ListItem\",\"position\":2,\"name\":\"IPMA coloca 11 distritos sob aviso amarelo por frio\"}]},{\"@type\":\"WebSite\",\"@id\":\"https:\/\/portaltela.pt\/#website\",\"url\":\"https:\/\/portaltela.pt\/\",\"name\":\"Portal Tela Portugal\",\"description\":\"\",\"potentialAction\":[{\"@type\":\"SearchAction\",\"target\":{\"@type\":\"EntryPoint\",\"urlTemplate\":\"https:\/\/portaltela.pt\/?s={search_term_string}\"},\"query-input\":{\"@type\":\"PropertyValueSpecification\",\"valueRequired\":true,\"valueName\":\"search_term_string\"}}],\"inLanguage\":\"pt-PT\"},{\"@type\":\"Person\",\"@id\":\"https:\/\/portaltela.pt\/#\/schema\/person\/c4278d4a6028830caff9ee44b42d32ed\",\"name\":\"Telinha\",\"image\":{\"@type\":\"ImageObject\",\"inLanguage\":\"pt-PT\",\"@id\":\"https:\/\/portaltela.pt\/s.01k8rhncp4jt1\/2025\/11\/talking-bot-125x125.png\",\"url\":\"https:\/\/portaltela.pt\/s.01k8rhncp4jt1\/2025\/11\/talking-bot-125x125.png\",\"contentUrl\":\"https:\/\/portaltela.pt\/s.01k8rhncp4jt1\/2025\/11\/talking-bot-125x125.png\",\"caption\":\"Telinha\"},\"sameAs\":[\"https:\/\/portaltela.pt\/\"],\"url\":\"https:\/\/portaltela.pt\/por\/367410592786\/\"}]}<\/script>\n<!-- \/ Yoast SEO plugin. -->","yoast_head_json":{"title":"IPMA coloca 11 distritos sob aviso amarelo por frio - Portal Tela Portugal","robots":{"index":"index","follow":"follow","max-snippet":"max-snippet:-1","max-image-preview":"max-image-preview:large","max-video-preview":"max-video-preview:-1"},"og_locale":"pt_PT","og_type":"article","og_title":"IPMA coloca 11 distritos sob aviso amarelo por frio - Portal Tela Portugal","og_description":"O IPMA vai colocar onze distritos de Portugal continental sob aviso amarelo por causa do frio. O aviso vai manter-se ativo durante todo o dia de sexta-feira e na madrugada de s\u00e1bado. A medida est\u00e1 alinhada com a previs\u00e3o de frio j\u00e1 anunciada pelo IPMA. O an\u00fancio confirma o alargamento para 11 distritos em aviso amarelo. A publica\u00e7\u00e3o n\u00e3o especifica quais distritos est\u00e3o inclu\u00eddos no aviso.","og_url":"https:\/\/portaltela.pt\/noticias\/2025\/12\/23\/ipma-coloca-11-distritos-sob-aviso-amarelo-por-frio\/","og_site_name":"Portal Tela Portugal","article_published_time":"2025-12-24T00:00:00+00:00","author":"Telinha","twitter_card":"summary_large_image","twitter_misc":{"Escrito por":"Telinha","Tempo estimado de leitura":"1 minuto"},"schema":{"@context":"https:\/\/schema.org","@graph":[{"@type":"Article","@id":"https:\/\/portaltela.pt\/noticias\/2025\/12\/23\/ipma-coloca-11-distritos-sob-aviso-amarelo-por-frio\/#article","isPartOf":{"@id":"https:\/\/portaltela.pt\/noticias\/2025\/12\/23\/ipma-coloca-11-distritos-sob-aviso-amarelo-por-frio\/"},"author":{"name":"Telinha","@id":"https:\/\/portaltela.pt\/#\/schema\/person\/c4278d4a6028830caff9ee44b42d32ed"},"headline":"IPMA coloca 11 distritos sob aviso amarelo por frio","datePublished":"2025-12-24T00:00:00+00:00","mainEntityOfPage":{"@id":"https:\/\/portaltela.pt\/noticias\/2025\/12\/23\/ipma-coloca-11-distritos-sob-aviso-amarelo-por-frio\/"},"wordCount":148,"image":{"@id":"https:\/\/portaltela.pt\/noticias\/2025\/12\/23\/ipma-coloca-11-distritos-sob-aviso-amarelo-por-frio\/#primaryimage"},"thumbnailUrl":"https:\/\/portaltela.pt\/s.01k8rhncp4jt1\/2025\/12\/770-podcast-noticiario-320.jpg","keywords":["ambiente","clima escolar","Portugal","prote\u00e7\u00e3o civil"],"articleSection":["Not\u00edcias"],"inLanguage":"pt-PT"},{"@type":"WebPage","@id":"https:\/\/portaltela.pt\/noticias\/2025\/12\/23\/ipma-coloca-11-distritos-sob-aviso-amarelo-por-frio\/","url":"https:\/\/portaltela.pt\/noticias\/2025\/12\/23\/ipma-coloca-11-distritos-sob-aviso-amarelo-por-frio\/","name":"IPMA coloca 11 distritos sob aviso amarelo por frio - Portal Tela Portugal","isPartOf":{"@id":"https:\/\/portaltela.pt\/#website"},"primaryImageOfPage":{"@id":"https:\/\/portaltela.pt\/noticias\/2025\/12\/23\/ipma-coloca-11-distritos-sob-aviso-amarelo-por-frio\/#primaryimage"},"image":{"@id":"https:\/\/portaltela.pt\/noticias\/2025\/12\/23\/ipma-coloca-11-distritos-sob-aviso-amarelo-por-frio\/#primaryimage"},"thumbnailUrl":"https:\/\/portaltela.pt\/s.01k8rhncp4jt1\/2025\/12\/770-podcast-noticiario-320.jpg","datePublished":"2025-12-24T00:00:00+00:00","author":{"@id":"https:\/\/portaltela.pt\/#\/schema\/person\/c4278d4a6028830caff9ee44b42d32ed"},"breadcrumb":{"@id":"https:\/\/portaltela.pt\/noticias\/2025\/12\/23\/ipma-coloca-11-distritos-sob-aviso-amarelo-por-frio\/#breadcrumb"},"inLanguage":"pt-PT","potentialAction":[{"@type":"ReadAction","target":["https:\/\/portaltela.pt\/noticias\/2025\/12\/23\/ipma-coloca-11-distritos-sob-aviso-amarelo-por-frio\/"]}]},{"@type":"ImageObject","inLanguage":"pt-PT","@id":"https:\/\/portaltela.pt\/noticias\/2025\/12\/23\/ipma-coloca-11-distritos-sob-aviso-amarelo-por-frio\/#primaryimage","url":"https:\/\/portaltela.pt\/s.01k8rhncp4jt1\/2025\/12\/770-podcast-noticiario-320.jpg","contentUrl":"https:\/\/portaltela.pt\/s.01k8rhncp4jt1\/2025\/12\/770-podcast-noticiario-320.jpg","width":796,"height":448,"caption":"Capa do programa"},{"@type":"BreadcrumbList","@id":"https:\/\/portaltela.pt\/noticias\/2025\/12\/23\/ipma-coloca-11-distritos-sob-aviso-amarelo-por-frio\/#breadcrumb","itemListElement":[{"@type":"ListItem","position":1,"name":"In\u00edcio","item":"https:\/\/portaltela.pt\/"},{"@type":"ListItem","position":2,"name":"IPMA coloca 11 distritos sob aviso amarelo por frio"}]},{"@type":"WebSite","@id":"https:\/\/portaltela.pt\/#website","url":"https:\/\/portaltela.pt\/","name":"Portal Tela Portugal","description":"","potentialAction":[{"@type":"SearchAction","target":{"@type":"EntryPoint","urlTemplate":"https:\/\/portaltela.pt\/?s={search_term_string}"},"query-input":{"@type":"PropertyValueSpecification","valueRequired":true,"valueName":"search_term_string"}}],"inLanguage":"pt-PT"},{"@type":"Person","@id":"https:\/\/portaltela.pt\/#\/schema\/person\/c4278d4a6028830caff9ee44b42d32ed","name":"Telinha","image":{"@type":"ImageObject","inLanguage":"pt-PT","@id":"https:\/\/portaltela.pt\/s.01k8rhncp4jt1\/2025\/11\/talking-bot-125x125.png","url":"https:\/\/portaltela.pt\/s.01k8rhncp4jt1\/2025\/11\/talking-bot-125x125.png","contentUrl":"https:\/\/portaltela.pt\/s.01k8rhncp4jt1\/2025\/11\/talking-bot-125x125.png","caption":"Telinha"},"sameAs":["https:\/\/portaltela.pt\/"],"url":"https:\/\/portaltela.pt\/por\/367410592786\/"}]}},"_links":{"self":[{"href":"https:\/\/portaltela.pt\/api\/wp\/v2\/posts\/96990","targetHints":{"allow":["GET"]}}],"collection":[{"href":"https:\/\/portaltela.pt\/api\/wp\/v2\/posts"}],"about":[{"href":"https:\/\/portaltela.pt\/api\/wp\/v2\/types\/post"}],"author":[{"embeddable":true,"href":"https:\/\/portaltela.pt\/api\/wp\/v2\/users\/2"}],"replies":[{"embeddable":true,"href":"https:\/\/portaltela.pt\/api\/wp\/v2\/comments?post=96990"}],"version-history":[{"count":0,"href":"https:\/\/portaltela.pt\/api\/wp\/v2\/posts\/96990\/revisions"}],"wp:featuredmedia":[{"embeddable":true,"href":"https:\/\/portaltela.pt\/api\/wp\/v2\/media\/96991"}],"wp:attachment":[{"href":"https:\/\/portaltela.pt\/api\/wp\/v2\/media?parent=96990"}],"wp:term":[{"taxonomy":"category","embeddable":true,"href":"https:\/\/portaltela.pt\/api\/wp\/v2\/categories?post=96990"},{"taxonomy":"post_tag","embeddable":true,"href":"https:\/\/portaltela.pt\/api\/wp\/v2\/tags?post=96990"}],"curies":[{"name":"wp","href":"https:\/\/api.w.org\/{rel}","templated":true}]}}