{"id":96931,"date":"2025-12-24T18:46:00","date_gmt":"2025-12-24T21:46:00","guid":{"rendered":"https:\/\/portaltela.pt\/noticias\/2025\/12\/24\/patriarca-pede-paz-e-defesa-da-dignidade-de-todas-as-pessoas\/"},"modified":"2025-12-24T18:46:00","modified_gmt":"2025-12-24T21:46:00","slug":"patriarca-pede-paz-e-defesa-da-dignidade-de-todas-as-pessoas","status":"publish","type":"post","link":"https:\/\/portaltela.pt\/noticias\/2025\/12\/24\/patriarca-pede-paz-e-defesa-da-dignidade-de-todas-as-pessoas\/","title":{"rendered":"Patriarca pede paz e defesa da dignidade de todas as pessoas"},"content":{"rendered":"<p>O patriarca de Lisboa, Rui Val\u00e9rio, recrutou a mensagem de Natal para reafirmar a defesa da dignidade de imigrantes e de pessoas exclu\u00eddas, defendendo uma paz que brota da transforma\u00e7\u00e3o interior e da proximidade entre pessoas. A interven\u00e7\u00e3o ocorreu nesta quadra festiva, em tom de apelo \u00e0 responsabilidade partilhada.<\/p>\n<p>Val\u00e9rio sublinhou que nenhuma pessoa deve ser tratada como n\u00famero, produto ou recurso descart\u00e1vel, destacando que cada rosto merece respeito e uma vida digna, independentemente da l\u00edngua, da origem ou da hist\u00f3ria de cada um. O foco recai sobre a dignidade humana.<\/p>\n<p>O prelado salientou a necessidade de construir uma paz que n\u00e3o se sustente na for\u00e7a, mas na transforma\u00e7\u00e3o dos cora\u00e7\u00f5es, dirigindo o apelo a regi\u00f5es marcadas pela guerra, pela viol\u00eancia e pelo medo. A mensagem refor\u00e7a o papel das comunidades em apoiar quem vive em contextos fr\u00e1geis.<\/p>\n<p>Durante a noite de Natal, o l\u00edder da diocese de Lisboa destacou que n\u00e3o se deve falar de esperan\u00e7a como conceito distante, mas sim abrir caminhos de proximidade e uni\u00e3o no quotidiano. O recado \u00e9 de cuidado, compaix\u00e3o e responsabilidade partilhada, evitando exclus\u00f5es.<\/p>\n<p>Na comunica\u00e7\u00e3o, Val\u00e9rio agradeceu \u00e0s organiza\u00e7\u00f5es e pessoas que atuam com gestos de cuidado, lembrando as vidas fr\u00e1geis que continuam a ser sustentadas por a\u00e7\u00f5es discretas de quem serve com fidelidade e ternura, longe dos holofotes.<\/p>\n","protected":false},"excerpt":{"rendered":"<ul>\n<li>O patriarca de Lisboa, Rui Val\u00e9rio, usou a mensagem de Natal para defender a dignidade de imigrantes e exclu\u00eddos sociais.<\/li>\n<li>Disse que \u201cningu\u00e9m \u00e9 um n\u00famero\u201d e que cada pessoa tem uma dignidade que nenhuma circunst\u00e2ncia pode apagar.<\/li>\n<li>Chamou a construir uma paz global a partir de atos de cuidado, compaix\u00e3o e responsabilidade partilhada.<\/li>\n<li>Dirigiu o apelo a povos marcados pela guerra, pela viol\u00eancia e pelo medo, assegurando que n\u00e3o est\u00e3o sozinhos.<\/li>\n<li>Defendeu que a paz deve nascer da transforma\u00e7\u00e3o dos cora\u00e7\u00f5es e de caminhos de proximidade no quotidiano, com gestos de ajuda \u00e0s pessoas fr\u00e1geis.<\/li>\n<\/ul>\n","protected":false},"author":2,"featured_media":96934,"comment_status":"closed","ping_status":"closed","sticky":false,"template":"","format":"standard","meta":{"footnotes":""},"categories":[1],"tags":[1084,1211,712,981,104,347],"class_list":["post-96931","post","type-post","status-publish","format-standard","has-post-thumbnail","hentry","category-noticias","tag-acao-social","tag-apoio-social","tag-imigracao","tag-lisboa","tag-religiao","tag-servicos-de-caridade"],"yoast_head":"<!-- This site is optimized with the Yoast SEO plugin v27.2 - https:\/\/yoast.com\/product\/yoast-seo-wordpress\/ -->\n<title>Patriarca pede paz e defesa da dignidade de todas as pessoas - Portal Tela Portugal<\/title>\n<meta name=\"robots\" content=\"index, follow, max-snippet:-1, max-image-preview:large, max-video-preview:-1\" \/>\n<meta property=\"og:locale\" content=\"pt_PT\" \/>\n<meta property=\"og:type\" content=\"article\" \/>\n<meta property=\"og:title\" content=\"Patriarca pede paz e defesa da dignidade de todas as pessoas - Portal Tela Portugal\" \/>\n<meta property=\"og:description\" content=\"O patriarca de Lisboa, Rui Val\u00e9rio, usou a mensagem de Natal para defender a dignidade de imigrantes e exclu\u00eddos sociais. Disse que \u201cningu\u00e9m \u00e9 um n\u00famero\u201d e que cada pessoa tem uma dignidade que nenhuma circunst\u00e2ncia pode apagar. Chamou a construir uma paz global a partir de atos de cuidado, compaix\u00e3o e responsabilidade partilhada. Dirigiu o apelo a povos marcados pela guerra, pela viol\u00eancia e pelo medo, assegurando que n\u00e3o est\u00e3o sozinhos. Defendeu que a paz deve nascer da transforma\u00e7\u00e3o dos cora\u00e7\u00f5es e de caminhos de proximidade no quotidiano, com gestos de ajuda \u00e0s pessoas fr\u00e1geis.\" \/>\n<meta property=\"og:url\" content=\"https:\/\/portaltela.pt\/noticias\/2025\/12\/24\/patriarca-pede-paz-e-defesa-da-dignidade-de-todas-as-pessoas\/\" \/>\n<meta property=\"og:site_name\" content=\"Portal Tela Portugal\" \/>\n<meta property=\"article:published_time\" content=\"2025-12-24T21:46:00+00:00\" \/>\n<meta name=\"author\" content=\"Telinha\" \/>\n<meta name=\"twitter:card\" content=\"summary_large_image\" \/>\n<meta name=\"twitter:label1\" content=\"Escrito por\" \/>\n\t<meta name=\"twitter:data1\" content=\"Telinha\" \/>\n\t<meta name=\"twitter:label2\" content=\"Tempo estimado de leitura\" \/>\n\t<meta name=\"twitter:data2\" content=\"1 minuto\" \/>\n<script type=\"application\/ld+json\" class=\"yoast-schema-graph\">{\"@context\":\"https:\/\/schema.org\",\"@graph\":[{\"@type\":\"Article\",\"@id\":\"https:\/\/portaltela.pt\/noticias\/2025\/12\/24\/patriarca-pede-paz-e-defesa-da-dignidade-de-todas-as-pessoas\/#article\",\"isPartOf\":{\"@id\":\"https:\/\/portaltela.pt\/noticias\/2025\/12\/24\/patriarca-pede-paz-e-defesa-da-dignidade-de-todas-as-pessoas\/\"},\"author\":{\"name\":\"Telinha\",\"@id\":\"https:\/\/portaltela.pt\/#\/schema\/person\/c4278d4a6028830caff9ee44b42d32ed\"},\"headline\":\"Patriarca pede paz e defesa da dignidade de todas as pessoas\",\"datePublished\":\"2025-12-24T21:46:00+00:00\",\"mainEntityOfPage\":{\"@id\":\"https:\/\/portaltela.pt\/noticias\/2025\/12\/24\/patriarca-pede-paz-e-defesa-da-dignidade-de-todas-as-pessoas\/\"},\"wordCount\":254,\"image\":{\"@id\":\"https:\/\/portaltela.pt\/noticias\/2025\/12\/24\/patriarca-pede-paz-e-defesa-da-dignidade-de-todas-as-pessoas\/#primaryimage\"},\"thumbnailUrl\":\"https:\/\/portaltela.pt\/s.01k8rhncp4jt1\/2025\/12\/45652712.jpg\",\"keywords\":[\"A\u00e7\u00e3o Social\",\"Apoio Social\",\"imigra\u00e7\u00e3o\",\"Lisboa\",\"religi\u00e3o\",\"servi\u00e7os de caridade\"],\"articleSection\":[\"Not\u00edcias\"],\"inLanguage\":\"pt-PT\"},{\"@type\":\"WebPage\",\"@id\":\"https:\/\/portaltela.pt\/noticias\/2025\/12\/24\/patriarca-pede-paz-e-defesa-da-dignidade-de-todas-as-pessoas\/\",\"url\":\"https:\/\/portaltela.pt\/noticias\/2025\/12\/24\/patriarca-pede-paz-e-defesa-da-dignidade-de-todas-as-pessoas\/\",\"name\":\"Patriarca pede paz e defesa da dignidade de todas as pessoas - Portal Tela Portugal\",\"isPartOf\":{\"@id\":\"https:\/\/portaltela.pt\/#website\"},\"primaryImageOfPage\":{\"@id\":\"https:\/\/portaltela.pt\/noticias\/2025\/12\/24\/patriarca-pede-paz-e-defesa-da-dignidade-de-todas-as-pessoas\/#primaryimage\"},\"image\":{\"@id\":\"https:\/\/portaltela.pt\/noticias\/2025\/12\/24\/patriarca-pede-paz-e-defesa-da-dignidade-de-todas-as-pessoas\/#primaryimage\"},\"thumbnailUrl\":\"https:\/\/portaltela.pt\/s.01k8rhncp4jt1\/2025\/12\/45652712.jpg\",\"datePublished\":\"2025-12-24T21:46:00+00:00\",\"author\":{\"@id\":\"https:\/\/portaltela.pt\/#\/schema\/person\/c4278d4a6028830caff9ee44b42d32ed\"},\"breadcrumb\":{\"@id\":\"https:\/\/portaltela.pt\/noticias\/2025\/12\/24\/patriarca-pede-paz-e-defesa-da-dignidade-de-todas-as-pessoas\/#breadcrumb\"},\"inLanguage\":\"pt-PT\",\"potentialAction\":[{\"@type\":\"ReadAction\",\"target\":[\"https:\/\/portaltela.pt\/noticias\/2025\/12\/24\/patriarca-pede-paz-e-defesa-da-dignidade-de-todas-as-pessoas\/\"]}]},{\"@type\":\"ImageObject\",\"inLanguage\":\"pt-PT\",\"@id\":\"https:\/\/portaltela.pt\/noticias\/2025\/12\/24\/patriarca-pede-paz-e-defesa-da-dignidade-de-todas-as-pessoas\/#primaryimage\",\"url\":\"https:\/\/portaltela.pt\/s.01k8rhncp4jt1\/2025\/12\/45652712.jpg\",\"contentUrl\":\"https:\/\/portaltela.pt\/s.01k8rhncp4jt1\/2025\/12\/45652712.jpg\",\"width\":796,\"height\":448,\"caption\":\"O Cardeal patriarca de Lisboa, D. Rui Val\u00e9rio, 13 de setembro de 2025. JOS\u00c9 SENA GOUL\u00c3O\/LUSA\"},{\"@type\":\"BreadcrumbList\",\"@id\":\"https:\/\/portaltela.pt\/noticias\/2025\/12\/24\/patriarca-pede-paz-e-defesa-da-dignidade-de-todas-as-pessoas\/#breadcrumb\",\"itemListElement\":[{\"@type\":\"ListItem\",\"position\":1,\"name\":\"In\u00edcio\",\"item\":\"https:\/\/portaltela.pt\/\"},{\"@type\":\"ListItem\",\"position\":2,\"name\":\"Patriarca pede paz e defesa da dignidade de todas as pessoas\"}]},{\"@type\":\"WebSite\",\"@id\":\"https:\/\/portaltela.pt\/#website\",\"url\":\"https:\/\/portaltela.pt\/\",\"name\":\"Portal Tela Portugal\",\"description\":\"\",\"potentialAction\":[{\"@type\":\"SearchAction\",\"target\":{\"@type\":\"EntryPoint\",\"urlTemplate\":\"https:\/\/portaltela.pt\/?s={search_term_string}\"},\"query-input\":{\"@type\":\"PropertyValueSpecification\",\"valueRequired\":true,\"valueName\":\"search_term_string\"}}],\"inLanguage\":\"pt-PT\"},{\"@type\":\"Person\",\"@id\":\"https:\/\/portaltela.pt\/#\/schema\/person\/c4278d4a6028830caff9ee44b42d32ed\",\"name\":\"Telinha\",\"image\":{\"@type\":\"ImageObject\",\"inLanguage\":\"pt-PT\",\"@id\":\"https:\/\/portaltela.pt\/s.01k8rhncp4jt1\/2025\/11\/talking-bot-125x125.png\",\"url\":\"https:\/\/portaltela.pt\/s.01k8rhncp4jt1\/2025\/11\/talking-bot-125x125.png\",\"contentUrl\":\"https:\/\/portaltela.pt\/s.01k8rhncp4jt1\/2025\/11\/talking-bot-125x125.png\",\"caption\":\"Telinha\"},\"sameAs\":[\"https:\/\/portaltela.pt\/\"],\"url\":\"https:\/\/portaltela.pt\/por\/367410592786\/\"}]}<\/script>\n<!-- \/ Yoast SEO plugin. -->","yoast_head_json":{"title":"Patriarca pede paz e defesa da dignidade de todas as pessoas - Portal Tela Portugal","robots":{"index":"index","follow":"follow","max-snippet":"max-snippet:-1","max-image-preview":"max-image-preview:large","max-video-preview":"max-video-preview:-1"},"og_locale":"pt_PT","og_type":"article","og_title":"Patriarca pede paz e defesa da dignidade de todas as pessoas - Portal Tela Portugal","og_description":"O patriarca de Lisboa, Rui Val\u00e9rio, usou a mensagem de Natal para defender a dignidade de imigrantes e exclu\u00eddos sociais. Disse que \u201cningu\u00e9m \u00e9 um n\u00famero\u201d e que cada pessoa tem uma dignidade que nenhuma circunst\u00e2ncia pode apagar. Chamou a construir uma paz global a partir de atos de cuidado, compaix\u00e3o e responsabilidade partilhada. Dirigiu o apelo a povos marcados pela guerra, pela viol\u00eancia e pelo medo, assegurando que n\u00e3o est\u00e3o sozinhos. Defendeu que a paz deve nascer da transforma\u00e7\u00e3o dos cora\u00e7\u00f5es e de caminhos de proximidade no quotidiano, com gestos de ajuda \u00e0s pessoas fr\u00e1geis.","og_url":"https:\/\/portaltela.pt\/noticias\/2025\/12\/24\/patriarca-pede-paz-e-defesa-da-dignidade-de-todas-as-pessoas\/","og_site_name":"Portal Tela Portugal","article_published_time":"2025-12-24T21:46:00+00:00","author":"Telinha","twitter_card":"summary_large_image","twitter_misc":{"Escrito por":"Telinha","Tempo estimado de leitura":"1 minuto"},"schema":{"@context":"https:\/\/schema.org","@graph":[{"@type":"Article","@id":"https:\/\/portaltela.pt\/noticias\/2025\/12\/24\/patriarca-pede-paz-e-defesa-da-dignidade-de-todas-as-pessoas\/#article","isPartOf":{"@id":"https:\/\/portaltela.pt\/noticias\/2025\/12\/24\/patriarca-pede-paz-e-defesa-da-dignidade-de-todas-as-pessoas\/"},"author":{"name":"Telinha","@id":"https:\/\/portaltela.pt\/#\/schema\/person\/c4278d4a6028830caff9ee44b42d32ed"},"headline":"Patriarca pede paz e defesa da dignidade de todas as pessoas","datePublished":"2025-12-24T21:46:00+00:00","mainEntityOfPage":{"@id":"https:\/\/portaltela.pt\/noticias\/2025\/12\/24\/patriarca-pede-paz-e-defesa-da-dignidade-de-todas-as-pessoas\/"},"wordCount":254,"image":{"@id":"https:\/\/portaltela.pt\/noticias\/2025\/12\/24\/patriarca-pede-paz-e-defesa-da-dignidade-de-todas-as-pessoas\/#primaryimage"},"thumbnailUrl":"https:\/\/portaltela.pt\/s.01k8rhncp4jt1\/2025\/12\/45652712.jpg","keywords":["A\u00e7\u00e3o Social","Apoio Social","imigra\u00e7\u00e3o","Lisboa","religi\u00e3o","servi\u00e7os de caridade"],"articleSection":["Not\u00edcias"],"inLanguage":"pt-PT"},{"@type":"WebPage","@id":"https:\/\/portaltela.pt\/noticias\/2025\/12\/24\/patriarca-pede-paz-e-defesa-da-dignidade-de-todas-as-pessoas\/","url":"https:\/\/portaltela.pt\/noticias\/2025\/12\/24\/patriarca-pede-paz-e-defesa-da-dignidade-de-todas-as-pessoas\/","name":"Patriarca pede paz e defesa da dignidade de todas as pessoas - Portal Tela Portugal","isPartOf":{"@id":"https:\/\/portaltela.pt\/#website"},"primaryImageOfPage":{"@id":"https:\/\/portaltela.pt\/noticias\/2025\/12\/24\/patriarca-pede-paz-e-defesa-da-dignidade-de-todas-as-pessoas\/#primaryimage"},"image":{"@id":"https:\/\/portaltela.pt\/noticias\/2025\/12\/24\/patriarca-pede-paz-e-defesa-da-dignidade-de-todas-as-pessoas\/#primaryimage"},"thumbnailUrl":"https:\/\/portaltela.pt\/s.01k8rhncp4jt1\/2025\/12\/45652712.jpg","datePublished":"2025-12-24T21:46:00+00:00","author":{"@id":"https:\/\/portaltela.pt\/#\/schema\/person\/c4278d4a6028830caff9ee44b42d32ed"},"breadcrumb":{"@id":"https:\/\/portaltela.pt\/noticias\/2025\/12\/24\/patriarca-pede-paz-e-defesa-da-dignidade-de-todas-as-pessoas\/#breadcrumb"},"inLanguage":"pt-PT","potentialAction":[{"@type":"ReadAction","target":["https:\/\/portaltela.pt\/noticias\/2025\/12\/24\/patriarca-pede-paz-e-defesa-da-dignidade-de-todas-as-pessoas\/"]}]},{"@type":"ImageObject","inLanguage":"pt-PT","@id":"https:\/\/portaltela.pt\/noticias\/2025\/12\/24\/patriarca-pede-paz-e-defesa-da-dignidade-de-todas-as-pessoas\/#primaryimage","url":"https:\/\/portaltela.pt\/s.01k8rhncp4jt1\/2025\/12\/45652712.jpg","contentUrl":"https:\/\/portaltela.pt\/s.01k8rhncp4jt1\/2025\/12\/45652712.jpg","width":796,"height":448,"caption":"O Cardeal patriarca de Lisboa, D. Rui Val\u00e9rio, 13 de setembro de 2025. JOS\u00c9 SENA GOUL\u00c3O\/LUSA"},{"@type":"BreadcrumbList","@id":"https:\/\/portaltela.pt\/noticias\/2025\/12\/24\/patriarca-pede-paz-e-defesa-da-dignidade-de-todas-as-pessoas\/#breadcrumb","itemListElement":[{"@type":"ListItem","position":1,"name":"In\u00edcio","item":"https:\/\/portaltela.pt\/"},{"@type":"ListItem","position":2,"name":"Patriarca pede paz e defesa da dignidade de todas as pessoas"}]},{"@type":"WebSite","@id":"https:\/\/portaltela.pt\/#website","url":"https:\/\/portaltela.pt\/","name":"Portal Tela Portugal","description":"","potentialAction":[{"@type":"SearchAction","target":{"@type":"EntryPoint","urlTemplate":"https:\/\/portaltela.pt\/?s={search_term_string}"},"query-input":{"@type":"PropertyValueSpecification","valueRequired":true,"valueName":"search_term_string"}}],"inLanguage":"pt-PT"},{"@type":"Person","@id":"https:\/\/portaltela.pt\/#\/schema\/person\/c4278d4a6028830caff9ee44b42d32ed","name":"Telinha","image":{"@type":"ImageObject","inLanguage":"pt-PT","@id":"https:\/\/portaltela.pt\/s.01k8rhncp4jt1\/2025\/11\/talking-bot-125x125.png","url":"https:\/\/portaltela.pt\/s.01k8rhncp4jt1\/2025\/11\/talking-bot-125x125.png","contentUrl":"https:\/\/portaltela.pt\/s.01k8rhncp4jt1\/2025\/11\/talking-bot-125x125.png","caption":"Telinha"},"sameAs":["https:\/\/portaltela.pt\/"],"url":"https:\/\/portaltela.pt\/por\/367410592786\/"}]}},"_links":{"self":[{"href":"https:\/\/portaltela.pt\/api\/wp\/v2\/posts\/96931","targetHints":{"allow":["GET"]}}],"collection":[{"href":"https:\/\/portaltela.pt\/api\/wp\/v2\/posts"}],"about":[{"href":"https:\/\/portaltela.pt\/api\/wp\/v2\/types\/post"}],"author":[{"embeddable":true,"href":"https:\/\/portaltela.pt\/api\/wp\/v2\/users\/2"}],"replies":[{"embeddable":true,"href":"https:\/\/portaltela.pt\/api\/wp\/v2\/comments?post=96931"}],"version-history":[{"count":0,"href":"https:\/\/portaltela.pt\/api\/wp\/v2\/posts\/96931\/revisions"}],"wp:featuredmedia":[{"embeddable":true,"href":"https:\/\/portaltela.pt\/api\/wp\/v2\/media\/96934"}],"wp:attachment":[{"href":"https:\/\/portaltela.pt\/api\/wp\/v2\/media?parent=96931"}],"wp:term":[{"taxonomy":"category","embeddable":true,"href":"https:\/\/portaltela.pt\/api\/wp\/v2\/categories?post=96931"},{"taxonomy":"post_tag","embeddable":true,"href":"https:\/\/portaltela.pt\/api\/wp\/v2\/tags?post=96931"}],"curies":[{"name":"wp","href":"https:\/\/api.w.org\/{rel}","templated":true}]}}