{"id":96886,"date":"2025-12-24T16:55:00","date_gmt":"2025-12-24T19:55:00","guid":{"rendered":"https:\/\/portaltela.pt\/noticias\/2025\/12\/24\/camara-de-celorico-de-basto-aprova-orcamento-de-45-milhoes-de-euros\/"},"modified":"2025-12-24T16:55:00","modified_gmt":"2025-12-24T19:55:00","slug":"camara-de-celorico-de-basto-aprova-orcamento-de-45-milhoes-de-euros","status":"publish","type":"post","link":"https:\/\/portaltela.pt\/noticias\/2025\/12\/24\/camara-de-celorico-de-basto-aprova-orcamento-de-45-milhoes-de-euros\/","title":{"rendered":"C\u00e2mara de Celorico de Basto aprova or\u00e7amento de 45 milh\u00f5es de euros"},"content":{"rendered":"<p>A C\u00e2mara Municipal de Celorico de Basto aprovou o or\u00e7amento para 2026, no valor de 45 milh\u00f5es de euros, com votos favor\u00e1veis da maioria do PSD e rejei\u00e7\u00e3o do PS. A decis\u00e3o foi comunicada pela autarquia \u00e0 Lusa. O montante \u00e9 apresentado como o maior or\u00e7amento de sempre do concelho, justificando-se pela aposta em quatro \u00e1reas estrat\u00e9gicas: sa\u00fade, habita\u00e7\u00e3o, educa\u00e7\u00e3o e parques empresariais.<\/p>\n<p>O executivo liderado pelo presidente Jos\u00e9 Peixoto Lima aponta que oito milh\u00f5es de euros devem ser investidos at\u00e9 2029 para obras no Centro de Sa\u00fade e nos Postos de Sa\u00fade locais, com parte relevante a realizar em 2026. A verba visa renovar servi\u00e7os m\u00e9dicos e ampliar atendimento \u00e0 popula\u00e7\u00e3o.<\/p>\n<p>Na habita\u00e7\u00e3o, o munic\u00edpio pretende continuar a constru\u00e7\u00e3o de habita\u00e7\u00e3o com rendas acess\u00edveis em Gandarela, Fermil, Celorico e Mota, incluindo constru\u00e7\u00e3o nova e reabilita\u00e7\u00e3o de antigas escolas, num investimento at\u00e9 2030 de 21 milh\u00f5es de euros.<\/p>\n<p>Na educa\u00e7\u00e3o, est\u00e3o previstos 10 milh\u00f5es de euros at\u00e9 2030 para reabilitar o parque escolar e melhorar equipamentos desportivos associados, refor\u00e7ando o funcionamento das institui\u00e7\u00f5es p\u00fablicas de ensino.<\/p>\n<h3>Parcerias e desenvolvimento econ\u00f3mico<\/h3>\n<p>O presidente da C\u00e2mara salienta continuidade e consolida\u00e7\u00e3o de estrat\u00e9gias, com foco no desenvolvimento local. Nos pr\u00f3ximos quatro anos, o executivo compromete-se com a reabilita\u00e7\u00e3o e amplia\u00e7\u00e3o dos parques empresariais, bem como com a constru\u00e7\u00e3o de novos espa\u00e7os.<\/p>\n","protected":false},"excerpt":{"rendered":"<ul>\n<li>A c\u00e2mara municipal de Celorico de Basto aprovou o or\u00e7amento para 2026, no valor de 45 milh\u00f5es de euros, com votos a favor da maioria do PSD e contra do PS.<\/li>\n<li>O munic\u00edpio considera tratar-se do maior or\u00e7amento de sempre, estruturado em quatro \u00e1reas estrat\u00e9gicas: sa\u00fade, habita\u00e7\u00e3o, educa\u00e7\u00e3o e parques empresariais\/fortalecimento econ\u00f3mico.<\/li>\n<li>Est\u00e1 previsto um investimento de oito milh\u00f5es de euros at\u00e9 2029 para obras de beneficia\u00e7\u00e3o do Centro de Sa\u00fade e dos Postos M\u00e9dicos do concelho, com boa parte da execu\u00e7\u00e3o em 2026.<\/li>\n<li>Na habita\u00e7\u00e3o, o objetivo \u00e9 continuar o investimento em rendas acess\u00edveis nos centros urbanos de Gandarela, Fermil, Celorico e Mota, com constru\u00e7\u00e3o de novos edif\u00edcios e reabilita\u00e7\u00e3o de antigas escolas prim\u00e1rias, at\u00e9 2030, num total de 21 milh\u00f5es de euros.<\/li>\n<li>Em educa\u00e7\u00e3o, prev\u00ea-se um investimento de 10 milh\u00f5es de euros at\u00e9 2030 para a reabilita\u00e7\u00e3o do parque escolar e de equipamentos desportivos vinculados.<\/li>\n<\/ul>\n","protected":false},"author":2,"featured_media":96891,"comment_status":"closed","ping_status":"closed","sticky":false,"template":"","format":"standard","meta":{"footnotes":""},"categories":[1],"tags":[703,1370,190,163,150,1769],"class_list":["post-96886","post","type-post","status-publish","format-standard","has-post-thumbnail","hentry","category-noticias","tag-camara","tag-celorico-de-basto","tag-desenvolvimento-economico","tag-educacao","tag-habitacao","tag-orcamento-territorio"],"yoast_head":"<!-- This site is optimized with the Yoast SEO plugin v27.2 - https:\/\/yoast.com\/product\/yoast-seo-wordpress\/ -->\n<title>C\u00e2mara de Celorico de Basto aprova or\u00e7amento de 45 milh\u00f5es de euros - Portal Tela Portugal<\/title>\n<meta name=\"robots\" content=\"index, follow, max-snippet:-1, max-image-preview:large, max-video-preview:-1\" \/>\n<meta property=\"og:locale\" content=\"pt_PT\" \/>\n<meta property=\"og:type\" content=\"article\" \/>\n<meta property=\"og:title\" content=\"C\u00e2mara de Celorico de Basto aprova or\u00e7amento de 45 milh\u00f5es de euros - Portal Tela Portugal\" \/>\n<meta property=\"og:description\" content=\"A c\u00e2mara municipal de Celorico de Basto aprovou o or\u00e7amento para 2026, no valor de 45 milh\u00f5es de euros, com votos a favor da maioria do PSD e contra do PS. O munic\u00edpio considera tratar-se do maior or\u00e7amento de sempre, estruturado em quatro \u00e1reas estrat\u00e9gicas: sa\u00fade, habita\u00e7\u00e3o, educa\u00e7\u00e3o e parques empresariais\/fortalecimento econ\u00f3mico. Est\u00e1 previsto um investimento de oito milh\u00f5es de euros at\u00e9 2029 para obras de beneficia\u00e7\u00e3o do Centro de Sa\u00fade e dos Postos M\u00e9dicos do concelho, com boa parte da execu\u00e7\u00e3o em 2026. Na habita\u00e7\u00e3o, o objetivo \u00e9 continuar o investimento em rendas acess\u00edveis nos centros urbanos de Gandarela, Fermil, Celorico e Mota, com constru\u00e7\u00e3o de novos edif\u00edcios e reabilita\u00e7\u00e3o de antigas escolas prim\u00e1rias, at\u00e9 2030, num total de 21 milh\u00f5es de euros. Em educa\u00e7\u00e3o, prev\u00ea-se um investimento de 10 milh\u00f5es de euros at\u00e9 2030 para a reabilita\u00e7\u00e3o do parque escolar e de equipamentos desportivos vinculados.\" \/>\n<meta property=\"og:url\" content=\"https:\/\/portaltela.pt\/noticias\/2025\/12\/24\/camara-de-celorico-de-basto-aprova-orcamento-de-45-milhoes-de-euros\/\" \/>\n<meta property=\"og:site_name\" content=\"Portal Tela Portugal\" \/>\n<meta property=\"article:published_time\" content=\"2025-12-24T19:55:00+00:00\" \/>\n<meta name=\"author\" content=\"Telinha\" \/>\n<meta name=\"twitter:card\" content=\"summary_large_image\" \/>\n<meta name=\"twitter:label1\" content=\"Escrito por\" \/>\n\t<meta name=\"twitter:data1\" content=\"Telinha\" \/>\n\t<meta name=\"twitter:label2\" content=\"Tempo estimado de leitura\" \/>\n\t<meta name=\"twitter:data2\" content=\"1 minuto\" \/>\n<script type=\"application\/ld+json\" class=\"yoast-schema-graph\">{\"@context\":\"https:\/\/schema.org\",\"@graph\":[{\"@type\":\"Article\",\"@id\":\"https:\/\/portaltela.pt\/noticias\/2025\/12\/24\/camara-de-celorico-de-basto-aprova-orcamento-de-45-milhoes-de-euros\/#article\",\"isPartOf\":{\"@id\":\"https:\/\/portaltela.pt\/noticias\/2025\/12\/24\/camara-de-celorico-de-basto-aprova-orcamento-de-45-milhoes-de-euros\/\"},\"author\":{\"name\":\"Telinha\",\"@id\":\"https:\/\/portaltela.pt\/#\/schema\/person\/c4278d4a6028830caff9ee44b42d32ed\"},\"headline\":\"C\u00e2mara de Celorico de Basto aprova or\u00e7amento de 45 milh\u00f5es de euros\",\"datePublished\":\"2025-12-24T19:55:00+00:00\",\"mainEntityOfPage\":{\"@id\":\"https:\/\/portaltela.pt\/noticias\/2025\/12\/24\/camara-de-celorico-de-basto-aprova-orcamento-de-45-milhoes-de-euros\/\"},\"wordCount\":261,\"image\":{\"@id\":\"https:\/\/portaltela.pt\/noticias\/2025\/12\/24\/camara-de-celorico-de-basto-aprova-orcamento-de-45-milhoes-de-euros\/#primaryimage\"},\"thumbnailUrl\":\"https:\/\/portaltela.pt\/s.01k8rhncp4jt1\/2025\/12\/unnamed-file-1580.jpg\",\"keywords\":[\"c\u00e2mara\",\"Celorico de Basto\",\"Desenvolvimento econ\u00f3mico\",\"educa\u00e7\u00e3o\",\"habita\u00e7\u00e3o\",\"Or\u00e7amento\/Territ\u00f3rio\"],\"articleSection\":[\"Not\u00edcias\"],\"inLanguage\":\"pt-PT\"},{\"@type\":\"WebPage\",\"@id\":\"https:\/\/portaltela.pt\/noticias\/2025\/12\/24\/camara-de-celorico-de-basto-aprova-orcamento-de-45-milhoes-de-euros\/\",\"url\":\"https:\/\/portaltela.pt\/noticias\/2025\/12\/24\/camara-de-celorico-de-basto-aprova-orcamento-de-45-milhoes-de-euros\/\",\"name\":\"C\u00e2mara de Celorico de Basto aprova or\u00e7amento de 45 milh\u00f5es de euros - Portal Tela Portugal\",\"isPartOf\":{\"@id\":\"https:\/\/portaltela.pt\/#website\"},\"primaryImageOfPage\":{\"@id\":\"https:\/\/portaltela.pt\/noticias\/2025\/12\/24\/camara-de-celorico-de-basto-aprova-orcamento-de-45-milhoes-de-euros\/#primaryimage\"},\"image\":{\"@id\":\"https:\/\/portaltela.pt\/noticias\/2025\/12\/24\/camara-de-celorico-de-basto-aprova-orcamento-de-45-milhoes-de-euros\/#primaryimage\"},\"thumbnailUrl\":\"https:\/\/portaltela.pt\/s.01k8rhncp4jt1\/2025\/12\/unnamed-file-1580.jpg\",\"datePublished\":\"2025-12-24T19:55:00+00:00\",\"author\":{\"@id\":\"https:\/\/portaltela.pt\/#\/schema\/person\/c4278d4a6028830caff9ee44b42d32ed\"},\"breadcrumb\":{\"@id\":\"https:\/\/portaltela.pt\/noticias\/2025\/12\/24\/camara-de-celorico-de-basto-aprova-orcamento-de-45-milhoes-de-euros\/#breadcrumb\"},\"inLanguage\":\"pt-PT\",\"potentialAction\":[{\"@type\":\"ReadAction\",\"target\":[\"https:\/\/portaltela.pt\/noticias\/2025\/12\/24\/camara-de-celorico-de-basto-aprova-orcamento-de-45-milhoes-de-euros\/\"]}]},{\"@type\":\"ImageObject\",\"inLanguage\":\"pt-PT\",\"@id\":\"https:\/\/portaltela.pt\/noticias\/2025\/12\/24\/camara-de-celorico-de-basto-aprova-orcamento-de-45-milhoes-de-euros\/#primaryimage\",\"url\":\"https:\/\/portaltela.pt\/s.01k8rhncp4jt1\/2025\/12\/unnamed-file-1580.jpg\",\"contentUrl\":\"https:\/\/portaltela.pt\/s.01k8rhncp4jt1\/2025\/12\/unnamed-file-1580.jpg\",\"width\":796,\"height\":448,\"caption\":\"C\u00e2mara de Celorico de Basto aprova or\u00e7amento de 45 milh\u00f5es\"},{\"@type\":\"BreadcrumbList\",\"@id\":\"https:\/\/portaltela.pt\/noticias\/2025\/12\/24\/camara-de-celorico-de-basto-aprova-orcamento-de-45-milhoes-de-euros\/#breadcrumb\",\"itemListElement\":[{\"@type\":\"ListItem\",\"position\":1,\"name\":\"In\u00edcio\",\"item\":\"https:\/\/portaltela.pt\/\"},{\"@type\":\"ListItem\",\"position\":2,\"name\":\"C\u00e2mara de Celorico de Basto aprova or\u00e7amento de 45 milh\u00f5es de euros\"}]},{\"@type\":\"WebSite\",\"@id\":\"https:\/\/portaltela.pt\/#website\",\"url\":\"https:\/\/portaltela.pt\/\",\"name\":\"Portal Tela Portugal\",\"description\":\"\",\"potentialAction\":[{\"@type\":\"SearchAction\",\"target\":{\"@type\":\"EntryPoint\",\"urlTemplate\":\"https:\/\/portaltela.pt\/?s={search_term_string}\"},\"query-input\":{\"@type\":\"PropertyValueSpecification\",\"valueRequired\":true,\"valueName\":\"search_term_string\"}}],\"inLanguage\":\"pt-PT\"},{\"@type\":\"Person\",\"@id\":\"https:\/\/portaltela.pt\/#\/schema\/person\/c4278d4a6028830caff9ee44b42d32ed\",\"name\":\"Telinha\",\"image\":{\"@type\":\"ImageObject\",\"inLanguage\":\"pt-PT\",\"@id\":\"https:\/\/portaltela.pt\/s.01k8rhncp4jt1\/2025\/11\/talking-bot-125x125.png\",\"url\":\"https:\/\/portaltela.pt\/s.01k8rhncp4jt1\/2025\/11\/talking-bot-125x125.png\",\"contentUrl\":\"https:\/\/portaltela.pt\/s.01k8rhncp4jt1\/2025\/11\/talking-bot-125x125.png\",\"caption\":\"Telinha\"},\"sameAs\":[\"https:\/\/portaltela.pt\/\"],\"url\":\"https:\/\/portaltela.pt\/por\/367410592786\/\"}]}<\/script>\n<!-- \/ Yoast SEO plugin. -->","yoast_head_json":{"title":"C\u00e2mara de Celorico de Basto aprova or\u00e7amento de 45 milh\u00f5es de euros - Portal Tela Portugal","robots":{"index":"index","follow":"follow","max-snippet":"max-snippet:-1","max-image-preview":"max-image-preview:large","max-video-preview":"max-video-preview:-1"},"og_locale":"pt_PT","og_type":"article","og_title":"C\u00e2mara de Celorico de Basto aprova or\u00e7amento de 45 milh\u00f5es de euros - Portal Tela Portugal","og_description":"A c\u00e2mara municipal de Celorico de Basto aprovou o or\u00e7amento para 2026, no valor de 45 milh\u00f5es de euros, com votos a favor da maioria do PSD e contra do PS. O munic\u00edpio considera tratar-se do maior or\u00e7amento de sempre, estruturado em quatro \u00e1reas estrat\u00e9gicas: sa\u00fade, habita\u00e7\u00e3o, educa\u00e7\u00e3o e parques empresariais\/fortalecimento econ\u00f3mico. Est\u00e1 previsto um investimento de oito milh\u00f5es de euros at\u00e9 2029 para obras de beneficia\u00e7\u00e3o do Centro de Sa\u00fade e dos Postos M\u00e9dicos do concelho, com boa parte da execu\u00e7\u00e3o em 2026. Na habita\u00e7\u00e3o, o objetivo \u00e9 continuar o investimento em rendas acess\u00edveis nos centros urbanos de Gandarela, Fermil, Celorico e Mota, com constru\u00e7\u00e3o de novos edif\u00edcios e reabilita\u00e7\u00e3o de antigas escolas prim\u00e1rias, at\u00e9 2030, num total de 21 milh\u00f5es de euros. Em educa\u00e7\u00e3o, prev\u00ea-se um investimento de 10 milh\u00f5es de euros at\u00e9 2030 para a reabilita\u00e7\u00e3o do parque escolar e de equipamentos desportivos vinculados.","og_url":"https:\/\/portaltela.pt\/noticias\/2025\/12\/24\/camara-de-celorico-de-basto-aprova-orcamento-de-45-milhoes-de-euros\/","og_site_name":"Portal Tela Portugal","article_published_time":"2025-12-24T19:55:00+00:00","author":"Telinha","twitter_card":"summary_large_image","twitter_misc":{"Escrito por":"Telinha","Tempo estimado de leitura":"1 minuto"},"schema":{"@context":"https:\/\/schema.org","@graph":[{"@type":"Article","@id":"https:\/\/portaltela.pt\/noticias\/2025\/12\/24\/camara-de-celorico-de-basto-aprova-orcamento-de-45-milhoes-de-euros\/#article","isPartOf":{"@id":"https:\/\/portaltela.pt\/noticias\/2025\/12\/24\/camara-de-celorico-de-basto-aprova-orcamento-de-45-milhoes-de-euros\/"},"author":{"name":"Telinha","@id":"https:\/\/portaltela.pt\/#\/schema\/person\/c4278d4a6028830caff9ee44b42d32ed"},"headline":"C\u00e2mara de Celorico de Basto aprova or\u00e7amento de 45 milh\u00f5es de euros","datePublished":"2025-12-24T19:55:00+00:00","mainEntityOfPage":{"@id":"https:\/\/portaltela.pt\/noticias\/2025\/12\/24\/camara-de-celorico-de-basto-aprova-orcamento-de-45-milhoes-de-euros\/"},"wordCount":261,"image":{"@id":"https:\/\/portaltela.pt\/noticias\/2025\/12\/24\/camara-de-celorico-de-basto-aprova-orcamento-de-45-milhoes-de-euros\/#primaryimage"},"thumbnailUrl":"https:\/\/portaltela.pt\/s.01k8rhncp4jt1\/2025\/12\/unnamed-file-1580.jpg","keywords":["c\u00e2mara","Celorico de Basto","Desenvolvimento econ\u00f3mico","educa\u00e7\u00e3o","habita\u00e7\u00e3o","Or\u00e7amento\/Territ\u00f3rio"],"articleSection":["Not\u00edcias"],"inLanguage":"pt-PT"},{"@type":"WebPage","@id":"https:\/\/portaltela.pt\/noticias\/2025\/12\/24\/camara-de-celorico-de-basto-aprova-orcamento-de-45-milhoes-de-euros\/","url":"https:\/\/portaltela.pt\/noticias\/2025\/12\/24\/camara-de-celorico-de-basto-aprova-orcamento-de-45-milhoes-de-euros\/","name":"C\u00e2mara de Celorico de Basto aprova or\u00e7amento de 45 milh\u00f5es de euros - Portal Tela Portugal","isPartOf":{"@id":"https:\/\/portaltela.pt\/#website"},"primaryImageOfPage":{"@id":"https:\/\/portaltela.pt\/noticias\/2025\/12\/24\/camara-de-celorico-de-basto-aprova-orcamento-de-45-milhoes-de-euros\/#primaryimage"},"image":{"@id":"https:\/\/portaltela.pt\/noticias\/2025\/12\/24\/camara-de-celorico-de-basto-aprova-orcamento-de-45-milhoes-de-euros\/#primaryimage"},"thumbnailUrl":"https:\/\/portaltela.pt\/s.01k8rhncp4jt1\/2025\/12\/unnamed-file-1580.jpg","datePublished":"2025-12-24T19:55:00+00:00","author":{"@id":"https:\/\/portaltela.pt\/#\/schema\/person\/c4278d4a6028830caff9ee44b42d32ed"},"breadcrumb":{"@id":"https:\/\/portaltela.pt\/noticias\/2025\/12\/24\/camara-de-celorico-de-basto-aprova-orcamento-de-45-milhoes-de-euros\/#breadcrumb"},"inLanguage":"pt-PT","potentialAction":[{"@type":"ReadAction","target":["https:\/\/portaltela.pt\/noticias\/2025\/12\/24\/camara-de-celorico-de-basto-aprova-orcamento-de-45-milhoes-de-euros\/"]}]},{"@type":"ImageObject","inLanguage":"pt-PT","@id":"https:\/\/portaltela.pt\/noticias\/2025\/12\/24\/camara-de-celorico-de-basto-aprova-orcamento-de-45-milhoes-de-euros\/#primaryimage","url":"https:\/\/portaltela.pt\/s.01k8rhncp4jt1\/2025\/12\/unnamed-file-1580.jpg","contentUrl":"https:\/\/portaltela.pt\/s.01k8rhncp4jt1\/2025\/12\/unnamed-file-1580.jpg","width":796,"height":448,"caption":"C\u00e2mara de Celorico de Basto aprova or\u00e7amento de 45 milh\u00f5es"},{"@type":"BreadcrumbList","@id":"https:\/\/portaltela.pt\/noticias\/2025\/12\/24\/camara-de-celorico-de-basto-aprova-orcamento-de-45-milhoes-de-euros\/#breadcrumb","itemListElement":[{"@type":"ListItem","position":1,"name":"In\u00edcio","item":"https:\/\/portaltela.pt\/"},{"@type":"ListItem","position":2,"name":"C\u00e2mara de Celorico de Basto aprova or\u00e7amento de 45 milh\u00f5es de euros"}]},{"@type":"WebSite","@id":"https:\/\/portaltela.pt\/#website","url":"https:\/\/portaltela.pt\/","name":"Portal Tela Portugal","description":"","potentialAction":[{"@type":"SearchAction","target":{"@type":"EntryPoint","urlTemplate":"https:\/\/portaltela.pt\/?s={search_term_string}"},"query-input":{"@type":"PropertyValueSpecification","valueRequired":true,"valueName":"search_term_string"}}],"inLanguage":"pt-PT"},{"@type":"Person","@id":"https:\/\/portaltela.pt\/#\/schema\/person\/c4278d4a6028830caff9ee44b42d32ed","name":"Telinha","image":{"@type":"ImageObject","inLanguage":"pt-PT","@id":"https:\/\/portaltela.pt\/s.01k8rhncp4jt1\/2025\/11\/talking-bot-125x125.png","url":"https:\/\/portaltela.pt\/s.01k8rhncp4jt1\/2025\/11\/talking-bot-125x125.png","contentUrl":"https:\/\/portaltela.pt\/s.01k8rhncp4jt1\/2025\/11\/talking-bot-125x125.png","caption":"Telinha"},"sameAs":["https:\/\/portaltela.pt\/"],"url":"https:\/\/portaltela.pt\/por\/367410592786\/"}]}},"_links":{"self":[{"href":"https:\/\/portaltela.pt\/api\/wp\/v2\/posts\/96886","targetHints":{"allow":["GET"]}}],"collection":[{"href":"https:\/\/portaltela.pt\/api\/wp\/v2\/posts"}],"about":[{"href":"https:\/\/portaltela.pt\/api\/wp\/v2\/types\/post"}],"author":[{"embeddable":true,"href":"https:\/\/portaltela.pt\/api\/wp\/v2\/users\/2"}],"replies":[{"embeddable":true,"href":"https:\/\/portaltela.pt\/api\/wp\/v2\/comments?post=96886"}],"version-history":[{"count":0,"href":"https:\/\/portaltela.pt\/api\/wp\/v2\/posts\/96886\/revisions"}],"wp:featuredmedia":[{"embeddable":true,"href":"https:\/\/portaltela.pt\/api\/wp\/v2\/media\/96891"}],"wp:attachment":[{"href":"https:\/\/portaltela.pt\/api\/wp\/v2\/media?parent=96886"}],"wp:term":[{"taxonomy":"category","embeddable":true,"href":"https:\/\/portaltela.pt\/api\/wp\/v2\/categories?post=96886"},{"taxonomy":"post_tag","embeddable":true,"href":"https:\/\/portaltela.pt\/api\/wp\/v2\/tags?post=96886"}],"curies":[{"name":"wp","href":"https:\/\/api.w.org\/{rel}","templated":true}]}}