{"id":96662,"date":"2025-12-24T13:53:00","date_gmt":"2025-12-24T16:53:00","guid":{"rendered":"https:\/\/portaltela.pt\/noticias\/2025\/12\/24\/coimbra-uls-ativa-contingencia-devido-ao-aumento-de-infecoes-respiratorias\/"},"modified":"2025-12-24T13:53:00","modified_gmt":"2025-12-24T16:53:00","slug":"coimbra-uls-ativa-contingencia-devido-ao-aumento-de-infecoes-respiratorias","status":"publish","type":"post","link":"https:\/\/portaltela.pt\/noticias\/2025\/12\/24\/coimbra-uls-ativa-contingencia-devido-ao-aumento-de-infecoes-respiratorias\/","title":{"rendered":"Coimbra: ULS ativa conting\u00eancia devido ao aumento de infe\u00e7\u00f5es respirat\u00f3rias"},"content":{"rendered":"<p>A Unidade Local de Sa\u00fade (ULS) de Coimbra acionou, a partir de 24 de dezembro, o N\u00edvel 2 do Plano de Conting\u00eancia nos cuidados de sa\u00fade prim\u00e1rios. A medida decorre do aumento significativo de infe\u00e7\u00f5es respirat\u00f3rias na \u00faltima semana.<\/p>\n<p>Entre 15 e 21 de dezembro, ocorreram 4.739 consultas de doentes agudos nos cuidados de sa\u00fade prim\u00e1rios da ULS de Coimbra, com 2.274 diagn\u00f3sticos de infe\u00e7\u00f5es respirat\u00f3rias. Destacam-se 1.288 infe\u00e7\u00f5es agudas do aparelho respirat\u00f3rio superior, 576 gripe, 168 bronquiolites, 159 pneumonias e 127 amigdalites.<\/p>\n<p>A decis\u00e3o de ativar o n\u00edvel de conting\u00eancia foi tomada ap\u00f3s ultrapassar o limiar de 1.750 consultas semanais por infe\u00e7\u00e3o respirat\u00f3ria, indicativo da circula\u00e7\u00e3o de v\u00edrus respirat\u00f3rios entre a popula\u00e7\u00e3o, sobretudo nas faixas et\u00e1rias mais jovens.<\/p>\n<h3>Medidas e funcionamento<\/h3>\n<p>O plano prev\u00ea refor\u00e7o da resposta em proximidade, incluindo alargamento do hor\u00e1rio at\u00e9 \u00e0s 20h nos dias \u00fateis e aos s\u00e1bados, das 9h \u00e0s 13h. A reorganiza\u00e7\u00e3o das agendas visa assegurar que pelo menos 80% dos pedidos de consulta de doen\u00e7a aguda sejam atendidos no pr\u00f3prio dia.<\/p>\n<p>Durante os dias de toler\u00e2ncia de ponto \u2014 24, 26 e 31 de dezembro \u2014, os centros de sa\u00fade manter\u00e3o funcionamento entre as 10h e as 18h, garantindo consultas de doen\u00e7a aguda e continuidade dos cuidados de enfermagem.<\/p>\n<p>Paralelamente, a Linha SNS24 registou 2.844 chamadas na mesma semana, com 1.226 encaminhamentos para consultas presenciais, n\u00fameros que refletem a procura elevada por orienta\u00e7\u00e3o m\u00e9dica.<\/p>\n<p>A ULS de Coimbra pede \u00e0 popula\u00e7\u00e3o uso respons\u00e1vel dos servi\u00e7os de sa\u00fade e recomenda o contacto pr\u00e9vio com o SNS24. O objetivo \u00e9 encaminhar adequadamente para m\u00e9dico de fam\u00edlia, centro de sa\u00fade ou atendimento cl\u00ednico, reservando urg\u00eancias hospitalares para situa\u00e7\u00f5es graves.<\/p>\n","protected":false},"excerpt":{"rendered":"<ul>\n<li>A ULS de Coimbra ativou, a 24 de dezembro, o N\u00edvel 2 do Plano de Conting\u00eancia nos cuidados de sa\u00fade prim\u00e1rios, devido ao aumento significativo de infe\u00e7\u00f5es respirat\u00f3rias.<\/li>\n<li>Entre 15 e 21 de dezembro ocorreram 4.739 consultas de doentes agudos, com 2.274 diagn\u00f3sticos de infe\u00e7\u00f5es respirat\u00f3rias, entre as quais 1.288 infe\u00e7\u00f5es agudas do aparelho respirat\u00f3rio superior, 576 gripe, 168 bronquiolite aguda, 159 pneumonias e 127 amigdalites.<\/li>\n<li>A decis\u00e3o foi tomada ap\u00f3s o limiar de 1.750 consultas semanais associadas a infe\u00e7\u00e3o respirat\u00f3ria ter sido ultrapassado, refletindo circula\u00e7\u00e3o intensa de v\u00edrus, com maior impacto em crian\u00e7as.<\/li>\n<li>O plano prev\u00ea refor\u00e7o da resposta nos cuidados de proximidade: alargamento do hor\u00e1rio at\u00e9 \u00e0s 20h nos dias \u00fateis e aos s\u00e1bados entre 9h e 13h; reorganiza\u00e7\u00e3o de agendas para assegurar que pelo menos 80% das consultas de doen\u00e7a aguda sejam atendidas no pr\u00f3prio dia.<\/li>\n<li>Nos dias de toler\u00e2ncia de ponto \u2014 24, 26 e 31 de dezembro \u2014 os centros de sa\u00fade manter-se-\u00e3o abertos entre 10h e 18h; a SNS 24 registou 2.844 chamadas com 1.226 encaminhamentos para consultas presenciais.<\/li>\n<\/ul>\n","protected":false},"author":2,"featured_media":96665,"comment_status":"closed","ping_status":"closed","sticky":false,"template":"","format":"standard","meta":{"footnotes":""},"categories":[1],"tags":[1906,1070,1905,841,1907,1775],"class_list":["post-96662","post","type-post","status-publish","format-standard","has-post-thumbnail","hentry","category-noticias","tag-bronquiolites","tag-coimbra","tag-gripe","tag-infecao-respiratoria-aguda","tag-pneumonias","tag-sns"],"yoast_head":"<!-- This site is optimized with the Yoast SEO plugin v27.2 - https:\/\/yoast.com\/product\/yoast-seo-wordpress\/ -->\n<title>Coimbra: ULS ativa conting\u00eancia devido ao aumento de infe\u00e7\u00f5es respirat\u00f3rias - Portal Tela Portugal<\/title>\n<meta name=\"robots\" content=\"index, follow, max-snippet:-1, max-image-preview:large, max-video-preview:-1\" \/>\n<meta property=\"og:locale\" content=\"pt_PT\" \/>\n<meta property=\"og:type\" content=\"article\" \/>\n<meta property=\"og:title\" content=\"Coimbra: ULS ativa conting\u00eancia devido ao aumento de infe\u00e7\u00f5es respirat\u00f3rias - Portal Tela Portugal\" \/>\n<meta property=\"og:description\" content=\"A ULS de Coimbra ativou, a 24 de dezembro, o N\u00edvel 2 do Plano de Conting\u00eancia nos cuidados de sa\u00fade prim\u00e1rios, devido ao aumento significativo de infe\u00e7\u00f5es respirat\u00f3rias. Entre 15 e 21 de dezembro ocorreram 4.739 consultas de doentes agudos, com 2.274 diagn\u00f3sticos de infe\u00e7\u00f5es respirat\u00f3rias, entre as quais 1.288 infe\u00e7\u00f5es agudas do aparelho respirat\u00f3rio superior, 576 gripe, 168 bronquiolite aguda, 159 pneumonias e 127 amigdalites. A decis\u00e3o foi tomada ap\u00f3s o limiar de 1.750 consultas semanais associadas a infe\u00e7\u00e3o respirat\u00f3ria ter sido ultrapassado, refletindo circula\u00e7\u00e3o intensa de v\u00edrus, com maior impacto em crian\u00e7as. O plano prev\u00ea refor\u00e7o da resposta nos cuidados de proximidade: alargamento do hor\u00e1rio at\u00e9 \u00e0s 20h nos dias \u00fateis e aos s\u00e1bados entre 9h e 13h; reorganiza\u00e7\u00e3o de agendas para assegurar que pelo menos 80% das consultas de doen\u00e7a aguda sejam atendidas no pr\u00f3prio dia. Nos dias de toler\u00e2ncia de ponto \u2014 24, 26 e 31 de dezembro \u2014 os centros de sa\u00fade manter-se-\u00e3o abertos entre 10h e 18h; a SNS 24 registou 2.844 chamadas com 1.226 encaminhamentos para consultas presenciais.\" \/>\n<meta property=\"og:url\" content=\"https:\/\/portaltela.pt\/noticias\/2025\/12\/24\/coimbra-uls-ativa-contingencia-devido-ao-aumento-de-infecoes-respiratorias\/\" \/>\n<meta property=\"og:site_name\" content=\"Portal Tela Portugal\" \/>\n<meta property=\"article:published_time\" content=\"2025-12-24T16:53:00+00:00\" \/>\n<meta name=\"author\" content=\"Telinha\" \/>\n<meta name=\"twitter:card\" content=\"summary_large_image\" \/>\n<meta name=\"twitter:label1\" content=\"Escrito por\" \/>\n\t<meta name=\"twitter:data1\" content=\"Telinha\" \/>\n\t<meta name=\"twitter:label2\" content=\"Tempo estimado de leitura\" \/>\n\t<meta name=\"twitter:data2\" content=\"2 minutos\" \/>\n<script type=\"application\/ld+json\" class=\"yoast-schema-graph\">{\"@context\":\"https:\/\/schema.org\",\"@graph\":[{\"@type\":\"Article\",\"@id\":\"https:\/\/portaltela.pt\/noticias\/2025\/12\/24\/coimbra-uls-ativa-contingencia-devido-ao-aumento-de-infecoes-respiratorias\/#article\",\"isPartOf\":{\"@id\":\"https:\/\/portaltela.pt\/noticias\/2025\/12\/24\/coimbra-uls-ativa-contingencia-devido-ao-aumento-de-infecoes-respiratorias\/\"},\"author\":{\"name\":\"Telinha\",\"@id\":\"https:\/\/portaltela.pt\/#\/schema\/person\/c4278d4a6028830caff9ee44b42d32ed\"},\"headline\":\"Coimbra: ULS ativa conting\u00eancia devido ao aumento de infe\u00e7\u00f5es respirat\u00f3rias\",\"datePublished\":\"2025-12-24T16:53:00+00:00\",\"mainEntityOfPage\":{\"@id\":\"https:\/\/portaltela.pt\/noticias\/2025\/12\/24\/coimbra-uls-ativa-contingencia-devido-ao-aumento-de-infecoes-respiratorias\/\"},\"wordCount\":314,\"image\":{\"@id\":\"https:\/\/portaltela.pt\/noticias\/2025\/12\/24\/coimbra-uls-ativa-contingencia-devido-ao-aumento-de-infecoes-respiratorias\/#primaryimage\"},\"thumbnailUrl\":\"https:\/\/portaltela.pt\/s.01k8rhncp4jt1\/2025\/12\/at-the-hospital-corridor-an-emergency-stretcher-w-2024-10-18-06-12-17-utc-scaled-1-1.jpg\",\"keywords\":[\"bronquiolites\",\"Coimbra\",\"gripe\",\"infe\u00e7\u00e3o respirat\u00f3ria aguda\",\"pneumonias\",\"SNS\"],\"articleSection\":[\"Not\u00edcias\"],\"inLanguage\":\"pt-PT\"},{\"@type\":\"WebPage\",\"@id\":\"https:\/\/portaltela.pt\/noticias\/2025\/12\/24\/coimbra-uls-ativa-contingencia-devido-ao-aumento-de-infecoes-respiratorias\/\",\"url\":\"https:\/\/portaltela.pt\/noticias\/2025\/12\/24\/coimbra-uls-ativa-contingencia-devido-ao-aumento-de-infecoes-respiratorias\/\",\"name\":\"Coimbra: ULS ativa conting\u00eancia devido ao aumento de infe\u00e7\u00f5es respirat\u00f3rias - Portal Tela Portugal\",\"isPartOf\":{\"@id\":\"https:\/\/portaltela.pt\/#website\"},\"primaryImageOfPage\":{\"@id\":\"https:\/\/portaltela.pt\/noticias\/2025\/12\/24\/coimbra-uls-ativa-contingencia-devido-ao-aumento-de-infecoes-respiratorias\/#primaryimage\"},\"image\":{\"@id\":\"https:\/\/portaltela.pt\/noticias\/2025\/12\/24\/coimbra-uls-ativa-contingencia-devido-ao-aumento-de-infecoes-respiratorias\/#primaryimage\"},\"thumbnailUrl\":\"https:\/\/portaltela.pt\/s.01k8rhncp4jt1\/2025\/12\/at-the-hospital-corridor-an-emergency-stretcher-w-2024-10-18-06-12-17-utc-scaled-1-1.jpg\",\"datePublished\":\"2025-12-24T16:53:00+00:00\",\"author\":{\"@id\":\"https:\/\/portaltela.pt\/#\/schema\/person\/c4278d4a6028830caff9ee44b42d32ed\"},\"breadcrumb\":{\"@id\":\"https:\/\/portaltela.pt\/noticias\/2025\/12\/24\/coimbra-uls-ativa-contingencia-devido-ao-aumento-de-infecoes-respiratorias\/#breadcrumb\"},\"inLanguage\":\"pt-PT\",\"potentialAction\":[{\"@type\":\"ReadAction\",\"target\":[\"https:\/\/portaltela.pt\/noticias\/2025\/12\/24\/coimbra-uls-ativa-contingencia-devido-ao-aumento-de-infecoes-respiratorias\/\"]}]},{\"@type\":\"ImageObject\",\"inLanguage\":\"pt-PT\",\"@id\":\"https:\/\/portaltela.pt\/noticias\/2025\/12\/24\/coimbra-uls-ativa-contingencia-devido-ao-aumento-de-infecoes-respiratorias\/#primaryimage\",\"url\":\"https:\/\/portaltela.pt\/s.01k8rhncp4jt1\/2025\/12\/at-the-hospital-corridor-an-emergency-stretcher-w-2024-10-18-06-12-17-utc-scaled-1-1.jpg\",\"contentUrl\":\"https:\/\/portaltela.pt\/s.01k8rhncp4jt1\/2025\/12\/at-the-hospital-corridor-an-emergency-stretcher-w-2024-10-18-06-12-17-utc-scaled-1-1.jpg\",\"width\":796,\"height\":448,\"caption\":\"Urg\u00eancia de Obstetr\u00edcia e Ginecologia encerrada no Hospital de Aveiro entre cinco servi\u00e7os fechados este domingo\"},{\"@type\":\"BreadcrumbList\",\"@id\":\"https:\/\/portaltela.pt\/noticias\/2025\/12\/24\/coimbra-uls-ativa-contingencia-devido-ao-aumento-de-infecoes-respiratorias\/#breadcrumb\",\"itemListElement\":[{\"@type\":\"ListItem\",\"position\":1,\"name\":\"In\u00edcio\",\"item\":\"https:\/\/portaltela.pt\/\"},{\"@type\":\"ListItem\",\"position\":2,\"name\":\"Coimbra: ULS ativa conting\u00eancia devido ao aumento de infe\u00e7\u00f5es respirat\u00f3rias\"}]},{\"@type\":\"WebSite\",\"@id\":\"https:\/\/portaltela.pt\/#website\",\"url\":\"https:\/\/portaltela.pt\/\",\"name\":\"Portal Tela Portugal\",\"description\":\"\",\"potentialAction\":[{\"@type\":\"SearchAction\",\"target\":{\"@type\":\"EntryPoint\",\"urlTemplate\":\"https:\/\/portaltela.pt\/?s={search_term_string}\"},\"query-input\":{\"@type\":\"PropertyValueSpecification\",\"valueRequired\":true,\"valueName\":\"search_term_string\"}}],\"inLanguage\":\"pt-PT\"},{\"@type\":\"Person\",\"@id\":\"https:\/\/portaltela.pt\/#\/schema\/person\/c4278d4a6028830caff9ee44b42d32ed\",\"name\":\"Telinha\",\"image\":{\"@type\":\"ImageObject\",\"inLanguage\":\"pt-PT\",\"@id\":\"https:\/\/portaltela.pt\/s.01k8rhncp4jt1\/2025\/11\/talking-bot-125x125.png\",\"url\":\"https:\/\/portaltela.pt\/s.01k8rhncp4jt1\/2025\/11\/talking-bot-125x125.png\",\"contentUrl\":\"https:\/\/portaltela.pt\/s.01k8rhncp4jt1\/2025\/11\/talking-bot-125x125.png\",\"caption\":\"Telinha\"},\"sameAs\":[\"https:\/\/portaltela.pt\/\"],\"url\":\"https:\/\/portaltela.pt\/por\/367410592786\/\"}]}<\/script>\n<!-- \/ Yoast SEO plugin. -->","yoast_head_json":{"title":"Coimbra: ULS ativa conting\u00eancia devido ao aumento de infe\u00e7\u00f5es respirat\u00f3rias - Portal Tela Portugal","robots":{"index":"index","follow":"follow","max-snippet":"max-snippet:-1","max-image-preview":"max-image-preview:large","max-video-preview":"max-video-preview:-1"},"og_locale":"pt_PT","og_type":"article","og_title":"Coimbra: ULS ativa conting\u00eancia devido ao aumento de infe\u00e7\u00f5es respirat\u00f3rias - Portal Tela Portugal","og_description":"A ULS de Coimbra ativou, a 24 de dezembro, o N\u00edvel 2 do Plano de Conting\u00eancia nos cuidados de sa\u00fade prim\u00e1rios, devido ao aumento significativo de infe\u00e7\u00f5es respirat\u00f3rias. Entre 15 e 21 de dezembro ocorreram 4.739 consultas de doentes agudos, com 2.274 diagn\u00f3sticos de infe\u00e7\u00f5es respirat\u00f3rias, entre as quais 1.288 infe\u00e7\u00f5es agudas do aparelho respirat\u00f3rio superior, 576 gripe, 168 bronquiolite aguda, 159 pneumonias e 127 amigdalites. A decis\u00e3o foi tomada ap\u00f3s o limiar de 1.750 consultas semanais associadas a infe\u00e7\u00e3o respirat\u00f3ria ter sido ultrapassado, refletindo circula\u00e7\u00e3o intensa de v\u00edrus, com maior impacto em crian\u00e7as. O plano prev\u00ea refor\u00e7o da resposta nos cuidados de proximidade: alargamento do hor\u00e1rio at\u00e9 \u00e0s 20h nos dias \u00fateis e aos s\u00e1bados entre 9h e 13h; reorganiza\u00e7\u00e3o de agendas para assegurar que pelo menos 80% das consultas de doen\u00e7a aguda sejam atendidas no pr\u00f3prio dia. Nos dias de toler\u00e2ncia de ponto \u2014 24, 26 e 31 de dezembro \u2014 os centros de sa\u00fade manter-se-\u00e3o abertos entre 10h e 18h; a SNS 24 registou 2.844 chamadas com 1.226 encaminhamentos para consultas presenciais.","og_url":"https:\/\/portaltela.pt\/noticias\/2025\/12\/24\/coimbra-uls-ativa-contingencia-devido-ao-aumento-de-infecoes-respiratorias\/","og_site_name":"Portal Tela Portugal","article_published_time":"2025-12-24T16:53:00+00:00","author":"Telinha","twitter_card":"summary_large_image","twitter_misc":{"Escrito por":"Telinha","Tempo estimado de leitura":"2 minutos"},"schema":{"@context":"https:\/\/schema.org","@graph":[{"@type":"Article","@id":"https:\/\/portaltela.pt\/noticias\/2025\/12\/24\/coimbra-uls-ativa-contingencia-devido-ao-aumento-de-infecoes-respiratorias\/#article","isPartOf":{"@id":"https:\/\/portaltela.pt\/noticias\/2025\/12\/24\/coimbra-uls-ativa-contingencia-devido-ao-aumento-de-infecoes-respiratorias\/"},"author":{"name":"Telinha","@id":"https:\/\/portaltela.pt\/#\/schema\/person\/c4278d4a6028830caff9ee44b42d32ed"},"headline":"Coimbra: ULS ativa conting\u00eancia devido ao aumento de infe\u00e7\u00f5es respirat\u00f3rias","datePublished":"2025-12-24T16:53:00+00:00","mainEntityOfPage":{"@id":"https:\/\/portaltela.pt\/noticias\/2025\/12\/24\/coimbra-uls-ativa-contingencia-devido-ao-aumento-de-infecoes-respiratorias\/"},"wordCount":314,"image":{"@id":"https:\/\/portaltela.pt\/noticias\/2025\/12\/24\/coimbra-uls-ativa-contingencia-devido-ao-aumento-de-infecoes-respiratorias\/#primaryimage"},"thumbnailUrl":"https:\/\/portaltela.pt\/s.01k8rhncp4jt1\/2025\/12\/at-the-hospital-corridor-an-emergency-stretcher-w-2024-10-18-06-12-17-utc-scaled-1-1.jpg","keywords":["bronquiolites","Coimbra","gripe","infe\u00e7\u00e3o respirat\u00f3ria aguda","pneumonias","SNS"],"articleSection":["Not\u00edcias"],"inLanguage":"pt-PT"},{"@type":"WebPage","@id":"https:\/\/portaltela.pt\/noticias\/2025\/12\/24\/coimbra-uls-ativa-contingencia-devido-ao-aumento-de-infecoes-respiratorias\/","url":"https:\/\/portaltela.pt\/noticias\/2025\/12\/24\/coimbra-uls-ativa-contingencia-devido-ao-aumento-de-infecoes-respiratorias\/","name":"Coimbra: ULS ativa conting\u00eancia devido ao aumento de infe\u00e7\u00f5es respirat\u00f3rias - Portal Tela Portugal","isPartOf":{"@id":"https:\/\/portaltela.pt\/#website"},"primaryImageOfPage":{"@id":"https:\/\/portaltela.pt\/noticias\/2025\/12\/24\/coimbra-uls-ativa-contingencia-devido-ao-aumento-de-infecoes-respiratorias\/#primaryimage"},"image":{"@id":"https:\/\/portaltela.pt\/noticias\/2025\/12\/24\/coimbra-uls-ativa-contingencia-devido-ao-aumento-de-infecoes-respiratorias\/#primaryimage"},"thumbnailUrl":"https:\/\/portaltela.pt\/s.01k8rhncp4jt1\/2025\/12\/at-the-hospital-corridor-an-emergency-stretcher-w-2024-10-18-06-12-17-utc-scaled-1-1.jpg","datePublished":"2025-12-24T16:53:00+00:00","author":{"@id":"https:\/\/portaltela.pt\/#\/schema\/person\/c4278d4a6028830caff9ee44b42d32ed"},"breadcrumb":{"@id":"https:\/\/portaltela.pt\/noticias\/2025\/12\/24\/coimbra-uls-ativa-contingencia-devido-ao-aumento-de-infecoes-respiratorias\/#breadcrumb"},"inLanguage":"pt-PT","potentialAction":[{"@type":"ReadAction","target":["https:\/\/portaltela.pt\/noticias\/2025\/12\/24\/coimbra-uls-ativa-contingencia-devido-ao-aumento-de-infecoes-respiratorias\/"]}]},{"@type":"ImageObject","inLanguage":"pt-PT","@id":"https:\/\/portaltela.pt\/noticias\/2025\/12\/24\/coimbra-uls-ativa-contingencia-devido-ao-aumento-de-infecoes-respiratorias\/#primaryimage","url":"https:\/\/portaltela.pt\/s.01k8rhncp4jt1\/2025\/12\/at-the-hospital-corridor-an-emergency-stretcher-w-2024-10-18-06-12-17-utc-scaled-1-1.jpg","contentUrl":"https:\/\/portaltela.pt\/s.01k8rhncp4jt1\/2025\/12\/at-the-hospital-corridor-an-emergency-stretcher-w-2024-10-18-06-12-17-utc-scaled-1-1.jpg","width":796,"height":448,"caption":"Urg\u00eancia de Obstetr\u00edcia e Ginecologia encerrada no Hospital de Aveiro entre cinco servi\u00e7os fechados este domingo"},{"@type":"BreadcrumbList","@id":"https:\/\/portaltela.pt\/noticias\/2025\/12\/24\/coimbra-uls-ativa-contingencia-devido-ao-aumento-de-infecoes-respiratorias\/#breadcrumb","itemListElement":[{"@type":"ListItem","position":1,"name":"In\u00edcio","item":"https:\/\/portaltela.pt\/"},{"@type":"ListItem","position":2,"name":"Coimbra: ULS ativa conting\u00eancia devido ao aumento de infe\u00e7\u00f5es respirat\u00f3rias"}]},{"@type":"WebSite","@id":"https:\/\/portaltela.pt\/#website","url":"https:\/\/portaltela.pt\/","name":"Portal Tela Portugal","description":"","potentialAction":[{"@type":"SearchAction","target":{"@type":"EntryPoint","urlTemplate":"https:\/\/portaltela.pt\/?s={search_term_string}"},"query-input":{"@type":"PropertyValueSpecification","valueRequired":true,"valueName":"search_term_string"}}],"inLanguage":"pt-PT"},{"@type":"Person","@id":"https:\/\/portaltela.pt\/#\/schema\/person\/c4278d4a6028830caff9ee44b42d32ed","name":"Telinha","image":{"@type":"ImageObject","inLanguage":"pt-PT","@id":"https:\/\/portaltela.pt\/s.01k8rhncp4jt1\/2025\/11\/talking-bot-125x125.png","url":"https:\/\/portaltela.pt\/s.01k8rhncp4jt1\/2025\/11\/talking-bot-125x125.png","contentUrl":"https:\/\/portaltela.pt\/s.01k8rhncp4jt1\/2025\/11\/talking-bot-125x125.png","caption":"Telinha"},"sameAs":["https:\/\/portaltela.pt\/"],"url":"https:\/\/portaltela.pt\/por\/367410592786\/"}]}},"_links":{"self":[{"href":"https:\/\/portaltela.pt\/api\/wp\/v2\/posts\/96662","targetHints":{"allow":["GET"]}}],"collection":[{"href":"https:\/\/portaltela.pt\/api\/wp\/v2\/posts"}],"about":[{"href":"https:\/\/portaltela.pt\/api\/wp\/v2\/types\/post"}],"author":[{"embeddable":true,"href":"https:\/\/portaltela.pt\/api\/wp\/v2\/users\/2"}],"replies":[{"embeddable":true,"href":"https:\/\/portaltela.pt\/api\/wp\/v2\/comments?post=96662"}],"version-history":[{"count":0,"href":"https:\/\/portaltela.pt\/api\/wp\/v2\/posts\/96662\/revisions"}],"wp:featuredmedia":[{"embeddable":true,"href":"https:\/\/portaltela.pt\/api\/wp\/v2\/media\/96665"}],"wp:attachment":[{"href":"https:\/\/portaltela.pt\/api\/wp\/v2\/media?parent=96662"}],"wp:term":[{"taxonomy":"category","embeddable":true,"href":"https:\/\/portaltela.pt\/api\/wp\/v2\/categories?post=96662"},{"taxonomy":"post_tag","embeddable":true,"href":"https:\/\/portaltela.pt\/api\/wp\/v2\/tags?post=96662"}],"curies":[{"name":"wp","href":"https:\/\/api.w.org\/{rel}","templated":true}]}}