{"id":96590,"date":"2025-12-24T13:18:00","date_gmt":"2025-12-24T16:18:00","guid":{"rendered":"https:\/\/portaltela.pt\/noticias\/2025\/12\/24\/manuel-centeno-faz-da-vida-no-mar-e-nas-ondas-e-dedica-se-ao-bodyboard\/"},"modified":"2025-12-24T13:18:00","modified_gmt":"2025-12-24T16:18:00","slug":"manuel-centeno-faz-da-vida-no-mar-e-nas-ondas-e-dedica-se-ao-bodyboard","status":"publish","type":"post","link":"https:\/\/portaltela.pt\/desporto\/2025\/12\/24\/manuel-centeno-faz-da-vida-no-mar-e-nas-ondas-e-dedica-se-ao-bodyboard\/","title":{"rendered":"Manuel Centeno faz da vida no mar e nas ondas e dedica-se ao bodyboard"},"content":{"rendered":"<p>Manuel Centeno, 45 anos, \u00e9 uma figura central do bodyboard em Portugal. Residente em Matosinhos, atua tamb\u00e9m como embaixador de Matosinhos &#8211; Cidade Europeia do Desporto.<\/p>\n<p>O atleta tornou-se mundialmente conhecido ao vencer o ISA World Surfing Games em 2006, em Huntington Beach, nos Estados Unidos. Essa vit\u00f3ria ajudou a colocar Portugal no mapa do bodyboard internacional.<\/p>\n<p>Ao longo da carreira, Centeno soma cerca de dez t\u00edtulos nacionais, cinco europeus e dois mundiais, n\u00fameros que o posicionam entre os mais bem-sucedidos da modalidade no pa\u00eds.<\/p>\n<p>paralelamente \u00e0 carreira desportiva, licenciou-se em Arquitetura pela Universidade do Porto em 2006, demonstrando equil\u00edbrio entre estudo e alto rendimento.<\/p>\n<p>Refer\u00eancia incontorn\u00e1vel do bodyboard nacional, Centeno encarna talento, dedica\u00e7\u00e3o e polival\u00eancia, mantendo-se ativo e relevante no panorama desportivo portugu\u00eas.<\/p>\n","protected":false},"excerpt":{"rendered":"<ul>\n<li>Manuel Centeno tem quarenta e cinco anos e \u00e9 uma das refer\u00eancias do bodyboard em Portugal, residindo em Matosinhos e atuando como embaixador de Matosinhos &#8211; Cidade Europeia do Desporto.<\/li>\n<li>Ficou internacionalmente conhecido ao sagrar\u2011se campe\u00e3o do mundo em 2006, nos ISA World Surfing Games, em Huntington Beach, Estados Unidos.<\/li>\n<li>Ao longo da carreira acumulou cerca de dez t\u00edtulos nacionais, cinco europeus e dois mundiais.<\/li>\n<li>Licenciou-se em Arquitetura pela Universidade do Porto em 2006, conseguindo equilibrar o estudo com o desporto de alto rendimento.<\/li>\n<li>\u00c9 visto como refer\u00eancia incontorn\u00e1vel do bodyboard nacional, destacando talento, dedica\u00e7\u00e3o e polival\u00eancia.<\/li>\n<\/ul>\n","protected":false},"author":2,"featured_media":96591,"comment_status":"closed","ping_status":"closed","sticky":false,"template":"","format":"standard","meta":{"footnotes":""},"categories":[21],"tags":[252,650,152,1709,399,1014],"class_list":["post-96590","post","type-post","status-publish","format-standard","has-post-thumbnail","hentry","category-desporto","tag-atletas","tag-cidadania-desportiva","tag-desporto","tag-matosinhos","tag-organizacao-desportiva","tag-portugal"],"yoast_head":"<!-- This site is optimized with the Yoast SEO plugin v27.2 - https:\/\/yoast.com\/product\/yoast-seo-wordpress\/ -->\n<title>Manuel Centeno faz da vida no mar e nas ondas e dedica-se ao bodyboard - Portal Tela Portugal<\/title>\n<meta name=\"robots\" content=\"index, follow, max-snippet:-1, max-image-preview:large, max-video-preview:-1\" \/>\n<meta property=\"og:locale\" content=\"pt_PT\" \/>\n<meta property=\"og:type\" content=\"article\" \/>\n<meta property=\"og:title\" content=\"Manuel Centeno faz da vida no mar e nas ondas e dedica-se ao bodyboard - Portal Tela Portugal\" \/>\n<meta property=\"og:description\" content=\"Manuel Centeno tem quarenta e cinco anos e \u00e9 uma das refer\u00eancias do bodyboard em Portugal, residindo em Matosinhos e atuando como embaixador de Matosinhos - Cidade Europeia do Desporto. Ficou internacionalmente conhecido ao sagrar\u2011se campe\u00e3o do mundo em 2006, nos ISA World Surfing Games, em Huntington Beach, Estados Unidos. Ao longo da carreira acumulou cerca de dez t\u00edtulos nacionais, cinco europeus e dois mundiais. Licenciou-se em Arquitetura pela Universidade do Porto em 2006, conseguindo equilibrar o estudo com o desporto de alto rendimento. \u00c9 visto como refer\u00eancia incontorn\u00e1vel do bodyboard nacional, destacando talento, dedica\u00e7\u00e3o e polival\u00eancia.\" \/>\n<meta property=\"og:url\" content=\"https:\/\/portaltela.pt\/noticias\/2025\/12\/24\/manuel-centeno-faz-da-vida-no-mar-e-nas-ondas-e-dedica-se-ao-bodyboard\/\" \/>\n<meta property=\"og:site_name\" content=\"Portal Tela Portugal\" \/>\n<meta property=\"article:published_time\" content=\"2025-12-24T16:18:00+00:00\" \/>\n<meta name=\"author\" content=\"Telinha\" \/>\n<meta name=\"twitter:card\" content=\"summary_large_image\" \/>\n<meta name=\"twitter:label1\" content=\"Escrito por\" \/>\n\t<meta name=\"twitter:data1\" content=\"Telinha\" \/>\n\t<meta name=\"twitter:label2\" content=\"Tempo estimado de leitura\" \/>\n\t<meta name=\"twitter:data2\" content=\"1 minuto\" \/>\n<script type=\"application\/ld+json\" class=\"yoast-schema-graph\">{\"@context\":\"https:\/\/schema.org\",\"@graph\":[{\"@type\":\"Article\",\"@id\":\"https:\/\/portaltela.pt\/noticias\/2025\/12\/24\/manuel-centeno-faz-da-vida-no-mar-e-nas-ondas-e-dedica-se-ao-bodyboard\/#article\",\"isPartOf\":{\"@id\":\"https:\/\/portaltela.pt\/noticias\/2025\/12\/24\/manuel-centeno-faz-da-vida-no-mar-e-nas-ondas-e-dedica-se-ao-bodyboard\/\"},\"author\":{\"name\":\"Telinha\",\"@id\":\"https:\/\/portaltela.pt\/#\/schema\/person\/c4278d4a6028830caff9ee44b42d32ed\"},\"headline\":\"Manuel Centeno faz da vida no mar e nas ondas e dedica-se ao bodyboard\",\"datePublished\":\"2025-12-24T16:18:00+00:00\",\"mainEntityOfPage\":{\"@id\":\"https:\/\/portaltela.pt\/noticias\/2025\/12\/24\/manuel-centeno-faz-da-vida-no-mar-e-nas-ondas-e-dedica-se-ao-bodyboard\/\"},\"wordCount\":144,\"image\":{\"@id\":\"https:\/\/portaltela.pt\/noticias\/2025\/12\/24\/manuel-centeno-faz-da-vida-no-mar-e-nas-ondas-e-dedica-se-ao-bodyboard\/#primaryimage\"},\"thumbnailUrl\":\"https:\/\/portaltela.pt\/s.01k8rhncp4jt1\/2025\/12\/abd279e8-2696-4003-a506-f0145f62ec36_1200x675.jpg\",\"keywords\":[\"atletas\",\"cidadania desportiva\",\"desporto\",\"Matosinhos\",\"organiza\u00e7\u00e3o desportiva\",\"Portugal\"],\"articleSection\":[\"Desporto\"],\"inLanguage\":\"pt-PT\"},{\"@type\":\"WebPage\",\"@id\":\"https:\/\/portaltela.pt\/noticias\/2025\/12\/24\/manuel-centeno-faz-da-vida-no-mar-e-nas-ondas-e-dedica-se-ao-bodyboard\/\",\"url\":\"https:\/\/portaltela.pt\/noticias\/2025\/12\/24\/manuel-centeno-faz-da-vida-no-mar-e-nas-ondas-e-dedica-se-ao-bodyboard\/\",\"name\":\"Manuel Centeno faz da vida no mar e nas ondas e dedica-se ao bodyboard - Portal Tela Portugal\",\"isPartOf\":{\"@id\":\"https:\/\/portaltela.pt\/#website\"},\"primaryImageOfPage\":{\"@id\":\"https:\/\/portaltela.pt\/noticias\/2025\/12\/24\/manuel-centeno-faz-da-vida-no-mar-e-nas-ondas-e-dedica-se-ao-bodyboard\/#primaryimage\"},\"image\":{\"@id\":\"https:\/\/portaltela.pt\/noticias\/2025\/12\/24\/manuel-centeno-faz-da-vida-no-mar-e-nas-ondas-e-dedica-se-ao-bodyboard\/#primaryimage\"},\"thumbnailUrl\":\"https:\/\/portaltela.pt\/s.01k8rhncp4jt1\/2025\/12\/abd279e8-2696-4003-a506-f0145f62ec36_1200x675.jpg\",\"datePublished\":\"2025-12-24T16:18:00+00:00\",\"author\":{\"@id\":\"https:\/\/portaltela.pt\/#\/schema\/person\/c4278d4a6028830caff9ee44b42d32ed\"},\"breadcrumb\":{\"@id\":\"https:\/\/portaltela.pt\/noticias\/2025\/12\/24\/manuel-centeno-faz-da-vida-no-mar-e-nas-ondas-e-dedica-se-ao-bodyboard\/#breadcrumb\"},\"inLanguage\":\"pt-PT\",\"potentialAction\":[{\"@type\":\"ReadAction\",\"target\":[\"https:\/\/portaltela.pt\/noticias\/2025\/12\/24\/manuel-centeno-faz-da-vida-no-mar-e-nas-ondas-e-dedica-se-ao-bodyboard\/\"]}]},{\"@type\":\"ImageObject\",\"inLanguage\":\"pt-PT\",\"@id\":\"https:\/\/portaltela.pt\/noticias\/2025\/12\/24\/manuel-centeno-faz-da-vida-no-mar-e-nas-ondas-e-dedica-se-ao-bodyboard\/#primaryimage\",\"url\":\"https:\/\/portaltela.pt\/s.01k8rhncp4jt1\/2025\/12\/abd279e8-2696-4003-a506-f0145f62ec36_1200x675.jpg\",\"contentUrl\":\"https:\/\/portaltela.pt\/s.01k8rhncp4jt1\/2025\/12\/abd279e8-2696-4003-a506-f0145f62ec36_1200x675.jpg\",\"width\":796,\"height\":448,\"caption\":\"Photo\"},{\"@type\":\"BreadcrumbList\",\"@id\":\"https:\/\/portaltela.pt\/noticias\/2025\/12\/24\/manuel-centeno-faz-da-vida-no-mar-e-nas-ondas-e-dedica-se-ao-bodyboard\/#breadcrumb\",\"itemListElement\":[{\"@type\":\"ListItem\",\"position\":1,\"name\":\"In\u00edcio\",\"item\":\"https:\/\/portaltela.pt\/\"},{\"@type\":\"ListItem\",\"position\":2,\"name\":\"Manuel Centeno faz da vida no mar e nas ondas e dedica-se ao bodyboard\"}]},{\"@type\":\"WebSite\",\"@id\":\"https:\/\/portaltela.pt\/#website\",\"url\":\"https:\/\/portaltela.pt\/\",\"name\":\"Portal Tela Portugal\",\"description\":\"\",\"potentialAction\":[{\"@type\":\"SearchAction\",\"target\":{\"@type\":\"EntryPoint\",\"urlTemplate\":\"https:\/\/portaltela.pt\/?s={search_term_string}\"},\"query-input\":{\"@type\":\"PropertyValueSpecification\",\"valueRequired\":true,\"valueName\":\"search_term_string\"}}],\"inLanguage\":\"pt-PT\"},{\"@type\":\"Person\",\"@id\":\"https:\/\/portaltela.pt\/#\/schema\/person\/c4278d4a6028830caff9ee44b42d32ed\",\"name\":\"Telinha\",\"image\":{\"@type\":\"ImageObject\",\"inLanguage\":\"pt-PT\",\"@id\":\"https:\/\/portaltela.pt\/s.01k8rhncp4jt1\/2025\/11\/talking-bot-125x125.png\",\"url\":\"https:\/\/portaltela.pt\/s.01k8rhncp4jt1\/2025\/11\/talking-bot-125x125.png\",\"contentUrl\":\"https:\/\/portaltela.pt\/s.01k8rhncp4jt1\/2025\/11\/talking-bot-125x125.png\",\"caption\":\"Telinha\"},\"sameAs\":[\"https:\/\/portaltela.pt\/\"],\"url\":\"https:\/\/portaltela.pt\/por\/367410592786\/\"}]}<\/script>\n<!-- \/ Yoast SEO plugin. -->","yoast_head_json":{"title":"Manuel Centeno faz da vida no mar e nas ondas e dedica-se ao bodyboard - Portal Tela Portugal","robots":{"index":"index","follow":"follow","max-snippet":"max-snippet:-1","max-image-preview":"max-image-preview:large","max-video-preview":"max-video-preview:-1"},"og_locale":"pt_PT","og_type":"article","og_title":"Manuel Centeno faz da vida no mar e nas ondas e dedica-se ao bodyboard - Portal Tela Portugal","og_description":"Manuel Centeno tem quarenta e cinco anos e \u00e9 uma das refer\u00eancias do bodyboard em Portugal, residindo em Matosinhos e atuando como embaixador de Matosinhos - Cidade Europeia do Desporto. Ficou internacionalmente conhecido ao sagrar\u2011se campe\u00e3o do mundo em 2006, nos ISA World Surfing Games, em Huntington Beach, Estados Unidos. Ao longo da carreira acumulou cerca de dez t\u00edtulos nacionais, cinco europeus e dois mundiais. Licenciou-se em Arquitetura pela Universidade do Porto em 2006, conseguindo equilibrar o estudo com o desporto de alto rendimento. \u00c9 visto como refer\u00eancia incontorn\u00e1vel do bodyboard nacional, destacando talento, dedica\u00e7\u00e3o e polival\u00eancia.","og_url":"https:\/\/portaltela.pt\/noticias\/2025\/12\/24\/manuel-centeno-faz-da-vida-no-mar-e-nas-ondas-e-dedica-se-ao-bodyboard\/","og_site_name":"Portal Tela Portugal","article_published_time":"2025-12-24T16:18:00+00:00","author":"Telinha","twitter_card":"summary_large_image","twitter_misc":{"Escrito por":"Telinha","Tempo estimado de leitura":"1 minuto"},"schema":{"@context":"https:\/\/schema.org","@graph":[{"@type":"Article","@id":"https:\/\/portaltela.pt\/noticias\/2025\/12\/24\/manuel-centeno-faz-da-vida-no-mar-e-nas-ondas-e-dedica-se-ao-bodyboard\/#article","isPartOf":{"@id":"https:\/\/portaltela.pt\/noticias\/2025\/12\/24\/manuel-centeno-faz-da-vida-no-mar-e-nas-ondas-e-dedica-se-ao-bodyboard\/"},"author":{"name":"Telinha","@id":"https:\/\/portaltela.pt\/#\/schema\/person\/c4278d4a6028830caff9ee44b42d32ed"},"headline":"Manuel Centeno faz da vida no mar e nas ondas e dedica-se ao bodyboard","datePublished":"2025-12-24T16:18:00+00:00","mainEntityOfPage":{"@id":"https:\/\/portaltela.pt\/noticias\/2025\/12\/24\/manuel-centeno-faz-da-vida-no-mar-e-nas-ondas-e-dedica-se-ao-bodyboard\/"},"wordCount":144,"image":{"@id":"https:\/\/portaltela.pt\/noticias\/2025\/12\/24\/manuel-centeno-faz-da-vida-no-mar-e-nas-ondas-e-dedica-se-ao-bodyboard\/#primaryimage"},"thumbnailUrl":"https:\/\/portaltela.pt\/s.01k8rhncp4jt1\/2025\/12\/abd279e8-2696-4003-a506-f0145f62ec36_1200x675.jpg","keywords":["atletas","cidadania desportiva","desporto","Matosinhos","organiza\u00e7\u00e3o desportiva","Portugal"],"articleSection":["Desporto"],"inLanguage":"pt-PT"},{"@type":"WebPage","@id":"https:\/\/portaltela.pt\/noticias\/2025\/12\/24\/manuel-centeno-faz-da-vida-no-mar-e-nas-ondas-e-dedica-se-ao-bodyboard\/","url":"https:\/\/portaltela.pt\/noticias\/2025\/12\/24\/manuel-centeno-faz-da-vida-no-mar-e-nas-ondas-e-dedica-se-ao-bodyboard\/","name":"Manuel Centeno faz da vida no mar e nas ondas e dedica-se ao bodyboard - Portal Tela Portugal","isPartOf":{"@id":"https:\/\/portaltela.pt\/#website"},"primaryImageOfPage":{"@id":"https:\/\/portaltela.pt\/noticias\/2025\/12\/24\/manuel-centeno-faz-da-vida-no-mar-e-nas-ondas-e-dedica-se-ao-bodyboard\/#primaryimage"},"image":{"@id":"https:\/\/portaltela.pt\/noticias\/2025\/12\/24\/manuel-centeno-faz-da-vida-no-mar-e-nas-ondas-e-dedica-se-ao-bodyboard\/#primaryimage"},"thumbnailUrl":"https:\/\/portaltela.pt\/s.01k8rhncp4jt1\/2025\/12\/abd279e8-2696-4003-a506-f0145f62ec36_1200x675.jpg","datePublished":"2025-12-24T16:18:00+00:00","author":{"@id":"https:\/\/portaltela.pt\/#\/schema\/person\/c4278d4a6028830caff9ee44b42d32ed"},"breadcrumb":{"@id":"https:\/\/portaltela.pt\/noticias\/2025\/12\/24\/manuel-centeno-faz-da-vida-no-mar-e-nas-ondas-e-dedica-se-ao-bodyboard\/#breadcrumb"},"inLanguage":"pt-PT","potentialAction":[{"@type":"ReadAction","target":["https:\/\/portaltela.pt\/noticias\/2025\/12\/24\/manuel-centeno-faz-da-vida-no-mar-e-nas-ondas-e-dedica-se-ao-bodyboard\/"]}]},{"@type":"ImageObject","inLanguage":"pt-PT","@id":"https:\/\/portaltela.pt\/noticias\/2025\/12\/24\/manuel-centeno-faz-da-vida-no-mar-e-nas-ondas-e-dedica-se-ao-bodyboard\/#primaryimage","url":"https:\/\/portaltela.pt\/s.01k8rhncp4jt1\/2025\/12\/abd279e8-2696-4003-a506-f0145f62ec36_1200x675.jpg","contentUrl":"https:\/\/portaltela.pt\/s.01k8rhncp4jt1\/2025\/12\/abd279e8-2696-4003-a506-f0145f62ec36_1200x675.jpg","width":796,"height":448,"caption":"Photo"},{"@type":"BreadcrumbList","@id":"https:\/\/portaltela.pt\/noticias\/2025\/12\/24\/manuel-centeno-faz-da-vida-no-mar-e-nas-ondas-e-dedica-se-ao-bodyboard\/#breadcrumb","itemListElement":[{"@type":"ListItem","position":1,"name":"In\u00edcio","item":"https:\/\/portaltela.pt\/"},{"@type":"ListItem","position":2,"name":"Manuel Centeno faz da vida no mar e nas ondas e dedica-se ao bodyboard"}]},{"@type":"WebSite","@id":"https:\/\/portaltela.pt\/#website","url":"https:\/\/portaltela.pt\/","name":"Portal Tela Portugal","description":"","potentialAction":[{"@type":"SearchAction","target":{"@type":"EntryPoint","urlTemplate":"https:\/\/portaltela.pt\/?s={search_term_string}"},"query-input":{"@type":"PropertyValueSpecification","valueRequired":true,"valueName":"search_term_string"}}],"inLanguage":"pt-PT"},{"@type":"Person","@id":"https:\/\/portaltela.pt\/#\/schema\/person\/c4278d4a6028830caff9ee44b42d32ed","name":"Telinha","image":{"@type":"ImageObject","inLanguage":"pt-PT","@id":"https:\/\/portaltela.pt\/s.01k8rhncp4jt1\/2025\/11\/talking-bot-125x125.png","url":"https:\/\/portaltela.pt\/s.01k8rhncp4jt1\/2025\/11\/talking-bot-125x125.png","contentUrl":"https:\/\/portaltela.pt\/s.01k8rhncp4jt1\/2025\/11\/talking-bot-125x125.png","caption":"Telinha"},"sameAs":["https:\/\/portaltela.pt\/"],"url":"https:\/\/portaltela.pt\/por\/367410592786\/"}]}},"_links":{"self":[{"href":"https:\/\/portaltela.pt\/api\/wp\/v2\/posts\/96590","targetHints":{"allow":["GET"]}}],"collection":[{"href":"https:\/\/portaltela.pt\/api\/wp\/v2\/posts"}],"about":[{"href":"https:\/\/portaltela.pt\/api\/wp\/v2\/types\/post"}],"author":[{"embeddable":true,"href":"https:\/\/portaltela.pt\/api\/wp\/v2\/users\/2"}],"replies":[{"embeddable":true,"href":"https:\/\/portaltela.pt\/api\/wp\/v2\/comments?post=96590"}],"version-history":[{"count":0,"href":"https:\/\/portaltela.pt\/api\/wp\/v2\/posts\/96590\/revisions"}],"wp:featuredmedia":[{"embeddable":true,"href":"https:\/\/portaltela.pt\/api\/wp\/v2\/media\/96591"}],"wp:attachment":[{"href":"https:\/\/portaltela.pt\/api\/wp\/v2\/media?parent=96590"}],"wp:term":[{"taxonomy":"category","embeddable":true,"href":"https:\/\/portaltela.pt\/api\/wp\/v2\/categories?post=96590"},{"taxonomy":"post_tag","embeddable":true,"href":"https:\/\/portaltela.pt\/api\/wp\/v2\/tags?post=96590"}],"curies":[{"name":"wp","href":"https:\/\/api.w.org\/{rel}","templated":true}]}}