{"id":96214,"date":"2025-12-24T08:29:20","date_gmt":"2025-12-24T11:29:20","guid":{"rendered":"https:\/\/portaltela.pt\/noticias\/2025\/12\/24\/conheca-o-espaco-cidadao-celorico-da-beira-gare\/"},"modified":"2025-12-24T08:29:20","modified_gmt":"2025-12-24T11:29:20","slug":"conheca-o-espaco-cidadao-celorico-da-beira-gare","status":"publish","type":"post","link":"https:\/\/portaltela.pt\/noticias\/2025\/12\/24\/conheca-o-espaco-cidadao-celorico-da-beira-gare\/","title":{"rendered":"Conhe\u00e7a o Espa\u00e7o Cidad\u00e3o Celorico da Beira Gare"},"content":{"rendered":"<p>Foi inaugurado ao p\u00fablico o Espa\u00e7o Cidad\u00e3o Celorico da Beira Gare, criado em parceria com a ARTE, a Ag\u00eancia para a Reforma Tecnol\u00f3gica do Estado, I.P. O espa\u00e7o funciona com o apoio dos Correios, no Edif\u00edcio do Posto de Correios, na EN 102 Celorico da Beira Gare, de segunda a sexta, das 14h00 \u00e0s 17h30.<\/p>\n<p>O objetivo \u00e9 reunir servi\u00e7os de v\u00e1rias entidades num \u00fanico balc\u00e3o, facilitando o acesso dos cidad\u00e3os a servi\u00e7os p\u00fablicos digitais. O ponto de atendimento pretende promover a literacia digital com apoio assistido.<\/p>\n<h3>Espa\u00e7o Cidad\u00e3o Celorico da Beira Gare<\/h3>\n<p>No balc\u00e3o \u00e9 poss\u00edvel ativar a *Chave M\u00f3vel Digital*, alterar a morada do Cart\u00e3o de Cidad\u00e3o ou renovar a carta de condu\u00e7\u00e3o. Tamb\u00e9m podem ser realizados pedidos de registo criminal e outros servi\u00e7os de Administra\u00e7\u00e3o Central, incluindo Tributos, Seguran\u00e7a Social, INSS, IEFP e entidades associadas.<\/p>\n<p>O espa\u00e7o agrega servi\u00e7os da Autoridade Tribut\u00e1ria, da Seguran\u00e7a Social e da Caixa Geral de Aposenta\u00e7\u00f5es, entre outros. A iniciativa visa tornar mais r\u00e1pidos os tr\u00e2mites e aproximar o funcionamento p\u00fablico do cidad\u00e3o, sem exigir desloca\u00e7\u00f5es a v\u00e1rias entidades.<\/p>\n","protected":false},"excerpt":{"rendered":"<ul>\n<li>Foi aberto ao p\u00fablico o Espa\u00e7o Cidad\u00e3o Celorico da Beira Gare, em protocolo com a ARTE, integrado na rede de Espa\u00e7os Cidad\u00e3o.<\/li>\n<li>Localiza-se nas instala\u00e7\u00f5es do Edif\u00edcio dos Correios, EN 102 Celorico da Beira Gare, funcionando conjuntamente com o servi\u00e7o dos Correios.<\/li>\n<li>Hor\u00e1rio: segunda a sexta-feira, das 14h00 \u00e0s 17h30.<\/li>\n<li>O Espa\u00e7o Cidad\u00e3o re\u00fane servi\u00e7os da administra\u00e7\u00e3o central num \u00fanico balc\u00e3o, promovendo literacia digital e apoio assistido na presta\u00e7\u00e3o de servi\u00e7os p\u00fablicos digitais.<\/li>\n<li>Oferece, entre outros, servi\u00e7os como Chave M\u00f3vel Digital, atualiza\u00e7\u00e3o da morada do Cart\u00e3o de Cidad\u00e3o, renova\u00e7\u00e3o da carta de condu\u00e7\u00e3o, registo criminal, servi\u00e7os da AT, Seguran\u00e7a Social, Caixa Geral de Aposenta\u00e7\u00f5es, ADSE e IEFP.<\/li>\n<\/ul>\n","protected":false},"author":2,"featured_media":96219,"comment_status":"closed","ping_status":"closed","sticky":false,"template":"","format":"standard","meta":{"footnotes":""},"categories":[1],"tags":[168,1211,1896,1867,243,1221],"class_list":["post-96214","post","type-post","status-publish","format-standard","has-post-thumbnail","hentry","category-noticias","tag-administracao-publica","tag-apoio-social","tag-caixa-geral-de-aposentacoes","tag-digitalizacao","tag-seguranca-social","tag-servicos-publicos"],"yoast_head":"<!-- This site is optimized with the Yoast SEO plugin v27.2 - https:\/\/yoast.com\/product\/yoast-seo-wordpress\/ -->\n<title>Conhe\u00e7a o Espa\u00e7o Cidad\u00e3o Celorico da Beira Gare - Portal Tela Portugal<\/title>\n<meta name=\"robots\" content=\"index, follow, max-snippet:-1, max-image-preview:large, max-video-preview:-1\" \/>\n<meta property=\"og:locale\" content=\"pt_PT\" \/>\n<meta property=\"og:type\" content=\"article\" \/>\n<meta property=\"og:title\" content=\"Conhe\u00e7a o Espa\u00e7o Cidad\u00e3o Celorico da Beira Gare - Portal Tela Portugal\" \/>\n<meta property=\"og:description\" content=\"Foi aberto ao p\u00fablico o Espa\u00e7o Cidad\u00e3o Celorico da Beira Gare, em protocolo com a ARTE, integrado na rede de Espa\u00e7os Cidad\u00e3o. Localiza-se nas instala\u00e7\u00f5es do Edif\u00edcio dos Correios, EN 102 Celorico da Beira Gare, funcionando conjuntamente com o servi\u00e7o dos Correios. Hor\u00e1rio: segunda a sexta-feira, das 14h00 \u00e0s 17h30. O Espa\u00e7o Cidad\u00e3o re\u00fane servi\u00e7os da administra\u00e7\u00e3o central num \u00fanico balc\u00e3o, promovendo literacia digital e apoio assistido na presta\u00e7\u00e3o de servi\u00e7os p\u00fablicos digitais. Oferece, entre outros, servi\u00e7os como Chave M\u00f3vel Digital, atualiza\u00e7\u00e3o da morada do Cart\u00e3o de Cidad\u00e3o, renova\u00e7\u00e3o da carta de condu\u00e7\u00e3o, registo criminal, servi\u00e7os da AT, Seguran\u00e7a Social, Caixa Geral de Aposenta\u00e7\u00f5es, ADSE e IEFP.\" \/>\n<meta property=\"og:url\" content=\"https:\/\/portaltela.pt\/noticias\/2025\/12\/24\/conheca-o-espaco-cidadao-celorico-da-beira-gare\/\" \/>\n<meta property=\"og:site_name\" content=\"Portal Tela Portugal\" \/>\n<meta property=\"article:published_time\" content=\"2025-12-24T11:29:20+00:00\" \/>\n<meta name=\"author\" content=\"Telinha\" \/>\n<meta name=\"twitter:card\" content=\"summary_large_image\" \/>\n<meta name=\"twitter:label1\" content=\"Escrito por\" \/>\n\t<meta name=\"twitter:data1\" content=\"Telinha\" \/>\n\t<meta name=\"twitter:label2\" content=\"Tempo estimado de leitura\" \/>\n\t<meta name=\"twitter:data2\" content=\"1 minuto\" \/>\n<script type=\"application\/ld+json\" class=\"yoast-schema-graph\">{\"@context\":\"https:\/\/schema.org\",\"@graph\":[{\"@type\":\"Article\",\"@id\":\"https:\/\/portaltela.pt\/noticias\/2025\/12\/24\/conheca-o-espaco-cidadao-celorico-da-beira-gare\/#article\",\"isPartOf\":{\"@id\":\"https:\/\/portaltela.pt\/noticias\/2025\/12\/24\/conheca-o-espaco-cidadao-celorico-da-beira-gare\/\"},\"author\":{\"name\":\"Telinha\",\"@id\":\"https:\/\/portaltela.pt\/#\/schema\/person\/c4278d4a6028830caff9ee44b42d32ed\"},\"headline\":\"Conhe\u00e7a o Espa\u00e7o Cidad\u00e3o Celorico da Beira Gare\",\"datePublished\":\"2025-12-24T11:29:20+00:00\",\"mainEntityOfPage\":{\"@id\":\"https:\/\/portaltela.pt\/noticias\/2025\/12\/24\/conheca-o-espaco-cidadao-celorico-da-beira-gare\/\"},\"wordCount\":222,\"image\":{\"@id\":\"https:\/\/portaltela.pt\/noticias\/2025\/12\/24\/conheca-o-espaco-cidadao-celorico-da-beira-gare\/#primaryimage\"},\"thumbnailUrl\":\"https:\/\/portaltela.pt\/s.01k8rhncp4jt1\/2025\/12\/unnamed-file-1485.jpg\",\"keywords\":[\"administra\u00e7\u00e3o p\u00fablica\",\"Apoio Social\",\"Caixa Geral de Aposenta\u00e7\u00f5es\",\"digitaliza\u00e7\u00e3o\",\"seguran\u00e7a social\",\"servi\u00e7os p\u00fablicos\"],\"articleSection\":[\"Not\u00edcias\"],\"inLanguage\":\"pt-PT\"},{\"@type\":\"WebPage\",\"@id\":\"https:\/\/portaltela.pt\/noticias\/2025\/12\/24\/conheca-o-espaco-cidadao-celorico-da-beira-gare\/\",\"url\":\"https:\/\/portaltela.pt\/noticias\/2025\/12\/24\/conheca-o-espaco-cidadao-celorico-da-beira-gare\/\",\"name\":\"Conhe\u00e7a o Espa\u00e7o Cidad\u00e3o Celorico da Beira Gare - Portal Tela Portugal\",\"isPartOf\":{\"@id\":\"https:\/\/portaltela.pt\/#website\"},\"primaryImageOfPage\":{\"@id\":\"https:\/\/portaltela.pt\/noticias\/2025\/12\/24\/conheca-o-espaco-cidadao-celorico-da-beira-gare\/#primaryimage\"},\"image\":{\"@id\":\"https:\/\/portaltela.pt\/noticias\/2025\/12\/24\/conheca-o-espaco-cidadao-celorico-da-beira-gare\/#primaryimage\"},\"thumbnailUrl\":\"https:\/\/portaltela.pt\/s.01k8rhncp4jt1\/2025\/12\/unnamed-file-1485.jpg\",\"datePublished\":\"2025-12-24T11:29:20+00:00\",\"author\":{\"@id\":\"https:\/\/portaltela.pt\/#\/schema\/person\/c4278d4a6028830caff9ee44b42d32ed\"},\"breadcrumb\":{\"@id\":\"https:\/\/portaltela.pt\/noticias\/2025\/12\/24\/conheca-o-espaco-cidadao-celorico-da-beira-gare\/#breadcrumb\"},\"inLanguage\":\"pt-PT\",\"potentialAction\":[{\"@type\":\"ReadAction\",\"target\":[\"https:\/\/portaltela.pt\/noticias\/2025\/12\/24\/conheca-o-espaco-cidadao-celorico-da-beira-gare\/\"]}]},{\"@type\":\"ImageObject\",\"inLanguage\":\"pt-PT\",\"@id\":\"https:\/\/portaltela.pt\/noticias\/2025\/12\/24\/conheca-o-espaco-cidadao-celorico-da-beira-gare\/#primaryimage\",\"url\":\"https:\/\/portaltela.pt\/s.01k8rhncp4jt1\/2025\/12\/unnamed-file-1485.jpg\",\"contentUrl\":\"https:\/\/portaltela.pt\/s.01k8rhncp4jt1\/2025\/12\/unnamed-file-1485.jpg\",\"width\":796,\"height\":448,\"caption\":\"Conhe\u00e7a o Espa\u00e7o Cidad\u00e3o Celorico da Beira Gare\"},{\"@type\":\"BreadcrumbList\",\"@id\":\"https:\/\/portaltela.pt\/noticias\/2025\/12\/24\/conheca-o-espaco-cidadao-celorico-da-beira-gare\/#breadcrumb\",\"itemListElement\":[{\"@type\":\"ListItem\",\"position\":1,\"name\":\"In\u00edcio\",\"item\":\"https:\/\/portaltela.pt\/\"},{\"@type\":\"ListItem\",\"position\":2,\"name\":\"Conhe\u00e7a o Espa\u00e7o Cidad\u00e3o Celorico da Beira Gare\"}]},{\"@type\":\"WebSite\",\"@id\":\"https:\/\/portaltela.pt\/#website\",\"url\":\"https:\/\/portaltela.pt\/\",\"name\":\"Portal Tela Portugal\",\"description\":\"\",\"potentialAction\":[{\"@type\":\"SearchAction\",\"target\":{\"@type\":\"EntryPoint\",\"urlTemplate\":\"https:\/\/portaltela.pt\/?s={search_term_string}\"},\"query-input\":{\"@type\":\"PropertyValueSpecification\",\"valueRequired\":true,\"valueName\":\"search_term_string\"}}],\"inLanguage\":\"pt-PT\"},{\"@type\":\"Person\",\"@id\":\"https:\/\/portaltela.pt\/#\/schema\/person\/c4278d4a6028830caff9ee44b42d32ed\",\"name\":\"Telinha\",\"image\":{\"@type\":\"ImageObject\",\"inLanguage\":\"pt-PT\",\"@id\":\"https:\/\/portaltela.pt\/s.01k8rhncp4jt1\/2025\/11\/talking-bot-125x125.png\",\"url\":\"https:\/\/portaltela.pt\/s.01k8rhncp4jt1\/2025\/11\/talking-bot-125x125.png\",\"contentUrl\":\"https:\/\/portaltela.pt\/s.01k8rhncp4jt1\/2025\/11\/talking-bot-125x125.png\",\"caption\":\"Telinha\"},\"sameAs\":[\"https:\/\/portaltela.pt\/\"],\"url\":\"https:\/\/portaltela.pt\/por\/367410592786\/\"}]}<\/script>\n<!-- \/ Yoast SEO plugin. -->","yoast_head_json":{"title":"Conhe\u00e7a o Espa\u00e7o Cidad\u00e3o Celorico da Beira Gare - Portal Tela Portugal","robots":{"index":"index","follow":"follow","max-snippet":"max-snippet:-1","max-image-preview":"max-image-preview:large","max-video-preview":"max-video-preview:-1"},"og_locale":"pt_PT","og_type":"article","og_title":"Conhe\u00e7a o Espa\u00e7o Cidad\u00e3o Celorico da Beira Gare - Portal Tela Portugal","og_description":"Foi aberto ao p\u00fablico o Espa\u00e7o Cidad\u00e3o Celorico da Beira Gare, em protocolo com a ARTE, integrado na rede de Espa\u00e7os Cidad\u00e3o. Localiza-se nas instala\u00e7\u00f5es do Edif\u00edcio dos Correios, EN 102 Celorico da Beira Gare, funcionando conjuntamente com o servi\u00e7o dos Correios. Hor\u00e1rio: segunda a sexta-feira, das 14h00 \u00e0s 17h30. O Espa\u00e7o Cidad\u00e3o re\u00fane servi\u00e7os da administra\u00e7\u00e3o central num \u00fanico balc\u00e3o, promovendo literacia digital e apoio assistido na presta\u00e7\u00e3o de servi\u00e7os p\u00fablicos digitais. Oferece, entre outros, servi\u00e7os como Chave M\u00f3vel Digital, atualiza\u00e7\u00e3o da morada do Cart\u00e3o de Cidad\u00e3o, renova\u00e7\u00e3o da carta de condu\u00e7\u00e3o, registo criminal, servi\u00e7os da AT, Seguran\u00e7a Social, Caixa Geral de Aposenta\u00e7\u00f5es, ADSE e IEFP.","og_url":"https:\/\/portaltela.pt\/noticias\/2025\/12\/24\/conheca-o-espaco-cidadao-celorico-da-beira-gare\/","og_site_name":"Portal Tela Portugal","article_published_time":"2025-12-24T11:29:20+00:00","author":"Telinha","twitter_card":"summary_large_image","twitter_misc":{"Escrito por":"Telinha","Tempo estimado de leitura":"1 minuto"},"schema":{"@context":"https:\/\/schema.org","@graph":[{"@type":"Article","@id":"https:\/\/portaltela.pt\/noticias\/2025\/12\/24\/conheca-o-espaco-cidadao-celorico-da-beira-gare\/#article","isPartOf":{"@id":"https:\/\/portaltela.pt\/noticias\/2025\/12\/24\/conheca-o-espaco-cidadao-celorico-da-beira-gare\/"},"author":{"name":"Telinha","@id":"https:\/\/portaltela.pt\/#\/schema\/person\/c4278d4a6028830caff9ee44b42d32ed"},"headline":"Conhe\u00e7a o Espa\u00e7o Cidad\u00e3o Celorico da Beira Gare","datePublished":"2025-12-24T11:29:20+00:00","mainEntityOfPage":{"@id":"https:\/\/portaltela.pt\/noticias\/2025\/12\/24\/conheca-o-espaco-cidadao-celorico-da-beira-gare\/"},"wordCount":222,"image":{"@id":"https:\/\/portaltela.pt\/noticias\/2025\/12\/24\/conheca-o-espaco-cidadao-celorico-da-beira-gare\/#primaryimage"},"thumbnailUrl":"https:\/\/portaltela.pt\/s.01k8rhncp4jt1\/2025\/12\/unnamed-file-1485.jpg","keywords":["administra\u00e7\u00e3o p\u00fablica","Apoio Social","Caixa Geral de Aposenta\u00e7\u00f5es","digitaliza\u00e7\u00e3o","seguran\u00e7a social","servi\u00e7os p\u00fablicos"],"articleSection":["Not\u00edcias"],"inLanguage":"pt-PT"},{"@type":"WebPage","@id":"https:\/\/portaltela.pt\/noticias\/2025\/12\/24\/conheca-o-espaco-cidadao-celorico-da-beira-gare\/","url":"https:\/\/portaltela.pt\/noticias\/2025\/12\/24\/conheca-o-espaco-cidadao-celorico-da-beira-gare\/","name":"Conhe\u00e7a o Espa\u00e7o Cidad\u00e3o Celorico da Beira Gare - Portal Tela Portugal","isPartOf":{"@id":"https:\/\/portaltela.pt\/#website"},"primaryImageOfPage":{"@id":"https:\/\/portaltela.pt\/noticias\/2025\/12\/24\/conheca-o-espaco-cidadao-celorico-da-beira-gare\/#primaryimage"},"image":{"@id":"https:\/\/portaltela.pt\/noticias\/2025\/12\/24\/conheca-o-espaco-cidadao-celorico-da-beira-gare\/#primaryimage"},"thumbnailUrl":"https:\/\/portaltela.pt\/s.01k8rhncp4jt1\/2025\/12\/unnamed-file-1485.jpg","datePublished":"2025-12-24T11:29:20+00:00","author":{"@id":"https:\/\/portaltela.pt\/#\/schema\/person\/c4278d4a6028830caff9ee44b42d32ed"},"breadcrumb":{"@id":"https:\/\/portaltela.pt\/noticias\/2025\/12\/24\/conheca-o-espaco-cidadao-celorico-da-beira-gare\/#breadcrumb"},"inLanguage":"pt-PT","potentialAction":[{"@type":"ReadAction","target":["https:\/\/portaltela.pt\/noticias\/2025\/12\/24\/conheca-o-espaco-cidadao-celorico-da-beira-gare\/"]}]},{"@type":"ImageObject","inLanguage":"pt-PT","@id":"https:\/\/portaltela.pt\/noticias\/2025\/12\/24\/conheca-o-espaco-cidadao-celorico-da-beira-gare\/#primaryimage","url":"https:\/\/portaltela.pt\/s.01k8rhncp4jt1\/2025\/12\/unnamed-file-1485.jpg","contentUrl":"https:\/\/portaltela.pt\/s.01k8rhncp4jt1\/2025\/12\/unnamed-file-1485.jpg","width":796,"height":448,"caption":"Conhe\u00e7a o Espa\u00e7o Cidad\u00e3o Celorico da Beira Gare"},{"@type":"BreadcrumbList","@id":"https:\/\/portaltela.pt\/noticias\/2025\/12\/24\/conheca-o-espaco-cidadao-celorico-da-beira-gare\/#breadcrumb","itemListElement":[{"@type":"ListItem","position":1,"name":"In\u00edcio","item":"https:\/\/portaltela.pt\/"},{"@type":"ListItem","position":2,"name":"Conhe\u00e7a o Espa\u00e7o Cidad\u00e3o Celorico da Beira Gare"}]},{"@type":"WebSite","@id":"https:\/\/portaltela.pt\/#website","url":"https:\/\/portaltela.pt\/","name":"Portal Tela Portugal","description":"","potentialAction":[{"@type":"SearchAction","target":{"@type":"EntryPoint","urlTemplate":"https:\/\/portaltela.pt\/?s={search_term_string}"},"query-input":{"@type":"PropertyValueSpecification","valueRequired":true,"valueName":"search_term_string"}}],"inLanguage":"pt-PT"},{"@type":"Person","@id":"https:\/\/portaltela.pt\/#\/schema\/person\/c4278d4a6028830caff9ee44b42d32ed","name":"Telinha","image":{"@type":"ImageObject","inLanguage":"pt-PT","@id":"https:\/\/portaltela.pt\/s.01k8rhncp4jt1\/2025\/11\/talking-bot-125x125.png","url":"https:\/\/portaltela.pt\/s.01k8rhncp4jt1\/2025\/11\/talking-bot-125x125.png","contentUrl":"https:\/\/portaltela.pt\/s.01k8rhncp4jt1\/2025\/11\/talking-bot-125x125.png","caption":"Telinha"},"sameAs":["https:\/\/portaltela.pt\/"],"url":"https:\/\/portaltela.pt\/por\/367410592786\/"}]}},"_links":{"self":[{"href":"https:\/\/portaltela.pt\/api\/wp\/v2\/posts\/96214","targetHints":{"allow":["GET"]}}],"collection":[{"href":"https:\/\/portaltela.pt\/api\/wp\/v2\/posts"}],"about":[{"href":"https:\/\/portaltela.pt\/api\/wp\/v2\/types\/post"}],"author":[{"embeddable":true,"href":"https:\/\/portaltela.pt\/api\/wp\/v2\/users\/2"}],"replies":[{"embeddable":true,"href":"https:\/\/portaltela.pt\/api\/wp\/v2\/comments?post=96214"}],"version-history":[{"count":0,"href":"https:\/\/portaltela.pt\/api\/wp\/v2\/posts\/96214\/revisions"}],"wp:featuredmedia":[{"embeddable":true,"href":"https:\/\/portaltela.pt\/api\/wp\/v2\/media\/96219"}],"wp:attachment":[{"href":"https:\/\/portaltela.pt\/api\/wp\/v2\/media?parent=96214"}],"wp:term":[{"taxonomy":"category","embeddable":true,"href":"https:\/\/portaltela.pt\/api\/wp\/v2\/categories?post=96214"},{"taxonomy":"post_tag","embeddable":true,"href":"https:\/\/portaltela.pt\/api\/wp\/v2\/tags?post=96214"}],"curies":[{"name":"wp","href":"https:\/\/api.w.org\/{rel}","templated":true}]}}