{"id":95492,"date":"2025-12-23T20:20:10","date_gmt":"2025-12-23T23:20:10","guid":{"rendered":"https:\/\/portaltela.pt\/noticias\/2025\/12\/23\/cibercriminosos-pro-russos-reivindicam-ataque-a-correios-franceses\/"},"modified":"2025-12-23T20:20:10","modified_gmt":"2025-12-23T23:20:10","slug":"cibercriminosos-pro-russos-reivindicam-ataque-a-correios-franceses","status":"publish","type":"post","link":"https:\/\/portaltela.pt\/noticias\/2025\/12\/23\/cibercriminosos-pro-russos-reivindicam-ataque-a-correios-franceses\/","title":{"rendered":"Cibercriminosos pr\u00f3-russos reivindicam ataque a correios franceses"},"content":{"rendered":"<p>Ap\u00f3s a reivindica\u00e7\u00e3o de um grupo cibercriminoso pr\u00f3-R\u00fassia, La Poste enfrentou novos problemas t\u00e9cnicos na semana do Natal. O ataque de nega\u00e7\u00e3o de servi\u00e7o (DDoS) deixou o servi\u00e7o de entregas da empresa mais lento, com atrasos em encomendas.<\/p>\n<p>A autoria foi reivindicada pelo grupo Noname057(16), segundo a Franceinfo. A Procuradoria de Paris confirmou a reivindica\u00e7\u00e3o, e a investiga\u00e7\u00e3o foi encaminhada para a Dire\u00e7\u00e3o-Geral de Seguran\u00e7a Interna (DGSI). N\u00e3o houve roubo de dados.<\/p>\n<h3>Contexto anterior e alcance do grupo<\/h3>\n<p>O Noname057(16) j\u00e1 foi ligado a ataques que sobrecarregaram servi\u00e7os digitais de Fran\u00e7a, incluindo sites de minist\u00e9rios e c\u00e2maras municipais. Em julho, a c\u00e9lula central do grupo foi desmantelada, envolvendo-se em quase 2.200 ataques desde 2023.<\/p>\n<h3>Detalhes do incidente na La Poste<\/h3>\n<p>O ataque ocorreu durante a semana de Natal, per\u00edodo de maior atividade da empresa, que distribui cerca de 180 milh\u00f5es de encomendas nos dois \u00faltimos meses do ano. A interrup\u00e7\u00e3o resultou em atrasos significativos nas entregas e em dificuldades de contacto com clientes.<\/p>\n<h3>Situa\u00e7\u00e3o atual e posi\u00e7\u00e3o oficial<\/h3>\n<p>O ministro da Economia, Roland Lescure, afirmou que o ataque est\u00e1 a manter-se de baixa intensidade, mas continua a afetar o funcionamento inform\u00e1tico. Segundo ele, n\u00e3o houve viola\u00e7\u00e3o de dados, o que \u00e9 considerado positivo. A log\u00edstica permanece operacional, com equipes a acelerar o processamento de encomendas.<\/p>\n","protected":false},"excerpt":{"rendered":"<ul>\n<li>O grupo pr\u00f3-R\u00fassia Noname057(16) reivindicou o ataque de nega\u00e7\u00e3o de servi\u00e7o contra a La Poste, que atrasou entregas na semana do Natal.<\/li>\n<li>A investiga\u00e7\u00e3o est\u00e1 a cargo da Dire\u00e7\u00e3o-Geral de Seguran\u00e7a Interna (DGSI), com a Procuradoria de Paris a confirmar a reivindica\u00e7\u00e3o.<\/li>\n<li>O ataque n\u00e3o resultou no furto de dados, mas deixou in\u00fameras encomendas por entregar e causou dificuldades de comunica\u00e7\u00e3o com clientes.<\/li>\n<li>A La Poste, que distribui cerca de 180 milh\u00f5es de encomendas nos dois \u00faltimos meses do ano, enfrentou um servi\u00e7o inform\u00e1tico lento e entregas atrasadas durante a quadra natal\u00edcia.<\/li>\n<li>O grupo j\u00e1 esteve ligado a ataques a sites oficiais franceses, e a c\u00e9lula central foi desmantelada em julho, tendo estado envolvido em quase dois mil ataques em Fran\u00e7a desde 2023.<\/li>\n<\/ul>\n","protected":false},"author":2,"featured_media":95506,"comment_status":"closed","ping_status":"closed","sticky":false,"template":"","format":"standard","meta":{"footnotes":""},"categories":[1],"tags":[1471,1724,1607,1856,217,961],"class_list":["post-95492","post","type-post","status-publish","format-standard","has-post-thumbnail","hentry","category-noticias","tag-ciberataque","tag-cibercrime","tag-dano-informatico","tag-franca","tag-investigacao-criminal","tag-logistica"],"yoast_head":"<!-- This site is optimized with the Yoast SEO plugin v27.2 - https:\/\/yoast.com\/product\/yoast-seo-wordpress\/ -->\n<title>Cibercriminosos pr\u00f3-russos reivindicam ataque a correios franceses - Portal Tela Portugal<\/title>\n<meta name=\"robots\" content=\"index, follow, max-snippet:-1, max-image-preview:large, max-video-preview:-1\" \/>\n<meta property=\"og:locale\" content=\"pt_PT\" \/>\n<meta property=\"og:type\" content=\"article\" \/>\n<meta property=\"og:title\" content=\"Cibercriminosos pr\u00f3-russos reivindicam ataque a correios franceses - Portal Tela Portugal\" \/>\n<meta property=\"og:description\" content=\"O grupo pr\u00f3-R\u00fassia Noname057(16) reivindicou o ataque de nega\u00e7\u00e3o de servi\u00e7o contra a La Poste, que atrasou entregas na semana do Natal. A investiga\u00e7\u00e3o est\u00e1 a cargo da Dire\u00e7\u00e3o-Geral de Seguran\u00e7a Interna (DGSI), com a Procuradoria de Paris a confirmar a reivindica\u00e7\u00e3o. O ataque n\u00e3o resultou no furto de dados, mas deixou in\u00fameras encomendas por entregar e causou dificuldades de comunica\u00e7\u00e3o com clientes. A La Poste, que distribui cerca de 180 milh\u00f5es de encomendas nos dois \u00faltimos meses do ano, enfrentou um servi\u00e7o inform\u00e1tico lento e entregas atrasadas durante a quadra natal\u00edcia. O grupo j\u00e1 esteve ligado a ataques a sites oficiais franceses, e a c\u00e9lula central foi desmantelada em julho, tendo estado envolvido em quase dois mil ataques em Fran\u00e7a desde 2023.\" \/>\n<meta property=\"og:url\" content=\"https:\/\/portaltela.pt\/noticias\/2025\/12\/23\/cibercriminosos-pro-russos-reivindicam-ataque-a-correios-franceses\/\" \/>\n<meta property=\"og:site_name\" content=\"Portal Tela Portugal\" \/>\n<meta property=\"article:published_time\" content=\"2025-12-23T23:20:10+00:00\" \/>\n<meta name=\"author\" content=\"Telinha\" \/>\n<meta name=\"twitter:card\" content=\"summary_large_image\" \/>\n<meta name=\"twitter:label1\" content=\"Escrito por\" \/>\n\t<meta name=\"twitter:data1\" content=\"Telinha\" \/>\n\t<meta name=\"twitter:label2\" content=\"Tempo estimado de leitura\" \/>\n\t<meta name=\"twitter:data2\" content=\"1 minuto\" \/>\n<script type=\"application\/ld+json\" class=\"yoast-schema-graph\">{\"@context\":\"https:\/\/schema.org\",\"@graph\":[{\"@type\":\"Article\",\"@id\":\"https:\/\/portaltela.pt\/noticias\/2025\/12\/23\/cibercriminosos-pro-russos-reivindicam-ataque-a-correios-franceses\/#article\",\"isPartOf\":{\"@id\":\"https:\/\/portaltela.pt\/noticias\/2025\/12\/23\/cibercriminosos-pro-russos-reivindicam-ataque-a-correios-franceses\/\"},\"author\":{\"name\":\"Telinha\",\"@id\":\"https:\/\/portaltela.pt\/#\/schema\/person\/c4278d4a6028830caff9ee44b42d32ed\"},\"headline\":\"Cibercriminosos pr\u00f3-russos reivindicam ataque a correios franceses\",\"datePublished\":\"2025-12-23T23:20:10+00:00\",\"mainEntityOfPage\":{\"@id\":\"https:\/\/portaltela.pt\/noticias\/2025\/12\/23\/cibercriminosos-pro-russos-reivindicam-ataque-a-correios-franceses\/\"},\"wordCount\":246,\"image\":{\"@id\":\"https:\/\/portaltela.pt\/noticias\/2025\/12\/23\/cibercriminosos-pro-russos-reivindicam-ataque-a-correios-franceses\/#primaryimage\"},\"thumbnailUrl\":\"https:\/\/portaltela.pt\/s.01k8rhncp4jt1\/2025\/12\/unnamed-file-1404.jpg\",\"keywords\":[\"ciberataque\",\"cibercrime\",\"dano inform\u00e1tico\",\"Fran\u00e7a\",\"investiga\u00e7\u00e3o criminal\",\"Log\u00edstica\"],\"articleSection\":[\"Not\u00edcias\"],\"inLanguage\":\"pt-PT\"},{\"@type\":\"WebPage\",\"@id\":\"https:\/\/portaltela.pt\/noticias\/2025\/12\/23\/cibercriminosos-pro-russos-reivindicam-ataque-a-correios-franceses\/\",\"url\":\"https:\/\/portaltela.pt\/noticias\/2025\/12\/23\/cibercriminosos-pro-russos-reivindicam-ataque-a-correios-franceses\/\",\"name\":\"Cibercriminosos pr\u00f3-russos reivindicam ataque a correios franceses - Portal Tela Portugal\",\"isPartOf\":{\"@id\":\"https:\/\/portaltela.pt\/#website\"},\"primaryImageOfPage\":{\"@id\":\"https:\/\/portaltela.pt\/noticias\/2025\/12\/23\/cibercriminosos-pro-russos-reivindicam-ataque-a-correios-franceses\/#primaryimage\"},\"image\":{\"@id\":\"https:\/\/portaltela.pt\/noticias\/2025\/12\/23\/cibercriminosos-pro-russos-reivindicam-ataque-a-correios-franceses\/#primaryimage\"},\"thumbnailUrl\":\"https:\/\/portaltela.pt\/s.01k8rhncp4jt1\/2025\/12\/unnamed-file-1404.jpg\",\"datePublished\":\"2025-12-23T23:20:10+00:00\",\"author\":{\"@id\":\"https:\/\/portaltela.pt\/#\/schema\/person\/c4278d4a6028830caff9ee44b42d32ed\"},\"breadcrumb\":{\"@id\":\"https:\/\/portaltela.pt\/noticias\/2025\/12\/23\/cibercriminosos-pro-russos-reivindicam-ataque-a-correios-franceses\/#breadcrumb\"},\"inLanguage\":\"pt-PT\",\"potentialAction\":[{\"@type\":\"ReadAction\",\"target\":[\"https:\/\/portaltela.pt\/noticias\/2025\/12\/23\/cibercriminosos-pro-russos-reivindicam-ataque-a-correios-franceses\/\"]}]},{\"@type\":\"ImageObject\",\"inLanguage\":\"pt-PT\",\"@id\":\"https:\/\/portaltela.pt\/noticias\/2025\/12\/23\/cibercriminosos-pro-russos-reivindicam-ataque-a-correios-franceses\/#primaryimage\",\"url\":\"https:\/\/portaltela.pt\/s.01k8rhncp4jt1\/2025\/12\/unnamed-file-1404.jpg\",\"contentUrl\":\"https:\/\/portaltela.pt\/s.01k8rhncp4jt1\/2025\/12\/unnamed-file-1404.jpg\",\"width\":796,\"height\":448,\"caption\":\"Cibercriminosos pr\u00f3-russos reivindicam ataque a correios franceses\"},{\"@type\":\"BreadcrumbList\",\"@id\":\"https:\/\/portaltela.pt\/noticias\/2025\/12\/23\/cibercriminosos-pro-russos-reivindicam-ataque-a-correios-franceses\/#breadcrumb\",\"itemListElement\":[{\"@type\":\"ListItem\",\"position\":1,\"name\":\"In\u00edcio\",\"item\":\"https:\/\/portaltela.pt\/\"},{\"@type\":\"ListItem\",\"position\":2,\"name\":\"Cibercriminosos pr\u00f3-russos reivindicam ataque a correios franceses\"}]},{\"@type\":\"WebSite\",\"@id\":\"https:\/\/portaltela.pt\/#website\",\"url\":\"https:\/\/portaltela.pt\/\",\"name\":\"Portal Tela Portugal\",\"description\":\"\",\"potentialAction\":[{\"@type\":\"SearchAction\",\"target\":{\"@type\":\"EntryPoint\",\"urlTemplate\":\"https:\/\/portaltela.pt\/?s={search_term_string}\"},\"query-input\":{\"@type\":\"PropertyValueSpecification\",\"valueRequired\":true,\"valueName\":\"search_term_string\"}}],\"inLanguage\":\"pt-PT\"},{\"@type\":\"Person\",\"@id\":\"https:\/\/portaltela.pt\/#\/schema\/person\/c4278d4a6028830caff9ee44b42d32ed\",\"name\":\"Telinha\",\"image\":{\"@type\":\"ImageObject\",\"inLanguage\":\"pt-PT\",\"@id\":\"https:\/\/portaltela.pt\/s.01k8rhncp4jt1\/2025\/11\/talking-bot-125x125.png\",\"url\":\"https:\/\/portaltela.pt\/s.01k8rhncp4jt1\/2025\/11\/talking-bot-125x125.png\",\"contentUrl\":\"https:\/\/portaltela.pt\/s.01k8rhncp4jt1\/2025\/11\/talking-bot-125x125.png\",\"caption\":\"Telinha\"},\"sameAs\":[\"https:\/\/portaltela.pt\/\"],\"url\":\"https:\/\/portaltela.pt\/por\/367410592786\/\"}]}<\/script>\n<!-- \/ Yoast SEO plugin. -->","yoast_head_json":{"title":"Cibercriminosos pr\u00f3-russos reivindicam ataque a correios franceses - Portal Tela Portugal","robots":{"index":"index","follow":"follow","max-snippet":"max-snippet:-1","max-image-preview":"max-image-preview:large","max-video-preview":"max-video-preview:-1"},"og_locale":"pt_PT","og_type":"article","og_title":"Cibercriminosos pr\u00f3-russos reivindicam ataque a correios franceses - Portal Tela Portugal","og_description":"O grupo pr\u00f3-R\u00fassia Noname057(16) reivindicou o ataque de nega\u00e7\u00e3o de servi\u00e7o contra a La Poste, que atrasou entregas na semana do Natal. A investiga\u00e7\u00e3o est\u00e1 a cargo da Dire\u00e7\u00e3o-Geral de Seguran\u00e7a Interna (DGSI), com a Procuradoria de Paris a confirmar a reivindica\u00e7\u00e3o. O ataque n\u00e3o resultou no furto de dados, mas deixou in\u00fameras encomendas por entregar e causou dificuldades de comunica\u00e7\u00e3o com clientes. A La Poste, que distribui cerca de 180 milh\u00f5es de encomendas nos dois \u00faltimos meses do ano, enfrentou um servi\u00e7o inform\u00e1tico lento e entregas atrasadas durante a quadra natal\u00edcia. O grupo j\u00e1 esteve ligado a ataques a sites oficiais franceses, e a c\u00e9lula central foi desmantelada em julho, tendo estado envolvido em quase dois mil ataques em Fran\u00e7a desde 2023.","og_url":"https:\/\/portaltela.pt\/noticias\/2025\/12\/23\/cibercriminosos-pro-russos-reivindicam-ataque-a-correios-franceses\/","og_site_name":"Portal Tela Portugal","article_published_time":"2025-12-23T23:20:10+00:00","author":"Telinha","twitter_card":"summary_large_image","twitter_misc":{"Escrito por":"Telinha","Tempo estimado de leitura":"1 minuto"},"schema":{"@context":"https:\/\/schema.org","@graph":[{"@type":"Article","@id":"https:\/\/portaltela.pt\/noticias\/2025\/12\/23\/cibercriminosos-pro-russos-reivindicam-ataque-a-correios-franceses\/#article","isPartOf":{"@id":"https:\/\/portaltela.pt\/noticias\/2025\/12\/23\/cibercriminosos-pro-russos-reivindicam-ataque-a-correios-franceses\/"},"author":{"name":"Telinha","@id":"https:\/\/portaltela.pt\/#\/schema\/person\/c4278d4a6028830caff9ee44b42d32ed"},"headline":"Cibercriminosos pr\u00f3-russos reivindicam ataque a correios franceses","datePublished":"2025-12-23T23:20:10+00:00","mainEntityOfPage":{"@id":"https:\/\/portaltela.pt\/noticias\/2025\/12\/23\/cibercriminosos-pro-russos-reivindicam-ataque-a-correios-franceses\/"},"wordCount":246,"image":{"@id":"https:\/\/portaltela.pt\/noticias\/2025\/12\/23\/cibercriminosos-pro-russos-reivindicam-ataque-a-correios-franceses\/#primaryimage"},"thumbnailUrl":"https:\/\/portaltela.pt\/s.01k8rhncp4jt1\/2025\/12\/unnamed-file-1404.jpg","keywords":["ciberataque","cibercrime","dano inform\u00e1tico","Fran\u00e7a","investiga\u00e7\u00e3o criminal","Log\u00edstica"],"articleSection":["Not\u00edcias"],"inLanguage":"pt-PT"},{"@type":"WebPage","@id":"https:\/\/portaltela.pt\/noticias\/2025\/12\/23\/cibercriminosos-pro-russos-reivindicam-ataque-a-correios-franceses\/","url":"https:\/\/portaltela.pt\/noticias\/2025\/12\/23\/cibercriminosos-pro-russos-reivindicam-ataque-a-correios-franceses\/","name":"Cibercriminosos pr\u00f3-russos reivindicam ataque a correios franceses - Portal Tela Portugal","isPartOf":{"@id":"https:\/\/portaltela.pt\/#website"},"primaryImageOfPage":{"@id":"https:\/\/portaltela.pt\/noticias\/2025\/12\/23\/cibercriminosos-pro-russos-reivindicam-ataque-a-correios-franceses\/#primaryimage"},"image":{"@id":"https:\/\/portaltela.pt\/noticias\/2025\/12\/23\/cibercriminosos-pro-russos-reivindicam-ataque-a-correios-franceses\/#primaryimage"},"thumbnailUrl":"https:\/\/portaltela.pt\/s.01k8rhncp4jt1\/2025\/12\/unnamed-file-1404.jpg","datePublished":"2025-12-23T23:20:10+00:00","author":{"@id":"https:\/\/portaltela.pt\/#\/schema\/person\/c4278d4a6028830caff9ee44b42d32ed"},"breadcrumb":{"@id":"https:\/\/portaltela.pt\/noticias\/2025\/12\/23\/cibercriminosos-pro-russos-reivindicam-ataque-a-correios-franceses\/#breadcrumb"},"inLanguage":"pt-PT","potentialAction":[{"@type":"ReadAction","target":["https:\/\/portaltela.pt\/noticias\/2025\/12\/23\/cibercriminosos-pro-russos-reivindicam-ataque-a-correios-franceses\/"]}]},{"@type":"ImageObject","inLanguage":"pt-PT","@id":"https:\/\/portaltela.pt\/noticias\/2025\/12\/23\/cibercriminosos-pro-russos-reivindicam-ataque-a-correios-franceses\/#primaryimage","url":"https:\/\/portaltela.pt\/s.01k8rhncp4jt1\/2025\/12\/unnamed-file-1404.jpg","contentUrl":"https:\/\/portaltela.pt\/s.01k8rhncp4jt1\/2025\/12\/unnamed-file-1404.jpg","width":796,"height":448,"caption":"Cibercriminosos pr\u00f3-russos reivindicam ataque a correios franceses"},{"@type":"BreadcrumbList","@id":"https:\/\/portaltela.pt\/noticias\/2025\/12\/23\/cibercriminosos-pro-russos-reivindicam-ataque-a-correios-franceses\/#breadcrumb","itemListElement":[{"@type":"ListItem","position":1,"name":"In\u00edcio","item":"https:\/\/portaltela.pt\/"},{"@type":"ListItem","position":2,"name":"Cibercriminosos pr\u00f3-russos reivindicam ataque a correios franceses"}]},{"@type":"WebSite","@id":"https:\/\/portaltela.pt\/#website","url":"https:\/\/portaltela.pt\/","name":"Portal Tela Portugal","description":"","potentialAction":[{"@type":"SearchAction","target":{"@type":"EntryPoint","urlTemplate":"https:\/\/portaltela.pt\/?s={search_term_string}"},"query-input":{"@type":"PropertyValueSpecification","valueRequired":true,"valueName":"search_term_string"}}],"inLanguage":"pt-PT"},{"@type":"Person","@id":"https:\/\/portaltela.pt\/#\/schema\/person\/c4278d4a6028830caff9ee44b42d32ed","name":"Telinha","image":{"@type":"ImageObject","inLanguage":"pt-PT","@id":"https:\/\/portaltela.pt\/s.01k8rhncp4jt1\/2025\/11\/talking-bot-125x125.png","url":"https:\/\/portaltela.pt\/s.01k8rhncp4jt1\/2025\/11\/talking-bot-125x125.png","contentUrl":"https:\/\/portaltela.pt\/s.01k8rhncp4jt1\/2025\/11\/talking-bot-125x125.png","caption":"Telinha"},"sameAs":["https:\/\/portaltela.pt\/"],"url":"https:\/\/portaltela.pt\/por\/367410592786\/"}]}},"_links":{"self":[{"href":"https:\/\/portaltela.pt\/api\/wp\/v2\/posts\/95492","targetHints":{"allow":["GET"]}}],"collection":[{"href":"https:\/\/portaltela.pt\/api\/wp\/v2\/posts"}],"about":[{"href":"https:\/\/portaltela.pt\/api\/wp\/v2\/types\/post"}],"author":[{"embeddable":true,"href":"https:\/\/portaltela.pt\/api\/wp\/v2\/users\/2"}],"replies":[{"embeddable":true,"href":"https:\/\/portaltela.pt\/api\/wp\/v2\/comments?post=95492"}],"version-history":[{"count":0,"href":"https:\/\/portaltela.pt\/api\/wp\/v2\/posts\/95492\/revisions"}],"wp:featuredmedia":[{"embeddable":true,"href":"https:\/\/portaltela.pt\/api\/wp\/v2\/media\/95506"}],"wp:attachment":[{"href":"https:\/\/portaltela.pt\/api\/wp\/v2\/media?parent=95492"}],"wp:term":[{"taxonomy":"category","embeddable":true,"href":"https:\/\/portaltela.pt\/api\/wp\/v2\/categories?post=95492"},{"taxonomy":"post_tag","embeddable":true,"href":"https:\/\/portaltela.pt\/api\/wp\/v2\/tags?post=95492"}],"curies":[{"name":"wp","href":"https:\/\/api.w.org\/{rel}","templated":true}]}}