{"id":94599,"date":"2025-12-23T13:01:06","date_gmt":"2025-12-23T16:01:06","guid":{"rendered":"https:\/\/portaltela.pt\/noticias\/2025\/12\/23\/uls-do-tamega-e-sousa-reconhece-pressao-alta-e-garante-dialogo-com-internistas\/"},"modified":"2025-12-23T13:01:06","modified_gmt":"2025-12-23T16:01:06","slug":"uls-do-tamega-e-sousa-reconhece-pressao-alta-e-garante-dialogo-com-internistas","status":"publish","type":"post","link":"https:\/\/portaltela.pt\/noticias\/2025\/12\/23\/uls-do-tamega-e-sousa-reconhece-pressao-alta-e-garante-dialogo-com-internistas\/","title":{"rendered":"ULS do T\u00e2mega e Sousa reconhece press\u00e3o alta e garante di\u00e1logo com internistas"},"content":{"rendered":"<p>A Unidade Local de Sa\u00fade do T\u00e2mega e Sousa (ULSTS) reconheceu estar sob uma elevad\u00edssima press\u00e3o assistencial, associada ao aumento de doentes e internamentos. O di\u00e1logo com m\u00e9dicos internistas \u00e9 permanente para gerir a situa\u00e7\u00e3o.<\/p>\n<p>A press\u00e3o \u00e9 transversal ao Servi\u00e7o Nacional de Sa\u00fade, refletindo o atual contexto de inverno. O Servi\u00e7o de Medicina Interna alertou para sobrecarga e recusou acolhimento de doentes em condi\u00e7\u00f5es inseguras fora de enfermarias ou unidades de transi\u00e7\u00e3o.<\/p>\n<p>Segundo a ULSTS, as categorias de aflu\u00eancia e internamento devem-se, sobretudo, a infe\u00e7\u00f5es respirat\u00f3rias agudas e \u00e0 descompensa\u00e7\u00e3o de doen\u00e7as cr\u00f3nicas. O organismo declarou estar no n\u00edvel 3 do plano de resposta sazonal.<\/p>\n<h3>Medidas de conting\u00eancia<\/h3>\n<p>Medidas foram acionadas, com abertura de \u00e1reas de conting\u00eancia e funcionamento total das unidades de transi\u00e7\u00e3o para internamento. Refor\u00e7o de at\u00e9 66 camas adicionais sob responsabilidade do Servi\u00e7o de Medicina Interna.<\/p>\n<p>Foi refor\u00e7ada a capacidade externa por meio de contratualiza\u00e7\u00e3o de camas com setores social e privado para doentes agudos e cr\u00f3nicos. Tamb\u00e9m aumentou a hospitaliza\u00e7\u00e3o domicili\u00e1ria para apoiar a gest\u00e3o de doentes.<\/p>\n<p>No plano de recursos humanos, as equipas de internamento tiveram refor\u00e7o de m\u00e9dicos de v\u00e1rias especialidades, como pneumologia, infecciologia, endocrinologia e nefrologia, al\u00e9m de maior apoio de enfermagem.<\/p>\n<p>A atividade cir\u00fargica programada n\u00e3o urgente foi temporariamente suspensa para libertar camas e equipas para doentes agudos, conforme protocolo do n\u00edvel 3.<\/p>\n<h3>A posi\u00e7\u00e3o dos m\u00e9dicos<\/h3>\n<p>A dire\u00e7\u00e3o da ULSTS afirma que a resposta dos internistas reflete o elevado profissionalismo diante de condi\u00e7\u00f5es adversas. O objetivo \u00e9 reorganizar equipas e gest\u00e3o partilhada durante o per\u00edodo cr\u00edtico.<\/p>\n<p>O plano de conting\u00eancia foi criado para adaptar a organiza\u00e7\u00e3o de equipas e a gest\u00e3o a este cen\u00e1rio, destacando a dificuldade do volume de procura e as limita\u00e7\u00f5es estruturais, n\u00e3o a disponibilidade de profissionais.<\/p>\n<p>A administra\u00e7\u00e3o assegura disponibilidade para reunir, ouvir e ajustar medidas, apoiando m\u00e9dicos no terreno e acionando novas a\u00e7\u00f5es para melhorar a presta\u00e7\u00e3o de cuidados.<\/p>\n<h3>Contexto externo<\/h3>\n<p>A Federa\u00e7\u00e3o Nacional dos M\u00e9dicos revelou que o internato funciona j\u00e1 em regime de sobrecarga, com press\u00e3o cr\u00edtica sobre internamentos. Os m\u00e9dicos n\u00e3o aceitar\u00e3o manter doentes em condi\u00e7\u00f5es irregulares ou inseguras.<\/p>\n<p>Foi destacado que, ao atingir o limite de 166 doentes internados no Servi\u00e7o de Medicina Interna da Unidade Padre Am\u00e9rico, em Penafiel, n\u00e3o ser\u00e3o tomadas decis\u00f5es que coloquem em risco a seguran\u00e7a dos doentes.<\/p>\n","protected":false},"excerpt":{"rendered":"<ul>\n<li>A Unidade Local de Sa\u00fade do T\u00e2mega e Sousa reconhece elevad\u00edssima press\u00e3o assistencial devido ao aumento de aflu\u00eancia de doentes e internamentos, mantendo di\u00e1logo permanente com internistas.<\/li>\n<li>Medidas de conting\u00eancia foram acionadas: abertura de \u00e1reas de conting\u00eancia, at\u00e9 66 camas adicionais, camas contratualizadas com setores social e privado e aumento da hospitaliza\u00e7\u00e3o domicili\u00e1ria; a cirurgia programada n\u00e3o urgente foi suspensa temporariamente.<\/li>\n<li>A situa\u00e7\u00e3o enquadra\u2011se no n\u00edvel 3 do plano de resposta sazonal de inverno, com refor\u00e7o de equipas de apoio ao internamento por v\u00e1rias especialidades (pneumologia, infecciologia, endocrinologia, nefrologia) e enfermagem.<\/li>\n<li>M\u00e9dicos de Medicina Interna alertaram para condi\u00e7\u00f5es inseguras\/outros fora das enfermarias, tendo a administra\u00e7\u00e3o sublinhado que a reorganiza\u00e7\u00e3o de equipas visa responder ao volume excecional de procura sem falta de compromisso dos profissionais.<\/li>\n<li>A Federa\u00e7\u00e3o Nacional dos M\u00e9dicos indica regime de sobrecarga; os internistas dizem que n\u00e3o aceitar\u00e3o manter doentes em condi\u00e7\u00f5es irregulares, registo de 166 internados no Servi\u00e7o de Medicina Interna na Unidade Padre Am\u00e9rico, Penafiel.<\/li>\n<\/ul>\n","protected":false},"author":2,"featured_media":94608,"comment_status":"closed","ping_status":"closed","sticky":false,"template":"","format":"standard","meta":{"footnotes":""},"categories":[],"tags":[1863,1866,1401,1865,1861,271],"class_list":["post-94599","post","type-post","status-publish","format-standard","has-post-thumbnail","hentry","tag-endocrinologia","tag-infecciologia","tag-medicina-interna","tag-nefrologia","tag-pneumologia","tag-saude-publica"],"yoast_head":"<!-- This site is optimized with the Yoast SEO plugin v27.2 - https:\/\/yoast.com\/product\/yoast-seo-wordpress\/ -->\n<title>ULS do T\u00e2mega e Sousa reconhece press\u00e3o alta e garante di\u00e1logo com internistas - Portal Tela Portugal<\/title>\n<meta name=\"robots\" content=\"index, follow, max-snippet:-1, max-image-preview:large, max-video-preview:-1\" \/>\n<meta property=\"og:locale\" content=\"pt_PT\" \/>\n<meta property=\"og:type\" content=\"article\" \/>\n<meta property=\"og:title\" content=\"ULS do T\u00e2mega e Sousa reconhece press\u00e3o alta e garante di\u00e1logo com internistas - Portal Tela Portugal\" \/>\n<meta property=\"og:description\" content=\"A Unidade Local de Sa\u00fade do T\u00e2mega e Sousa reconhece elevad\u00edssima press\u00e3o assistencial devido ao aumento de aflu\u00eancia de doentes e internamentos, mantendo di\u00e1logo permanente com internistas. Medidas de conting\u00eancia foram acionadas: abertura de \u00e1reas de conting\u00eancia, at\u00e9 66 camas adicionais, camas contratualizadas com setores social e privado e aumento da hospitaliza\u00e7\u00e3o domicili\u00e1ria; a cirurgia programada n\u00e3o urgente foi suspensa temporariamente. A situa\u00e7\u00e3o enquadra\u2011se no n\u00edvel 3 do plano de resposta sazonal de inverno, com refor\u00e7o de equipas de apoio ao internamento por v\u00e1rias especialidades (pneumologia, infecciologia, endocrinologia, nefrologia) e enfermagem. M\u00e9dicos de Medicina Interna alertaram para condi\u00e7\u00f5es inseguras\/outros fora das enfermarias, tendo a administra\u00e7\u00e3o sublinhado que a reorganiza\u00e7\u00e3o de equipas visa responder ao volume excecional de procura sem falta de compromisso dos profissionais. A Federa\u00e7\u00e3o Nacional dos M\u00e9dicos indica regime de sobrecarga; os internistas dizem que n\u00e3o aceitar\u00e3o manter doentes em condi\u00e7\u00f5es irregulares, registo de 166 internados no Servi\u00e7o de Medicina Interna na Unidade Padre Am\u00e9rico, Penafiel.\" \/>\n<meta property=\"og:url\" content=\"https:\/\/portaltela.pt\/noticias\/2025\/12\/23\/uls-do-tamega-e-sousa-reconhece-pressao-alta-e-garante-dialogo-com-internistas\/\" \/>\n<meta property=\"og:site_name\" content=\"Portal Tela Portugal\" \/>\n<meta property=\"article:published_time\" content=\"2025-12-23T16:01:06+00:00\" \/>\n<meta name=\"author\" content=\"Telinha\" \/>\n<meta name=\"twitter:card\" content=\"summary_large_image\" \/>\n<meta name=\"twitter:label1\" content=\"Escrito por\" \/>\n\t<meta name=\"twitter:data1\" content=\"Telinha\" \/>\n\t<meta name=\"twitter:label2\" content=\"Tempo estimado de leitura\" \/>\n\t<meta name=\"twitter:data2\" content=\"2 minutos\" \/>\n<script type=\"application\/ld+json\" class=\"yoast-schema-graph\">{\"@context\":\"https:\/\/schema.org\",\"@graph\":[{\"@type\":\"Article\",\"@id\":\"https:\/\/portaltela.pt\/noticias\/2025\/12\/23\/uls-do-tamega-e-sousa-reconhece-pressao-alta-e-garante-dialogo-com-internistas\/#article\",\"isPartOf\":{\"@id\":\"https:\/\/portaltela.pt\/noticias\/2025\/12\/23\/uls-do-tamega-e-sousa-reconhece-pressao-alta-e-garante-dialogo-com-internistas\/\"},\"author\":{\"name\":\"Telinha\",\"@id\":\"https:\/\/portaltela.pt\/#\/schema\/person\/c4278d4a6028830caff9ee44b42d32ed\"},\"headline\":\"ULS do T\u00e2mega e Sousa reconhece press\u00e3o alta e garante di\u00e1logo com internistas\",\"datePublished\":\"2025-12-23T16:01:06+00:00\",\"mainEntityOfPage\":{\"@id\":\"https:\/\/portaltela.pt\/noticias\/2025\/12\/23\/uls-do-tamega-e-sousa-reconhece-pressao-alta-e-garante-dialogo-com-internistas\/\"},\"wordCount\":459,\"image\":{\"@id\":\"https:\/\/portaltela.pt\/noticias\/2025\/12\/23\/uls-do-tamega-e-sousa-reconhece-pressao-alta-e-garante-dialogo-com-internistas\/#primaryimage\"},\"thumbnailUrl\":\"https:\/\/portaltela.pt\/s.01k8rhncp4jt1\/2025\/12\/unnamed-file-1323.jpg\",\"keywords\":[\"endocrinologia\",\"infecciologia\",\"Medicina Interna\",\"nefrologia\",\"pneumologia\",\"sa\u00fade p\u00fablica\"],\"inLanguage\":\"pt-PT\"},{\"@type\":\"WebPage\",\"@id\":\"https:\/\/portaltela.pt\/noticias\/2025\/12\/23\/uls-do-tamega-e-sousa-reconhece-pressao-alta-e-garante-dialogo-com-internistas\/\",\"url\":\"https:\/\/portaltela.pt\/noticias\/2025\/12\/23\/uls-do-tamega-e-sousa-reconhece-pressao-alta-e-garante-dialogo-com-internistas\/\",\"name\":\"ULS do T\u00e2mega e Sousa reconhece press\u00e3o alta e garante di\u00e1logo com internistas - Portal Tela Portugal\",\"isPartOf\":{\"@id\":\"https:\/\/portaltela.pt\/#website\"},\"primaryImageOfPage\":{\"@id\":\"https:\/\/portaltela.pt\/noticias\/2025\/12\/23\/uls-do-tamega-e-sousa-reconhece-pressao-alta-e-garante-dialogo-com-internistas\/#primaryimage\"},\"image\":{\"@id\":\"https:\/\/portaltela.pt\/noticias\/2025\/12\/23\/uls-do-tamega-e-sousa-reconhece-pressao-alta-e-garante-dialogo-com-internistas\/#primaryimage\"},\"thumbnailUrl\":\"https:\/\/portaltela.pt\/s.01k8rhncp4jt1\/2025\/12\/unnamed-file-1323.jpg\",\"datePublished\":\"2025-12-23T16:01:06+00:00\",\"author\":{\"@id\":\"https:\/\/portaltela.pt\/#\/schema\/person\/c4278d4a6028830caff9ee44b42d32ed\"},\"breadcrumb\":{\"@id\":\"https:\/\/portaltela.pt\/noticias\/2025\/12\/23\/uls-do-tamega-e-sousa-reconhece-pressao-alta-e-garante-dialogo-com-internistas\/#breadcrumb\"},\"inLanguage\":\"pt-PT\",\"potentialAction\":[{\"@type\":\"ReadAction\",\"target\":[\"https:\/\/portaltela.pt\/noticias\/2025\/12\/23\/uls-do-tamega-e-sousa-reconhece-pressao-alta-e-garante-dialogo-com-internistas\/\"]}]},{\"@type\":\"ImageObject\",\"inLanguage\":\"pt-PT\",\"@id\":\"https:\/\/portaltela.pt\/noticias\/2025\/12\/23\/uls-do-tamega-e-sousa-reconhece-pressao-alta-e-garante-dialogo-com-internistas\/#primaryimage\",\"url\":\"https:\/\/portaltela.pt\/s.01k8rhncp4jt1\/2025\/12\/unnamed-file-1323.jpg\",\"contentUrl\":\"https:\/\/portaltela.pt\/s.01k8rhncp4jt1\/2025\/12\/unnamed-file-1323.jpg\",\"width\":796,\"height\":448,\"caption\":\"ULS do T\u00e2mega e Sousa reconhece \u201celevad\u00edssima press\u00e3o\u201d e garante di\u00e1logo com internistas\"},{\"@type\":\"BreadcrumbList\",\"@id\":\"https:\/\/portaltela.pt\/noticias\/2025\/12\/23\/uls-do-tamega-e-sousa-reconhece-pressao-alta-e-garante-dialogo-com-internistas\/#breadcrumb\",\"itemListElement\":[{\"@type\":\"ListItem\",\"position\":1,\"name\":\"In\u00edcio\",\"item\":\"https:\/\/portaltela.pt\/\"},{\"@type\":\"ListItem\",\"position\":2,\"name\":\"ULS do T\u00e2mega e Sousa reconhece press\u00e3o alta e garante di\u00e1logo com internistas\"}]},{\"@type\":\"WebSite\",\"@id\":\"https:\/\/portaltela.pt\/#website\",\"url\":\"https:\/\/portaltela.pt\/\",\"name\":\"Portal Tela Portugal\",\"description\":\"\",\"potentialAction\":[{\"@type\":\"SearchAction\",\"target\":{\"@type\":\"EntryPoint\",\"urlTemplate\":\"https:\/\/portaltela.pt\/?s={search_term_string}\"},\"query-input\":{\"@type\":\"PropertyValueSpecification\",\"valueRequired\":true,\"valueName\":\"search_term_string\"}}],\"inLanguage\":\"pt-PT\"},{\"@type\":\"Person\",\"@id\":\"https:\/\/portaltela.pt\/#\/schema\/person\/c4278d4a6028830caff9ee44b42d32ed\",\"name\":\"Telinha\",\"image\":{\"@type\":\"ImageObject\",\"inLanguage\":\"pt-PT\",\"@id\":\"https:\/\/portaltela.pt\/s.01k8rhncp4jt1\/2025\/11\/talking-bot-125x125.png\",\"url\":\"https:\/\/portaltela.pt\/s.01k8rhncp4jt1\/2025\/11\/talking-bot-125x125.png\",\"contentUrl\":\"https:\/\/portaltela.pt\/s.01k8rhncp4jt1\/2025\/11\/talking-bot-125x125.png\",\"caption\":\"Telinha\"},\"sameAs\":[\"https:\/\/portaltela.pt\/\"],\"url\":\"https:\/\/portaltela.pt\/por\/367410592786\/\"}]}<\/script>\n<!-- \/ Yoast SEO plugin. -->","yoast_head_json":{"title":"ULS do T\u00e2mega e Sousa reconhece press\u00e3o alta e garante di\u00e1logo com internistas - Portal Tela Portugal","robots":{"index":"index","follow":"follow","max-snippet":"max-snippet:-1","max-image-preview":"max-image-preview:large","max-video-preview":"max-video-preview:-1"},"og_locale":"pt_PT","og_type":"article","og_title":"ULS do T\u00e2mega e Sousa reconhece press\u00e3o alta e garante di\u00e1logo com internistas - Portal Tela Portugal","og_description":"A Unidade Local de Sa\u00fade do T\u00e2mega e Sousa reconhece elevad\u00edssima press\u00e3o assistencial devido ao aumento de aflu\u00eancia de doentes e internamentos, mantendo di\u00e1logo permanente com internistas. Medidas de conting\u00eancia foram acionadas: abertura de \u00e1reas de conting\u00eancia, at\u00e9 66 camas adicionais, camas contratualizadas com setores social e privado e aumento da hospitaliza\u00e7\u00e3o domicili\u00e1ria; a cirurgia programada n\u00e3o urgente foi suspensa temporariamente. A situa\u00e7\u00e3o enquadra\u2011se no n\u00edvel 3 do plano de resposta sazonal de inverno, com refor\u00e7o de equipas de apoio ao internamento por v\u00e1rias especialidades (pneumologia, infecciologia, endocrinologia, nefrologia) e enfermagem. M\u00e9dicos de Medicina Interna alertaram para condi\u00e7\u00f5es inseguras\/outros fora das enfermarias, tendo a administra\u00e7\u00e3o sublinhado que a reorganiza\u00e7\u00e3o de equipas visa responder ao volume excecional de procura sem falta de compromisso dos profissionais. A Federa\u00e7\u00e3o Nacional dos M\u00e9dicos indica regime de sobrecarga; os internistas dizem que n\u00e3o aceitar\u00e3o manter doentes em condi\u00e7\u00f5es irregulares, registo de 166 internados no Servi\u00e7o de Medicina Interna na Unidade Padre Am\u00e9rico, Penafiel.","og_url":"https:\/\/portaltela.pt\/noticias\/2025\/12\/23\/uls-do-tamega-e-sousa-reconhece-pressao-alta-e-garante-dialogo-com-internistas\/","og_site_name":"Portal Tela Portugal","article_published_time":"2025-12-23T16:01:06+00:00","author":"Telinha","twitter_card":"summary_large_image","twitter_misc":{"Escrito por":"Telinha","Tempo estimado de leitura":"2 minutos"},"schema":{"@context":"https:\/\/schema.org","@graph":[{"@type":"Article","@id":"https:\/\/portaltela.pt\/noticias\/2025\/12\/23\/uls-do-tamega-e-sousa-reconhece-pressao-alta-e-garante-dialogo-com-internistas\/#article","isPartOf":{"@id":"https:\/\/portaltela.pt\/noticias\/2025\/12\/23\/uls-do-tamega-e-sousa-reconhece-pressao-alta-e-garante-dialogo-com-internistas\/"},"author":{"name":"Telinha","@id":"https:\/\/portaltela.pt\/#\/schema\/person\/c4278d4a6028830caff9ee44b42d32ed"},"headline":"ULS do T\u00e2mega e Sousa reconhece press\u00e3o alta e garante di\u00e1logo com internistas","datePublished":"2025-12-23T16:01:06+00:00","mainEntityOfPage":{"@id":"https:\/\/portaltela.pt\/noticias\/2025\/12\/23\/uls-do-tamega-e-sousa-reconhece-pressao-alta-e-garante-dialogo-com-internistas\/"},"wordCount":459,"image":{"@id":"https:\/\/portaltela.pt\/noticias\/2025\/12\/23\/uls-do-tamega-e-sousa-reconhece-pressao-alta-e-garante-dialogo-com-internistas\/#primaryimage"},"thumbnailUrl":"https:\/\/portaltela.pt\/s.01k8rhncp4jt1\/2025\/12\/unnamed-file-1323.jpg","keywords":["endocrinologia","infecciologia","Medicina Interna","nefrologia","pneumologia","sa\u00fade p\u00fablica"],"inLanguage":"pt-PT"},{"@type":"WebPage","@id":"https:\/\/portaltela.pt\/noticias\/2025\/12\/23\/uls-do-tamega-e-sousa-reconhece-pressao-alta-e-garante-dialogo-com-internistas\/","url":"https:\/\/portaltela.pt\/noticias\/2025\/12\/23\/uls-do-tamega-e-sousa-reconhece-pressao-alta-e-garante-dialogo-com-internistas\/","name":"ULS do T\u00e2mega e Sousa reconhece press\u00e3o alta e garante di\u00e1logo com internistas - Portal Tela Portugal","isPartOf":{"@id":"https:\/\/portaltela.pt\/#website"},"primaryImageOfPage":{"@id":"https:\/\/portaltela.pt\/noticias\/2025\/12\/23\/uls-do-tamega-e-sousa-reconhece-pressao-alta-e-garante-dialogo-com-internistas\/#primaryimage"},"image":{"@id":"https:\/\/portaltela.pt\/noticias\/2025\/12\/23\/uls-do-tamega-e-sousa-reconhece-pressao-alta-e-garante-dialogo-com-internistas\/#primaryimage"},"thumbnailUrl":"https:\/\/portaltela.pt\/s.01k8rhncp4jt1\/2025\/12\/unnamed-file-1323.jpg","datePublished":"2025-12-23T16:01:06+00:00","author":{"@id":"https:\/\/portaltela.pt\/#\/schema\/person\/c4278d4a6028830caff9ee44b42d32ed"},"breadcrumb":{"@id":"https:\/\/portaltela.pt\/noticias\/2025\/12\/23\/uls-do-tamega-e-sousa-reconhece-pressao-alta-e-garante-dialogo-com-internistas\/#breadcrumb"},"inLanguage":"pt-PT","potentialAction":[{"@type":"ReadAction","target":["https:\/\/portaltela.pt\/noticias\/2025\/12\/23\/uls-do-tamega-e-sousa-reconhece-pressao-alta-e-garante-dialogo-com-internistas\/"]}]},{"@type":"ImageObject","inLanguage":"pt-PT","@id":"https:\/\/portaltela.pt\/noticias\/2025\/12\/23\/uls-do-tamega-e-sousa-reconhece-pressao-alta-e-garante-dialogo-com-internistas\/#primaryimage","url":"https:\/\/portaltela.pt\/s.01k8rhncp4jt1\/2025\/12\/unnamed-file-1323.jpg","contentUrl":"https:\/\/portaltela.pt\/s.01k8rhncp4jt1\/2025\/12\/unnamed-file-1323.jpg","width":796,"height":448,"caption":"ULS do T\u00e2mega e Sousa reconhece \u201celevad\u00edssima press\u00e3o\u201d e garante di\u00e1logo com internistas"},{"@type":"BreadcrumbList","@id":"https:\/\/portaltela.pt\/noticias\/2025\/12\/23\/uls-do-tamega-e-sousa-reconhece-pressao-alta-e-garante-dialogo-com-internistas\/#breadcrumb","itemListElement":[{"@type":"ListItem","position":1,"name":"In\u00edcio","item":"https:\/\/portaltela.pt\/"},{"@type":"ListItem","position":2,"name":"ULS do T\u00e2mega e Sousa reconhece press\u00e3o alta e garante di\u00e1logo com internistas"}]},{"@type":"WebSite","@id":"https:\/\/portaltela.pt\/#website","url":"https:\/\/portaltela.pt\/","name":"Portal Tela Portugal","description":"","potentialAction":[{"@type":"SearchAction","target":{"@type":"EntryPoint","urlTemplate":"https:\/\/portaltela.pt\/?s={search_term_string}"},"query-input":{"@type":"PropertyValueSpecification","valueRequired":true,"valueName":"search_term_string"}}],"inLanguage":"pt-PT"},{"@type":"Person","@id":"https:\/\/portaltela.pt\/#\/schema\/person\/c4278d4a6028830caff9ee44b42d32ed","name":"Telinha","image":{"@type":"ImageObject","inLanguage":"pt-PT","@id":"https:\/\/portaltela.pt\/s.01k8rhncp4jt1\/2025\/11\/talking-bot-125x125.png","url":"https:\/\/portaltela.pt\/s.01k8rhncp4jt1\/2025\/11\/talking-bot-125x125.png","contentUrl":"https:\/\/portaltela.pt\/s.01k8rhncp4jt1\/2025\/11\/talking-bot-125x125.png","caption":"Telinha"},"sameAs":["https:\/\/portaltela.pt\/"],"url":"https:\/\/portaltela.pt\/por\/367410592786\/"}]}},"_links":{"self":[{"href":"https:\/\/portaltela.pt\/api\/wp\/v2\/posts\/94599","targetHints":{"allow":["GET"]}}],"collection":[{"href":"https:\/\/portaltela.pt\/api\/wp\/v2\/posts"}],"about":[{"href":"https:\/\/portaltela.pt\/api\/wp\/v2\/types\/post"}],"author":[{"embeddable":true,"href":"https:\/\/portaltela.pt\/api\/wp\/v2\/users\/2"}],"replies":[{"embeddable":true,"href":"https:\/\/portaltela.pt\/api\/wp\/v2\/comments?post=94599"}],"version-history":[{"count":0,"href":"https:\/\/portaltela.pt\/api\/wp\/v2\/posts\/94599\/revisions"}],"wp:featuredmedia":[{"embeddable":true,"href":"https:\/\/portaltela.pt\/api\/wp\/v2\/media\/94608"}],"wp:attachment":[{"href":"https:\/\/portaltela.pt\/api\/wp\/v2\/media?parent=94599"}],"wp:term":[{"taxonomy":"category","embeddable":true,"href":"https:\/\/portaltela.pt\/api\/wp\/v2\/categories?post=94599"},{"taxonomy":"post_tag","embeddable":true,"href":"https:\/\/portaltela.pt\/api\/wp\/v2\/tags?post=94599"}],"curies":[{"name":"wp","href":"https:\/\/api.w.org\/{rel}","templated":true}]}}