{"id":93961,"date":"2025-12-23T06:57:43","date_gmt":"2025-12-23T09:57:43","guid":{"rendered":"https:\/\/portaltela.pt\/noticias\/2025\/12\/23\/acdea-perde-para-gcr-casal-de-cinza-na-9-a-jornada-sub-19-copialta\/"},"modified":"2025-12-23T06:57:43","modified_gmt":"2025-12-23T09:57:43","slug":"acdea-perde-para-gcr-casal-de-cinza-na-9-a-jornada-sub-19-copialta","status":"publish","type":"post","link":"https:\/\/portaltela.pt\/desporto\/futebol\/2025\/12\/23\/acdea-perde-para-gcr-casal-de-cinza-na-9-a-jornada-sub-19-copialta\/","title":{"rendered":"ACDEA perde para GCR Casal de Cinza na 9.\u00aa jornada Sub-19 Copialta"},"content":{"rendered":"<p>O ACDEA Sub-19 recebeu o GCR Casal de Cinza no Pavilh\u00e3o Municipal de Almeida, a 21 de dezembro, na 9.\u00aa jornada da Liga de Futsal Sub-19 Copialta. O jogo terminou 5-2 a favor dos visitantes, que mostraram maior efic\u00e1cia nos momentos decisivos.<\/p>\n<p>A forma\u00e7\u00e3o de Casal de Cinza manteve o dom\u00ednio em momentos-chave e aproveitou as oportunidades para marcar. A ACDEA lutou para manter o equil\u00edbrio, apostando na ofensiva para responder \u00e0 vantagem advers\u00e1ria.<\/p>\n<p>Os golos da ACDEA foram apontados por Lu\u00eds Esteves e Martim Marcos, refletindo o esfor\u00e7o coletivo da equipa de Almeida. Apesar da derrota, o conjunto manteve o foco no desenvolvimento dos atletas.<\/p>\n<h3>Pr\u00f3xima jornada<\/h3>\n<p>A pr\u00f3xima partida da ACDEA est\u00e1 marcada para o dia 4 de janeiro, \u00e0s 11h30, contra o GD Sameiro, no mesmo espa\u00e7o. A equipa procura consolidar o percurso competitivo na liga.<\/p>\n","protected":false},"excerpt":{"rendered":"<ul>\n<li>A ACDEA perdeu por 5-2 frente ao GCR Casal de Cinza na 9.\u00aa jornada da Liga Sub-19 Copialta, disputada no Pavilh\u00e3o Municipal de Almeida, no dia 21 de dezembro.<\/li>\n<li>Os golos da ACDEA foram marcados por Lu\u00eds Esteves e Martim Marcos.<\/li>\n<li>A equipa manteve atitude competitiva, tentando discutir o resultado at\u00e9 ao final, mas n\u00e3o conseguiu inverter a vantagem advers\u00e1ria.<\/li>\n<li>A ACDEA mant\u00e9m o foco no desenvolvimento dos atletas e na consolida\u00e7\u00e3o do seu percurso competitivo.<\/li>\n<li>A pr\u00f3xima jornada \u00e9 a 10.\u00aa, no dia 4 de janeiro, \u00e0s 11h30, frente ao GD Sameiro.<\/li>\n<\/ul>\n","protected":false},"author":2,"featured_media":93971,"comment_status":"closed","ping_status":"closed","sticky":false,"template":"","format":"standard","meta":{"footnotes":""},"categories":[21,24],"tags":[1400,152,161,1786],"class_list":["post-93961","post","type-post","status-publish","format-standard","has-post-thumbnail","hentry","category-desporto","category-futebol","tag-casal-cinza","tag-desporto","tag-futsal","tag-liga"],"yoast_head":"<!-- This site is optimized with the Yoast SEO plugin v27.2 - https:\/\/yoast.com\/product\/yoast-seo-wordpress\/ -->\n<title>ACDEA perde para GCR Casal de Cinza na 9.\u00aa jornada Sub-19 Copialta - Portal Tela Portugal<\/title>\n<meta name=\"robots\" content=\"index, follow, max-snippet:-1, max-image-preview:large, max-video-preview:-1\" \/>\n<meta property=\"og:locale\" content=\"pt_PT\" \/>\n<meta property=\"og:type\" content=\"article\" \/>\n<meta property=\"og:title\" content=\"ACDEA perde para GCR Casal de Cinza na 9.\u00aa jornada Sub-19 Copialta - Portal Tela Portugal\" \/>\n<meta property=\"og:description\" content=\"A ACDEA perdeu por 5-2 frente ao GCR Casal de Cinza na 9.\u00aa jornada da Liga Sub-19 Copialta, disputada no Pavilh\u00e3o Municipal de Almeida, no dia 21 de dezembro. Os golos da ACDEA foram marcados por Lu\u00eds Esteves e Martim Marcos. A equipa manteve atitude competitiva, tentando discutir o resultado at\u00e9 ao final, mas n\u00e3o conseguiu inverter a vantagem advers\u00e1ria. A ACDEA mant\u00e9m o foco no desenvolvimento dos atletas e na consolida\u00e7\u00e3o do seu percurso competitivo. A pr\u00f3xima jornada \u00e9 a 10.\u00aa, no dia 4 de janeiro, \u00e0s 11h30, frente ao GD Sameiro.\" \/>\n<meta property=\"og:url\" content=\"https:\/\/portaltela.pt\/noticias\/2025\/12\/23\/acdea-perde-para-gcr-casal-de-cinza-na-9-a-jornada-sub-19-copialta\/\" \/>\n<meta property=\"og:site_name\" content=\"Portal Tela Portugal\" \/>\n<meta property=\"article:published_time\" content=\"2025-12-23T09:57:43+00:00\" \/>\n<meta name=\"author\" content=\"Telinha\" \/>\n<meta name=\"twitter:card\" content=\"summary_large_image\" \/>\n<meta name=\"twitter:label1\" content=\"Escrito por\" \/>\n\t<meta name=\"twitter:data1\" content=\"Telinha\" \/>\n\t<meta name=\"twitter:label2\" content=\"Tempo estimado de leitura\" \/>\n\t<meta name=\"twitter:data2\" content=\"1 minuto\" \/>\n<script type=\"application\/ld+json\" class=\"yoast-schema-graph\">{\"@context\":\"https:\/\/schema.org\",\"@graph\":[{\"@type\":\"Article\",\"@id\":\"https:\/\/portaltela.pt\/noticias\/2025\/12\/23\/acdea-perde-para-gcr-casal-de-cinza-na-9-a-jornada-sub-19-copialta\/#article\",\"isPartOf\":{\"@id\":\"https:\/\/portaltela.pt\/noticias\/2025\/12\/23\/acdea-perde-para-gcr-casal-de-cinza-na-9-a-jornada-sub-19-copialta\/\"},\"author\":{\"name\":\"Telinha\",\"@id\":\"https:\/\/portaltela.pt\/#\/schema\/person\/c4278d4a6028830caff9ee44b42d32ed\"},\"headline\":\"ACDEA perde para GCR Casal de Cinza na 9.\u00aa jornada Sub-19 Copialta\",\"datePublished\":\"2025-12-23T09:57:43+00:00\",\"mainEntityOfPage\":{\"@id\":\"https:\/\/portaltela.pt\/noticias\/2025\/12\/23\/acdea-perde-para-gcr-casal-de-cinza-na-9-a-jornada-sub-19-copialta\/\"},\"wordCount\":157,\"image\":{\"@id\":\"https:\/\/portaltela.pt\/noticias\/2025\/12\/23\/acdea-perde-para-gcr-casal-de-cinza-na-9-a-jornada-sub-19-copialta\/#primaryimage\"},\"thumbnailUrl\":\"https:\/\/portaltela.pt\/s.01k8rhncp4jt1\/2025\/12\/unnamed-file-1241.jpg\",\"keywords\":[\"Casal Cinza\",\"desporto\",\"futsal\",\"Liga\"],\"articleSection\":[\"Desporto\",\"Futebol\"],\"inLanguage\":\"pt-PT\"},{\"@type\":\"WebPage\",\"@id\":\"https:\/\/portaltela.pt\/noticias\/2025\/12\/23\/acdea-perde-para-gcr-casal-de-cinza-na-9-a-jornada-sub-19-copialta\/\",\"url\":\"https:\/\/portaltela.pt\/noticias\/2025\/12\/23\/acdea-perde-para-gcr-casal-de-cinza-na-9-a-jornada-sub-19-copialta\/\",\"name\":\"ACDEA perde para GCR Casal de Cinza na 9.\u00aa jornada Sub-19 Copialta - Portal Tela Portugal\",\"isPartOf\":{\"@id\":\"https:\/\/portaltela.pt\/#website\"},\"primaryImageOfPage\":{\"@id\":\"https:\/\/portaltela.pt\/noticias\/2025\/12\/23\/acdea-perde-para-gcr-casal-de-cinza-na-9-a-jornada-sub-19-copialta\/#primaryimage\"},\"image\":{\"@id\":\"https:\/\/portaltela.pt\/noticias\/2025\/12\/23\/acdea-perde-para-gcr-casal-de-cinza-na-9-a-jornada-sub-19-copialta\/#primaryimage\"},\"thumbnailUrl\":\"https:\/\/portaltela.pt\/s.01k8rhncp4jt1\/2025\/12\/unnamed-file-1241.jpg\",\"datePublished\":\"2025-12-23T09:57:43+00:00\",\"author\":{\"@id\":\"https:\/\/portaltela.pt\/#\/schema\/person\/c4278d4a6028830caff9ee44b42d32ed\"},\"breadcrumb\":{\"@id\":\"https:\/\/portaltela.pt\/noticias\/2025\/12\/23\/acdea-perde-para-gcr-casal-de-cinza-na-9-a-jornada-sub-19-copialta\/#breadcrumb\"},\"inLanguage\":\"pt-PT\",\"potentialAction\":[{\"@type\":\"ReadAction\",\"target\":[\"https:\/\/portaltela.pt\/noticias\/2025\/12\/23\/acdea-perde-para-gcr-casal-de-cinza-na-9-a-jornada-sub-19-copialta\/\"]}]},{\"@type\":\"ImageObject\",\"inLanguage\":\"pt-PT\",\"@id\":\"https:\/\/portaltela.pt\/noticias\/2025\/12\/23\/acdea-perde-para-gcr-casal-de-cinza-na-9-a-jornada-sub-19-copialta\/#primaryimage\",\"url\":\"https:\/\/portaltela.pt\/s.01k8rhncp4jt1\/2025\/12\/unnamed-file-1241.jpg\",\"contentUrl\":\"https:\/\/portaltela.pt\/s.01k8rhncp4jt1\/2025\/12\/unnamed-file-1241.jpg\",\"width\":796,\"height\":448,\"caption\":\"ACDEA perde frente ao GCR Casal de Cinza na 9.\u00aa jornada da Liga Sub-19 Copialta\"},{\"@type\":\"BreadcrumbList\",\"@id\":\"https:\/\/portaltela.pt\/noticias\/2025\/12\/23\/acdea-perde-para-gcr-casal-de-cinza-na-9-a-jornada-sub-19-copialta\/#breadcrumb\",\"itemListElement\":[{\"@type\":\"ListItem\",\"position\":1,\"name\":\"In\u00edcio\",\"item\":\"https:\/\/portaltela.pt\/\"},{\"@type\":\"ListItem\",\"position\":2,\"name\":\"ACDEA perde para GCR Casal de Cinza na 9.\u00aa jornada Sub-19 Copialta\"}]},{\"@type\":\"WebSite\",\"@id\":\"https:\/\/portaltela.pt\/#website\",\"url\":\"https:\/\/portaltela.pt\/\",\"name\":\"Portal Tela Portugal\",\"description\":\"\",\"potentialAction\":[{\"@type\":\"SearchAction\",\"target\":{\"@type\":\"EntryPoint\",\"urlTemplate\":\"https:\/\/portaltela.pt\/?s={search_term_string}\"},\"query-input\":{\"@type\":\"PropertyValueSpecification\",\"valueRequired\":true,\"valueName\":\"search_term_string\"}}],\"inLanguage\":\"pt-PT\"},{\"@type\":\"Person\",\"@id\":\"https:\/\/portaltela.pt\/#\/schema\/person\/c4278d4a6028830caff9ee44b42d32ed\",\"name\":\"Telinha\",\"image\":{\"@type\":\"ImageObject\",\"inLanguage\":\"pt-PT\",\"@id\":\"https:\/\/portaltela.pt\/s.01k8rhncp4jt1\/2025\/11\/talking-bot-125x125.png\",\"url\":\"https:\/\/portaltela.pt\/s.01k8rhncp4jt1\/2025\/11\/talking-bot-125x125.png\",\"contentUrl\":\"https:\/\/portaltela.pt\/s.01k8rhncp4jt1\/2025\/11\/talking-bot-125x125.png\",\"caption\":\"Telinha\"},\"sameAs\":[\"https:\/\/portaltela.pt\/\"],\"url\":\"https:\/\/portaltela.pt\/por\/367410592786\/\"}]}<\/script>\n<!-- \/ Yoast SEO plugin. -->","yoast_head_json":{"title":"ACDEA perde para GCR Casal de Cinza na 9.\u00aa jornada Sub-19 Copialta - Portal Tela Portugal","robots":{"index":"index","follow":"follow","max-snippet":"max-snippet:-1","max-image-preview":"max-image-preview:large","max-video-preview":"max-video-preview:-1"},"og_locale":"pt_PT","og_type":"article","og_title":"ACDEA perde para GCR Casal de Cinza na 9.\u00aa jornada Sub-19 Copialta - Portal Tela Portugal","og_description":"A ACDEA perdeu por 5-2 frente ao GCR Casal de Cinza na 9.\u00aa jornada da Liga Sub-19 Copialta, disputada no Pavilh\u00e3o Municipal de Almeida, no dia 21 de dezembro. Os golos da ACDEA foram marcados por Lu\u00eds Esteves e Martim Marcos. A equipa manteve atitude competitiva, tentando discutir o resultado at\u00e9 ao final, mas n\u00e3o conseguiu inverter a vantagem advers\u00e1ria. A ACDEA mant\u00e9m o foco no desenvolvimento dos atletas e na consolida\u00e7\u00e3o do seu percurso competitivo. A pr\u00f3xima jornada \u00e9 a 10.\u00aa, no dia 4 de janeiro, \u00e0s 11h30, frente ao GD Sameiro.","og_url":"https:\/\/portaltela.pt\/noticias\/2025\/12\/23\/acdea-perde-para-gcr-casal-de-cinza-na-9-a-jornada-sub-19-copialta\/","og_site_name":"Portal Tela Portugal","article_published_time":"2025-12-23T09:57:43+00:00","author":"Telinha","twitter_card":"summary_large_image","twitter_misc":{"Escrito por":"Telinha","Tempo estimado de leitura":"1 minuto"},"schema":{"@context":"https:\/\/schema.org","@graph":[{"@type":"Article","@id":"https:\/\/portaltela.pt\/noticias\/2025\/12\/23\/acdea-perde-para-gcr-casal-de-cinza-na-9-a-jornada-sub-19-copialta\/#article","isPartOf":{"@id":"https:\/\/portaltela.pt\/noticias\/2025\/12\/23\/acdea-perde-para-gcr-casal-de-cinza-na-9-a-jornada-sub-19-copialta\/"},"author":{"name":"Telinha","@id":"https:\/\/portaltela.pt\/#\/schema\/person\/c4278d4a6028830caff9ee44b42d32ed"},"headline":"ACDEA perde para GCR Casal de Cinza na 9.\u00aa jornada Sub-19 Copialta","datePublished":"2025-12-23T09:57:43+00:00","mainEntityOfPage":{"@id":"https:\/\/portaltela.pt\/noticias\/2025\/12\/23\/acdea-perde-para-gcr-casal-de-cinza-na-9-a-jornada-sub-19-copialta\/"},"wordCount":157,"image":{"@id":"https:\/\/portaltela.pt\/noticias\/2025\/12\/23\/acdea-perde-para-gcr-casal-de-cinza-na-9-a-jornada-sub-19-copialta\/#primaryimage"},"thumbnailUrl":"https:\/\/portaltela.pt\/s.01k8rhncp4jt1\/2025\/12\/unnamed-file-1241.jpg","keywords":["Casal Cinza","desporto","futsal","Liga"],"articleSection":["Desporto","Futebol"],"inLanguage":"pt-PT"},{"@type":"WebPage","@id":"https:\/\/portaltela.pt\/noticias\/2025\/12\/23\/acdea-perde-para-gcr-casal-de-cinza-na-9-a-jornada-sub-19-copialta\/","url":"https:\/\/portaltela.pt\/noticias\/2025\/12\/23\/acdea-perde-para-gcr-casal-de-cinza-na-9-a-jornada-sub-19-copialta\/","name":"ACDEA perde para GCR Casal de Cinza na 9.\u00aa jornada Sub-19 Copialta - Portal Tela Portugal","isPartOf":{"@id":"https:\/\/portaltela.pt\/#website"},"primaryImageOfPage":{"@id":"https:\/\/portaltela.pt\/noticias\/2025\/12\/23\/acdea-perde-para-gcr-casal-de-cinza-na-9-a-jornada-sub-19-copialta\/#primaryimage"},"image":{"@id":"https:\/\/portaltela.pt\/noticias\/2025\/12\/23\/acdea-perde-para-gcr-casal-de-cinza-na-9-a-jornada-sub-19-copialta\/#primaryimage"},"thumbnailUrl":"https:\/\/portaltela.pt\/s.01k8rhncp4jt1\/2025\/12\/unnamed-file-1241.jpg","datePublished":"2025-12-23T09:57:43+00:00","author":{"@id":"https:\/\/portaltela.pt\/#\/schema\/person\/c4278d4a6028830caff9ee44b42d32ed"},"breadcrumb":{"@id":"https:\/\/portaltela.pt\/noticias\/2025\/12\/23\/acdea-perde-para-gcr-casal-de-cinza-na-9-a-jornada-sub-19-copialta\/#breadcrumb"},"inLanguage":"pt-PT","potentialAction":[{"@type":"ReadAction","target":["https:\/\/portaltela.pt\/noticias\/2025\/12\/23\/acdea-perde-para-gcr-casal-de-cinza-na-9-a-jornada-sub-19-copialta\/"]}]},{"@type":"ImageObject","inLanguage":"pt-PT","@id":"https:\/\/portaltela.pt\/noticias\/2025\/12\/23\/acdea-perde-para-gcr-casal-de-cinza-na-9-a-jornada-sub-19-copialta\/#primaryimage","url":"https:\/\/portaltela.pt\/s.01k8rhncp4jt1\/2025\/12\/unnamed-file-1241.jpg","contentUrl":"https:\/\/portaltela.pt\/s.01k8rhncp4jt1\/2025\/12\/unnamed-file-1241.jpg","width":796,"height":448,"caption":"ACDEA perde frente ao GCR Casal de Cinza na 9.\u00aa jornada da Liga Sub-19 Copialta"},{"@type":"BreadcrumbList","@id":"https:\/\/portaltela.pt\/noticias\/2025\/12\/23\/acdea-perde-para-gcr-casal-de-cinza-na-9-a-jornada-sub-19-copialta\/#breadcrumb","itemListElement":[{"@type":"ListItem","position":1,"name":"In\u00edcio","item":"https:\/\/portaltela.pt\/"},{"@type":"ListItem","position":2,"name":"ACDEA perde para GCR Casal de Cinza na 9.\u00aa jornada Sub-19 Copialta"}]},{"@type":"WebSite","@id":"https:\/\/portaltela.pt\/#website","url":"https:\/\/portaltela.pt\/","name":"Portal Tela Portugal","description":"","potentialAction":[{"@type":"SearchAction","target":{"@type":"EntryPoint","urlTemplate":"https:\/\/portaltela.pt\/?s={search_term_string}"},"query-input":{"@type":"PropertyValueSpecification","valueRequired":true,"valueName":"search_term_string"}}],"inLanguage":"pt-PT"},{"@type":"Person","@id":"https:\/\/portaltela.pt\/#\/schema\/person\/c4278d4a6028830caff9ee44b42d32ed","name":"Telinha","image":{"@type":"ImageObject","inLanguage":"pt-PT","@id":"https:\/\/portaltela.pt\/s.01k8rhncp4jt1\/2025\/11\/talking-bot-125x125.png","url":"https:\/\/portaltela.pt\/s.01k8rhncp4jt1\/2025\/11\/talking-bot-125x125.png","contentUrl":"https:\/\/portaltela.pt\/s.01k8rhncp4jt1\/2025\/11\/talking-bot-125x125.png","caption":"Telinha"},"sameAs":["https:\/\/portaltela.pt\/"],"url":"https:\/\/portaltela.pt\/por\/367410592786\/"}]}},"_links":{"self":[{"href":"https:\/\/portaltela.pt\/api\/wp\/v2\/posts\/93961","targetHints":{"allow":["GET"]}}],"collection":[{"href":"https:\/\/portaltela.pt\/api\/wp\/v2\/posts"}],"about":[{"href":"https:\/\/portaltela.pt\/api\/wp\/v2\/types\/post"}],"author":[{"embeddable":true,"href":"https:\/\/portaltela.pt\/api\/wp\/v2\/users\/2"}],"replies":[{"embeddable":true,"href":"https:\/\/portaltela.pt\/api\/wp\/v2\/comments?post=93961"}],"version-history":[{"count":0,"href":"https:\/\/portaltela.pt\/api\/wp\/v2\/posts\/93961\/revisions"}],"wp:featuredmedia":[{"embeddable":true,"href":"https:\/\/portaltela.pt\/api\/wp\/v2\/media\/93971"}],"wp:attachment":[{"href":"https:\/\/portaltela.pt\/api\/wp\/v2\/media?parent=93961"}],"wp:term":[{"taxonomy":"category","embeddable":true,"href":"https:\/\/portaltela.pt\/api\/wp\/v2\/categories?post=93961"},{"taxonomy":"post_tag","embeddable":true,"href":"https:\/\/portaltela.pt\/api\/wp\/v2\/tags?post=93961"}],"curies":[{"name":"wp","href":"https:\/\/api.w.org\/{rel}","templated":true}]}}