{"id":93845,"date":"2025-12-23T05:42:00","date_gmt":"2025-12-23T08:42:00","guid":{"rendered":"https:\/\/portaltela.pt\/noticias\/2025\/12\/23\/flotilha-regressa-em-2026-com-100-navios-e-3-000-membros\/"},"modified":"2025-12-23T05:42:00","modified_gmt":"2025-12-23T08:42:00","slug":"flotilha-regressa-em-2026-com-100-navios-e-3-000-membros","status":"publish","type":"post","link":"https:\/\/portaltela.pt\/noticias\/2025\/12\/23\/flotilha-regressa-em-2026-com-100-navios-e-3-000-membros\/","title":{"rendered":"Flotilha regressa em 2026 com 100 navios e 3.000 membros"},"content":{"rendered":"<p>A Flotilha Global Sumud (GSF) iniciou a sua primeira viagem com 20 embarca\u00e7\u00f5es, partindo de Barcelona a 1 de setembro para Gaza, com o objetivo de entregar ajuda humanit\u00e1ria e desafiar o bloqueio israelita. Em 2\u20133 de outubro, Israel intercetou mais de 40 embarca\u00e7\u00f5es, deteve 473 tripulantes e depois confiscou nove barcos da segunda flotilha, com pris\u00f5es e deporta\u00e7\u00f5es, incluindo quatro portugueses.<\/p>\n<p>Entre os detidos estavam ativistas de v\u00e1rias nacionalidades, que foram transferidos para a pris\u00e3o de Saharonim, no deserto do Negev. A a\u00e7\u00e3o foi descrita pela organiza\u00e7\u00e3o como uma deten\u00e7\u00e3o ilegal pelos participantes, que denunciaram as deten\u00e7\u00f5es como parte de uma opera\u00e7\u00e3o maior contra a mobiliza\u00e7\u00e3o civil para Gaza.<\/p>\n<p>A regi\u00e3o v\u00ea ainda a gest\u00e3o de informa\u00e7\u00f5es sobre o que aconteceu com a primeira miss\u00e3o e as implica\u00e7\u00f5es legais das deten\u00e7\u00f5es, bem como os desdobramentos humanit\u00e1rios na \u00e1rea, entretanto sem deixar de salientar cr\u00edticas \u00e0 forma como as opera\u00e7\u00f5es foram conduzidas.<\/p>\n<h3>Plano para 2026: a maior a\u00e7\u00e3o civil mar\u00edtima para a Palestina<\/h3>\n<p>Em 2026, a GSF planeia lan\u00e7ar a maior a\u00e7\u00e3o civil mar\u00edtima, com 100 navios e mais de 3.000 participantes de centenas de pa\u00edses. A iniciativa visa uma presen\u00e7a civil desarmada para apoiar reconstru\u00e7\u00e3o e prote\u00e7\u00e3o de infraestruturas civis.<\/p>\n<p>A organiza\u00e7\u00e3o descreve a miss\u00e3o como uma continuidade da entrega de ajuda, com foco numa presen\u00e7a civil sustentada e especializada. Mais de mil profissionais de sa\u00fade ir\u00e3o a bordo para colaborar com sistemas locais de Gaza.<\/p>\n<p>Segundo a GSF, a opera\u00e7\u00e3o busca refor\u00e7ar cuidados de emerg\u00eancia e estabilizar um sistema de sa\u00fade afetado pelo cerco e pelos ataques. A miss\u00e3o tamb\u00e9m pretende expor cumplicidades internacionais que sustentam o bloqueio e a ocupa\u00e7\u00e3o.<\/p>\n","protected":false},"excerpt":{"rendered":"<ul>\n<li>A Flotilha Global Sumud (GSF) planeia, na primavera de 2026, a maior a\u00e7\u00e3o civil mar\u00edtima para a Palestina, com 100 navios e mais de 3.000 participantes de centenas de pa\u00edses.<\/li>\n<li>A iniciativa visa uma presen\u00e7a civil desarmada para reconstru\u00e7\u00e3o e prote\u00e7\u00e3o das infraestruturas civis b\u00e1sicas em Gaza, indo al\u00e9m da simples entrega de ajuda humanit\u00e1ria.<\/li>\n<li>A opera\u00e7\u00e3o inclui mais de mil profissionais de sa\u00fade a bordo, que coordenar\u00e3o a\u00e7\u00f5es com o sistema de sa\u00fade local e com equipas em Gaza, numa miss\u00e3o centrada em direitos humanos e prote\u00e7\u00e3o civil.<\/li>\n<li>A miss\u00e3o pretende refor\u00e7ar cuidados de emerg\u00eancia e estabilizar um sistema de sa\u00fade devastado pelo cerco e por bombardeamentos, al\u00e9m de expor cumplicidades internacionais que sustentam bloqueio e conflitos.<\/li>\n<li>Hist\u00f3rico: a primeira flotilha partiu de Barcelona a 1 de setembro com 20 embarca\u00e7\u00f5es; entre 2 e 3 de outubro, Israel intercetou mais de quarenta embarca\u00e7\u00f5es, deteve 473 tripulantes (incluindo quatro portugueses) e mais tarde confiscou nove barcos da segunda flotilha, com deporta\u00e7\u00f5es.<\/li>\n<\/ul>\n","protected":false},"author":2,"featured_media":93849,"comment_status":"closed","ping_status":"closed","sticky":false,"template":"","format":"standard","meta":{"footnotes":""},"categories":[1],"tags":[1084,230,256,740,466,136],"class_list":["post-93845","post","type-post","status-publish","format-standard","has-post-thumbnail","hentry","category-noticias","tag-acao-social","tag-accoes-internacionais","tag-cooperacao-internacional","tag-flotilha","tag-organizacao-internacional","tag-organizacoes"],"yoast_head":"<!-- This site is optimized with the Yoast SEO plugin v27.2 - https:\/\/yoast.com\/product\/yoast-seo-wordpress\/ -->\n<title>Flotilha regressa em 2026 com 100 navios e 3.000 membros - Portal Tela Portugal<\/title>\n<meta name=\"robots\" content=\"index, follow, max-snippet:-1, max-image-preview:large, max-video-preview:-1\" \/>\n<meta property=\"og:locale\" content=\"pt_PT\" \/>\n<meta property=\"og:type\" content=\"article\" \/>\n<meta property=\"og:title\" content=\"Flotilha regressa em 2026 com 100 navios e 3.000 membros - Portal Tela Portugal\" \/>\n<meta property=\"og:description\" content=\"A Flotilha Global Sumud (GSF) planeia, na primavera de 2026, a maior a\u00e7\u00e3o civil mar\u00edtima para a Palestina, com 100 navios e mais de 3.000 participantes de centenas de pa\u00edses. A iniciativa visa uma presen\u00e7a civil desarmada para reconstru\u00e7\u00e3o e prote\u00e7\u00e3o das infraestruturas civis b\u00e1sicas em Gaza, indo al\u00e9m da simples entrega de ajuda humanit\u00e1ria. A opera\u00e7\u00e3o inclui mais de mil profissionais de sa\u00fade a bordo, que coordenar\u00e3o a\u00e7\u00f5es com o sistema de sa\u00fade local e com equipas em Gaza, numa miss\u00e3o centrada em direitos humanos e prote\u00e7\u00e3o civil. A miss\u00e3o pretende refor\u00e7ar cuidados de emerg\u00eancia e estabilizar um sistema de sa\u00fade devastado pelo cerco e por bombardeamentos, al\u00e9m de expor cumplicidades internacionais que sustentam bloqueio e conflitos. Hist\u00f3rico: a primeira flotilha partiu de Barcelona a 1 de setembro com 20 embarca\u00e7\u00f5es; entre 2 e 3 de outubro, Israel intercetou mais de quarenta embarca\u00e7\u00f5es, deteve 473 tripulantes (incluindo quatro portugueses) e mais tarde confiscou nove barcos da segunda flotilha, com deporta\u00e7\u00f5es.\" \/>\n<meta property=\"og:url\" content=\"https:\/\/portaltela.pt\/noticias\/2025\/12\/23\/flotilha-regressa-em-2026-com-100-navios-e-3-000-membros\/\" \/>\n<meta property=\"og:site_name\" content=\"Portal Tela Portugal\" \/>\n<meta property=\"article:published_time\" content=\"2025-12-23T08:42:00+00:00\" \/>\n<meta name=\"author\" content=\"Telinha\" \/>\n<meta name=\"twitter:card\" content=\"summary_large_image\" \/>\n<meta name=\"twitter:label1\" content=\"Escrito por\" \/>\n\t<meta name=\"twitter:data1\" content=\"Telinha\" \/>\n\t<meta name=\"twitter:label2\" content=\"Tempo estimado de leitura\" \/>\n\t<meta name=\"twitter:data2\" content=\"2 minutos\" \/>\n<script type=\"application\/ld+json\" class=\"yoast-schema-graph\">{\"@context\":\"https:\/\/schema.org\",\"@graph\":[{\"@type\":\"Article\",\"@id\":\"https:\/\/portaltela.pt\/noticias\/2025\/12\/23\/flotilha-regressa-em-2026-com-100-navios-e-3-000-membros\/#article\",\"isPartOf\":{\"@id\":\"https:\/\/portaltela.pt\/noticias\/2025\/12\/23\/flotilha-regressa-em-2026-com-100-navios-e-3-000-membros\/\"},\"author\":{\"name\":\"Telinha\",\"@id\":\"https:\/\/portaltela.pt\/#\/schema\/person\/c4278d4a6028830caff9ee44b42d32ed\"},\"headline\":\"Flotilha regressa em 2026 com 100 navios e 3.000 membros\",\"datePublished\":\"2025-12-23T08:42:00+00:00\",\"mainEntityOfPage\":{\"@id\":\"https:\/\/portaltela.pt\/noticias\/2025\/12\/23\/flotilha-regressa-em-2026-com-100-navios-e-3-000-membros\/\"},\"wordCount\":313,\"image\":{\"@id\":\"https:\/\/portaltela.pt\/noticias\/2025\/12\/23\/flotilha-regressa-em-2026-com-100-navios-e-3-000-membros\/#primaryimage\"},\"thumbnailUrl\":\"https:\/\/portaltela.pt\/s.01k8rhncp4jt1\/2025\/12\/45775742.jpg\",\"keywords\":[\"A\u00e7\u00e3o Social\",\"ac\u00e7\u00f5es internacionais\",\"coopera\u00e7\u00e3o internacional\",\"flotilha\",\"organiza\u00e7\u00e3o internacional\",\"organiza\u00e7\u00f5es\"],\"articleSection\":[\"Not\u00edcias\"],\"inLanguage\":\"pt-PT\"},{\"@type\":\"WebPage\",\"@id\":\"https:\/\/portaltela.pt\/noticias\/2025\/12\/23\/flotilha-regressa-em-2026-com-100-navios-e-3-000-membros\/\",\"url\":\"https:\/\/portaltela.pt\/noticias\/2025\/12\/23\/flotilha-regressa-em-2026-com-100-navios-e-3-000-membros\/\",\"name\":\"Flotilha regressa em 2026 com 100 navios e 3.000 membros - Portal Tela Portugal\",\"isPartOf\":{\"@id\":\"https:\/\/portaltela.pt\/#website\"},\"primaryImageOfPage\":{\"@id\":\"https:\/\/portaltela.pt\/noticias\/2025\/12\/23\/flotilha-regressa-em-2026-com-100-navios-e-3-000-membros\/#primaryimage\"},\"image\":{\"@id\":\"https:\/\/portaltela.pt\/noticias\/2025\/12\/23\/flotilha-regressa-em-2026-com-100-navios-e-3-000-membros\/#primaryimage\"},\"thumbnailUrl\":\"https:\/\/portaltela.pt\/s.01k8rhncp4jt1\/2025\/12\/45775742.jpg\",\"datePublished\":\"2025-12-23T08:42:00+00:00\",\"author\":{\"@id\":\"https:\/\/portaltela.pt\/#\/schema\/person\/c4278d4a6028830caff9ee44b42d32ed\"},\"breadcrumb\":{\"@id\":\"https:\/\/portaltela.pt\/noticias\/2025\/12\/23\/flotilha-regressa-em-2026-com-100-navios-e-3-000-membros\/#breadcrumb\"},\"inLanguage\":\"pt-PT\",\"potentialAction\":[{\"@type\":\"ReadAction\",\"target\":[\"https:\/\/portaltela.pt\/noticias\/2025\/12\/23\/flotilha-regressa-em-2026-com-100-navios-e-3-000-membros\/\"]}]},{\"@type\":\"ImageObject\",\"inLanguage\":\"pt-PT\",\"@id\":\"https:\/\/portaltela.pt\/noticias\/2025\/12\/23\/flotilha-regressa-em-2026-com-100-navios-e-3-000-membros\/#primaryimage\",\"url\":\"https:\/\/portaltela.pt\/s.01k8rhncp4jt1\/2025\/12\/45775742.jpg\",\"contentUrl\":\"https:\/\/portaltela.pt\/s.01k8rhncp4jt1\/2025\/12\/45775742.jpg\",\"width\":796,\"height\":448,\"caption\":\"Protesters attend a rally in support of the Palestinian people and the Global Sumud Flotilla (GSF) in Vigo, Spain, 02 October 2025. Israeli forces intercepted boats of the Gaza-bound flotilla carrying aid, preventing it from breaching the blockade and reaching the Gaza Strip, according to the Global Sumud Flotilla organizers.\"},{\"@type\":\"BreadcrumbList\",\"@id\":\"https:\/\/portaltela.pt\/noticias\/2025\/12\/23\/flotilha-regressa-em-2026-com-100-navios-e-3-000-membros\/#breadcrumb\",\"itemListElement\":[{\"@type\":\"ListItem\",\"position\":1,\"name\":\"In\u00edcio\",\"item\":\"https:\/\/portaltela.pt\/\"},{\"@type\":\"ListItem\",\"position\":2,\"name\":\"Flotilha regressa em 2026 com 100 navios e 3.000 membros\"}]},{\"@type\":\"WebSite\",\"@id\":\"https:\/\/portaltela.pt\/#website\",\"url\":\"https:\/\/portaltela.pt\/\",\"name\":\"Portal Tela Portugal\",\"description\":\"\",\"potentialAction\":[{\"@type\":\"SearchAction\",\"target\":{\"@type\":\"EntryPoint\",\"urlTemplate\":\"https:\/\/portaltela.pt\/?s={search_term_string}\"},\"query-input\":{\"@type\":\"PropertyValueSpecification\",\"valueRequired\":true,\"valueName\":\"search_term_string\"}}],\"inLanguage\":\"pt-PT\"},{\"@type\":\"Person\",\"@id\":\"https:\/\/portaltela.pt\/#\/schema\/person\/c4278d4a6028830caff9ee44b42d32ed\",\"name\":\"Telinha\",\"image\":{\"@type\":\"ImageObject\",\"inLanguage\":\"pt-PT\",\"@id\":\"https:\/\/portaltela.pt\/s.01k8rhncp4jt1\/2025\/11\/talking-bot-125x125.png\",\"url\":\"https:\/\/portaltela.pt\/s.01k8rhncp4jt1\/2025\/11\/talking-bot-125x125.png\",\"contentUrl\":\"https:\/\/portaltela.pt\/s.01k8rhncp4jt1\/2025\/11\/talking-bot-125x125.png\",\"caption\":\"Telinha\"},\"sameAs\":[\"https:\/\/portaltela.pt\/\"],\"url\":\"https:\/\/portaltela.pt\/por\/367410592786\/\"}]}<\/script>\n<!-- \/ Yoast SEO plugin. -->","yoast_head_json":{"title":"Flotilha regressa em 2026 com 100 navios e 3.000 membros - Portal Tela Portugal","robots":{"index":"index","follow":"follow","max-snippet":"max-snippet:-1","max-image-preview":"max-image-preview:large","max-video-preview":"max-video-preview:-1"},"og_locale":"pt_PT","og_type":"article","og_title":"Flotilha regressa em 2026 com 100 navios e 3.000 membros - Portal Tela Portugal","og_description":"A Flotilha Global Sumud (GSF) planeia, na primavera de 2026, a maior a\u00e7\u00e3o civil mar\u00edtima para a Palestina, com 100 navios e mais de 3.000 participantes de centenas de pa\u00edses. A iniciativa visa uma presen\u00e7a civil desarmada para reconstru\u00e7\u00e3o e prote\u00e7\u00e3o das infraestruturas civis b\u00e1sicas em Gaza, indo al\u00e9m da simples entrega de ajuda humanit\u00e1ria. A opera\u00e7\u00e3o inclui mais de mil profissionais de sa\u00fade a bordo, que coordenar\u00e3o a\u00e7\u00f5es com o sistema de sa\u00fade local e com equipas em Gaza, numa miss\u00e3o centrada em direitos humanos e prote\u00e7\u00e3o civil. A miss\u00e3o pretende refor\u00e7ar cuidados de emerg\u00eancia e estabilizar um sistema de sa\u00fade devastado pelo cerco e por bombardeamentos, al\u00e9m de expor cumplicidades internacionais que sustentam bloqueio e conflitos. Hist\u00f3rico: a primeira flotilha partiu de Barcelona a 1 de setembro com 20 embarca\u00e7\u00f5es; entre 2 e 3 de outubro, Israel intercetou mais de quarenta embarca\u00e7\u00f5es, deteve 473 tripulantes (incluindo quatro portugueses) e mais tarde confiscou nove barcos da segunda flotilha, com deporta\u00e7\u00f5es.","og_url":"https:\/\/portaltela.pt\/noticias\/2025\/12\/23\/flotilha-regressa-em-2026-com-100-navios-e-3-000-membros\/","og_site_name":"Portal Tela Portugal","article_published_time":"2025-12-23T08:42:00+00:00","author":"Telinha","twitter_card":"summary_large_image","twitter_misc":{"Escrito por":"Telinha","Tempo estimado de leitura":"2 minutos"},"schema":{"@context":"https:\/\/schema.org","@graph":[{"@type":"Article","@id":"https:\/\/portaltela.pt\/noticias\/2025\/12\/23\/flotilha-regressa-em-2026-com-100-navios-e-3-000-membros\/#article","isPartOf":{"@id":"https:\/\/portaltela.pt\/noticias\/2025\/12\/23\/flotilha-regressa-em-2026-com-100-navios-e-3-000-membros\/"},"author":{"name":"Telinha","@id":"https:\/\/portaltela.pt\/#\/schema\/person\/c4278d4a6028830caff9ee44b42d32ed"},"headline":"Flotilha regressa em 2026 com 100 navios e 3.000 membros","datePublished":"2025-12-23T08:42:00+00:00","mainEntityOfPage":{"@id":"https:\/\/portaltela.pt\/noticias\/2025\/12\/23\/flotilha-regressa-em-2026-com-100-navios-e-3-000-membros\/"},"wordCount":313,"image":{"@id":"https:\/\/portaltela.pt\/noticias\/2025\/12\/23\/flotilha-regressa-em-2026-com-100-navios-e-3-000-membros\/#primaryimage"},"thumbnailUrl":"https:\/\/portaltela.pt\/s.01k8rhncp4jt1\/2025\/12\/45775742.jpg","keywords":["A\u00e7\u00e3o Social","ac\u00e7\u00f5es internacionais","coopera\u00e7\u00e3o internacional","flotilha","organiza\u00e7\u00e3o internacional","organiza\u00e7\u00f5es"],"articleSection":["Not\u00edcias"],"inLanguage":"pt-PT"},{"@type":"WebPage","@id":"https:\/\/portaltela.pt\/noticias\/2025\/12\/23\/flotilha-regressa-em-2026-com-100-navios-e-3-000-membros\/","url":"https:\/\/portaltela.pt\/noticias\/2025\/12\/23\/flotilha-regressa-em-2026-com-100-navios-e-3-000-membros\/","name":"Flotilha regressa em 2026 com 100 navios e 3.000 membros - Portal Tela Portugal","isPartOf":{"@id":"https:\/\/portaltela.pt\/#website"},"primaryImageOfPage":{"@id":"https:\/\/portaltela.pt\/noticias\/2025\/12\/23\/flotilha-regressa-em-2026-com-100-navios-e-3-000-membros\/#primaryimage"},"image":{"@id":"https:\/\/portaltela.pt\/noticias\/2025\/12\/23\/flotilha-regressa-em-2026-com-100-navios-e-3-000-membros\/#primaryimage"},"thumbnailUrl":"https:\/\/portaltela.pt\/s.01k8rhncp4jt1\/2025\/12\/45775742.jpg","datePublished":"2025-12-23T08:42:00+00:00","author":{"@id":"https:\/\/portaltela.pt\/#\/schema\/person\/c4278d4a6028830caff9ee44b42d32ed"},"breadcrumb":{"@id":"https:\/\/portaltela.pt\/noticias\/2025\/12\/23\/flotilha-regressa-em-2026-com-100-navios-e-3-000-membros\/#breadcrumb"},"inLanguage":"pt-PT","potentialAction":[{"@type":"ReadAction","target":["https:\/\/portaltela.pt\/noticias\/2025\/12\/23\/flotilha-regressa-em-2026-com-100-navios-e-3-000-membros\/"]}]},{"@type":"ImageObject","inLanguage":"pt-PT","@id":"https:\/\/portaltela.pt\/noticias\/2025\/12\/23\/flotilha-regressa-em-2026-com-100-navios-e-3-000-membros\/#primaryimage","url":"https:\/\/portaltela.pt\/s.01k8rhncp4jt1\/2025\/12\/45775742.jpg","contentUrl":"https:\/\/portaltela.pt\/s.01k8rhncp4jt1\/2025\/12\/45775742.jpg","width":796,"height":448,"caption":"Protesters attend a rally in support of the Palestinian people and the Global Sumud Flotilla (GSF) in Vigo, Spain, 02 October 2025. Israeli forces intercepted boats of the Gaza-bound flotilla carrying aid, preventing it from breaching the blockade and reaching the Gaza Strip, according to the Global Sumud Flotilla organizers."},{"@type":"BreadcrumbList","@id":"https:\/\/portaltela.pt\/noticias\/2025\/12\/23\/flotilha-regressa-em-2026-com-100-navios-e-3-000-membros\/#breadcrumb","itemListElement":[{"@type":"ListItem","position":1,"name":"In\u00edcio","item":"https:\/\/portaltela.pt\/"},{"@type":"ListItem","position":2,"name":"Flotilha regressa em 2026 com 100 navios e 3.000 membros"}]},{"@type":"WebSite","@id":"https:\/\/portaltela.pt\/#website","url":"https:\/\/portaltela.pt\/","name":"Portal Tela Portugal","description":"","potentialAction":[{"@type":"SearchAction","target":{"@type":"EntryPoint","urlTemplate":"https:\/\/portaltela.pt\/?s={search_term_string}"},"query-input":{"@type":"PropertyValueSpecification","valueRequired":true,"valueName":"search_term_string"}}],"inLanguage":"pt-PT"},{"@type":"Person","@id":"https:\/\/portaltela.pt\/#\/schema\/person\/c4278d4a6028830caff9ee44b42d32ed","name":"Telinha","image":{"@type":"ImageObject","inLanguage":"pt-PT","@id":"https:\/\/portaltela.pt\/s.01k8rhncp4jt1\/2025\/11\/talking-bot-125x125.png","url":"https:\/\/portaltela.pt\/s.01k8rhncp4jt1\/2025\/11\/talking-bot-125x125.png","contentUrl":"https:\/\/portaltela.pt\/s.01k8rhncp4jt1\/2025\/11\/talking-bot-125x125.png","caption":"Telinha"},"sameAs":["https:\/\/portaltela.pt\/"],"url":"https:\/\/portaltela.pt\/por\/367410592786\/"}]}},"_links":{"self":[{"href":"https:\/\/portaltela.pt\/api\/wp\/v2\/posts\/93845","targetHints":{"allow":["GET"]}}],"collection":[{"href":"https:\/\/portaltela.pt\/api\/wp\/v2\/posts"}],"about":[{"href":"https:\/\/portaltela.pt\/api\/wp\/v2\/types\/post"}],"author":[{"embeddable":true,"href":"https:\/\/portaltela.pt\/api\/wp\/v2\/users\/2"}],"replies":[{"embeddable":true,"href":"https:\/\/portaltela.pt\/api\/wp\/v2\/comments?post=93845"}],"version-history":[{"count":0,"href":"https:\/\/portaltela.pt\/api\/wp\/v2\/posts\/93845\/revisions"}],"wp:featuredmedia":[{"embeddable":true,"href":"https:\/\/portaltela.pt\/api\/wp\/v2\/media\/93849"}],"wp:attachment":[{"href":"https:\/\/portaltela.pt\/api\/wp\/v2\/media?parent=93845"}],"wp:term":[{"taxonomy":"category","embeddable":true,"href":"https:\/\/portaltela.pt\/api\/wp\/v2\/categories?post=93845"},{"taxonomy":"post_tag","embeddable":true,"href":"https:\/\/portaltela.pt\/api\/wp\/v2\/tags?post=93845"}],"curies":[{"name":"wp","href":"https:\/\/api.w.org\/{rel}","templated":true}]}}