{"id":93657,"date":"2025-12-23T03:47:59","date_gmt":"2025-12-23T06:47:59","guid":{"rendered":"https:\/\/portaltela.pt\/noticias\/2025\/12\/23\/china-nomeia-novos-comandantes-militares-em-pequim-e-taiwan\/"},"modified":"2025-12-23T03:47:59","modified_gmt":"2025-12-23T06:47:59","slug":"china-nomeia-novos-comandantes-militares-em-pequim-e-taiwan","status":"publish","type":"post","link":"https:\/\/portaltela.pt\/noticias\/2025\/12\/23\/china-nomeia-novos-comandantes-militares-em-pequim-e-taiwan\/","title":{"rendered":"China nomeia novos comandantes militares em Pequim e Taiwan"},"content":{"rendered":"<p>O presidente chin\u00eas, Xi Jinping, nomeou novos comandantes dos teatros Central e Oriental do Ex\u00e9rcito Popular de Liberta\u00e7\u00e3o (EPL), ligados \u00e0 seguran\u00e7a de Pequim e \u00e0 frente de Taiwan. A nomea\u00e7\u00e3o ocorreu nesta segunda-feira em Pequim, durante uma cerim\u00f3nia na capital. Xi preside a Comiss\u00e3o Militar Central (CMC).<\/p>\n<p>Han Shengyan tornou-se comandante do Teatro Central de Opera\u00e7\u00f5es, sucedendo Wang Qiang, cujo paradeiro \u00e9 desconhecido. Yang Zhibin assume o comando do Teatro Oriental de Opera\u00e7\u00f5es, substituindo Lin Xiangyang, afastado em outubro passado. A promo\u00e7\u00e3o eleva ambos ao posto de general.<\/p>\n<p>A cerim\u00f3nia contou com a presen\u00e7a de Xi Jinping, dos vice-presidentes da CMC, Zhang Youxia e Zhang Shengmin, e do chefe do Estado-Maior Conjunto da CMC, Liu Zhenli, segundo a ag\u00eancia Xinhua.<\/p>\n<p>Han Shengyan vinha, at\u00e9 agora, no comando da For\u00e7a A\u00e9rea do Teatro Central, respons\u00e1vel pela prote\u00e7\u00e3o de Pequim e \u00e1reas vizinhas. Yang Zhibin tamb\u00e9m tem hist\u00f3rico na For\u00e7a A\u00e9rea, tendo sido subcomandante do Teatro Oriental.<\/p>\n<p>O Teatro Oriental de Opera\u00e7\u00f5es \u00e9 visto por analistas como um dos mais estrat\u00e9gicos, com foco em uma poss\u00edvel conting\u00eancia envolvendo Taiwan, ilha governada separatadamente desde 1949.<\/p>\n<p>Contexto de purgas<\/p>\n<p>As nomea\u00e7\u00f5es ocorrem num contexto de maior escrut\u00ednio \u00e0 c\u00fapula militar, ap\u00f3s investiga\u00e7\u00f5es a ex-diretores da CMC e a outros quadros, por suspeitas de corrup\u00e7\u00e3o. He Weidong, ex-vice-presidente da CMC, e Miao Hua, ex-diretor do Departamento de Trabalho Pol\u00edtico, foram alvo de investiga\u00e7\u00f5es.<\/p>\n<p>As a\u00e7\u00f5es de persegui\u00e7\u00e3o atingem tamb\u00e9m \u00e1reas ligadas \u00e0 For\u00e7a de Foguetes, respons\u00e1veis pelo arsenal nuclear chin\u00eas, segundo relatos de analistas. Observa-se um esfor\u00e7o de consolidar controlos internos e refor\u00e7ar a lealdade \u00e0 c\u00fapula central.<\/p>\n<p>Especialistas avaliam que as purgas podem impactar a progress\u00e3o do EPL rumo a uma for\u00e7a de \u201cclasse mundial\u201d at\u00e9 2049, bem como a prepara\u00e7\u00e3o para uma eventual opera\u00e7\u00e3o militar em Taiwan.<\/p>\n","protected":false},"excerpt":{"rendered":"<ul>\n<li>Xi Jinping nomeou two novos comandantes dos teatros Central e Oriental do Ex\u00e9rcito Popular de Liberta\u00e7\u00e3o, promovidos ao general, no \u00e2mbito de uma purga na c\u00fapula militar.<\/li>\n<li>A cerim\u00f3nia, em Pequim, contou com a presen\u00e7a de Xi, dos vice-presidentes da Comiss\u00e3o Militar Central e do chefe do Departamento do Estado-Maor Conjunto, Liu Zhenli, segundo a Xinhua.<\/li>\n<li>Han Shengyan, at\u00e9 ent\u00e3o comandante da For\u00e7a A\u00e9rea no Teatro Central de Opera\u00e7\u00f5es, substituir\u00e1 Wang Qiang, cujo paradeiro \u00e9 desconhecido.<\/li>\n<li>Yang Zhibin, tamb\u00e9m da For\u00e7a A\u00e9rea, era subcomandante do Teatro Oriental e substituir\u00e1 Lin Xiangyang, um dos nove generais expulsos em outubro.<\/li>\n<li>As nomea\u00e7\u00f5es ocorrem num contexto de purgas na c\u00fapula militar e investiga\u00e7\u00f5es por corrup\u00e7\u00e3o que atingem v\u00e1rias \u00e1reas, incluindo a For\u00e7a de Foguetes, com impacto potencial na estrat\u00e9gia chinesa em Taiwan.<\/li>\n<\/ul>\n","protected":false},"author":2,"featured_media":93662,"comment_status":"closed","ping_status":"closed","sticky":false,"template":"","format":"standard","meta":{"footnotes":""},"categories":[1],"tags":[166,1779,62,215,217,466],"class_list":["post-93657","post","type-post","status-publish","format-standard","has-post-thumbnail","hentry","category-noticias","tag-comandos","tag-forcas-armadas","tag-guerra","tag-investigacao","tag-investigacao-criminal","tag-organizacao-internacional"],"yoast_head":"<!-- This site is optimized with the Yoast SEO plugin v27.2 - https:\/\/yoast.com\/product\/yoast-seo-wordpress\/ -->\n<title>China nomeia novos comandantes militares em Pequim e Taiwan - Portal Tela Portugal<\/title>\n<meta name=\"robots\" content=\"index, follow, max-snippet:-1, max-image-preview:large, max-video-preview:-1\" \/>\n<meta property=\"og:locale\" content=\"pt_PT\" \/>\n<meta property=\"og:type\" content=\"article\" \/>\n<meta property=\"og:title\" content=\"China nomeia novos comandantes militares em Pequim e Taiwan - Portal Tela Portugal\" \/>\n<meta property=\"og:description\" content=\"Xi Jinping nomeou two novos comandantes dos teatros Central e Oriental do Ex\u00e9rcito Popular de Liberta\u00e7\u00e3o, promovidos ao general, no \u00e2mbito de uma purga na c\u00fapula militar. A cerim\u00f3nia, em Pequim, contou com a presen\u00e7a de Xi, dos vice-presidentes da Comiss\u00e3o Militar Central e do chefe do Departamento do Estado-Maor Conjunto, Liu Zhenli, segundo a Xinhua. Han Shengyan, at\u00e9 ent\u00e3o comandante da For\u00e7a A\u00e9rea no Teatro Central de Opera\u00e7\u00f5es, substituir\u00e1 Wang Qiang, cujo paradeiro \u00e9 desconhecido. Yang Zhibin, tamb\u00e9m da For\u00e7a A\u00e9rea, era subcomandante do Teatro Oriental e substituir\u00e1 Lin Xiangyang, um dos nove generais expulsos em outubro. As nomea\u00e7\u00f5es ocorrem num contexto de purgas na c\u00fapula militar e investiga\u00e7\u00f5es por corrup\u00e7\u00e3o que atingem v\u00e1rias \u00e1reas, incluindo a For\u00e7a de Foguetes, com impacto potencial na estrat\u00e9gia chinesa em Taiwan.\" \/>\n<meta property=\"og:url\" content=\"https:\/\/portaltela.pt\/noticias\/2025\/12\/23\/china-nomeia-novos-comandantes-militares-em-pequim-e-taiwan\/\" \/>\n<meta property=\"og:site_name\" content=\"Portal Tela Portugal\" \/>\n<meta property=\"article:published_time\" content=\"2025-12-23T06:47:59+00:00\" \/>\n<meta name=\"author\" content=\"Telinha\" \/>\n<meta name=\"twitter:card\" content=\"summary_large_image\" \/>\n<meta name=\"twitter:label1\" content=\"Escrito por\" \/>\n\t<meta name=\"twitter:data1\" content=\"Telinha\" \/>\n\t<meta name=\"twitter:label2\" content=\"Tempo estimado de leitura\" \/>\n\t<meta name=\"twitter:data2\" content=\"2 minutos\" \/>\n<script type=\"application\/ld+json\" class=\"yoast-schema-graph\">{\"@context\":\"https:\/\/schema.org\",\"@graph\":[{\"@type\":\"Article\",\"@id\":\"https:\/\/portaltela.pt\/noticias\/2025\/12\/23\/china-nomeia-novos-comandantes-militares-em-pequim-e-taiwan\/#article\",\"isPartOf\":{\"@id\":\"https:\/\/portaltela.pt\/noticias\/2025\/12\/23\/china-nomeia-novos-comandantes-militares-em-pequim-e-taiwan\/\"},\"author\":{\"name\":\"Telinha\",\"@id\":\"https:\/\/portaltela.pt\/#\/schema\/person\/c4278d4a6028830caff9ee44b42d32ed\"},\"headline\":\"China nomeia novos comandantes militares em Pequim e Taiwan\",\"datePublished\":\"2025-12-23T06:47:59+00:00\",\"mainEntityOfPage\":{\"@id\":\"https:\/\/portaltela.pt\/noticias\/2025\/12\/23\/china-nomeia-novos-comandantes-militares-em-pequim-e-taiwan\/\"},\"wordCount\":341,\"image\":{\"@id\":\"https:\/\/portaltela.pt\/noticias\/2025\/12\/23\/china-nomeia-novos-comandantes-militares-em-pequim-e-taiwan\/#primaryimage\"},\"thumbnailUrl\":\"https:\/\/portaltela.pt\/s.01k8rhncp4jt1\/2025\/12\/unnamed-file-1206.jpg\",\"keywords\":[\"comandos\",\"For\u00e7as Armadas\",\"guerra\",\"investiga\u00e7\u00e3o\",\"investiga\u00e7\u00e3o criminal\",\"organiza\u00e7\u00e3o internacional\"],\"articleSection\":[\"Not\u00edcias\"],\"inLanguage\":\"pt-PT\"},{\"@type\":\"WebPage\",\"@id\":\"https:\/\/portaltela.pt\/noticias\/2025\/12\/23\/china-nomeia-novos-comandantes-militares-em-pequim-e-taiwan\/\",\"url\":\"https:\/\/portaltela.pt\/noticias\/2025\/12\/23\/china-nomeia-novos-comandantes-militares-em-pequim-e-taiwan\/\",\"name\":\"China nomeia novos comandantes militares em Pequim e Taiwan - Portal Tela Portugal\",\"isPartOf\":{\"@id\":\"https:\/\/portaltela.pt\/#website\"},\"primaryImageOfPage\":{\"@id\":\"https:\/\/portaltela.pt\/noticias\/2025\/12\/23\/china-nomeia-novos-comandantes-militares-em-pequim-e-taiwan\/#primaryimage\"},\"image\":{\"@id\":\"https:\/\/portaltela.pt\/noticias\/2025\/12\/23\/china-nomeia-novos-comandantes-militares-em-pequim-e-taiwan\/#primaryimage\"},\"thumbnailUrl\":\"https:\/\/portaltela.pt\/s.01k8rhncp4jt1\/2025\/12\/unnamed-file-1206.jpg\",\"datePublished\":\"2025-12-23T06:47:59+00:00\",\"author\":{\"@id\":\"https:\/\/portaltela.pt\/#\/schema\/person\/c4278d4a6028830caff9ee44b42d32ed\"},\"breadcrumb\":{\"@id\":\"https:\/\/portaltela.pt\/noticias\/2025\/12\/23\/china-nomeia-novos-comandantes-militares-em-pequim-e-taiwan\/#breadcrumb\"},\"inLanguage\":\"pt-PT\",\"potentialAction\":[{\"@type\":\"ReadAction\",\"target\":[\"https:\/\/portaltela.pt\/noticias\/2025\/12\/23\/china-nomeia-novos-comandantes-militares-em-pequim-e-taiwan\/\"]}]},{\"@type\":\"ImageObject\",\"inLanguage\":\"pt-PT\",\"@id\":\"https:\/\/portaltela.pt\/noticias\/2025\/12\/23\/china-nomeia-novos-comandantes-militares-em-pequim-e-taiwan\/#primaryimage\",\"url\":\"https:\/\/portaltela.pt\/s.01k8rhncp4jt1\/2025\/12\/unnamed-file-1206.jpg\",\"contentUrl\":\"https:\/\/portaltela.pt\/s.01k8rhncp4jt1\/2025\/12\/unnamed-file-1206.jpg\",\"width\":796,\"height\":448,\"caption\":\"China nomeia novos comandantes militares em Pequim e Taiwan\"},{\"@type\":\"BreadcrumbList\",\"@id\":\"https:\/\/portaltela.pt\/noticias\/2025\/12\/23\/china-nomeia-novos-comandantes-militares-em-pequim-e-taiwan\/#breadcrumb\",\"itemListElement\":[{\"@type\":\"ListItem\",\"position\":1,\"name\":\"In\u00edcio\",\"item\":\"https:\/\/portaltela.pt\/\"},{\"@type\":\"ListItem\",\"position\":2,\"name\":\"China nomeia novos comandantes militares em Pequim e Taiwan\"}]},{\"@type\":\"WebSite\",\"@id\":\"https:\/\/portaltela.pt\/#website\",\"url\":\"https:\/\/portaltela.pt\/\",\"name\":\"Portal Tela Portugal\",\"description\":\"\",\"potentialAction\":[{\"@type\":\"SearchAction\",\"target\":{\"@type\":\"EntryPoint\",\"urlTemplate\":\"https:\/\/portaltela.pt\/?s={search_term_string}\"},\"query-input\":{\"@type\":\"PropertyValueSpecification\",\"valueRequired\":true,\"valueName\":\"search_term_string\"}}],\"inLanguage\":\"pt-PT\"},{\"@type\":\"Person\",\"@id\":\"https:\/\/portaltela.pt\/#\/schema\/person\/c4278d4a6028830caff9ee44b42d32ed\",\"name\":\"Telinha\",\"image\":{\"@type\":\"ImageObject\",\"inLanguage\":\"pt-PT\",\"@id\":\"https:\/\/portaltela.pt\/s.01k8rhncp4jt1\/2025\/11\/talking-bot-125x125.png\",\"url\":\"https:\/\/portaltela.pt\/s.01k8rhncp4jt1\/2025\/11\/talking-bot-125x125.png\",\"contentUrl\":\"https:\/\/portaltela.pt\/s.01k8rhncp4jt1\/2025\/11\/talking-bot-125x125.png\",\"caption\":\"Telinha\"},\"sameAs\":[\"https:\/\/portaltela.pt\/\"],\"url\":\"https:\/\/portaltela.pt\/por\/367410592786\/\"}]}<\/script>\n<!-- \/ Yoast SEO plugin. -->","yoast_head_json":{"title":"China nomeia novos comandantes militares em Pequim e Taiwan - Portal Tela Portugal","robots":{"index":"index","follow":"follow","max-snippet":"max-snippet:-1","max-image-preview":"max-image-preview:large","max-video-preview":"max-video-preview:-1"},"og_locale":"pt_PT","og_type":"article","og_title":"China nomeia novos comandantes militares em Pequim e Taiwan - Portal Tela Portugal","og_description":"Xi Jinping nomeou two novos comandantes dos teatros Central e Oriental do Ex\u00e9rcito Popular de Liberta\u00e7\u00e3o, promovidos ao general, no \u00e2mbito de uma purga na c\u00fapula militar. A cerim\u00f3nia, em Pequim, contou com a presen\u00e7a de Xi, dos vice-presidentes da Comiss\u00e3o Militar Central e do chefe do Departamento do Estado-Maor Conjunto, Liu Zhenli, segundo a Xinhua. Han Shengyan, at\u00e9 ent\u00e3o comandante da For\u00e7a A\u00e9rea no Teatro Central de Opera\u00e7\u00f5es, substituir\u00e1 Wang Qiang, cujo paradeiro \u00e9 desconhecido. Yang Zhibin, tamb\u00e9m da For\u00e7a A\u00e9rea, era subcomandante do Teatro Oriental e substituir\u00e1 Lin Xiangyang, um dos nove generais expulsos em outubro. As nomea\u00e7\u00f5es ocorrem num contexto de purgas na c\u00fapula militar e investiga\u00e7\u00f5es por corrup\u00e7\u00e3o que atingem v\u00e1rias \u00e1reas, incluindo a For\u00e7a de Foguetes, com impacto potencial na estrat\u00e9gia chinesa em Taiwan.","og_url":"https:\/\/portaltela.pt\/noticias\/2025\/12\/23\/china-nomeia-novos-comandantes-militares-em-pequim-e-taiwan\/","og_site_name":"Portal Tela Portugal","article_published_time":"2025-12-23T06:47:59+00:00","author":"Telinha","twitter_card":"summary_large_image","twitter_misc":{"Escrito por":"Telinha","Tempo estimado de leitura":"2 minutos"},"schema":{"@context":"https:\/\/schema.org","@graph":[{"@type":"Article","@id":"https:\/\/portaltela.pt\/noticias\/2025\/12\/23\/china-nomeia-novos-comandantes-militares-em-pequim-e-taiwan\/#article","isPartOf":{"@id":"https:\/\/portaltela.pt\/noticias\/2025\/12\/23\/china-nomeia-novos-comandantes-militares-em-pequim-e-taiwan\/"},"author":{"name":"Telinha","@id":"https:\/\/portaltela.pt\/#\/schema\/person\/c4278d4a6028830caff9ee44b42d32ed"},"headline":"China nomeia novos comandantes militares em Pequim e Taiwan","datePublished":"2025-12-23T06:47:59+00:00","mainEntityOfPage":{"@id":"https:\/\/portaltela.pt\/noticias\/2025\/12\/23\/china-nomeia-novos-comandantes-militares-em-pequim-e-taiwan\/"},"wordCount":341,"image":{"@id":"https:\/\/portaltela.pt\/noticias\/2025\/12\/23\/china-nomeia-novos-comandantes-militares-em-pequim-e-taiwan\/#primaryimage"},"thumbnailUrl":"https:\/\/portaltela.pt\/s.01k8rhncp4jt1\/2025\/12\/unnamed-file-1206.jpg","keywords":["comandos","For\u00e7as Armadas","guerra","investiga\u00e7\u00e3o","investiga\u00e7\u00e3o criminal","organiza\u00e7\u00e3o internacional"],"articleSection":["Not\u00edcias"],"inLanguage":"pt-PT"},{"@type":"WebPage","@id":"https:\/\/portaltela.pt\/noticias\/2025\/12\/23\/china-nomeia-novos-comandantes-militares-em-pequim-e-taiwan\/","url":"https:\/\/portaltela.pt\/noticias\/2025\/12\/23\/china-nomeia-novos-comandantes-militares-em-pequim-e-taiwan\/","name":"China nomeia novos comandantes militares em Pequim e Taiwan - Portal Tela Portugal","isPartOf":{"@id":"https:\/\/portaltela.pt\/#website"},"primaryImageOfPage":{"@id":"https:\/\/portaltela.pt\/noticias\/2025\/12\/23\/china-nomeia-novos-comandantes-militares-em-pequim-e-taiwan\/#primaryimage"},"image":{"@id":"https:\/\/portaltela.pt\/noticias\/2025\/12\/23\/china-nomeia-novos-comandantes-militares-em-pequim-e-taiwan\/#primaryimage"},"thumbnailUrl":"https:\/\/portaltela.pt\/s.01k8rhncp4jt1\/2025\/12\/unnamed-file-1206.jpg","datePublished":"2025-12-23T06:47:59+00:00","author":{"@id":"https:\/\/portaltela.pt\/#\/schema\/person\/c4278d4a6028830caff9ee44b42d32ed"},"breadcrumb":{"@id":"https:\/\/portaltela.pt\/noticias\/2025\/12\/23\/china-nomeia-novos-comandantes-militares-em-pequim-e-taiwan\/#breadcrumb"},"inLanguage":"pt-PT","potentialAction":[{"@type":"ReadAction","target":["https:\/\/portaltela.pt\/noticias\/2025\/12\/23\/china-nomeia-novos-comandantes-militares-em-pequim-e-taiwan\/"]}]},{"@type":"ImageObject","inLanguage":"pt-PT","@id":"https:\/\/portaltela.pt\/noticias\/2025\/12\/23\/china-nomeia-novos-comandantes-militares-em-pequim-e-taiwan\/#primaryimage","url":"https:\/\/portaltela.pt\/s.01k8rhncp4jt1\/2025\/12\/unnamed-file-1206.jpg","contentUrl":"https:\/\/portaltela.pt\/s.01k8rhncp4jt1\/2025\/12\/unnamed-file-1206.jpg","width":796,"height":448,"caption":"China nomeia novos comandantes militares em Pequim e Taiwan"},{"@type":"BreadcrumbList","@id":"https:\/\/portaltela.pt\/noticias\/2025\/12\/23\/china-nomeia-novos-comandantes-militares-em-pequim-e-taiwan\/#breadcrumb","itemListElement":[{"@type":"ListItem","position":1,"name":"In\u00edcio","item":"https:\/\/portaltela.pt\/"},{"@type":"ListItem","position":2,"name":"China nomeia novos comandantes militares em Pequim e Taiwan"}]},{"@type":"WebSite","@id":"https:\/\/portaltela.pt\/#website","url":"https:\/\/portaltela.pt\/","name":"Portal Tela Portugal","description":"","potentialAction":[{"@type":"SearchAction","target":{"@type":"EntryPoint","urlTemplate":"https:\/\/portaltela.pt\/?s={search_term_string}"},"query-input":{"@type":"PropertyValueSpecification","valueRequired":true,"valueName":"search_term_string"}}],"inLanguage":"pt-PT"},{"@type":"Person","@id":"https:\/\/portaltela.pt\/#\/schema\/person\/c4278d4a6028830caff9ee44b42d32ed","name":"Telinha","image":{"@type":"ImageObject","inLanguage":"pt-PT","@id":"https:\/\/portaltela.pt\/s.01k8rhncp4jt1\/2025\/11\/talking-bot-125x125.png","url":"https:\/\/portaltela.pt\/s.01k8rhncp4jt1\/2025\/11\/talking-bot-125x125.png","contentUrl":"https:\/\/portaltela.pt\/s.01k8rhncp4jt1\/2025\/11\/talking-bot-125x125.png","caption":"Telinha"},"sameAs":["https:\/\/portaltela.pt\/"],"url":"https:\/\/portaltela.pt\/por\/367410592786\/"}]}},"_links":{"self":[{"href":"https:\/\/portaltela.pt\/api\/wp\/v2\/posts\/93657","targetHints":{"allow":["GET"]}}],"collection":[{"href":"https:\/\/portaltela.pt\/api\/wp\/v2\/posts"}],"about":[{"href":"https:\/\/portaltela.pt\/api\/wp\/v2\/types\/post"}],"author":[{"embeddable":true,"href":"https:\/\/portaltela.pt\/api\/wp\/v2\/users\/2"}],"replies":[{"embeddable":true,"href":"https:\/\/portaltela.pt\/api\/wp\/v2\/comments?post=93657"}],"version-history":[{"count":0,"href":"https:\/\/portaltela.pt\/api\/wp\/v2\/posts\/93657\/revisions"}],"wp:featuredmedia":[{"embeddable":true,"href":"https:\/\/portaltela.pt\/api\/wp\/v2\/media\/93662"}],"wp:attachment":[{"href":"https:\/\/portaltela.pt\/api\/wp\/v2\/media?parent=93657"}],"wp:term":[{"taxonomy":"category","embeddable":true,"href":"https:\/\/portaltela.pt\/api\/wp\/v2\/categories?post=93657"},{"taxonomy":"post_tag","embeddable":true,"href":"https:\/\/portaltela.pt\/api\/wp\/v2\/tags?post=93657"}],"curies":[{"name":"wp","href":"https:\/\/api.w.org\/{rel}","templated":true}]}}