{"id":92503,"date":"2025-12-22T12:44:59","date_gmt":"2025-12-22T15:44:59","guid":{"rendered":"https:\/\/portaltela.pt\/noticias\/2025\/12\/22\/cmf-prolonga-ate-31-de-dezembro-o-prazo-do-vale-educacao\/"},"modified":"2025-12-22T12:44:59","modified_gmt":"2025-12-22T15:44:59","slug":"cmf-prolonga-ate-31-de-dezembro-o-prazo-do-vale-educacao","status":"publish","type":"post","link":"https:\/\/portaltela.pt\/noticias\/2025\/12\/22\/cmf-prolonga-ate-31-de-dezembro-o-prazo-do-vale-educacao\/","title":{"rendered":"CMF prolonga at\u00e9 31 de dezembro o prazo do Vale Educa\u00e7\u00e3o"},"content":{"rendered":"<p>A C\u00e2mara Municipal do Funchal anunciou a prorroga\u00e7\u00e3o do prazo de utiliza\u00e7\u00e3o do Vale Educa\u00e7\u00e3o at\u00e9 ao dia 31 de dezembro de 2025. A medida enquadra-se no Programa de Atribui\u00e7\u00e3o de Manuais e Material Escolar para o ano lectivo 2025\/2026, com adapta\u00e7\u00e3o ao novo modelo via Cart\u00e3o do Mun\u00edcipe.<\/p>\n<p>A prorroga\u00e7\u00e3o tem como objetivo garantir que todos os mun\u00edcipes com apoio autorizado possam beneficiar do Vale Educa\u00e7\u00e3o, no novo formato de utiliza\u00e7\u00e3o. O vale mant\u00e9m-se v\u00e1lido nas papelarias aderentes ao programa.<\/p>\n<h3>Novo formato e funcionamento<\/h3>\n<p>O programa mant\u00e9m o apoio aos estudantes, com a transi\u00e7\u00e3o para o Cart\u00e3o do Mun\u00edcipe, facilitando o controlo e a utiliza\u00e7\u00e3o do subs\u00eddio. Os interessados devem consultar as informa\u00e7\u00f5es dispon\u00edveis no site oficial da iniciativa para confirmar as condi\u00e7\u00f5es de elegibilidade e locais de utiliza\u00e7\u00e3o.<\/p>\n<p>Para mais informa\u00e7\u00f5es, os mun\u00edcipes podem aceder ao portal dedicado ao Cart\u00e3o do Mun\u00edcipe e \u00e0s condi\u00e7\u00f5es espec\u00edficas do Vale Educa\u00e7\u00e3o.<\/p>\n","protected":false},"excerpt":{"rendered":"<ul>\n<li>O Vale Educa\u00e7\u00e3o, inserido no Programa de Atribui\u00e7\u00e3o de Manuais e Material Escolar para o ano lectivo 2025\/2026, foi prorrogado at\u00e9 31 de dezembro de 2025.<\/li>\n<li>A prorroga\u00e7\u00e3o enquadra-se na adapta\u00e7\u00e3o ao novo formato de utiliza\u00e7\u00e3o via Cart\u00e3o do Mun\u00edcipe e destina-se a mun\u00edcipes com apoio autorizado.<\/li>\n<li>Os vales podem ser usados em papelarias aderentes.<\/li>\n<li>A medida facilita a transi\u00e7\u00e3o para o novo modelo de pagamento e aquisi\u00e7\u00e3o de material escolar.<\/li>\n<li>Mais informa\u00e7\u00f5es est\u00e3o dispon\u00edves no portal do Cart\u00e3o do Mun\u00edcipe (informa\u00e7\u00f5es oficiais sobre o processo).<\/li>\n<\/ul>\n","protected":false},"author":2,"featured_media":92507,"comment_status":"closed","ping_status":"closed","sticky":false,"template":"","format":"standard","meta":{"footnotes":""},"categories":[],"tags":[168,1211,163,859,1749,133],"class_list":["post-92503","post","type-post","status-publish","format-standard","has-post-thumbnail","hentry","tag-administracao-publica","tag-apoio-social","tag-educacao","tag-madeira","tag-papelaria","tag-politicas-publicas"],"yoast_head":"<!-- This site is optimized with the Yoast SEO plugin v27.2 - https:\/\/yoast.com\/product\/yoast-seo-wordpress\/ -->\n<title>CMF prolonga at\u00e9 31 de dezembro o prazo do Vale Educa\u00e7\u00e3o - Portal Tela Portugal<\/title>\n<meta name=\"robots\" content=\"index, follow, max-snippet:-1, max-image-preview:large, max-video-preview:-1\" \/>\n<meta property=\"og:locale\" content=\"pt_PT\" \/>\n<meta property=\"og:type\" content=\"article\" \/>\n<meta property=\"og:title\" content=\"CMF prolonga at\u00e9 31 de dezembro o prazo do Vale Educa\u00e7\u00e3o - Portal Tela Portugal\" \/>\n<meta property=\"og:description\" content=\"O Vale Educa\u00e7\u00e3o, inserido no Programa de Atribui\u00e7\u00e3o de Manuais e Material Escolar para o ano lectivo 2025\/2026, foi prorrogado at\u00e9 31 de dezembro de 2025. A prorroga\u00e7\u00e3o enquadra-se na adapta\u00e7\u00e3o ao novo formato de utiliza\u00e7\u00e3o via Cart\u00e3o do Mun\u00edcipe e destina-se a mun\u00edcipes com apoio autorizado. Os vales podem ser usados em papelarias aderentes. A medida facilita a transi\u00e7\u00e3o para o novo modelo de pagamento e aquisi\u00e7\u00e3o de material escolar. Mais informa\u00e7\u00f5es est\u00e3o dispon\u00edves no portal do Cart\u00e3o do Mun\u00edcipe (informa\u00e7\u00f5es oficiais sobre o processo).\" \/>\n<meta property=\"og:url\" content=\"https:\/\/portaltela.pt\/noticias\/2025\/12\/22\/cmf-prolonga-ate-31-de-dezembro-o-prazo-do-vale-educacao\/\" \/>\n<meta property=\"og:site_name\" content=\"Portal Tela Portugal\" \/>\n<meta property=\"article:published_time\" content=\"2025-12-22T15:44:59+00:00\" \/>\n<meta name=\"author\" content=\"Telinha\" \/>\n<meta name=\"twitter:card\" content=\"summary_large_image\" \/>\n<meta name=\"twitter:label1\" content=\"Escrito por\" \/>\n\t<meta name=\"twitter:data1\" content=\"Telinha\" \/>\n\t<meta name=\"twitter:label2\" content=\"Tempo estimado de leitura\" \/>\n\t<meta name=\"twitter:data2\" content=\"1 minuto\" \/>\n<script type=\"application\/ld+json\" class=\"yoast-schema-graph\">{\"@context\":\"https:\/\/schema.org\",\"@graph\":[{\"@type\":\"Article\",\"@id\":\"https:\/\/portaltela.pt\/noticias\/2025\/12\/22\/cmf-prolonga-ate-31-de-dezembro-o-prazo-do-vale-educacao\/#article\",\"isPartOf\":{\"@id\":\"https:\/\/portaltela.pt\/noticias\/2025\/12\/22\/cmf-prolonga-ate-31-de-dezembro-o-prazo-do-vale-educacao\/\"},\"author\":{\"name\":\"Telinha\",\"@id\":\"https:\/\/portaltela.pt\/#\/schema\/person\/c4278d4a6028830caff9ee44b42d32ed\"},\"headline\":\"CMF prolonga at\u00e9 31 de dezembro o prazo do Vale Educa\u00e7\u00e3o\",\"datePublished\":\"2025-12-22T15:44:59+00:00\",\"mainEntityOfPage\":{\"@id\":\"https:\/\/portaltela.pt\/noticias\/2025\/12\/22\/cmf-prolonga-ate-31-de-dezembro-o-prazo-do-vale-educacao\/\"},\"wordCount\":190,\"image\":{\"@id\":\"https:\/\/portaltela.pt\/noticias\/2025\/12\/22\/cmf-prolonga-ate-31-de-dezembro-o-prazo-do-vale-educacao\/#primaryimage\"},\"thumbnailUrl\":\"https:\/\/portaltela.pt\/s.01k8rhncp4jt1\/2025\/12\/unnamed-file-1107.jpg\",\"keywords\":[\"administra\u00e7\u00e3o p\u00fablica\",\"Apoio Social\",\"educa\u00e7\u00e3o\",\"Madeira\",\"papelaria\",\"pol\u00edticas p\u00fablicas\"],\"inLanguage\":\"pt-PT\"},{\"@type\":\"WebPage\",\"@id\":\"https:\/\/portaltela.pt\/noticias\/2025\/12\/22\/cmf-prolonga-ate-31-de-dezembro-o-prazo-do-vale-educacao\/\",\"url\":\"https:\/\/portaltela.pt\/noticias\/2025\/12\/22\/cmf-prolonga-ate-31-de-dezembro-o-prazo-do-vale-educacao\/\",\"name\":\"CMF prolonga at\u00e9 31 de dezembro o prazo do Vale Educa\u00e7\u00e3o - Portal Tela Portugal\",\"isPartOf\":{\"@id\":\"https:\/\/portaltela.pt\/#website\"},\"primaryImageOfPage\":{\"@id\":\"https:\/\/portaltela.pt\/noticias\/2025\/12\/22\/cmf-prolonga-ate-31-de-dezembro-o-prazo-do-vale-educacao\/#primaryimage\"},\"image\":{\"@id\":\"https:\/\/portaltela.pt\/noticias\/2025\/12\/22\/cmf-prolonga-ate-31-de-dezembro-o-prazo-do-vale-educacao\/#primaryimage\"},\"thumbnailUrl\":\"https:\/\/portaltela.pt\/s.01k8rhncp4jt1\/2025\/12\/unnamed-file-1107.jpg\",\"datePublished\":\"2025-12-22T15:44:59+00:00\",\"author\":{\"@id\":\"https:\/\/portaltela.pt\/#\/schema\/person\/c4278d4a6028830caff9ee44b42d32ed\"},\"breadcrumb\":{\"@id\":\"https:\/\/portaltela.pt\/noticias\/2025\/12\/22\/cmf-prolonga-ate-31-de-dezembro-o-prazo-do-vale-educacao\/#breadcrumb\"},\"inLanguage\":\"pt-PT\",\"potentialAction\":[{\"@type\":\"ReadAction\",\"target\":[\"https:\/\/portaltela.pt\/noticias\/2025\/12\/22\/cmf-prolonga-ate-31-de-dezembro-o-prazo-do-vale-educacao\/\"]}]},{\"@type\":\"ImageObject\",\"inLanguage\":\"pt-PT\",\"@id\":\"https:\/\/portaltela.pt\/noticias\/2025\/12\/22\/cmf-prolonga-ate-31-de-dezembro-o-prazo-do-vale-educacao\/#primaryimage\",\"url\":\"https:\/\/portaltela.pt\/s.01k8rhncp4jt1\/2025\/12\/unnamed-file-1107.jpg\",\"contentUrl\":\"https:\/\/portaltela.pt\/s.01k8rhncp4jt1\/2025\/12\/unnamed-file-1107.jpg\",\"width\":796,\"height\":448,\"caption\":\"CMF prolonga at\u00e9 31 de Dezembro prazo do Vale Educa\u00e7\u00e3o\"},{\"@type\":\"BreadcrumbList\",\"@id\":\"https:\/\/portaltela.pt\/noticias\/2025\/12\/22\/cmf-prolonga-ate-31-de-dezembro-o-prazo-do-vale-educacao\/#breadcrumb\",\"itemListElement\":[{\"@type\":\"ListItem\",\"position\":1,\"name\":\"In\u00edcio\",\"item\":\"https:\/\/portaltela.pt\/\"},{\"@type\":\"ListItem\",\"position\":2,\"name\":\"CMF prolonga at\u00e9 31 de dezembro o prazo do Vale Educa\u00e7\u00e3o\"}]},{\"@type\":\"WebSite\",\"@id\":\"https:\/\/portaltela.pt\/#website\",\"url\":\"https:\/\/portaltela.pt\/\",\"name\":\"Portal Tela Portugal\",\"description\":\"\",\"potentialAction\":[{\"@type\":\"SearchAction\",\"target\":{\"@type\":\"EntryPoint\",\"urlTemplate\":\"https:\/\/portaltela.pt\/?s={search_term_string}\"},\"query-input\":{\"@type\":\"PropertyValueSpecification\",\"valueRequired\":true,\"valueName\":\"search_term_string\"}}],\"inLanguage\":\"pt-PT\"},{\"@type\":\"Person\",\"@id\":\"https:\/\/portaltela.pt\/#\/schema\/person\/c4278d4a6028830caff9ee44b42d32ed\",\"name\":\"Telinha\",\"image\":{\"@type\":\"ImageObject\",\"inLanguage\":\"pt-PT\",\"@id\":\"https:\/\/portaltela.pt\/s.01k8rhncp4jt1\/2025\/11\/talking-bot-125x125.png\",\"url\":\"https:\/\/portaltela.pt\/s.01k8rhncp4jt1\/2025\/11\/talking-bot-125x125.png\",\"contentUrl\":\"https:\/\/portaltela.pt\/s.01k8rhncp4jt1\/2025\/11\/talking-bot-125x125.png\",\"caption\":\"Telinha\"},\"sameAs\":[\"https:\/\/portaltela.pt\/\"],\"url\":\"https:\/\/portaltela.pt\/por\/367410592786\/\"}]}<\/script>\n<!-- \/ Yoast SEO plugin. -->","yoast_head_json":{"title":"CMF prolonga at\u00e9 31 de dezembro o prazo do Vale Educa\u00e7\u00e3o - Portal Tela Portugal","robots":{"index":"index","follow":"follow","max-snippet":"max-snippet:-1","max-image-preview":"max-image-preview:large","max-video-preview":"max-video-preview:-1"},"og_locale":"pt_PT","og_type":"article","og_title":"CMF prolonga at\u00e9 31 de dezembro o prazo do Vale Educa\u00e7\u00e3o - Portal Tela Portugal","og_description":"O Vale Educa\u00e7\u00e3o, inserido no Programa de Atribui\u00e7\u00e3o de Manuais e Material Escolar para o ano lectivo 2025\/2026, foi prorrogado at\u00e9 31 de dezembro de 2025. A prorroga\u00e7\u00e3o enquadra-se na adapta\u00e7\u00e3o ao novo formato de utiliza\u00e7\u00e3o via Cart\u00e3o do Mun\u00edcipe e destina-se a mun\u00edcipes com apoio autorizado. Os vales podem ser usados em papelarias aderentes. A medida facilita a transi\u00e7\u00e3o para o novo modelo de pagamento e aquisi\u00e7\u00e3o de material escolar. Mais informa\u00e7\u00f5es est\u00e3o dispon\u00edves no portal do Cart\u00e3o do Mun\u00edcipe (informa\u00e7\u00f5es oficiais sobre o processo).","og_url":"https:\/\/portaltela.pt\/noticias\/2025\/12\/22\/cmf-prolonga-ate-31-de-dezembro-o-prazo-do-vale-educacao\/","og_site_name":"Portal Tela Portugal","article_published_time":"2025-12-22T15:44:59+00:00","author":"Telinha","twitter_card":"summary_large_image","twitter_misc":{"Escrito por":"Telinha","Tempo estimado de leitura":"1 minuto"},"schema":{"@context":"https:\/\/schema.org","@graph":[{"@type":"Article","@id":"https:\/\/portaltela.pt\/noticias\/2025\/12\/22\/cmf-prolonga-ate-31-de-dezembro-o-prazo-do-vale-educacao\/#article","isPartOf":{"@id":"https:\/\/portaltela.pt\/noticias\/2025\/12\/22\/cmf-prolonga-ate-31-de-dezembro-o-prazo-do-vale-educacao\/"},"author":{"name":"Telinha","@id":"https:\/\/portaltela.pt\/#\/schema\/person\/c4278d4a6028830caff9ee44b42d32ed"},"headline":"CMF prolonga at\u00e9 31 de dezembro o prazo do Vale Educa\u00e7\u00e3o","datePublished":"2025-12-22T15:44:59+00:00","mainEntityOfPage":{"@id":"https:\/\/portaltela.pt\/noticias\/2025\/12\/22\/cmf-prolonga-ate-31-de-dezembro-o-prazo-do-vale-educacao\/"},"wordCount":190,"image":{"@id":"https:\/\/portaltela.pt\/noticias\/2025\/12\/22\/cmf-prolonga-ate-31-de-dezembro-o-prazo-do-vale-educacao\/#primaryimage"},"thumbnailUrl":"https:\/\/portaltela.pt\/s.01k8rhncp4jt1\/2025\/12\/unnamed-file-1107.jpg","keywords":["administra\u00e7\u00e3o p\u00fablica","Apoio Social","educa\u00e7\u00e3o","Madeira","papelaria","pol\u00edticas p\u00fablicas"],"inLanguage":"pt-PT"},{"@type":"WebPage","@id":"https:\/\/portaltela.pt\/noticias\/2025\/12\/22\/cmf-prolonga-ate-31-de-dezembro-o-prazo-do-vale-educacao\/","url":"https:\/\/portaltela.pt\/noticias\/2025\/12\/22\/cmf-prolonga-ate-31-de-dezembro-o-prazo-do-vale-educacao\/","name":"CMF prolonga at\u00e9 31 de dezembro o prazo do Vale Educa\u00e7\u00e3o - Portal Tela Portugal","isPartOf":{"@id":"https:\/\/portaltela.pt\/#website"},"primaryImageOfPage":{"@id":"https:\/\/portaltela.pt\/noticias\/2025\/12\/22\/cmf-prolonga-ate-31-de-dezembro-o-prazo-do-vale-educacao\/#primaryimage"},"image":{"@id":"https:\/\/portaltela.pt\/noticias\/2025\/12\/22\/cmf-prolonga-ate-31-de-dezembro-o-prazo-do-vale-educacao\/#primaryimage"},"thumbnailUrl":"https:\/\/portaltela.pt\/s.01k8rhncp4jt1\/2025\/12\/unnamed-file-1107.jpg","datePublished":"2025-12-22T15:44:59+00:00","author":{"@id":"https:\/\/portaltela.pt\/#\/schema\/person\/c4278d4a6028830caff9ee44b42d32ed"},"breadcrumb":{"@id":"https:\/\/portaltela.pt\/noticias\/2025\/12\/22\/cmf-prolonga-ate-31-de-dezembro-o-prazo-do-vale-educacao\/#breadcrumb"},"inLanguage":"pt-PT","potentialAction":[{"@type":"ReadAction","target":["https:\/\/portaltela.pt\/noticias\/2025\/12\/22\/cmf-prolonga-ate-31-de-dezembro-o-prazo-do-vale-educacao\/"]}]},{"@type":"ImageObject","inLanguage":"pt-PT","@id":"https:\/\/portaltela.pt\/noticias\/2025\/12\/22\/cmf-prolonga-ate-31-de-dezembro-o-prazo-do-vale-educacao\/#primaryimage","url":"https:\/\/portaltela.pt\/s.01k8rhncp4jt1\/2025\/12\/unnamed-file-1107.jpg","contentUrl":"https:\/\/portaltela.pt\/s.01k8rhncp4jt1\/2025\/12\/unnamed-file-1107.jpg","width":796,"height":448,"caption":"CMF prolonga at\u00e9 31 de Dezembro prazo do Vale Educa\u00e7\u00e3o"},{"@type":"BreadcrumbList","@id":"https:\/\/portaltela.pt\/noticias\/2025\/12\/22\/cmf-prolonga-ate-31-de-dezembro-o-prazo-do-vale-educacao\/#breadcrumb","itemListElement":[{"@type":"ListItem","position":1,"name":"In\u00edcio","item":"https:\/\/portaltela.pt\/"},{"@type":"ListItem","position":2,"name":"CMF prolonga at\u00e9 31 de dezembro o prazo do Vale Educa\u00e7\u00e3o"}]},{"@type":"WebSite","@id":"https:\/\/portaltela.pt\/#website","url":"https:\/\/portaltela.pt\/","name":"Portal Tela Portugal","description":"","potentialAction":[{"@type":"SearchAction","target":{"@type":"EntryPoint","urlTemplate":"https:\/\/portaltela.pt\/?s={search_term_string}"},"query-input":{"@type":"PropertyValueSpecification","valueRequired":true,"valueName":"search_term_string"}}],"inLanguage":"pt-PT"},{"@type":"Person","@id":"https:\/\/portaltela.pt\/#\/schema\/person\/c4278d4a6028830caff9ee44b42d32ed","name":"Telinha","image":{"@type":"ImageObject","inLanguage":"pt-PT","@id":"https:\/\/portaltela.pt\/s.01k8rhncp4jt1\/2025\/11\/talking-bot-125x125.png","url":"https:\/\/portaltela.pt\/s.01k8rhncp4jt1\/2025\/11\/talking-bot-125x125.png","contentUrl":"https:\/\/portaltela.pt\/s.01k8rhncp4jt1\/2025\/11\/talking-bot-125x125.png","caption":"Telinha"},"sameAs":["https:\/\/portaltela.pt\/"],"url":"https:\/\/portaltela.pt\/por\/367410592786\/"}]}},"_links":{"self":[{"href":"https:\/\/portaltela.pt\/api\/wp\/v2\/posts\/92503","targetHints":{"allow":["GET"]}}],"collection":[{"href":"https:\/\/portaltela.pt\/api\/wp\/v2\/posts"}],"about":[{"href":"https:\/\/portaltela.pt\/api\/wp\/v2\/types\/post"}],"author":[{"embeddable":true,"href":"https:\/\/portaltela.pt\/api\/wp\/v2\/users\/2"}],"replies":[{"embeddable":true,"href":"https:\/\/portaltela.pt\/api\/wp\/v2\/comments?post=92503"}],"version-history":[{"count":0,"href":"https:\/\/portaltela.pt\/api\/wp\/v2\/posts\/92503\/revisions"}],"wp:featuredmedia":[{"embeddable":true,"href":"https:\/\/portaltela.pt\/api\/wp\/v2\/media\/92507"}],"wp:attachment":[{"href":"https:\/\/portaltela.pt\/api\/wp\/v2\/media?parent=92503"}],"wp:term":[{"taxonomy":"category","embeddable":true,"href":"https:\/\/portaltela.pt\/api\/wp\/v2\/categories?post=92503"},{"taxonomy":"post_tag","embeddable":true,"href":"https:\/\/portaltela.pt\/api\/wp\/v2\/tags?post=92503"}],"curies":[{"name":"wp","href":"https:\/\/api.w.org\/{rel}","templated":true}]}}