{"id":92472,"date":"2025-12-22T12:29:00","date_gmt":"2025-12-22T15:29:00","guid":{"rendered":"https:\/\/portaltela.pt\/noticias\/2025\/12\/22\/gnr-detem-suspeitos-por-grafitar-paineis-na-a25-vouzela\/"},"modified":"2025-12-22T12:29:00","modified_gmt":"2025-12-22T15:29:00","slug":"gnr-detem-suspeitos-por-grafitar-paineis-na-a25-vouzela","status":"publish","type":"post","link":"https:\/\/portaltela.pt\/noticias\/2025\/12\/22\/gnr-detem-suspeitos-por-grafitar-paineis-na-a25-vouzela\/","title":{"rendered":"GNR det\u00e9m suspeitos por grafitar pain\u00e9is na A25, Vouzela"},"content":{"rendered":"<p>A GNR deteve dois homens, de 21 e 24 anos, acusados de grafitar pain\u00e9is na A25, na zona de Vouzela. A deten\u00e7\u00e3o foi confirmada pelo Comando Territorial de Viseu, com os suspeitos a poderem responder por eventuais crimes de danos nas infraestruturas da autoestrada.<\/p>\n<p>Os militares do Posto Territorial de Vouzela apreenderam 51 latas de spray de pintura de v\u00e1rias cores. A deten\u00e7\u00e3o ocorreu no \u00e2mbito de uma a\u00e7\u00e3o de policiamento de combate \u00e0 criminalidade, no dia 18 de dezembro, em flagrante.<\/p>\n<p>Constitu\u00eddos arguidos, os detidos v\u00e3o responder pelo crime no Tribunal Judicial de S\u00e3o Pedro do Sul. A GNR reportou o incidente ao Comando Territorial de Viseu.<\/p>\n","protected":false},"excerpt":{"rendered":"<ul>\n<li>Dois homens, de 21 e 24 anos, foram detidos pela GNR em Vouzela por grafitar pain\u00e9is da A25.<\/li>\n<li>As deten\u00e7\u00f5es foram confirmadas pelo Comando Territorial de Viseu.<\/li>\n<li>O crime ocorreu a 18 de dezembro, durante uma a\u00e7\u00e3o de policiamento de combate \u00e0 criminalidade.<\/li>\n<li>Foram apreendidas 51 latas de spray de pintura de v\u00e1rias cores.<\/li>\n<li>Os arguidos v\u00e3o responder por danos nas infraestruturas da autoestrada no Tribunal Judicial de S\u00e3o Pedro do Sul.<\/li>\n<\/ul>\n","protected":false},"author":2,"featured_media":92478,"comment_status":"closed","ping_status":"closed","sticky":false,"template":"","format":"standard","meta":{"footnotes":""},"categories":[1],"tags":[147,848,1083,1380,258,217],"class_list":["post-92472","post","type-post","status-publish","format-standard","has-post-thumbnail","hentry","category-noticias","tag-crime","tag-dano-agravado","tag-estradas","tag-gnr","tag-infraestruturas","tag-investigacao-criminal"],"yoast_head":"<!-- This site is optimized with the Yoast SEO plugin v27.2 - https:\/\/yoast.com\/product\/yoast-seo-wordpress\/ -->\n<title>GNR det\u00e9m suspeitos por grafitar pain\u00e9is na A25, Vouzela - Portal Tela Portugal<\/title>\n<meta name=\"robots\" content=\"index, follow, max-snippet:-1, max-image-preview:large, max-video-preview:-1\" \/>\n<meta property=\"og:locale\" content=\"pt_PT\" \/>\n<meta property=\"og:type\" content=\"article\" \/>\n<meta property=\"og:title\" content=\"GNR det\u00e9m suspeitos por grafitar pain\u00e9is na A25, Vouzela - Portal Tela Portugal\" \/>\n<meta property=\"og:description\" content=\"Dois homens, de 21 e 24 anos, foram detidos pela GNR em Vouzela por grafitar pain\u00e9is da A25. As deten\u00e7\u00f5es foram confirmadas pelo Comando Territorial de Viseu. O crime ocorreu a 18 de dezembro, durante uma a\u00e7\u00e3o de policiamento de combate \u00e0 criminalidade. Foram apreendidas 51 latas de spray de pintura de v\u00e1rias cores. Os arguidos v\u00e3o responder por danos nas infraestruturas da autoestrada no Tribunal Judicial de S\u00e3o Pedro do Sul.\" \/>\n<meta property=\"og:url\" content=\"https:\/\/portaltela.pt\/noticias\/2025\/12\/22\/gnr-detem-suspeitos-por-grafitar-paineis-na-a25-vouzela\/\" \/>\n<meta property=\"og:site_name\" content=\"Portal Tela Portugal\" \/>\n<meta property=\"article:published_time\" content=\"2025-12-22T15:29:00+00:00\" \/>\n<meta name=\"author\" content=\"Telinha\" \/>\n<meta name=\"twitter:card\" content=\"summary_large_image\" \/>\n<meta name=\"twitter:label1\" content=\"Escrito por\" \/>\n\t<meta name=\"twitter:data1\" content=\"Telinha\" \/>\n\t<meta name=\"twitter:label2\" content=\"Tempo estimado de leitura\" \/>\n\t<meta name=\"twitter:data2\" content=\"1 minuto\" \/>\n<script type=\"application\/ld+json\" class=\"yoast-schema-graph\">{\"@context\":\"https:\/\/schema.org\",\"@graph\":[{\"@type\":\"Article\",\"@id\":\"https:\/\/portaltela.pt\/noticias\/2025\/12\/22\/gnr-detem-suspeitos-por-grafitar-paineis-na-a25-vouzela\/#article\",\"isPartOf\":{\"@id\":\"https:\/\/portaltela.pt\/noticias\/2025\/12\/22\/gnr-detem-suspeitos-por-grafitar-paineis-na-a25-vouzela\/\"},\"author\":{\"name\":\"Telinha\",\"@id\":\"https:\/\/portaltela.pt\/#\/schema\/person\/c4278d4a6028830caff9ee44b42d32ed\"},\"headline\":\"GNR det\u00e9m suspeitos por grafitar pain\u00e9is na A25, Vouzela\",\"datePublished\":\"2025-12-22T15:29:00+00:00\",\"mainEntityOfPage\":{\"@id\":\"https:\/\/portaltela.pt\/noticias\/2025\/12\/22\/gnr-detem-suspeitos-por-grafitar-paineis-na-a25-vouzela\/\"},\"wordCount\":122,\"image\":{\"@id\":\"https:\/\/portaltela.pt\/noticias\/2025\/12\/22\/gnr-detem-suspeitos-por-grafitar-paineis-na-a25-vouzela\/#primaryimage\"},\"thumbnailUrl\":\"https:\/\/portaltela.pt\/s.01k8rhncp4jt1\/2025\/12\/grafitis-a25-gnr.jpg\",\"keywords\":[\"crime\",\"dano agravado\",\"estradas\",\"GNR\",\"infraestruturas\",\"investiga\u00e7\u00e3o criminal\"],\"articleSection\":[\"Not\u00edcias\"],\"inLanguage\":\"pt-PT\"},{\"@type\":\"WebPage\",\"@id\":\"https:\/\/portaltela.pt\/noticias\/2025\/12\/22\/gnr-detem-suspeitos-por-grafitar-paineis-na-a25-vouzela\/\",\"url\":\"https:\/\/portaltela.pt\/noticias\/2025\/12\/22\/gnr-detem-suspeitos-por-grafitar-paineis-na-a25-vouzela\/\",\"name\":\"GNR det\u00e9m suspeitos por grafitar pain\u00e9is na A25, Vouzela - Portal Tela Portugal\",\"isPartOf\":{\"@id\":\"https:\/\/portaltela.pt\/#website\"},\"primaryImageOfPage\":{\"@id\":\"https:\/\/portaltela.pt\/noticias\/2025\/12\/22\/gnr-detem-suspeitos-por-grafitar-paineis-na-a25-vouzela\/#primaryimage\"},\"image\":{\"@id\":\"https:\/\/portaltela.pt\/noticias\/2025\/12\/22\/gnr-detem-suspeitos-por-grafitar-paineis-na-a25-vouzela\/#primaryimage\"},\"thumbnailUrl\":\"https:\/\/portaltela.pt\/s.01k8rhncp4jt1\/2025\/12\/grafitis-a25-gnr.jpg\",\"datePublished\":\"2025-12-22T15:29:00+00:00\",\"author\":{\"@id\":\"https:\/\/portaltela.pt\/#\/schema\/person\/c4278d4a6028830caff9ee44b42d32ed\"},\"breadcrumb\":{\"@id\":\"https:\/\/portaltela.pt\/noticias\/2025\/12\/22\/gnr-detem-suspeitos-por-grafitar-paineis-na-a25-vouzela\/#breadcrumb\"},\"inLanguage\":\"pt-PT\",\"potentialAction\":[{\"@type\":\"ReadAction\",\"target\":[\"https:\/\/portaltela.pt\/noticias\/2025\/12\/22\/gnr-detem-suspeitos-por-grafitar-paineis-na-a25-vouzela\/\"]}]},{\"@type\":\"ImageObject\",\"inLanguage\":\"pt-PT\",\"@id\":\"https:\/\/portaltela.pt\/noticias\/2025\/12\/22\/gnr-detem-suspeitos-por-grafitar-paineis-na-a25-vouzela\/#primaryimage\",\"url\":\"https:\/\/portaltela.pt\/s.01k8rhncp4jt1\/2025\/12\/grafitis-a25-gnr.jpg\",\"contentUrl\":\"https:\/\/portaltela.pt\/s.01k8rhncp4jt1\/2025\/12\/grafitis-a25-gnr.jpg\",\"width\":796,\"height\":448,\"caption\":\"Vouzela: Detidos pela GNR a grafitarem pain\u00e9is na A25\"},{\"@type\":\"BreadcrumbList\",\"@id\":\"https:\/\/portaltela.pt\/noticias\/2025\/12\/22\/gnr-detem-suspeitos-por-grafitar-paineis-na-a25-vouzela\/#breadcrumb\",\"itemListElement\":[{\"@type\":\"ListItem\",\"position\":1,\"name\":\"In\u00edcio\",\"item\":\"https:\/\/portaltela.pt\/\"},{\"@type\":\"ListItem\",\"position\":2,\"name\":\"GNR det\u00e9m suspeitos por grafitar pain\u00e9is na A25, Vouzela\"}]},{\"@type\":\"WebSite\",\"@id\":\"https:\/\/portaltela.pt\/#website\",\"url\":\"https:\/\/portaltela.pt\/\",\"name\":\"Portal Tela Portugal\",\"description\":\"\",\"potentialAction\":[{\"@type\":\"SearchAction\",\"target\":{\"@type\":\"EntryPoint\",\"urlTemplate\":\"https:\/\/portaltela.pt\/?s={search_term_string}\"},\"query-input\":{\"@type\":\"PropertyValueSpecification\",\"valueRequired\":true,\"valueName\":\"search_term_string\"}}],\"inLanguage\":\"pt-PT\"},{\"@type\":\"Person\",\"@id\":\"https:\/\/portaltela.pt\/#\/schema\/person\/c4278d4a6028830caff9ee44b42d32ed\",\"name\":\"Telinha\",\"image\":{\"@type\":\"ImageObject\",\"inLanguage\":\"pt-PT\",\"@id\":\"https:\/\/portaltela.pt\/s.01k8rhncp4jt1\/2025\/11\/talking-bot-125x125.png\",\"url\":\"https:\/\/portaltela.pt\/s.01k8rhncp4jt1\/2025\/11\/talking-bot-125x125.png\",\"contentUrl\":\"https:\/\/portaltela.pt\/s.01k8rhncp4jt1\/2025\/11\/talking-bot-125x125.png\",\"caption\":\"Telinha\"},\"sameAs\":[\"https:\/\/portaltela.pt\/\"],\"url\":\"https:\/\/portaltela.pt\/por\/367410592786\/\"}]}<\/script>\n<!-- \/ Yoast SEO plugin. -->","yoast_head_json":{"title":"GNR det\u00e9m suspeitos por grafitar pain\u00e9is na A25, Vouzela - Portal Tela Portugal","robots":{"index":"index","follow":"follow","max-snippet":"max-snippet:-1","max-image-preview":"max-image-preview:large","max-video-preview":"max-video-preview:-1"},"og_locale":"pt_PT","og_type":"article","og_title":"GNR det\u00e9m suspeitos por grafitar pain\u00e9is na A25, Vouzela - Portal Tela Portugal","og_description":"Dois homens, de 21 e 24 anos, foram detidos pela GNR em Vouzela por grafitar pain\u00e9is da A25. As deten\u00e7\u00f5es foram confirmadas pelo Comando Territorial de Viseu. O crime ocorreu a 18 de dezembro, durante uma a\u00e7\u00e3o de policiamento de combate \u00e0 criminalidade. Foram apreendidas 51 latas de spray de pintura de v\u00e1rias cores. Os arguidos v\u00e3o responder por danos nas infraestruturas da autoestrada no Tribunal Judicial de S\u00e3o Pedro do Sul.","og_url":"https:\/\/portaltela.pt\/noticias\/2025\/12\/22\/gnr-detem-suspeitos-por-grafitar-paineis-na-a25-vouzela\/","og_site_name":"Portal Tela Portugal","article_published_time":"2025-12-22T15:29:00+00:00","author":"Telinha","twitter_card":"summary_large_image","twitter_misc":{"Escrito por":"Telinha","Tempo estimado de leitura":"1 minuto"},"schema":{"@context":"https:\/\/schema.org","@graph":[{"@type":"Article","@id":"https:\/\/portaltela.pt\/noticias\/2025\/12\/22\/gnr-detem-suspeitos-por-grafitar-paineis-na-a25-vouzela\/#article","isPartOf":{"@id":"https:\/\/portaltela.pt\/noticias\/2025\/12\/22\/gnr-detem-suspeitos-por-grafitar-paineis-na-a25-vouzela\/"},"author":{"name":"Telinha","@id":"https:\/\/portaltela.pt\/#\/schema\/person\/c4278d4a6028830caff9ee44b42d32ed"},"headline":"GNR det\u00e9m suspeitos por grafitar pain\u00e9is na A25, Vouzela","datePublished":"2025-12-22T15:29:00+00:00","mainEntityOfPage":{"@id":"https:\/\/portaltela.pt\/noticias\/2025\/12\/22\/gnr-detem-suspeitos-por-grafitar-paineis-na-a25-vouzela\/"},"wordCount":122,"image":{"@id":"https:\/\/portaltela.pt\/noticias\/2025\/12\/22\/gnr-detem-suspeitos-por-grafitar-paineis-na-a25-vouzela\/#primaryimage"},"thumbnailUrl":"https:\/\/portaltela.pt\/s.01k8rhncp4jt1\/2025\/12\/grafitis-a25-gnr.jpg","keywords":["crime","dano agravado","estradas","GNR","infraestruturas","investiga\u00e7\u00e3o criminal"],"articleSection":["Not\u00edcias"],"inLanguage":"pt-PT"},{"@type":"WebPage","@id":"https:\/\/portaltela.pt\/noticias\/2025\/12\/22\/gnr-detem-suspeitos-por-grafitar-paineis-na-a25-vouzela\/","url":"https:\/\/portaltela.pt\/noticias\/2025\/12\/22\/gnr-detem-suspeitos-por-grafitar-paineis-na-a25-vouzela\/","name":"GNR det\u00e9m suspeitos por grafitar pain\u00e9is na A25, Vouzela - Portal Tela Portugal","isPartOf":{"@id":"https:\/\/portaltela.pt\/#website"},"primaryImageOfPage":{"@id":"https:\/\/portaltela.pt\/noticias\/2025\/12\/22\/gnr-detem-suspeitos-por-grafitar-paineis-na-a25-vouzela\/#primaryimage"},"image":{"@id":"https:\/\/portaltela.pt\/noticias\/2025\/12\/22\/gnr-detem-suspeitos-por-grafitar-paineis-na-a25-vouzela\/#primaryimage"},"thumbnailUrl":"https:\/\/portaltela.pt\/s.01k8rhncp4jt1\/2025\/12\/grafitis-a25-gnr.jpg","datePublished":"2025-12-22T15:29:00+00:00","author":{"@id":"https:\/\/portaltela.pt\/#\/schema\/person\/c4278d4a6028830caff9ee44b42d32ed"},"breadcrumb":{"@id":"https:\/\/portaltela.pt\/noticias\/2025\/12\/22\/gnr-detem-suspeitos-por-grafitar-paineis-na-a25-vouzela\/#breadcrumb"},"inLanguage":"pt-PT","potentialAction":[{"@type":"ReadAction","target":["https:\/\/portaltela.pt\/noticias\/2025\/12\/22\/gnr-detem-suspeitos-por-grafitar-paineis-na-a25-vouzela\/"]}]},{"@type":"ImageObject","inLanguage":"pt-PT","@id":"https:\/\/portaltela.pt\/noticias\/2025\/12\/22\/gnr-detem-suspeitos-por-grafitar-paineis-na-a25-vouzela\/#primaryimage","url":"https:\/\/portaltela.pt\/s.01k8rhncp4jt1\/2025\/12\/grafitis-a25-gnr.jpg","contentUrl":"https:\/\/portaltela.pt\/s.01k8rhncp4jt1\/2025\/12\/grafitis-a25-gnr.jpg","width":796,"height":448,"caption":"Vouzela: Detidos pela GNR a grafitarem pain\u00e9is na A25"},{"@type":"BreadcrumbList","@id":"https:\/\/portaltela.pt\/noticias\/2025\/12\/22\/gnr-detem-suspeitos-por-grafitar-paineis-na-a25-vouzela\/#breadcrumb","itemListElement":[{"@type":"ListItem","position":1,"name":"In\u00edcio","item":"https:\/\/portaltela.pt\/"},{"@type":"ListItem","position":2,"name":"GNR det\u00e9m suspeitos por grafitar pain\u00e9is na A25, Vouzela"}]},{"@type":"WebSite","@id":"https:\/\/portaltela.pt\/#website","url":"https:\/\/portaltela.pt\/","name":"Portal Tela Portugal","description":"","potentialAction":[{"@type":"SearchAction","target":{"@type":"EntryPoint","urlTemplate":"https:\/\/portaltela.pt\/?s={search_term_string}"},"query-input":{"@type":"PropertyValueSpecification","valueRequired":true,"valueName":"search_term_string"}}],"inLanguage":"pt-PT"},{"@type":"Person","@id":"https:\/\/portaltela.pt\/#\/schema\/person\/c4278d4a6028830caff9ee44b42d32ed","name":"Telinha","image":{"@type":"ImageObject","inLanguage":"pt-PT","@id":"https:\/\/portaltela.pt\/s.01k8rhncp4jt1\/2025\/11\/talking-bot-125x125.png","url":"https:\/\/portaltela.pt\/s.01k8rhncp4jt1\/2025\/11\/talking-bot-125x125.png","contentUrl":"https:\/\/portaltela.pt\/s.01k8rhncp4jt1\/2025\/11\/talking-bot-125x125.png","caption":"Telinha"},"sameAs":["https:\/\/portaltela.pt\/"],"url":"https:\/\/portaltela.pt\/por\/367410592786\/"}]}},"_links":{"self":[{"href":"https:\/\/portaltela.pt\/api\/wp\/v2\/posts\/92472","targetHints":{"allow":["GET"]}}],"collection":[{"href":"https:\/\/portaltela.pt\/api\/wp\/v2\/posts"}],"about":[{"href":"https:\/\/portaltela.pt\/api\/wp\/v2\/types\/post"}],"author":[{"embeddable":true,"href":"https:\/\/portaltela.pt\/api\/wp\/v2\/users\/2"}],"replies":[{"embeddable":true,"href":"https:\/\/portaltela.pt\/api\/wp\/v2\/comments?post=92472"}],"version-history":[{"count":0,"href":"https:\/\/portaltela.pt\/api\/wp\/v2\/posts\/92472\/revisions"}],"wp:featuredmedia":[{"embeddable":true,"href":"https:\/\/portaltela.pt\/api\/wp\/v2\/media\/92478"}],"wp:attachment":[{"href":"https:\/\/portaltela.pt\/api\/wp\/v2\/media?parent=92472"}],"wp:term":[{"taxonomy":"category","embeddable":true,"href":"https:\/\/portaltela.pt\/api\/wp\/v2\/categories?post=92472"},{"taxonomy":"post_tag","embeddable":true,"href":"https:\/\/portaltela.pt\/api\/wp\/v2\/tags?post=92472"}],"curies":[{"name":"wp","href":"https:\/\/api.w.org\/{rel}","templated":true}]}}