{"id":92469,"date":"2025-12-22T12:37:21","date_gmt":"2025-12-22T15:37:21","guid":{"rendered":"https:\/\/portaltela.pt\/noticias\/2025\/12\/22\/faleceu-o-musico-chris-rea-reconhecido-artista-britanico\/"},"modified":"2025-12-22T12:37:21","modified_gmt":"2025-12-22T15:37:21","slug":"faleceu-o-musico-chris-rea-reconhecido-artista-britanico","status":"publish","type":"post","link":"https:\/\/portaltela.pt\/noticias\/2025\/12\/22\/faleceu-o-musico-chris-rea-reconhecido-artista-britanico\/","title":{"rendered":"Faleceu o m\u00fasico Chris Rea, reconhecido artista brit\u00e2nico"},"content":{"rendered":"<p>Morreu esta segunda-feira o m\u00fasico brit\u00e2nico Chris Rea, aos 74 anos. A not\u00edcia foi confirmada por um porta-voz da fam\u00edlia \u00e0 BBC, que informou que Rea faleceu tranquilamente no hospital, ap\u00f3s doen\u00e7a, rodeado pela fam\u00edlia.<\/p>\n<p>A fam\u00edlia explicou que o artista faleceu rodeado pelos entes queridos. N\u00e3o foram divulgados pormenores adicionais sobre a doen\u00e7a que o afetou.<\/p>\n<p>Chris Rea destacou-se como guitarrista e cantor, com uma carreira marcada pelo rock and roll. Entre os seus temas mais conhecidos est\u00e3o Driving Home For Christmas e Fool (If You Think It\u2019s Over).<\/p>\n<p>O artista construiu ao longo de d\u00e9cadas uma presen\u00e7a marcante na m\u00fasica brit\u00e2nica, com in\u00fameras grava\u00e7\u00f5es e turn\u00eas internacionais, mantendo uma legi\u00e3o de f\u00e3s.<\/p>\n","protected":false},"excerpt":{"rendered":"<ul>\n<li>Morreu esta segunda-feira o m\u00fasico brit\u00e2nico Chris Rea, aos 74 anos.<\/li>\n<li>A not\u00edcia foi avan\u00e7ada por um porta-voz da fam\u00edlia \u00e0 BBC.<\/li>\n<li>Rea faleceu tranquilamente no hospital, ap\u00f3s doen\u00e7a, rodeado pela fam\u00edlia.<\/li>\n<li>Foi conhecido pela carreira de guitarrista e cantor no rock and roll.<\/li>\n<li>Escreveu temas populares como \u201cDriving Home For Christmas\u201d e \u201cFool (If You Think It&#8217;s Over)\u201d.<\/li>\n<\/ul>\n","protected":false},"author":2,"featured_media":92470,"comment_status":"closed","ping_status":"closed","sticky":false,"template":"","format":"standard","meta":{"footnotes":""},"categories":[12,1],"tags":[762,593,78,122,40,1813],"class_list":["post-92469","post","type-post","status-publish","format-standard","has-post-thumbnail","hentry","category-entretenimento","category-noticias","tag-artistas","tag-concertos","tag-famosos","tag-musica","tag-pessoas","tag-turnes-internacionais"],"yoast_head":"<!-- This site is optimized with the Yoast SEO plugin v27.2 - https:\/\/yoast.com\/product\/yoast-seo-wordpress\/ -->\n<title>Faleceu o m\u00fasico Chris Rea, reconhecido artista brit\u00e2nico - Portal Tela Portugal<\/title>\n<meta name=\"robots\" content=\"index, follow, max-snippet:-1, max-image-preview:large, max-video-preview:-1\" \/>\n<meta property=\"og:locale\" content=\"pt_PT\" \/>\n<meta property=\"og:type\" content=\"article\" \/>\n<meta property=\"og:title\" content=\"Faleceu o m\u00fasico Chris Rea, reconhecido artista brit\u00e2nico - Portal Tela Portugal\" \/>\n<meta property=\"og:description\" content=\"Morreu esta segunda-feira o m\u00fasico brit\u00e2nico Chris Rea, aos 74 anos. A not\u00edcia foi avan\u00e7ada por um porta-voz da fam\u00edlia \u00e0 BBC. Rea faleceu tranquilamente no hospital, ap\u00f3s doen\u00e7a, rodeado pela fam\u00edlia. Foi conhecido pela carreira de guitarrista e cantor no rock and roll. Escreveu temas populares como \u201cDriving Home For Christmas\u201d e \u201cFool (If You Think It&#039;s Over)\u201d.\" \/>\n<meta property=\"og:url\" content=\"https:\/\/portaltela.pt\/noticias\/2025\/12\/22\/faleceu-o-musico-chris-rea-reconhecido-artista-britanico\/\" \/>\n<meta property=\"og:site_name\" content=\"Portal Tela Portugal\" \/>\n<meta property=\"article:published_time\" content=\"2025-12-22T15:37:21+00:00\" \/>\n<meta name=\"author\" content=\"Telinha\" \/>\n<meta name=\"twitter:card\" content=\"summary_large_image\" \/>\n<meta name=\"twitter:label1\" content=\"Escrito por\" \/>\n\t<meta name=\"twitter:data1\" content=\"Telinha\" \/>\n\t<meta name=\"twitter:label2\" content=\"Tempo estimado de leitura\" \/>\n\t<meta name=\"twitter:data2\" content=\"1 minuto\" \/>\n<script type=\"application\/ld+json\" class=\"yoast-schema-graph\">{\"@context\":\"https:\/\/schema.org\",\"@graph\":[{\"@type\":\"Article\",\"@id\":\"https:\/\/portaltela.pt\/noticias\/2025\/12\/22\/faleceu-o-musico-chris-rea-reconhecido-artista-britanico\/#article\",\"isPartOf\":{\"@id\":\"https:\/\/portaltela.pt\/noticias\/2025\/12\/22\/faleceu-o-musico-chris-rea-reconhecido-artista-britanico\/\"},\"author\":{\"name\":\"Telinha\",\"@id\":\"https:\/\/portaltela.pt\/#\/schema\/person\/c4278d4a6028830caff9ee44b42d32ed\"},\"headline\":\"Faleceu o m\u00fasico Chris Rea, reconhecido artista brit\u00e2nico\",\"datePublished\":\"2025-12-22T15:37:21+00:00\",\"mainEntityOfPage\":{\"@id\":\"https:\/\/portaltela.pt\/noticias\/2025\/12\/22\/faleceu-o-musico-chris-rea-reconhecido-artista-britanico\/\"},\"wordCount\":143,\"image\":{\"@id\":\"https:\/\/portaltela.pt\/noticias\/2025\/12\/22\/faleceu-o-musico-chris-rea-reconhecido-artista-britanico\/#primaryimage\"},\"thumbnailUrl\":\"https:\/\/portaltela.pt\/s.01k8rhncp4jt1\/2025\/12\/216a097c-63eb-48e6-b087-7073332aa8e0.jpg\",\"keywords\":[\"artistas\",\"concertos\",\"famosos\",\"m\u00fasica\",\"pessoas\",\"turn\u00eas internacionais\"],\"articleSection\":[\"Entretenimento\",\"Not\u00edcias\"],\"inLanguage\":\"pt-PT\"},{\"@type\":\"WebPage\",\"@id\":\"https:\/\/portaltela.pt\/noticias\/2025\/12\/22\/faleceu-o-musico-chris-rea-reconhecido-artista-britanico\/\",\"url\":\"https:\/\/portaltela.pt\/noticias\/2025\/12\/22\/faleceu-o-musico-chris-rea-reconhecido-artista-britanico\/\",\"name\":\"Faleceu o m\u00fasico Chris Rea, reconhecido artista brit\u00e2nico - Portal Tela Portugal\",\"isPartOf\":{\"@id\":\"https:\/\/portaltela.pt\/#website\"},\"primaryImageOfPage\":{\"@id\":\"https:\/\/portaltela.pt\/noticias\/2025\/12\/22\/faleceu-o-musico-chris-rea-reconhecido-artista-britanico\/#primaryimage\"},\"image\":{\"@id\":\"https:\/\/portaltela.pt\/noticias\/2025\/12\/22\/faleceu-o-musico-chris-rea-reconhecido-artista-britanico\/#primaryimage\"},\"thumbnailUrl\":\"https:\/\/portaltela.pt\/s.01k8rhncp4jt1\/2025\/12\/216a097c-63eb-48e6-b087-7073332aa8e0.jpg\",\"datePublished\":\"2025-12-22T15:37:21+00:00\",\"author\":{\"@id\":\"https:\/\/portaltela.pt\/#\/schema\/person\/c4278d4a6028830caff9ee44b42d32ed\"},\"breadcrumb\":{\"@id\":\"https:\/\/portaltela.pt\/noticias\/2025\/12\/22\/faleceu-o-musico-chris-rea-reconhecido-artista-britanico\/#breadcrumb\"},\"inLanguage\":\"pt-PT\",\"potentialAction\":[{\"@type\":\"ReadAction\",\"target\":[\"https:\/\/portaltela.pt\/noticias\/2025\/12\/22\/faleceu-o-musico-chris-rea-reconhecido-artista-britanico\/\"]}]},{\"@type\":\"ImageObject\",\"inLanguage\":\"pt-PT\",\"@id\":\"https:\/\/portaltela.pt\/noticias\/2025\/12\/22\/faleceu-o-musico-chris-rea-reconhecido-artista-britanico\/#primaryimage\",\"url\":\"https:\/\/portaltela.pt\/s.01k8rhncp4jt1\/2025\/12\/216a097c-63eb-48e6-b087-7073332aa8e0.jpg\",\"contentUrl\":\"https:\/\/portaltela.pt\/s.01k8rhncp4jt1\/2025\/12\/216a097c-63eb-48e6-b087-7073332aa8e0.jpg\",\"width\":796,\"height\":448,\"caption\":\"Morreu Chris Rea - Foto: IMAGO\"},{\"@type\":\"BreadcrumbList\",\"@id\":\"https:\/\/portaltela.pt\/noticias\/2025\/12\/22\/faleceu-o-musico-chris-rea-reconhecido-artista-britanico\/#breadcrumb\",\"itemListElement\":[{\"@type\":\"ListItem\",\"position\":1,\"name\":\"In\u00edcio\",\"item\":\"https:\/\/portaltela.pt\/\"},{\"@type\":\"ListItem\",\"position\":2,\"name\":\"Faleceu o m\u00fasico Chris Rea, reconhecido artista brit\u00e2nico\"}]},{\"@type\":\"WebSite\",\"@id\":\"https:\/\/portaltela.pt\/#website\",\"url\":\"https:\/\/portaltela.pt\/\",\"name\":\"Portal Tela Portugal\",\"description\":\"\",\"potentialAction\":[{\"@type\":\"SearchAction\",\"target\":{\"@type\":\"EntryPoint\",\"urlTemplate\":\"https:\/\/portaltela.pt\/?s={search_term_string}\"},\"query-input\":{\"@type\":\"PropertyValueSpecification\",\"valueRequired\":true,\"valueName\":\"search_term_string\"}}],\"inLanguage\":\"pt-PT\"},{\"@type\":\"Person\",\"@id\":\"https:\/\/portaltela.pt\/#\/schema\/person\/c4278d4a6028830caff9ee44b42d32ed\",\"name\":\"Telinha\",\"image\":{\"@type\":\"ImageObject\",\"inLanguage\":\"pt-PT\",\"@id\":\"https:\/\/portaltela.pt\/s.01k8rhncp4jt1\/2025\/11\/talking-bot-125x125.png\",\"url\":\"https:\/\/portaltela.pt\/s.01k8rhncp4jt1\/2025\/11\/talking-bot-125x125.png\",\"contentUrl\":\"https:\/\/portaltela.pt\/s.01k8rhncp4jt1\/2025\/11\/talking-bot-125x125.png\",\"caption\":\"Telinha\"},\"sameAs\":[\"https:\/\/portaltela.pt\/\"],\"url\":\"https:\/\/portaltela.pt\/por\/367410592786\/\"}]}<\/script>\n<!-- \/ Yoast SEO plugin. -->","yoast_head_json":{"title":"Faleceu o m\u00fasico Chris Rea, reconhecido artista brit\u00e2nico - Portal Tela Portugal","robots":{"index":"index","follow":"follow","max-snippet":"max-snippet:-1","max-image-preview":"max-image-preview:large","max-video-preview":"max-video-preview:-1"},"og_locale":"pt_PT","og_type":"article","og_title":"Faleceu o m\u00fasico Chris Rea, reconhecido artista brit\u00e2nico - Portal Tela Portugal","og_description":"Morreu esta segunda-feira o m\u00fasico brit\u00e2nico Chris Rea, aos 74 anos. A not\u00edcia foi avan\u00e7ada por um porta-voz da fam\u00edlia \u00e0 BBC. Rea faleceu tranquilamente no hospital, ap\u00f3s doen\u00e7a, rodeado pela fam\u00edlia. Foi conhecido pela carreira de guitarrista e cantor no rock and roll. Escreveu temas populares como \u201cDriving Home For Christmas\u201d e \u201cFool (If You Think It's Over)\u201d.","og_url":"https:\/\/portaltela.pt\/noticias\/2025\/12\/22\/faleceu-o-musico-chris-rea-reconhecido-artista-britanico\/","og_site_name":"Portal Tela Portugal","article_published_time":"2025-12-22T15:37:21+00:00","author":"Telinha","twitter_card":"summary_large_image","twitter_misc":{"Escrito por":"Telinha","Tempo estimado de leitura":"1 minuto"},"schema":{"@context":"https:\/\/schema.org","@graph":[{"@type":"Article","@id":"https:\/\/portaltela.pt\/noticias\/2025\/12\/22\/faleceu-o-musico-chris-rea-reconhecido-artista-britanico\/#article","isPartOf":{"@id":"https:\/\/portaltela.pt\/noticias\/2025\/12\/22\/faleceu-o-musico-chris-rea-reconhecido-artista-britanico\/"},"author":{"name":"Telinha","@id":"https:\/\/portaltela.pt\/#\/schema\/person\/c4278d4a6028830caff9ee44b42d32ed"},"headline":"Faleceu o m\u00fasico Chris Rea, reconhecido artista brit\u00e2nico","datePublished":"2025-12-22T15:37:21+00:00","mainEntityOfPage":{"@id":"https:\/\/portaltela.pt\/noticias\/2025\/12\/22\/faleceu-o-musico-chris-rea-reconhecido-artista-britanico\/"},"wordCount":143,"image":{"@id":"https:\/\/portaltela.pt\/noticias\/2025\/12\/22\/faleceu-o-musico-chris-rea-reconhecido-artista-britanico\/#primaryimage"},"thumbnailUrl":"https:\/\/portaltela.pt\/s.01k8rhncp4jt1\/2025\/12\/216a097c-63eb-48e6-b087-7073332aa8e0.jpg","keywords":["artistas","concertos","famosos","m\u00fasica","pessoas","turn\u00eas internacionais"],"articleSection":["Entretenimento","Not\u00edcias"],"inLanguage":"pt-PT"},{"@type":"WebPage","@id":"https:\/\/portaltela.pt\/noticias\/2025\/12\/22\/faleceu-o-musico-chris-rea-reconhecido-artista-britanico\/","url":"https:\/\/portaltela.pt\/noticias\/2025\/12\/22\/faleceu-o-musico-chris-rea-reconhecido-artista-britanico\/","name":"Faleceu o m\u00fasico Chris Rea, reconhecido artista brit\u00e2nico - Portal Tela Portugal","isPartOf":{"@id":"https:\/\/portaltela.pt\/#website"},"primaryImageOfPage":{"@id":"https:\/\/portaltela.pt\/noticias\/2025\/12\/22\/faleceu-o-musico-chris-rea-reconhecido-artista-britanico\/#primaryimage"},"image":{"@id":"https:\/\/portaltela.pt\/noticias\/2025\/12\/22\/faleceu-o-musico-chris-rea-reconhecido-artista-britanico\/#primaryimage"},"thumbnailUrl":"https:\/\/portaltela.pt\/s.01k8rhncp4jt1\/2025\/12\/216a097c-63eb-48e6-b087-7073332aa8e0.jpg","datePublished":"2025-12-22T15:37:21+00:00","author":{"@id":"https:\/\/portaltela.pt\/#\/schema\/person\/c4278d4a6028830caff9ee44b42d32ed"},"breadcrumb":{"@id":"https:\/\/portaltela.pt\/noticias\/2025\/12\/22\/faleceu-o-musico-chris-rea-reconhecido-artista-britanico\/#breadcrumb"},"inLanguage":"pt-PT","potentialAction":[{"@type":"ReadAction","target":["https:\/\/portaltela.pt\/noticias\/2025\/12\/22\/faleceu-o-musico-chris-rea-reconhecido-artista-britanico\/"]}]},{"@type":"ImageObject","inLanguage":"pt-PT","@id":"https:\/\/portaltela.pt\/noticias\/2025\/12\/22\/faleceu-o-musico-chris-rea-reconhecido-artista-britanico\/#primaryimage","url":"https:\/\/portaltela.pt\/s.01k8rhncp4jt1\/2025\/12\/216a097c-63eb-48e6-b087-7073332aa8e0.jpg","contentUrl":"https:\/\/portaltela.pt\/s.01k8rhncp4jt1\/2025\/12\/216a097c-63eb-48e6-b087-7073332aa8e0.jpg","width":796,"height":448,"caption":"Morreu Chris Rea - Foto: IMAGO"},{"@type":"BreadcrumbList","@id":"https:\/\/portaltela.pt\/noticias\/2025\/12\/22\/faleceu-o-musico-chris-rea-reconhecido-artista-britanico\/#breadcrumb","itemListElement":[{"@type":"ListItem","position":1,"name":"In\u00edcio","item":"https:\/\/portaltela.pt\/"},{"@type":"ListItem","position":2,"name":"Faleceu o m\u00fasico Chris Rea, reconhecido artista brit\u00e2nico"}]},{"@type":"WebSite","@id":"https:\/\/portaltela.pt\/#website","url":"https:\/\/portaltela.pt\/","name":"Portal Tela Portugal","description":"","potentialAction":[{"@type":"SearchAction","target":{"@type":"EntryPoint","urlTemplate":"https:\/\/portaltela.pt\/?s={search_term_string}"},"query-input":{"@type":"PropertyValueSpecification","valueRequired":true,"valueName":"search_term_string"}}],"inLanguage":"pt-PT"},{"@type":"Person","@id":"https:\/\/portaltela.pt\/#\/schema\/person\/c4278d4a6028830caff9ee44b42d32ed","name":"Telinha","image":{"@type":"ImageObject","inLanguage":"pt-PT","@id":"https:\/\/portaltela.pt\/s.01k8rhncp4jt1\/2025\/11\/talking-bot-125x125.png","url":"https:\/\/portaltela.pt\/s.01k8rhncp4jt1\/2025\/11\/talking-bot-125x125.png","contentUrl":"https:\/\/portaltela.pt\/s.01k8rhncp4jt1\/2025\/11\/talking-bot-125x125.png","caption":"Telinha"},"sameAs":["https:\/\/portaltela.pt\/"],"url":"https:\/\/portaltela.pt\/por\/367410592786\/"}]}},"_links":{"self":[{"href":"https:\/\/portaltela.pt\/api\/wp\/v2\/posts\/92469","targetHints":{"allow":["GET"]}}],"collection":[{"href":"https:\/\/portaltela.pt\/api\/wp\/v2\/posts"}],"about":[{"href":"https:\/\/portaltela.pt\/api\/wp\/v2\/types\/post"}],"author":[{"embeddable":true,"href":"https:\/\/portaltela.pt\/api\/wp\/v2\/users\/2"}],"replies":[{"embeddable":true,"href":"https:\/\/portaltela.pt\/api\/wp\/v2\/comments?post=92469"}],"version-history":[{"count":0,"href":"https:\/\/portaltela.pt\/api\/wp\/v2\/posts\/92469\/revisions"}],"wp:featuredmedia":[{"embeddable":true,"href":"https:\/\/portaltela.pt\/api\/wp\/v2\/media\/92470"}],"wp:attachment":[{"href":"https:\/\/portaltela.pt\/api\/wp\/v2\/media?parent=92469"}],"wp:term":[{"taxonomy":"category","embeddable":true,"href":"https:\/\/portaltela.pt\/api\/wp\/v2\/categories?post=92469"},{"taxonomy":"post_tag","embeddable":true,"href":"https:\/\/portaltela.pt\/api\/wp\/v2\/tags?post=92469"}],"curies":[{"name":"wp","href":"https:\/\/api.w.org\/{rel}","templated":true}]}}