{"id":92442,"date":"2025-12-22T12:14:00","date_gmt":"2025-12-22T15:14:00","guid":{"rendered":"https:\/\/portaltela.pt\/noticias\/2025\/12\/22\/regiao-distingue-16-alunos-com-bolsas-de-merito\/"},"modified":"2025-12-22T12:14:00","modified_gmt":"2025-12-22T15:14:00","slug":"regiao-distingue-16-alunos-com-bolsas-de-merito","status":"publish","type":"post","link":"https:\/\/portaltela.pt\/noticias\/2025\/12\/22\/regiao-distingue-16-alunos-com-bolsas-de-merito\/","title":{"rendered":"Regi\u00e3o distingue 16 alunos com Bolsas de M\u00e9rito"},"content":{"rendered":"<p>Dezasseis alunos da Regi\u00e3o foram distinguidos com as Bolsas de M\u00e9rito para o ano letivo 2024\/2025, numa iniciativa que reconhece elevado aproveitamento escolar e visa incentivar a continuidade do percurso acad\u00e9mico. Os apoios s\u00e3o monet\u00e1rios, com valores que variam conforme a classifica\u00e7\u00e3o.<\/p>\n<p>V\u00edtor Manuel Gon\u00e7alves Fernandes, da Escola Secund\u00e1ria Francisco Franco, alcan\u00e7ou a nota de candidatura mais elevada, 196,5 valores, e entra no curso de Gest\u00e3o na Universidade da Madeira. Let\u00edcia Martins Pereira, tamb\u00e9m da Francisco Franco, obteve a pontua\u00e7\u00e3o mais elevada na \u00e1rea da Sa\u00fade, optando pelo Ciclo B\u00e1sico de Medicina na mesma universidade.<\/p>\n<p>Entre os premiados est\u00e3o alunos de v\u00e1rias escolas da Regi\u00e3o, incluindo Jaime Moniz e a Complementar do Til (APEL), bem como escolas em Machico e Ponta do Sol. Os pr\u00e9mios variam entre 1.000 euros para o 1.\u00ba lugar, 800 euros para o 2.\u00ba e 600 euros para o 3.\u00ba.<\/p>\n<p>A cerim\u00f3nia de entrega foi presidida por Elsa Fernandes, secret\u00e1ria regional de Educa\u00e7\u00e3o, em representa\u00e7\u00e3o do presidente do Governo Regional, Miguel Albuquerque, que n\u00e3o marcou presen\u00e7a. Este reconhecimento pretende motivar os jovens a prosseguir estudos superiores, tanto na Madeira como em institui\u00e7\u00f5es do continente.<\/p>\n","protected":false},"excerpt":{"rendered":"<ul>\n<li>Dezasseis alunos da regi\u00e3o foram distinguidos com Bolsas de M\u00e9rito para o ano lectivo 2024\/2025, com apoio financeiro conforme a classifica\u00e7\u00e3o.<\/li>\n<li>O aluno com a nota mais alta foi V\u00edtor Manuel Gon\u00e7alves Fernandes, da Escola Secund\u00e1ria Francisco Franco, com 196,5 valores, que ingressa no curso de Gest\u00e3o da Universidade da Madeira.<\/li>\n<li>Let\u00edcia Martins Pereira, tamb\u00e9m da Francisco Franco, teve a maior classifica\u00e7\u00e3o na \u00e1rea da Sa\u00fade, optando pelo Ciclo B\u00e1sico de Medicina na mesma universidade.<\/li>\n<li>Os premiados s\u00e3o de v\u00e1rias escolas da regi\u00e3o, incluindo a Escola Secund\u00e1ria Jaime Moniz, a Escola Complementar do Til (APEL) e escolas de Machico e Ponta do Sol.<\/li>\n<li>A cerim\u00f3nia foi presidida por Elsa Fernandes; o presidente do Governo Regional, Miguel Albuquerque, esteve ausente, e os pr\u00e9mios s\u00e3o de 1.000 euros (1.\u00ba), 800 euros (2.\u00ba) e 600 euros (3.\u00ba).<\/li>\n<\/ul>\n","protected":false},"author":2,"featured_media":92455,"comment_status":"closed","ping_status":"closed","sticky":false,"template":"","format":"standard","meta":{"footnotes":""},"categories":[1],"tags":[1211,163,92,1283,859,993],"class_list":["post-92442","post","type-post","status-publish","format-standard","has-post-thumbnail","hentry","category-noticias","tag-apoio-social","tag-educacao","tag-ensino","tag-machico","tag-madeira","tag-ponta-do-sol"],"yoast_head":"<!-- This site is optimized with the Yoast SEO plugin v27.2 - https:\/\/yoast.com\/product\/yoast-seo-wordpress\/ -->\n<title>Regi\u00e3o distingue 16 alunos com Bolsas de M\u00e9rito - Portal Tela Portugal<\/title>\n<meta name=\"robots\" content=\"index, follow, max-snippet:-1, max-image-preview:large, max-video-preview:-1\" \/>\n<meta property=\"og:locale\" content=\"pt_PT\" \/>\n<meta property=\"og:type\" content=\"article\" \/>\n<meta property=\"og:title\" content=\"Regi\u00e3o distingue 16 alunos com Bolsas de M\u00e9rito - Portal Tela Portugal\" \/>\n<meta property=\"og:description\" content=\"Dezasseis alunos da regi\u00e3o foram distinguidos com Bolsas de M\u00e9rito para o ano lectivo 2024\/2025, com apoio financeiro conforme a classifica\u00e7\u00e3o. O aluno com a nota mais alta foi V\u00edtor Manuel Gon\u00e7alves Fernandes, da Escola Secund\u00e1ria Francisco Franco, com 196,5 valores, que ingressa no curso de Gest\u00e3o da Universidade da Madeira. Let\u00edcia Martins Pereira, tamb\u00e9m da Francisco Franco, teve a maior classifica\u00e7\u00e3o na \u00e1rea da Sa\u00fade, optando pelo Ciclo B\u00e1sico de Medicina na mesma universidade. Os premiados s\u00e3o de v\u00e1rias escolas da regi\u00e3o, incluindo a Escola Secund\u00e1ria Jaime Moniz, a Escola Complementar do Til (APEL) e escolas de Machico e Ponta do Sol. A cerim\u00f3nia foi presidida por Elsa Fernandes; o presidente do Governo Regional, Miguel Albuquerque, esteve ausente, e os pr\u00e9mios s\u00e3o de 1.000 euros (1.\u00ba), 800 euros (2.\u00ba) e 600 euros (3.\u00ba).\" \/>\n<meta property=\"og:url\" content=\"https:\/\/portaltela.pt\/noticias\/2025\/12\/22\/regiao-distingue-16-alunos-com-bolsas-de-merito\/\" \/>\n<meta property=\"og:site_name\" content=\"Portal Tela Portugal\" \/>\n<meta property=\"article:published_time\" content=\"2025-12-22T15:14:00+00:00\" \/>\n<meta name=\"author\" content=\"Telinha\" \/>\n<meta name=\"twitter:card\" content=\"summary_large_image\" \/>\n<meta name=\"twitter:label1\" content=\"Escrito por\" \/>\n\t<meta name=\"twitter:data1\" content=\"Telinha\" \/>\n\t<meta name=\"twitter:label2\" content=\"Tempo estimado de leitura\" \/>\n\t<meta name=\"twitter:data2\" content=\"1 minuto\" \/>\n<script type=\"application\/ld+json\" class=\"yoast-schema-graph\">{\"@context\":\"https:\/\/schema.org\",\"@graph\":[{\"@type\":\"Article\",\"@id\":\"https:\/\/portaltela.pt\/noticias\/2025\/12\/22\/regiao-distingue-16-alunos-com-bolsas-de-merito\/#article\",\"isPartOf\":{\"@id\":\"https:\/\/portaltela.pt\/noticias\/2025\/12\/22\/regiao-distingue-16-alunos-com-bolsas-de-merito\/\"},\"author\":{\"name\":\"Telinha\",\"@id\":\"https:\/\/portaltela.pt\/#\/schema\/person\/c4278d4a6028830caff9ee44b42d32ed\"},\"headline\":\"Regi\u00e3o distingue 16 alunos com Bolsas de M\u00e9rito\",\"datePublished\":\"2025-12-22T15:14:00+00:00\",\"mainEntityOfPage\":{\"@id\":\"https:\/\/portaltela.pt\/noticias\/2025\/12\/22\/regiao-distingue-16-alunos-com-bolsas-de-merito\/\"},\"wordCount\":216,\"image\":{\"@id\":\"https:\/\/portaltela.pt\/noticias\/2025\/12\/22\/regiao-distingue-16-alunos-com-bolsas-de-merito\/#primaryimage\"},\"thumbnailUrl\":\"https:\/\/portaltela.pt\/s.01k8rhncp4jt1\/2025\/12\/unnamed-file-1103.jpg\",\"keywords\":[\"Apoio Social\",\"educa\u00e7\u00e3o\",\"ensino\",\"Machico\",\"Madeira\",\"Ponta do Sol\"],\"articleSection\":[\"Not\u00edcias\"],\"inLanguage\":\"pt-PT\"},{\"@type\":\"WebPage\",\"@id\":\"https:\/\/portaltela.pt\/noticias\/2025\/12\/22\/regiao-distingue-16-alunos-com-bolsas-de-merito\/\",\"url\":\"https:\/\/portaltela.pt\/noticias\/2025\/12\/22\/regiao-distingue-16-alunos-com-bolsas-de-merito\/\",\"name\":\"Regi\u00e3o distingue 16 alunos com Bolsas de M\u00e9rito - Portal Tela Portugal\",\"isPartOf\":{\"@id\":\"https:\/\/portaltela.pt\/#website\"},\"primaryImageOfPage\":{\"@id\":\"https:\/\/portaltela.pt\/noticias\/2025\/12\/22\/regiao-distingue-16-alunos-com-bolsas-de-merito\/#primaryimage\"},\"image\":{\"@id\":\"https:\/\/portaltela.pt\/noticias\/2025\/12\/22\/regiao-distingue-16-alunos-com-bolsas-de-merito\/#primaryimage\"},\"thumbnailUrl\":\"https:\/\/portaltela.pt\/s.01k8rhncp4jt1\/2025\/12\/unnamed-file-1103.jpg\",\"datePublished\":\"2025-12-22T15:14:00+00:00\",\"author\":{\"@id\":\"https:\/\/portaltela.pt\/#\/schema\/person\/c4278d4a6028830caff9ee44b42d32ed\"},\"breadcrumb\":{\"@id\":\"https:\/\/portaltela.pt\/noticias\/2025\/12\/22\/regiao-distingue-16-alunos-com-bolsas-de-merito\/#breadcrumb\"},\"inLanguage\":\"pt-PT\",\"potentialAction\":[{\"@type\":\"ReadAction\",\"target\":[\"https:\/\/portaltela.pt\/noticias\/2025\/12\/22\/regiao-distingue-16-alunos-com-bolsas-de-merito\/\"]}]},{\"@type\":\"ImageObject\",\"inLanguage\":\"pt-PT\",\"@id\":\"https:\/\/portaltela.pt\/noticias\/2025\/12\/22\/regiao-distingue-16-alunos-com-bolsas-de-merito\/#primaryimage\",\"url\":\"https:\/\/portaltela.pt\/s.01k8rhncp4jt1\/2025\/12\/unnamed-file-1103.jpg\",\"contentUrl\":\"https:\/\/portaltela.pt\/s.01k8rhncp4jt1\/2025\/12\/unnamed-file-1103.jpg\",\"width\":796,\"height\":448,\"caption\":\"16 alunos da Regi\u00e3o distinguidos com Bolsas de M\u00e9rito\"},{\"@type\":\"BreadcrumbList\",\"@id\":\"https:\/\/portaltela.pt\/noticias\/2025\/12\/22\/regiao-distingue-16-alunos-com-bolsas-de-merito\/#breadcrumb\",\"itemListElement\":[{\"@type\":\"ListItem\",\"position\":1,\"name\":\"In\u00edcio\",\"item\":\"https:\/\/portaltela.pt\/\"},{\"@type\":\"ListItem\",\"position\":2,\"name\":\"Regi\u00e3o distingue 16 alunos com Bolsas de M\u00e9rito\"}]},{\"@type\":\"WebSite\",\"@id\":\"https:\/\/portaltela.pt\/#website\",\"url\":\"https:\/\/portaltela.pt\/\",\"name\":\"Portal Tela Portugal\",\"description\":\"\",\"potentialAction\":[{\"@type\":\"SearchAction\",\"target\":{\"@type\":\"EntryPoint\",\"urlTemplate\":\"https:\/\/portaltela.pt\/?s={search_term_string}\"},\"query-input\":{\"@type\":\"PropertyValueSpecification\",\"valueRequired\":true,\"valueName\":\"search_term_string\"}}],\"inLanguage\":\"pt-PT\"},{\"@type\":\"Person\",\"@id\":\"https:\/\/portaltela.pt\/#\/schema\/person\/c4278d4a6028830caff9ee44b42d32ed\",\"name\":\"Telinha\",\"image\":{\"@type\":\"ImageObject\",\"inLanguage\":\"pt-PT\",\"@id\":\"https:\/\/portaltela.pt\/s.01k8rhncp4jt1\/2025\/11\/talking-bot-125x125.png\",\"url\":\"https:\/\/portaltela.pt\/s.01k8rhncp4jt1\/2025\/11\/talking-bot-125x125.png\",\"contentUrl\":\"https:\/\/portaltela.pt\/s.01k8rhncp4jt1\/2025\/11\/talking-bot-125x125.png\",\"caption\":\"Telinha\"},\"sameAs\":[\"https:\/\/portaltela.pt\/\"],\"url\":\"https:\/\/portaltela.pt\/por\/367410592786\/\"}]}<\/script>\n<!-- \/ Yoast SEO plugin. -->","yoast_head_json":{"title":"Regi\u00e3o distingue 16 alunos com Bolsas de M\u00e9rito - Portal Tela Portugal","robots":{"index":"index","follow":"follow","max-snippet":"max-snippet:-1","max-image-preview":"max-image-preview:large","max-video-preview":"max-video-preview:-1"},"og_locale":"pt_PT","og_type":"article","og_title":"Regi\u00e3o distingue 16 alunos com Bolsas de M\u00e9rito - Portal Tela Portugal","og_description":"Dezasseis alunos da regi\u00e3o foram distinguidos com Bolsas de M\u00e9rito para o ano lectivo 2024\/2025, com apoio financeiro conforme a classifica\u00e7\u00e3o. O aluno com a nota mais alta foi V\u00edtor Manuel Gon\u00e7alves Fernandes, da Escola Secund\u00e1ria Francisco Franco, com 196,5 valores, que ingressa no curso de Gest\u00e3o da Universidade da Madeira. Let\u00edcia Martins Pereira, tamb\u00e9m da Francisco Franco, teve a maior classifica\u00e7\u00e3o na \u00e1rea da Sa\u00fade, optando pelo Ciclo B\u00e1sico de Medicina na mesma universidade. Os premiados s\u00e3o de v\u00e1rias escolas da regi\u00e3o, incluindo a Escola Secund\u00e1ria Jaime Moniz, a Escola Complementar do Til (APEL) e escolas de Machico e Ponta do Sol. A cerim\u00f3nia foi presidida por Elsa Fernandes; o presidente do Governo Regional, Miguel Albuquerque, esteve ausente, e os pr\u00e9mios s\u00e3o de 1.000 euros (1.\u00ba), 800 euros (2.\u00ba) e 600 euros (3.\u00ba).","og_url":"https:\/\/portaltela.pt\/noticias\/2025\/12\/22\/regiao-distingue-16-alunos-com-bolsas-de-merito\/","og_site_name":"Portal Tela Portugal","article_published_time":"2025-12-22T15:14:00+00:00","author":"Telinha","twitter_card":"summary_large_image","twitter_misc":{"Escrito por":"Telinha","Tempo estimado de leitura":"1 minuto"},"schema":{"@context":"https:\/\/schema.org","@graph":[{"@type":"Article","@id":"https:\/\/portaltela.pt\/noticias\/2025\/12\/22\/regiao-distingue-16-alunos-com-bolsas-de-merito\/#article","isPartOf":{"@id":"https:\/\/portaltela.pt\/noticias\/2025\/12\/22\/regiao-distingue-16-alunos-com-bolsas-de-merito\/"},"author":{"name":"Telinha","@id":"https:\/\/portaltela.pt\/#\/schema\/person\/c4278d4a6028830caff9ee44b42d32ed"},"headline":"Regi\u00e3o distingue 16 alunos com Bolsas de M\u00e9rito","datePublished":"2025-12-22T15:14:00+00:00","mainEntityOfPage":{"@id":"https:\/\/portaltela.pt\/noticias\/2025\/12\/22\/regiao-distingue-16-alunos-com-bolsas-de-merito\/"},"wordCount":216,"image":{"@id":"https:\/\/portaltela.pt\/noticias\/2025\/12\/22\/regiao-distingue-16-alunos-com-bolsas-de-merito\/#primaryimage"},"thumbnailUrl":"https:\/\/portaltela.pt\/s.01k8rhncp4jt1\/2025\/12\/unnamed-file-1103.jpg","keywords":["Apoio Social","educa\u00e7\u00e3o","ensino","Machico","Madeira","Ponta do Sol"],"articleSection":["Not\u00edcias"],"inLanguage":"pt-PT"},{"@type":"WebPage","@id":"https:\/\/portaltela.pt\/noticias\/2025\/12\/22\/regiao-distingue-16-alunos-com-bolsas-de-merito\/","url":"https:\/\/portaltela.pt\/noticias\/2025\/12\/22\/regiao-distingue-16-alunos-com-bolsas-de-merito\/","name":"Regi\u00e3o distingue 16 alunos com Bolsas de M\u00e9rito - Portal Tela Portugal","isPartOf":{"@id":"https:\/\/portaltela.pt\/#website"},"primaryImageOfPage":{"@id":"https:\/\/portaltela.pt\/noticias\/2025\/12\/22\/regiao-distingue-16-alunos-com-bolsas-de-merito\/#primaryimage"},"image":{"@id":"https:\/\/portaltela.pt\/noticias\/2025\/12\/22\/regiao-distingue-16-alunos-com-bolsas-de-merito\/#primaryimage"},"thumbnailUrl":"https:\/\/portaltela.pt\/s.01k8rhncp4jt1\/2025\/12\/unnamed-file-1103.jpg","datePublished":"2025-12-22T15:14:00+00:00","author":{"@id":"https:\/\/portaltela.pt\/#\/schema\/person\/c4278d4a6028830caff9ee44b42d32ed"},"breadcrumb":{"@id":"https:\/\/portaltela.pt\/noticias\/2025\/12\/22\/regiao-distingue-16-alunos-com-bolsas-de-merito\/#breadcrumb"},"inLanguage":"pt-PT","potentialAction":[{"@type":"ReadAction","target":["https:\/\/portaltela.pt\/noticias\/2025\/12\/22\/regiao-distingue-16-alunos-com-bolsas-de-merito\/"]}]},{"@type":"ImageObject","inLanguage":"pt-PT","@id":"https:\/\/portaltela.pt\/noticias\/2025\/12\/22\/regiao-distingue-16-alunos-com-bolsas-de-merito\/#primaryimage","url":"https:\/\/portaltela.pt\/s.01k8rhncp4jt1\/2025\/12\/unnamed-file-1103.jpg","contentUrl":"https:\/\/portaltela.pt\/s.01k8rhncp4jt1\/2025\/12\/unnamed-file-1103.jpg","width":796,"height":448,"caption":"16 alunos da Regi\u00e3o distinguidos com Bolsas de M\u00e9rito"},{"@type":"BreadcrumbList","@id":"https:\/\/portaltela.pt\/noticias\/2025\/12\/22\/regiao-distingue-16-alunos-com-bolsas-de-merito\/#breadcrumb","itemListElement":[{"@type":"ListItem","position":1,"name":"In\u00edcio","item":"https:\/\/portaltela.pt\/"},{"@type":"ListItem","position":2,"name":"Regi\u00e3o distingue 16 alunos com Bolsas de M\u00e9rito"}]},{"@type":"WebSite","@id":"https:\/\/portaltela.pt\/#website","url":"https:\/\/portaltela.pt\/","name":"Portal Tela Portugal","description":"","potentialAction":[{"@type":"SearchAction","target":{"@type":"EntryPoint","urlTemplate":"https:\/\/portaltela.pt\/?s={search_term_string}"},"query-input":{"@type":"PropertyValueSpecification","valueRequired":true,"valueName":"search_term_string"}}],"inLanguage":"pt-PT"},{"@type":"Person","@id":"https:\/\/portaltela.pt\/#\/schema\/person\/c4278d4a6028830caff9ee44b42d32ed","name":"Telinha","image":{"@type":"ImageObject","inLanguage":"pt-PT","@id":"https:\/\/portaltela.pt\/s.01k8rhncp4jt1\/2025\/11\/talking-bot-125x125.png","url":"https:\/\/portaltela.pt\/s.01k8rhncp4jt1\/2025\/11\/talking-bot-125x125.png","contentUrl":"https:\/\/portaltela.pt\/s.01k8rhncp4jt1\/2025\/11\/talking-bot-125x125.png","caption":"Telinha"},"sameAs":["https:\/\/portaltela.pt\/"],"url":"https:\/\/portaltela.pt\/por\/367410592786\/"}]}},"_links":{"self":[{"href":"https:\/\/portaltela.pt\/api\/wp\/v2\/posts\/92442","targetHints":{"allow":["GET"]}}],"collection":[{"href":"https:\/\/portaltela.pt\/api\/wp\/v2\/posts"}],"about":[{"href":"https:\/\/portaltela.pt\/api\/wp\/v2\/types\/post"}],"author":[{"embeddable":true,"href":"https:\/\/portaltela.pt\/api\/wp\/v2\/users\/2"}],"replies":[{"embeddable":true,"href":"https:\/\/portaltela.pt\/api\/wp\/v2\/comments?post=92442"}],"version-history":[{"count":0,"href":"https:\/\/portaltela.pt\/api\/wp\/v2\/posts\/92442\/revisions"}],"wp:featuredmedia":[{"embeddable":true,"href":"https:\/\/portaltela.pt\/api\/wp\/v2\/media\/92455"}],"wp:attachment":[{"href":"https:\/\/portaltela.pt\/api\/wp\/v2\/media?parent=92442"}],"wp:term":[{"taxonomy":"category","embeddable":true,"href":"https:\/\/portaltela.pt\/api\/wp\/v2\/categories?post=92442"},{"taxonomy":"post_tag","embeddable":true,"href":"https:\/\/portaltela.pt\/api\/wp\/v2\/tags?post=92442"}],"curies":[{"name":"wp","href":"https:\/\/api.w.org\/{rel}","templated":true}]}}