{"id":92239,"date":"2025-12-22T09:45:25","date_gmt":"2025-12-22T12:45:25","guid":{"rendered":"https:\/\/portaltela.pt\/noticias\/2025\/12\/22\/tribunal-ordena-remocao-de-cartazes-do-chega-dirigidos-a-comunidade-cigana\/"},"modified":"2025-12-22T09:45:25","modified_gmt":"2025-12-22T12:45:25","slug":"tribunal-ordena-remocao-de-cartazes-do-chega-dirigidos-a-comunidade-cigana","status":"publish","type":"post","link":"https:\/\/portaltela.pt\/noticias\/2025\/12\/22\/tribunal-ordena-remocao-de-cartazes-do-chega-dirigidos-a-comunidade-cigana\/","title":{"rendered":"Tribunal ordena remo\u00e7\u00e3o de cartazes do Chega dirigidos \u00e0 comunidade cigana"},"content":{"rendered":"<p>O Tribunal C\u00edvel de Lisboa ordenou, nesta ter\u00e7a-feira, a remo\u00e7\u00e3o dos cartazes do Chega com a frase Os ciganos t\u00eam de cumprir a lei. A a\u00e7\u00e3o foi movida por seis associa\u00e7\u00f5es da comunidade cigana, em Lisboa.<\/p>\n<p>A decis\u00e3o foi proferida pela ju\u00edza Ana Bar\u00e3o, que considerou que os cartazes n\u00e3o podem permanecer afixados. Andr\u00e9 Ventura, l\u00edder do Chega, comprometeu-se a cumprir a ordem para evitar multa.<\/p>\n<p>A audi\u00eancia decorreu em duas sess\u00f5es no Pal\u00e1cio da Justi\u00e7a, em Lisboa, e Ventura declarou que assumiu a autoria da mensagem. O pol\u00edtico avisou sobre o que entende ser um precedente grave para a atividade pol\u00edtica.<\/p>\n<p>Do lado das associa\u00e7\u00f5es, o advogado Ricardo S\u00e1 Fernandes argumentou que a perman\u00eancia dos cartazes implicaria um risco jur\u00eddico significativo. Sustentou que a mensagem exibida n\u00e3o \u00e9 compat\u00edvel com o Direito.<\/p>\n","protected":false},"excerpt":{"rendered":"<ul>\n<li>O Tribunal C\u00edvel de Lisboa ordenou a retirada dos cartazes do Chega com a frase \u201cOs ciganos t\u00eam de cumprir a lei\u201d, a pedido de seis associa\u00e7\u00f5es da comunidade cigana.<\/li>\n<li>A decis\u00e3o foi tomada pela ju\u00edza Ana Bar\u00e3o e obriga a retirada dos cartazes, com o l\u00edder do Chega, Andr\u00e9 Ventura, a cumprir para evitar multa.<\/li>\n<li>A audi\u00eancia decorreu no Pal\u00e1cio da Justi\u00e7a, em Lisboa, em duas sess\u00f5es, e Ventura assumiu a autoria da mensagem em tribunal.<\/li>\n<li>O dirigente afirmou que a decis\u00e3o pode criar \u201cprecedente grav\u00edssimo\u201d e impactar a atividade pol\u00edtica, defendendo que a campanha visava o debate sobre integra\u00e7\u00e3o, n\u00e3o humilhar.<\/li>\n<li>Os autores da a\u00e7\u00e3o sustentam que a perman\u00eancia dos cartazes representaria risco jur\u00eddico significativo e consideram a mensagem incompat\u00edvel com o Direito.<\/li>\n<\/ul>\n","protected":false},"author":2,"featured_media":92242,"comment_status":"closed","ping_status":"closed","sticky":false,"template":"","format":"standard","meta":{"footnotes":""},"categories":[1],"tags":[679,1695,1614,981,229,52],"class_list":["post-92239","post","type-post","status-publish","format-standard","has-post-thumbnail","hentry","category-noticias","tag-associacoes","tag-discriminacao","tag-discriminacao-agravada","tag-lisboa","tag-politica-publica","tag-tribunal"],"yoast_head":"<!-- This site is optimized with the Yoast SEO plugin v27.2 - https:\/\/yoast.com\/product\/yoast-seo-wordpress\/ -->\n<title>Tribunal ordena remo\u00e7\u00e3o de cartazes do Chega dirigidos \u00e0 comunidade cigana - Portal Tela Portugal<\/title>\n<meta name=\"robots\" content=\"index, follow, max-snippet:-1, max-image-preview:large, max-video-preview:-1\" \/>\n<meta property=\"og:locale\" content=\"pt_PT\" \/>\n<meta property=\"og:type\" content=\"article\" \/>\n<meta property=\"og:title\" content=\"Tribunal ordena remo\u00e7\u00e3o de cartazes do Chega dirigidos \u00e0 comunidade cigana - Portal Tela Portugal\" \/>\n<meta property=\"og:description\" content=\"O Tribunal C\u00edvel de Lisboa ordenou a retirada dos cartazes do Chega com a frase \u201cOs ciganos t\u00eam de cumprir a lei\u201d, a pedido de seis associa\u00e7\u00f5es da comunidade cigana. A decis\u00e3o foi tomada pela ju\u00edza Ana Bar\u00e3o e obriga a retirada dos cartazes, com o l\u00edder do Chega, Andr\u00e9 Ventura, a cumprir para evitar multa. A audi\u00eancia decorreu no Pal\u00e1cio da Justi\u00e7a, em Lisboa, em duas sess\u00f5es, e Ventura assumiu a autoria da mensagem em tribunal. O dirigente afirmou que a decis\u00e3o pode criar \u201cprecedente grav\u00edssimo\u201d e impactar a atividade pol\u00edtica, defendendo que a campanha visava o debate sobre integra\u00e7\u00e3o, n\u00e3o humilhar. Os autores da a\u00e7\u00e3o sustentam que a perman\u00eancia dos cartazes representaria risco jur\u00eddico significativo e consideram a mensagem incompat\u00edvel com o Direito.\" \/>\n<meta property=\"og:url\" content=\"https:\/\/portaltela.pt\/noticias\/2025\/12\/22\/tribunal-ordena-remocao-de-cartazes-do-chega-dirigidos-a-comunidade-cigana\/\" \/>\n<meta property=\"og:site_name\" content=\"Portal Tela Portugal\" \/>\n<meta property=\"article:published_time\" content=\"2025-12-22T12:45:25+00:00\" \/>\n<meta name=\"author\" content=\"Telinha\" \/>\n<meta name=\"twitter:card\" content=\"summary_large_image\" \/>\n<meta name=\"twitter:label1\" content=\"Escrito por\" \/>\n\t<meta name=\"twitter:data1\" content=\"Telinha\" \/>\n\t<meta name=\"twitter:label2\" content=\"Tempo estimado de leitura\" \/>\n\t<meta name=\"twitter:data2\" content=\"1 minuto\" \/>\n<script type=\"application\/ld+json\" class=\"yoast-schema-graph\">{\"@context\":\"https:\/\/schema.org\",\"@graph\":[{\"@type\":\"Article\",\"@id\":\"https:\/\/portaltela.pt\/noticias\/2025\/12\/22\/tribunal-ordena-remocao-de-cartazes-do-chega-dirigidos-a-comunidade-cigana\/#article\",\"isPartOf\":{\"@id\":\"https:\/\/portaltela.pt\/noticias\/2025\/12\/22\/tribunal-ordena-remocao-de-cartazes-do-chega-dirigidos-a-comunidade-cigana\/\"},\"author\":{\"name\":\"Telinha\",\"@id\":\"https:\/\/portaltela.pt\/#\/schema\/person\/c4278d4a6028830caff9ee44b42d32ed\"},\"headline\":\"Tribunal ordena remo\u00e7\u00e3o de cartazes do Chega dirigidos \u00e0 comunidade cigana\",\"datePublished\":\"2025-12-22T12:45:25+00:00\",\"mainEntityOfPage\":{\"@id\":\"https:\/\/portaltela.pt\/noticias\/2025\/12\/22\/tribunal-ordena-remocao-de-cartazes-do-chega-dirigidos-a-comunidade-cigana\/\"},\"wordCount\":165,\"image\":{\"@id\":\"https:\/\/portaltela.pt\/noticias\/2025\/12\/22\/tribunal-ordena-remocao-de-cartazes-do-chega-dirigidos-a-comunidade-cigana\/#primaryimage\"},\"thumbnailUrl\":\"https:\/\/portaltela.pt\/s.01k8rhncp4jt1\/2025\/12\/unnamed-file-1079.jpg\",\"keywords\":[\"associa\u00e7\u00f5es\",\"discrimina\u00e7\u00e3o\",\"discrimina\u00e7\u00e3o agravada\",\"Lisboa\",\"pol\u00edtica p\u00fablica\",\"tribunal\"],\"articleSection\":[\"Not\u00edcias\"],\"inLanguage\":\"pt-PT\"},{\"@type\":\"WebPage\",\"@id\":\"https:\/\/portaltela.pt\/noticias\/2025\/12\/22\/tribunal-ordena-remocao-de-cartazes-do-chega-dirigidos-a-comunidade-cigana\/\",\"url\":\"https:\/\/portaltela.pt\/noticias\/2025\/12\/22\/tribunal-ordena-remocao-de-cartazes-do-chega-dirigidos-a-comunidade-cigana\/\",\"name\":\"Tribunal ordena remo\u00e7\u00e3o de cartazes do Chega dirigidos \u00e0 comunidade cigana - Portal Tela Portugal\",\"isPartOf\":{\"@id\":\"https:\/\/portaltela.pt\/#website\"},\"primaryImageOfPage\":{\"@id\":\"https:\/\/portaltela.pt\/noticias\/2025\/12\/22\/tribunal-ordena-remocao-de-cartazes-do-chega-dirigidos-a-comunidade-cigana\/#primaryimage\"},\"image\":{\"@id\":\"https:\/\/portaltela.pt\/noticias\/2025\/12\/22\/tribunal-ordena-remocao-de-cartazes-do-chega-dirigidos-a-comunidade-cigana\/#primaryimage\"},\"thumbnailUrl\":\"https:\/\/portaltela.pt\/s.01k8rhncp4jt1\/2025\/12\/unnamed-file-1079.jpg\",\"datePublished\":\"2025-12-22T12:45:25+00:00\",\"author\":{\"@id\":\"https:\/\/portaltela.pt\/#\/schema\/person\/c4278d4a6028830caff9ee44b42d32ed\"},\"breadcrumb\":{\"@id\":\"https:\/\/portaltela.pt\/noticias\/2025\/12\/22\/tribunal-ordena-remocao-de-cartazes-do-chega-dirigidos-a-comunidade-cigana\/#breadcrumb\"},\"inLanguage\":\"pt-PT\",\"potentialAction\":[{\"@type\":\"ReadAction\",\"target\":[\"https:\/\/portaltela.pt\/noticias\/2025\/12\/22\/tribunal-ordena-remocao-de-cartazes-do-chega-dirigidos-a-comunidade-cigana\/\"]}]},{\"@type\":\"ImageObject\",\"inLanguage\":\"pt-PT\",\"@id\":\"https:\/\/portaltela.pt\/noticias\/2025\/12\/22\/tribunal-ordena-remocao-de-cartazes-do-chega-dirigidos-a-comunidade-cigana\/#primaryimage\",\"url\":\"https:\/\/portaltela.pt\/s.01k8rhncp4jt1\/2025\/12\/unnamed-file-1079.jpg\",\"contentUrl\":\"https:\/\/portaltela.pt\/s.01k8rhncp4jt1\/2025\/12\/unnamed-file-1079.jpg\",\"width\":796,\"height\":448,\"caption\":\"Cartazes. Andr\u00e9 Ventura obrigado a abandonar tribunal\"},{\"@type\":\"BreadcrumbList\",\"@id\":\"https:\/\/portaltela.pt\/noticias\/2025\/12\/22\/tribunal-ordena-remocao-de-cartazes-do-chega-dirigidos-a-comunidade-cigana\/#breadcrumb\",\"itemListElement\":[{\"@type\":\"ListItem\",\"position\":1,\"name\":\"In\u00edcio\",\"item\":\"https:\/\/portaltela.pt\/\"},{\"@type\":\"ListItem\",\"position\":2,\"name\":\"Tribunal ordena remo\u00e7\u00e3o de cartazes do Chega dirigidos \u00e0 comunidade cigana\"}]},{\"@type\":\"WebSite\",\"@id\":\"https:\/\/portaltela.pt\/#website\",\"url\":\"https:\/\/portaltela.pt\/\",\"name\":\"Portal Tela Portugal\",\"description\":\"\",\"potentialAction\":[{\"@type\":\"SearchAction\",\"target\":{\"@type\":\"EntryPoint\",\"urlTemplate\":\"https:\/\/portaltela.pt\/?s={search_term_string}\"},\"query-input\":{\"@type\":\"PropertyValueSpecification\",\"valueRequired\":true,\"valueName\":\"search_term_string\"}}],\"inLanguage\":\"pt-PT\"},{\"@type\":\"Person\",\"@id\":\"https:\/\/portaltela.pt\/#\/schema\/person\/c4278d4a6028830caff9ee44b42d32ed\",\"name\":\"Telinha\",\"image\":{\"@type\":\"ImageObject\",\"inLanguage\":\"pt-PT\",\"@id\":\"https:\/\/portaltela.pt\/s.01k8rhncp4jt1\/2025\/11\/talking-bot-125x125.png\",\"url\":\"https:\/\/portaltela.pt\/s.01k8rhncp4jt1\/2025\/11\/talking-bot-125x125.png\",\"contentUrl\":\"https:\/\/portaltela.pt\/s.01k8rhncp4jt1\/2025\/11\/talking-bot-125x125.png\",\"caption\":\"Telinha\"},\"sameAs\":[\"https:\/\/portaltela.pt\/\"],\"url\":\"https:\/\/portaltela.pt\/por\/367410592786\/\"}]}<\/script>\n<!-- \/ Yoast SEO plugin. -->","yoast_head_json":{"title":"Tribunal ordena remo\u00e7\u00e3o de cartazes do Chega dirigidos \u00e0 comunidade cigana - Portal Tela Portugal","robots":{"index":"index","follow":"follow","max-snippet":"max-snippet:-1","max-image-preview":"max-image-preview:large","max-video-preview":"max-video-preview:-1"},"og_locale":"pt_PT","og_type":"article","og_title":"Tribunal ordena remo\u00e7\u00e3o de cartazes do Chega dirigidos \u00e0 comunidade cigana - Portal Tela Portugal","og_description":"O Tribunal C\u00edvel de Lisboa ordenou a retirada dos cartazes do Chega com a frase \u201cOs ciganos t\u00eam de cumprir a lei\u201d, a pedido de seis associa\u00e7\u00f5es da comunidade cigana. A decis\u00e3o foi tomada pela ju\u00edza Ana Bar\u00e3o e obriga a retirada dos cartazes, com o l\u00edder do Chega, Andr\u00e9 Ventura, a cumprir para evitar multa. A audi\u00eancia decorreu no Pal\u00e1cio da Justi\u00e7a, em Lisboa, em duas sess\u00f5es, e Ventura assumiu a autoria da mensagem em tribunal. O dirigente afirmou que a decis\u00e3o pode criar \u201cprecedente grav\u00edssimo\u201d e impactar a atividade pol\u00edtica, defendendo que a campanha visava o debate sobre integra\u00e7\u00e3o, n\u00e3o humilhar. Os autores da a\u00e7\u00e3o sustentam que a perman\u00eancia dos cartazes representaria risco jur\u00eddico significativo e consideram a mensagem incompat\u00edvel com o Direito.","og_url":"https:\/\/portaltela.pt\/noticias\/2025\/12\/22\/tribunal-ordena-remocao-de-cartazes-do-chega-dirigidos-a-comunidade-cigana\/","og_site_name":"Portal Tela Portugal","article_published_time":"2025-12-22T12:45:25+00:00","author":"Telinha","twitter_card":"summary_large_image","twitter_misc":{"Escrito por":"Telinha","Tempo estimado de leitura":"1 minuto"},"schema":{"@context":"https:\/\/schema.org","@graph":[{"@type":"Article","@id":"https:\/\/portaltela.pt\/noticias\/2025\/12\/22\/tribunal-ordena-remocao-de-cartazes-do-chega-dirigidos-a-comunidade-cigana\/#article","isPartOf":{"@id":"https:\/\/portaltela.pt\/noticias\/2025\/12\/22\/tribunal-ordena-remocao-de-cartazes-do-chega-dirigidos-a-comunidade-cigana\/"},"author":{"name":"Telinha","@id":"https:\/\/portaltela.pt\/#\/schema\/person\/c4278d4a6028830caff9ee44b42d32ed"},"headline":"Tribunal ordena remo\u00e7\u00e3o de cartazes do Chega dirigidos \u00e0 comunidade cigana","datePublished":"2025-12-22T12:45:25+00:00","mainEntityOfPage":{"@id":"https:\/\/portaltela.pt\/noticias\/2025\/12\/22\/tribunal-ordena-remocao-de-cartazes-do-chega-dirigidos-a-comunidade-cigana\/"},"wordCount":165,"image":{"@id":"https:\/\/portaltela.pt\/noticias\/2025\/12\/22\/tribunal-ordena-remocao-de-cartazes-do-chega-dirigidos-a-comunidade-cigana\/#primaryimage"},"thumbnailUrl":"https:\/\/portaltela.pt\/s.01k8rhncp4jt1\/2025\/12\/unnamed-file-1079.jpg","keywords":["associa\u00e7\u00f5es","discrimina\u00e7\u00e3o","discrimina\u00e7\u00e3o agravada","Lisboa","pol\u00edtica p\u00fablica","tribunal"],"articleSection":["Not\u00edcias"],"inLanguage":"pt-PT"},{"@type":"WebPage","@id":"https:\/\/portaltela.pt\/noticias\/2025\/12\/22\/tribunal-ordena-remocao-de-cartazes-do-chega-dirigidos-a-comunidade-cigana\/","url":"https:\/\/portaltela.pt\/noticias\/2025\/12\/22\/tribunal-ordena-remocao-de-cartazes-do-chega-dirigidos-a-comunidade-cigana\/","name":"Tribunal ordena remo\u00e7\u00e3o de cartazes do Chega dirigidos \u00e0 comunidade cigana - Portal Tela Portugal","isPartOf":{"@id":"https:\/\/portaltela.pt\/#website"},"primaryImageOfPage":{"@id":"https:\/\/portaltela.pt\/noticias\/2025\/12\/22\/tribunal-ordena-remocao-de-cartazes-do-chega-dirigidos-a-comunidade-cigana\/#primaryimage"},"image":{"@id":"https:\/\/portaltela.pt\/noticias\/2025\/12\/22\/tribunal-ordena-remocao-de-cartazes-do-chega-dirigidos-a-comunidade-cigana\/#primaryimage"},"thumbnailUrl":"https:\/\/portaltela.pt\/s.01k8rhncp4jt1\/2025\/12\/unnamed-file-1079.jpg","datePublished":"2025-12-22T12:45:25+00:00","author":{"@id":"https:\/\/portaltela.pt\/#\/schema\/person\/c4278d4a6028830caff9ee44b42d32ed"},"breadcrumb":{"@id":"https:\/\/portaltela.pt\/noticias\/2025\/12\/22\/tribunal-ordena-remocao-de-cartazes-do-chega-dirigidos-a-comunidade-cigana\/#breadcrumb"},"inLanguage":"pt-PT","potentialAction":[{"@type":"ReadAction","target":["https:\/\/portaltela.pt\/noticias\/2025\/12\/22\/tribunal-ordena-remocao-de-cartazes-do-chega-dirigidos-a-comunidade-cigana\/"]}]},{"@type":"ImageObject","inLanguage":"pt-PT","@id":"https:\/\/portaltela.pt\/noticias\/2025\/12\/22\/tribunal-ordena-remocao-de-cartazes-do-chega-dirigidos-a-comunidade-cigana\/#primaryimage","url":"https:\/\/portaltela.pt\/s.01k8rhncp4jt1\/2025\/12\/unnamed-file-1079.jpg","contentUrl":"https:\/\/portaltela.pt\/s.01k8rhncp4jt1\/2025\/12\/unnamed-file-1079.jpg","width":796,"height":448,"caption":"Cartazes. Andr\u00e9 Ventura obrigado a abandonar tribunal"},{"@type":"BreadcrumbList","@id":"https:\/\/portaltela.pt\/noticias\/2025\/12\/22\/tribunal-ordena-remocao-de-cartazes-do-chega-dirigidos-a-comunidade-cigana\/#breadcrumb","itemListElement":[{"@type":"ListItem","position":1,"name":"In\u00edcio","item":"https:\/\/portaltela.pt\/"},{"@type":"ListItem","position":2,"name":"Tribunal ordena remo\u00e7\u00e3o de cartazes do Chega dirigidos \u00e0 comunidade cigana"}]},{"@type":"WebSite","@id":"https:\/\/portaltela.pt\/#website","url":"https:\/\/portaltela.pt\/","name":"Portal Tela Portugal","description":"","potentialAction":[{"@type":"SearchAction","target":{"@type":"EntryPoint","urlTemplate":"https:\/\/portaltela.pt\/?s={search_term_string}"},"query-input":{"@type":"PropertyValueSpecification","valueRequired":true,"valueName":"search_term_string"}}],"inLanguage":"pt-PT"},{"@type":"Person","@id":"https:\/\/portaltela.pt\/#\/schema\/person\/c4278d4a6028830caff9ee44b42d32ed","name":"Telinha","image":{"@type":"ImageObject","inLanguage":"pt-PT","@id":"https:\/\/portaltela.pt\/s.01k8rhncp4jt1\/2025\/11\/talking-bot-125x125.png","url":"https:\/\/portaltela.pt\/s.01k8rhncp4jt1\/2025\/11\/talking-bot-125x125.png","contentUrl":"https:\/\/portaltela.pt\/s.01k8rhncp4jt1\/2025\/11\/talking-bot-125x125.png","caption":"Telinha"},"sameAs":["https:\/\/portaltela.pt\/"],"url":"https:\/\/portaltela.pt\/por\/367410592786\/"}]}},"_links":{"self":[{"href":"https:\/\/portaltela.pt\/api\/wp\/v2\/posts\/92239","targetHints":{"allow":["GET"]}}],"collection":[{"href":"https:\/\/portaltela.pt\/api\/wp\/v2\/posts"}],"about":[{"href":"https:\/\/portaltela.pt\/api\/wp\/v2\/types\/post"}],"author":[{"embeddable":true,"href":"https:\/\/portaltela.pt\/api\/wp\/v2\/users\/2"}],"replies":[{"embeddable":true,"href":"https:\/\/portaltela.pt\/api\/wp\/v2\/comments?post=92239"}],"version-history":[{"count":0,"href":"https:\/\/portaltela.pt\/api\/wp\/v2\/posts\/92239\/revisions"}],"wp:featuredmedia":[{"embeddable":true,"href":"https:\/\/portaltela.pt\/api\/wp\/v2\/media\/92242"}],"wp:attachment":[{"href":"https:\/\/portaltela.pt\/api\/wp\/v2\/media?parent=92239"}],"wp:term":[{"taxonomy":"category","embeddable":true,"href":"https:\/\/portaltela.pt\/api\/wp\/v2\/categories?post=92239"},{"taxonomy":"post_tag","embeddable":true,"href":"https:\/\/portaltela.pt\/api\/wp\/v2\/tags?post=92239"}],"curies":[{"name":"wp","href":"https:\/\/api.w.org\/{rel}","templated":true}]}}