{"id":92060,"date":"2025-12-22T08:31:47","date_gmt":"2025-12-22T11:31:47","guid":{"rendered":"https:\/\/portaltela.pt\/noticias\/2025\/12\/22\/natal-em-celorico-de-basto-com-concerto-da-banda-filarmonica-de-santa-tecla\/"},"modified":"2025-12-22T08:31:47","modified_gmt":"2025-12-22T11:31:47","slug":"natal-em-celorico-de-basto-com-concerto-da-banda-filarmonica-de-santa-tecla","status":"publish","type":"post","link":"https:\/\/portaltela.pt\/noticias\/2025\/12\/22\/natal-em-celorico-de-basto-com-concerto-da-banda-filarmonica-de-santa-tecla\/","title":{"rendered":"Natal em Celorico de Basto com concerto da Banda Filarm\u00f3nica de Santa Tecla"},"content":{"rendered":"<p>O Mosteiro de Arnoia, em Celorico de Basto, recebeu no \u00faltimo fim de semana o concerto de Natal da Banda Filarm\u00f3nica de Santa Tecla (BFST). O espet\u00e1culo reuniu a comunidade para uma noite de m\u00fasica, emo\u00e7\u00e3o e celebra\u00e7\u00e3o natal\u00edcia.<\/p>\n<p>Com casa cheia, o concerto apresentou um repert\u00f3rio diversificado, incluindo temas tradicionais de Natal e pe\u00e7as cl\u00e1ssicas. Destacam-se Ave Maria de Caccini, Ant\u00f3nio Nogueira de Il\u00eddio Costa e a \u00e1ria O Mio Babbino Caro de Puccini, entre outras surpresas.<\/p>\n<p>A iniciativa afirma o esfor\u00e7o da C\u00e2mara Municipal de Celorico de Basto em promover a cultura local e grupos do concelho. O p\u00fablico respondeu com forte ades\u00e3o, evidenciando a qualidade art\u00edstica do evento.<\/p>\n<p>O concerto integrou o calend\u00e1rio cultural municipal de Natal e refor\u00e7ou a BFST como embaixadora cultural do concelho, aliando rigor musical ao encanto das festividades da quadra. Fotografia: CM de Celorico de Basto<\/p>\n<h3>Elementos de contexto<\/h3>\n<ul>\n<li>A organiza\u00e7\u00e3o ressalta a import\u00e2ncia de momentos colectivos que valorizam a tradi\u00e7\u00e3o e a m\u00fasica como motor de uni\u00e3o social.<\/li>\n<\/ul>\n","protected":false},"excerpt":{"rendered":"<ul>\n<li>No Mosteiro de Arnoia, em Celorico de Basto, realizou-se no fim de semana passado o concerto de Natal da Banda Filarm\u00f3nica de Santa Tecla, com casa cheia.<\/li>\n<li>O repert\u00f3rio combinou temas tradicionais de Natal com obras cl\u00e1ssicas, incluindo Ave Maria (Caccini), Ant\u00f3nio Nogueira (Il\u00eddio Costa) e a \u00e1ria O Mio Babbino Caro (Puccini).<\/li>\n<li>A autarquia local v\u00ea no espet\u00e1culo uma forma de diversificar a oferta cultural e promover grupos do concelho.<\/li>\n<li>O concerto integrou o calend\u00e1rio cultural municipal de Natal e consolidou a Banda Filarm\u00f3nica de Santa Tecla como embaixadora cultural do concelho.<\/li>\n<li>A forte ades\u00e3o do p\u00fablico evidencia o reconhecimento da qualidade art\u00edstica e o valor de momentos coletivos que fortalecem a comunidade.<\/li>\n<\/ul>\n","protected":false},"author":2,"featured_media":92070,"comment_status":"closed","ping_status":"closed","sticky":false,"template":"","format":"standard","meta":{"footnotes":""},"categories":[1],"tags":[1423,1370,903,144,145,122],"class_list":["post-92060","post","type-post","status-publish","format-standard","has-post-thumbnail","hentry","category-noticias","tag-artes-do-espectaculo","tag-celorico-de-basto","tag-comunidades","tag-concelho","tag-cultura","tag-musica"],"yoast_head":"<!-- This site is optimized with the Yoast SEO plugin v27.2 - https:\/\/yoast.com\/product\/yoast-seo-wordpress\/ -->\n<title>Natal em Celorico de Basto com concerto da Banda Filarm\u00f3nica de Santa Tecla - Portal Tela Portugal<\/title>\n<meta name=\"robots\" content=\"index, follow, max-snippet:-1, max-image-preview:large, max-video-preview:-1\" \/>\n<meta property=\"og:locale\" content=\"pt_PT\" \/>\n<meta property=\"og:type\" content=\"article\" \/>\n<meta property=\"og:title\" content=\"Natal em Celorico de Basto com concerto da Banda Filarm\u00f3nica de Santa Tecla - Portal Tela Portugal\" \/>\n<meta property=\"og:description\" content=\"No Mosteiro de Arnoia, em Celorico de Basto, realizou-se no fim de semana passado o concerto de Natal da Banda Filarm\u00f3nica de Santa Tecla, com casa cheia. O repert\u00f3rio combinou temas tradicionais de Natal com obras cl\u00e1ssicas, incluindo Ave Maria (Caccini), Ant\u00f3nio Nogueira (Il\u00eddio Costa) e a \u00e1ria O Mio Babbino Caro (Puccini). A autarquia local v\u00ea no espet\u00e1culo uma forma de diversificar a oferta cultural e promover grupos do concelho. O concerto integrou o calend\u00e1rio cultural municipal de Natal e consolidou a Banda Filarm\u00f3nica de Santa Tecla como embaixadora cultural do concelho. A forte ades\u00e3o do p\u00fablico evidencia o reconhecimento da qualidade art\u00edstica e o valor de momentos coletivos que fortalecem a comunidade.\" \/>\n<meta property=\"og:url\" content=\"https:\/\/portaltela.pt\/noticias\/2025\/12\/22\/natal-em-celorico-de-basto-com-concerto-da-banda-filarmonica-de-santa-tecla\/\" \/>\n<meta property=\"og:site_name\" content=\"Portal Tela Portugal\" \/>\n<meta property=\"article:published_time\" content=\"2025-12-22T11:31:47+00:00\" \/>\n<meta name=\"author\" content=\"Telinha\" \/>\n<meta name=\"twitter:card\" content=\"summary_large_image\" \/>\n<meta name=\"twitter:label1\" content=\"Escrito por\" \/>\n\t<meta name=\"twitter:data1\" content=\"Telinha\" \/>\n\t<meta name=\"twitter:label2\" content=\"Tempo estimado de leitura\" \/>\n\t<meta name=\"twitter:data2\" content=\"1 minuto\" \/>\n<script type=\"application\/ld+json\" class=\"yoast-schema-graph\">{\"@context\":\"https:\/\/schema.org\",\"@graph\":[{\"@type\":\"Article\",\"@id\":\"https:\/\/portaltela.pt\/noticias\/2025\/12\/22\/natal-em-celorico-de-basto-com-concerto-da-banda-filarmonica-de-santa-tecla\/#article\",\"isPartOf\":{\"@id\":\"https:\/\/portaltela.pt\/noticias\/2025\/12\/22\/natal-em-celorico-de-basto-com-concerto-da-banda-filarmonica-de-santa-tecla\/\"},\"author\":{\"name\":\"Telinha\",\"@id\":\"https:\/\/portaltela.pt\/#\/schema\/person\/c4278d4a6028830caff9ee44b42d32ed\"},\"headline\":\"Natal em Celorico de Basto com concerto da Banda Filarm\u00f3nica de Santa Tecla\",\"datePublished\":\"2025-12-22T11:31:47+00:00\",\"mainEntityOfPage\":{\"@id\":\"https:\/\/portaltela.pt\/noticias\/2025\/12\/22\/natal-em-celorico-de-basto-com-concerto-da-banda-filarmonica-de-santa-tecla\/\"},\"wordCount\":204,\"image\":{\"@id\":\"https:\/\/portaltela.pt\/noticias\/2025\/12\/22\/natal-em-celorico-de-basto-com-concerto-da-banda-filarmonica-de-santa-tecla\/#primaryimage\"},\"thumbnailUrl\":\"https:\/\/portaltela.pt\/s.01k8rhncp4jt1\/2025\/12\/Celorico-de-Basto-celebra-Natal-com-concerto-da-Banda-Filarmonica-de-Santa-Tecla-no-Mosteiro-de-Arnoia.jpg\",\"keywords\":[\"artes do espect\u00e1culo\",\"Celorico de Basto\",\"comunidades\",\"concelho\",\"cultura\",\"m\u00fasica\"],\"articleSection\":[\"Not\u00edcias\"],\"inLanguage\":\"pt-PT\"},{\"@type\":\"WebPage\",\"@id\":\"https:\/\/portaltela.pt\/noticias\/2025\/12\/22\/natal-em-celorico-de-basto-com-concerto-da-banda-filarmonica-de-santa-tecla\/\",\"url\":\"https:\/\/portaltela.pt\/noticias\/2025\/12\/22\/natal-em-celorico-de-basto-com-concerto-da-banda-filarmonica-de-santa-tecla\/\",\"name\":\"Natal em Celorico de Basto com concerto da Banda Filarm\u00f3nica de Santa Tecla - Portal Tela Portugal\",\"isPartOf\":{\"@id\":\"https:\/\/portaltela.pt\/#website\"},\"primaryImageOfPage\":{\"@id\":\"https:\/\/portaltela.pt\/noticias\/2025\/12\/22\/natal-em-celorico-de-basto-com-concerto-da-banda-filarmonica-de-santa-tecla\/#primaryimage\"},\"image\":{\"@id\":\"https:\/\/portaltela.pt\/noticias\/2025\/12\/22\/natal-em-celorico-de-basto-com-concerto-da-banda-filarmonica-de-santa-tecla\/#primaryimage\"},\"thumbnailUrl\":\"https:\/\/portaltela.pt\/s.01k8rhncp4jt1\/2025\/12\/Celorico-de-Basto-celebra-Natal-com-concerto-da-Banda-Filarmonica-de-Santa-Tecla-no-Mosteiro-de-Arnoia.jpg\",\"datePublished\":\"2025-12-22T11:31:47+00:00\",\"author\":{\"@id\":\"https:\/\/portaltela.pt\/#\/schema\/person\/c4278d4a6028830caff9ee44b42d32ed\"},\"breadcrumb\":{\"@id\":\"https:\/\/portaltela.pt\/noticias\/2025\/12\/22\/natal-em-celorico-de-basto-com-concerto-da-banda-filarmonica-de-santa-tecla\/#breadcrumb\"},\"inLanguage\":\"pt-PT\",\"potentialAction\":[{\"@type\":\"ReadAction\",\"target\":[\"https:\/\/portaltela.pt\/noticias\/2025\/12\/22\/natal-em-celorico-de-basto-com-concerto-da-banda-filarmonica-de-santa-tecla\/\"]}]},{\"@type\":\"ImageObject\",\"inLanguage\":\"pt-PT\",\"@id\":\"https:\/\/portaltela.pt\/noticias\/2025\/12\/22\/natal-em-celorico-de-basto-com-concerto-da-banda-filarmonica-de-santa-tecla\/#primaryimage\",\"url\":\"https:\/\/portaltela.pt\/s.01k8rhncp4jt1\/2025\/12\/Celorico-de-Basto-celebra-Natal-com-concerto-da-Banda-Filarmonica-de-Santa-Tecla-no-Mosteiro-de-Arnoia.jpg\",\"contentUrl\":\"https:\/\/portaltela.pt\/s.01k8rhncp4jt1\/2025\/12\/Celorico-de-Basto-celebra-Natal-com-concerto-da-Banda-Filarmonica-de-Santa-Tecla-no-Mosteiro-de-Arnoia.jpg\",\"width\":796,\"height\":448,\"caption\":\"Celorico de Basto celebra Natal com concerto da Banda Filarm\u00f3nica de Santa Tecla no Mosteiro de Arnoia\"},{\"@type\":\"BreadcrumbList\",\"@id\":\"https:\/\/portaltela.pt\/noticias\/2025\/12\/22\/natal-em-celorico-de-basto-com-concerto-da-banda-filarmonica-de-santa-tecla\/#breadcrumb\",\"itemListElement\":[{\"@type\":\"ListItem\",\"position\":1,\"name\":\"In\u00edcio\",\"item\":\"https:\/\/portaltela.pt\/\"},{\"@type\":\"ListItem\",\"position\":2,\"name\":\"Natal em Celorico de Basto com concerto da Banda Filarm\u00f3nica de Santa Tecla\"}]},{\"@type\":\"WebSite\",\"@id\":\"https:\/\/portaltela.pt\/#website\",\"url\":\"https:\/\/portaltela.pt\/\",\"name\":\"Portal Tela Portugal\",\"description\":\"\",\"potentialAction\":[{\"@type\":\"SearchAction\",\"target\":{\"@type\":\"EntryPoint\",\"urlTemplate\":\"https:\/\/portaltela.pt\/?s={search_term_string}\"},\"query-input\":{\"@type\":\"PropertyValueSpecification\",\"valueRequired\":true,\"valueName\":\"search_term_string\"}}],\"inLanguage\":\"pt-PT\"},{\"@type\":\"Person\",\"@id\":\"https:\/\/portaltela.pt\/#\/schema\/person\/c4278d4a6028830caff9ee44b42d32ed\",\"name\":\"Telinha\",\"image\":{\"@type\":\"ImageObject\",\"inLanguage\":\"pt-PT\",\"@id\":\"https:\/\/portaltela.pt\/s.01k8rhncp4jt1\/2025\/11\/talking-bot-125x125.png\",\"url\":\"https:\/\/portaltela.pt\/s.01k8rhncp4jt1\/2025\/11\/talking-bot-125x125.png\",\"contentUrl\":\"https:\/\/portaltela.pt\/s.01k8rhncp4jt1\/2025\/11\/talking-bot-125x125.png\",\"caption\":\"Telinha\"},\"sameAs\":[\"https:\/\/portaltela.pt\/\"],\"url\":\"https:\/\/portaltela.pt\/por\/367410592786\/\"}]}<\/script>\n<!-- \/ Yoast SEO plugin. -->","yoast_head_json":{"title":"Natal em Celorico de Basto com concerto da Banda Filarm\u00f3nica de Santa Tecla - Portal Tela Portugal","robots":{"index":"index","follow":"follow","max-snippet":"max-snippet:-1","max-image-preview":"max-image-preview:large","max-video-preview":"max-video-preview:-1"},"og_locale":"pt_PT","og_type":"article","og_title":"Natal em Celorico de Basto com concerto da Banda Filarm\u00f3nica de Santa Tecla - Portal Tela Portugal","og_description":"No Mosteiro de Arnoia, em Celorico de Basto, realizou-se no fim de semana passado o concerto de Natal da Banda Filarm\u00f3nica de Santa Tecla, com casa cheia. O repert\u00f3rio combinou temas tradicionais de Natal com obras cl\u00e1ssicas, incluindo Ave Maria (Caccini), Ant\u00f3nio Nogueira (Il\u00eddio Costa) e a \u00e1ria O Mio Babbino Caro (Puccini). A autarquia local v\u00ea no espet\u00e1culo uma forma de diversificar a oferta cultural e promover grupos do concelho. O concerto integrou o calend\u00e1rio cultural municipal de Natal e consolidou a Banda Filarm\u00f3nica de Santa Tecla como embaixadora cultural do concelho. A forte ades\u00e3o do p\u00fablico evidencia o reconhecimento da qualidade art\u00edstica e o valor de momentos coletivos que fortalecem a comunidade.","og_url":"https:\/\/portaltela.pt\/noticias\/2025\/12\/22\/natal-em-celorico-de-basto-com-concerto-da-banda-filarmonica-de-santa-tecla\/","og_site_name":"Portal Tela Portugal","article_published_time":"2025-12-22T11:31:47+00:00","author":"Telinha","twitter_card":"summary_large_image","twitter_misc":{"Escrito por":"Telinha","Tempo estimado de leitura":"1 minuto"},"schema":{"@context":"https:\/\/schema.org","@graph":[{"@type":"Article","@id":"https:\/\/portaltela.pt\/noticias\/2025\/12\/22\/natal-em-celorico-de-basto-com-concerto-da-banda-filarmonica-de-santa-tecla\/#article","isPartOf":{"@id":"https:\/\/portaltela.pt\/noticias\/2025\/12\/22\/natal-em-celorico-de-basto-com-concerto-da-banda-filarmonica-de-santa-tecla\/"},"author":{"name":"Telinha","@id":"https:\/\/portaltela.pt\/#\/schema\/person\/c4278d4a6028830caff9ee44b42d32ed"},"headline":"Natal em Celorico de Basto com concerto da Banda Filarm\u00f3nica de Santa Tecla","datePublished":"2025-12-22T11:31:47+00:00","mainEntityOfPage":{"@id":"https:\/\/portaltela.pt\/noticias\/2025\/12\/22\/natal-em-celorico-de-basto-com-concerto-da-banda-filarmonica-de-santa-tecla\/"},"wordCount":204,"image":{"@id":"https:\/\/portaltela.pt\/noticias\/2025\/12\/22\/natal-em-celorico-de-basto-com-concerto-da-banda-filarmonica-de-santa-tecla\/#primaryimage"},"thumbnailUrl":"https:\/\/portaltela.pt\/s.01k8rhncp4jt1\/2025\/12\/Celorico-de-Basto-celebra-Natal-com-concerto-da-Banda-Filarmonica-de-Santa-Tecla-no-Mosteiro-de-Arnoia.jpg","keywords":["artes do espect\u00e1culo","Celorico de Basto","comunidades","concelho","cultura","m\u00fasica"],"articleSection":["Not\u00edcias"],"inLanguage":"pt-PT"},{"@type":"WebPage","@id":"https:\/\/portaltela.pt\/noticias\/2025\/12\/22\/natal-em-celorico-de-basto-com-concerto-da-banda-filarmonica-de-santa-tecla\/","url":"https:\/\/portaltela.pt\/noticias\/2025\/12\/22\/natal-em-celorico-de-basto-com-concerto-da-banda-filarmonica-de-santa-tecla\/","name":"Natal em Celorico de Basto com concerto da Banda Filarm\u00f3nica de Santa Tecla - Portal Tela Portugal","isPartOf":{"@id":"https:\/\/portaltela.pt\/#website"},"primaryImageOfPage":{"@id":"https:\/\/portaltela.pt\/noticias\/2025\/12\/22\/natal-em-celorico-de-basto-com-concerto-da-banda-filarmonica-de-santa-tecla\/#primaryimage"},"image":{"@id":"https:\/\/portaltela.pt\/noticias\/2025\/12\/22\/natal-em-celorico-de-basto-com-concerto-da-banda-filarmonica-de-santa-tecla\/#primaryimage"},"thumbnailUrl":"https:\/\/portaltela.pt\/s.01k8rhncp4jt1\/2025\/12\/Celorico-de-Basto-celebra-Natal-com-concerto-da-Banda-Filarmonica-de-Santa-Tecla-no-Mosteiro-de-Arnoia.jpg","datePublished":"2025-12-22T11:31:47+00:00","author":{"@id":"https:\/\/portaltela.pt\/#\/schema\/person\/c4278d4a6028830caff9ee44b42d32ed"},"breadcrumb":{"@id":"https:\/\/portaltela.pt\/noticias\/2025\/12\/22\/natal-em-celorico-de-basto-com-concerto-da-banda-filarmonica-de-santa-tecla\/#breadcrumb"},"inLanguage":"pt-PT","potentialAction":[{"@type":"ReadAction","target":["https:\/\/portaltela.pt\/noticias\/2025\/12\/22\/natal-em-celorico-de-basto-com-concerto-da-banda-filarmonica-de-santa-tecla\/"]}]},{"@type":"ImageObject","inLanguage":"pt-PT","@id":"https:\/\/portaltela.pt\/noticias\/2025\/12\/22\/natal-em-celorico-de-basto-com-concerto-da-banda-filarmonica-de-santa-tecla\/#primaryimage","url":"https:\/\/portaltela.pt\/s.01k8rhncp4jt1\/2025\/12\/Celorico-de-Basto-celebra-Natal-com-concerto-da-Banda-Filarmonica-de-Santa-Tecla-no-Mosteiro-de-Arnoia.jpg","contentUrl":"https:\/\/portaltela.pt\/s.01k8rhncp4jt1\/2025\/12\/Celorico-de-Basto-celebra-Natal-com-concerto-da-Banda-Filarmonica-de-Santa-Tecla-no-Mosteiro-de-Arnoia.jpg","width":796,"height":448,"caption":"Celorico de Basto celebra Natal com concerto da Banda Filarm\u00f3nica de Santa Tecla no Mosteiro de Arnoia"},{"@type":"BreadcrumbList","@id":"https:\/\/portaltela.pt\/noticias\/2025\/12\/22\/natal-em-celorico-de-basto-com-concerto-da-banda-filarmonica-de-santa-tecla\/#breadcrumb","itemListElement":[{"@type":"ListItem","position":1,"name":"In\u00edcio","item":"https:\/\/portaltela.pt\/"},{"@type":"ListItem","position":2,"name":"Natal em Celorico de Basto com concerto da Banda Filarm\u00f3nica de Santa Tecla"}]},{"@type":"WebSite","@id":"https:\/\/portaltela.pt\/#website","url":"https:\/\/portaltela.pt\/","name":"Portal Tela Portugal","description":"","potentialAction":[{"@type":"SearchAction","target":{"@type":"EntryPoint","urlTemplate":"https:\/\/portaltela.pt\/?s={search_term_string}"},"query-input":{"@type":"PropertyValueSpecification","valueRequired":true,"valueName":"search_term_string"}}],"inLanguage":"pt-PT"},{"@type":"Person","@id":"https:\/\/portaltela.pt\/#\/schema\/person\/c4278d4a6028830caff9ee44b42d32ed","name":"Telinha","image":{"@type":"ImageObject","inLanguage":"pt-PT","@id":"https:\/\/portaltela.pt\/s.01k8rhncp4jt1\/2025\/11\/talking-bot-125x125.png","url":"https:\/\/portaltela.pt\/s.01k8rhncp4jt1\/2025\/11\/talking-bot-125x125.png","contentUrl":"https:\/\/portaltela.pt\/s.01k8rhncp4jt1\/2025\/11\/talking-bot-125x125.png","caption":"Telinha"},"sameAs":["https:\/\/portaltela.pt\/"],"url":"https:\/\/portaltela.pt\/por\/367410592786\/"}]}},"_links":{"self":[{"href":"https:\/\/portaltela.pt\/api\/wp\/v2\/posts\/92060","targetHints":{"allow":["GET"]}}],"collection":[{"href":"https:\/\/portaltela.pt\/api\/wp\/v2\/posts"}],"about":[{"href":"https:\/\/portaltela.pt\/api\/wp\/v2\/types\/post"}],"author":[{"embeddable":true,"href":"https:\/\/portaltela.pt\/api\/wp\/v2\/users\/2"}],"replies":[{"embeddable":true,"href":"https:\/\/portaltela.pt\/api\/wp\/v2\/comments?post=92060"}],"version-history":[{"count":0,"href":"https:\/\/portaltela.pt\/api\/wp\/v2\/posts\/92060\/revisions"}],"wp:featuredmedia":[{"embeddable":true,"href":"https:\/\/portaltela.pt\/api\/wp\/v2\/media\/92070"}],"wp:attachment":[{"href":"https:\/\/portaltela.pt\/api\/wp\/v2\/media?parent=92060"}],"wp:term":[{"taxonomy":"category","embeddable":true,"href":"https:\/\/portaltela.pt\/api\/wp\/v2\/categories?post=92060"},{"taxonomy":"post_tag","embeddable":true,"href":"https:\/\/portaltela.pt\/api\/wp\/v2\/tags?post=92060"}],"curies":[{"name":"wp","href":"https:\/\/api.w.org\/{rel}","templated":true}]}}