{"id":92049,"date":"2025-12-22T08:29:00","date_gmt":"2025-12-22T11:29:00","guid":{"rendered":"https:\/\/portaltela.pt\/noticias\/2025\/12\/22\/medicina-da-uminho-celebra-25-anos-e-planeia-centro-clinico-academico\/"},"modified":"2025-12-22T08:29:00","modified_gmt":"2025-12-22T11:29:00","slug":"medicina-da-uminho-celebra-25-anos-e-planeia-centro-clinico-academico","status":"publish","type":"post","link":"https:\/\/portaltela.pt\/noticias\/2025\/12\/22\/medicina-da-uminho-celebra-25-anos-e-planeia-centro-clinico-academico\/","title":{"rendered":"Medicina da UMinho celebra 25 anos e planeia Centro Cl\u00ednico Acad\u00e9mico"},"content":{"rendered":"<p>A Escola de Medicina da Universidade do Minho (EMUM) encerrou recentemente as celebra\u00e7\u00f5es dos 25 anos de exist\u00eancia. O marco coincide com a evolu\u00e7\u00e3o do ensino, que desde o in\u00edcio privilegiou o contacto precoce dos estudantes com doentes e agora incorpora um curr\u00edculo constru\u00eddo pelos pr\u00f3prios alunos.<\/p>\n<p>O ensino pioneiro da EMUM foi desenhado para permitir aos estudantes interagir com pacientes desde as primeiras fases da forma\u00e7\u00e3o. Em 2024, a UMinho celebrou 50 anos, e o atual plano curricular j\u00e1 introduz altera\u00e7\u00f5es relevantes, com os graduados do pr\u00f3ximo ano letivo a emergirem num modelo em que o estudante define parte do pr\u00f3prio percurso.<\/p>\n<p>O presidente da EMUM, Jorge Correia Pinto, afirma que o objetivo \u00e9 chegar a um Centro Cl\u00ednico Acad\u00e9mico do Minho. O projeto envolveria a universidade, as unidades locais de sa\u00fade (ULS) do Alto Ave, Alto Minho e Braga, bem como outros agentes do setor.<\/p>\n<h3>Perspetiva de futuro e parcerias<\/h3>\n<p>Este Centro Cl\u00ednico Acad\u00e9mico surge como vis\u00e3o para a coopera\u00e7\u00e3o entre institui\u00e7\u00e3o, servi\u00e7os de sa\u00fade regionais e parceiros externos. A meta \u00e9 consolidar uma estrutura integrada que ligue forma\u00e7\u00e3o, pr\u00e1tica cl\u00ednica e investiga\u00e7\u00e3o, assegurando maior continuidade entre ensino e presta\u00e7\u00e3o de cuidados.<\/p>\n<p>A EMUM refor\u00e7a que as mudan\u00e7as curriculares refletem necessidades de forma\u00e7\u00e3o mais adaptadas aos interesses e aptid\u00f5es dos alunos. Os primeiros graduados sob o novo regime dever\u00e3o concluir o curso j\u00e1 com esse envolvimento ativo em projetos e trajet\u00f3rias personalizadas.<\/p>\n","protected":false},"excerpt":{"rendered":"<ul>\n<li>A Escola de Medicina da Universidade do Minho (EMUM) encerrou as comemora\u00e7\u00f5es dos seus vinte e cinco anos.<\/li>\n<li>A universidade j\u00e1 celebrou cinquenta anos em 2024, mantendo o foco na forma\u00e7\u00e3o de m\u00e9dicos.<\/li>\n<li>O curso inovou ao colocar os estudantes em contacto com doentes desde os primeiros anos.<\/li>\n<li>Este ano letivo saem os primeiros graduados do novo modelo, com o aluno a construir ativamente o seu percurso.<\/li>\n<li>O presidente da EMUM, Jorge Correia Pinto, pretende criar um Centro Cl\u00ednico Acad\u00e9mico do Minho que re\u00fana a universidade, as unidades locais de sa\u00fade das regi\u00f5es de Alto Ave, Alto Minho e Braga e outros agentes.<\/li>\n<\/ul>\n","protected":false},"author":2,"featured_media":92050,"comment_status":"closed","ping_status":"closed","sticky":false,"template":"","format":"standard","meta":{"footnotes":""},"categories":[1],"tags":[1773,1207,163,215,172,58],"class_list":["post-92049","post","type-post","status-publish","format-standard","has-post-thumbnail","hentry","category-noticias","tag-alto-ave","tag-braga","tag-educacao","tag-investigacao","tag-saude","tag-universidades"],"yoast_head":"<!-- This site is optimized with the Yoast SEO plugin v27.2 - https:\/\/yoast.com\/product\/yoast-seo-wordpress\/ -->\n<title>Medicina da UMinho celebra 25 anos e planeia Centro Cl\u00ednico Acad\u00e9mico - Portal Tela Portugal<\/title>\n<meta name=\"robots\" content=\"index, follow, max-snippet:-1, max-image-preview:large, max-video-preview:-1\" \/>\n<meta property=\"og:locale\" content=\"pt_PT\" \/>\n<meta property=\"og:type\" content=\"article\" \/>\n<meta property=\"og:title\" content=\"Medicina da UMinho celebra 25 anos e planeia Centro Cl\u00ednico Acad\u00e9mico - Portal Tela Portugal\" \/>\n<meta property=\"og:description\" content=\"A Escola de Medicina da Universidade do Minho (EMUM) encerrou as comemora\u00e7\u00f5es dos seus vinte e cinco anos. A universidade j\u00e1 celebrou cinquenta anos em 2024, mantendo o foco na forma\u00e7\u00e3o de m\u00e9dicos. O curso inovou ao colocar os estudantes em contacto com doentes desde os primeiros anos. Este ano letivo saem os primeiros graduados do novo modelo, com o aluno a construir ativamente o seu percurso. O presidente da EMUM, Jorge Correia Pinto, pretende criar um Centro Cl\u00ednico Acad\u00e9mico do Minho que re\u00fana a universidade, as unidades locais de sa\u00fade das regi\u00f5es de Alto Ave, Alto Minho e Braga e outros agentes.\" \/>\n<meta property=\"og:url\" content=\"https:\/\/portaltela.pt\/noticias\/2025\/12\/22\/medicina-da-uminho-celebra-25-anos-e-planeia-centro-clinico-academico\/\" \/>\n<meta property=\"og:site_name\" content=\"Portal Tela Portugal\" \/>\n<meta property=\"article:published_time\" content=\"2025-12-22T11:29:00+00:00\" \/>\n<meta name=\"author\" content=\"Telinha\" \/>\n<meta name=\"twitter:card\" content=\"summary_large_image\" \/>\n<meta name=\"twitter:label1\" content=\"Escrito por\" \/>\n\t<meta name=\"twitter:data1\" content=\"Telinha\" \/>\n\t<meta name=\"twitter:label2\" content=\"Tempo estimado de leitura\" \/>\n\t<meta name=\"twitter:data2\" content=\"1 minuto\" \/>\n<script type=\"application\/ld+json\" class=\"yoast-schema-graph\">{\"@context\":\"https:\/\/schema.org\",\"@graph\":[{\"@type\":\"Article\",\"@id\":\"https:\/\/portaltela.pt\/noticias\/2025\/12\/22\/medicina-da-uminho-celebra-25-anos-e-planeia-centro-clinico-academico\/#article\",\"isPartOf\":{\"@id\":\"https:\/\/portaltela.pt\/noticias\/2025\/12\/22\/medicina-da-uminho-celebra-25-anos-e-planeia-centro-clinico-academico\/\"},\"author\":{\"name\":\"Telinha\",\"@id\":\"https:\/\/portaltela.pt\/#\/schema\/person\/c4278d4a6028830caff9ee44b42d32ed\"},\"headline\":\"Medicina da UMinho celebra 25 anos e planeia Centro Cl\u00ednico Acad\u00e9mico\",\"datePublished\":\"2025-12-22T11:29:00+00:00\",\"mainEntityOfPage\":{\"@id\":\"https:\/\/portaltela.pt\/noticias\/2025\/12\/22\/medicina-da-uminho-celebra-25-anos-e-planeia-centro-clinico-academico\/\"},\"wordCount\":273,\"image\":{\"@id\":\"https:\/\/portaltela.pt\/noticias\/2025\/12\/22\/medicina-da-uminho-celebra-25-anos-e-planeia-centro-clinico-academico\/#primaryimage\"},\"thumbnailUrl\":\"https:\/\/portaltela.pt\/s.01k8rhncp4jt1\/2025\/12\/image-825.jpg\",\"keywords\":[\"Alto Ave\",\"Braga\",\"educa\u00e7\u00e3o\",\"investiga\u00e7\u00e3o\",\"sa\u00fade\",\"universidades\"],\"articleSection\":[\"Not\u00edcias\"],\"inLanguage\":\"pt-PT\"},{\"@type\":\"WebPage\",\"@id\":\"https:\/\/portaltela.pt\/noticias\/2025\/12\/22\/medicina-da-uminho-celebra-25-anos-e-planeia-centro-clinico-academico\/\",\"url\":\"https:\/\/portaltela.pt\/noticias\/2025\/12\/22\/medicina-da-uminho-celebra-25-anos-e-planeia-centro-clinico-academico\/\",\"name\":\"Medicina da UMinho celebra 25 anos e planeia Centro Cl\u00ednico Acad\u00e9mico - Portal Tela Portugal\",\"isPartOf\":{\"@id\":\"https:\/\/portaltela.pt\/#website\"},\"primaryImageOfPage\":{\"@id\":\"https:\/\/portaltela.pt\/noticias\/2025\/12\/22\/medicina-da-uminho-celebra-25-anos-e-planeia-centro-clinico-academico\/#primaryimage\"},\"image\":{\"@id\":\"https:\/\/portaltela.pt\/noticias\/2025\/12\/22\/medicina-da-uminho-celebra-25-anos-e-planeia-centro-clinico-academico\/#primaryimage\"},\"thumbnailUrl\":\"https:\/\/portaltela.pt\/s.01k8rhncp4jt1\/2025\/12\/image-825.jpg\",\"datePublished\":\"2025-12-22T11:29:00+00:00\",\"author\":{\"@id\":\"https:\/\/portaltela.pt\/#\/schema\/person\/c4278d4a6028830caff9ee44b42d32ed\"},\"breadcrumb\":{\"@id\":\"https:\/\/portaltela.pt\/noticias\/2025\/12\/22\/medicina-da-uminho-celebra-25-anos-e-planeia-centro-clinico-academico\/#breadcrumb\"},\"inLanguage\":\"pt-PT\",\"potentialAction\":[{\"@type\":\"ReadAction\",\"target\":[\"https:\/\/portaltela.pt\/noticias\/2025\/12\/22\/medicina-da-uminho-celebra-25-anos-e-planeia-centro-clinico-academico\/\"]}]},{\"@type\":\"ImageObject\",\"inLanguage\":\"pt-PT\",\"@id\":\"https:\/\/portaltela.pt\/noticias\/2025\/12\/22\/medicina-da-uminho-celebra-25-anos-e-planeia-centro-clinico-academico\/#primaryimage\",\"url\":\"https:\/\/portaltela.pt\/s.01k8rhncp4jt1\/2025\/12\/image-825.jpg\",\"contentUrl\":\"https:\/\/portaltela.pt\/s.01k8rhncp4jt1\/2025\/12\/image-825.jpg\",\"width\":796,\"height\":448,\"caption\":\"Escola de Medicina da Universidade do Minho, no Campus de Gualtar, em Braga, aposta nas aulas pr\u00e1ticas\"},{\"@type\":\"BreadcrumbList\",\"@id\":\"https:\/\/portaltela.pt\/noticias\/2025\/12\/22\/medicina-da-uminho-celebra-25-anos-e-planeia-centro-clinico-academico\/#breadcrumb\",\"itemListElement\":[{\"@type\":\"ListItem\",\"position\":1,\"name\":\"In\u00edcio\",\"item\":\"https:\/\/portaltela.pt\/\"},{\"@type\":\"ListItem\",\"position\":2,\"name\":\"Medicina da UMinho celebra 25 anos e planeia Centro Cl\u00ednico Acad\u00e9mico\"}]},{\"@type\":\"WebSite\",\"@id\":\"https:\/\/portaltela.pt\/#website\",\"url\":\"https:\/\/portaltela.pt\/\",\"name\":\"Portal Tela Portugal\",\"description\":\"\",\"potentialAction\":[{\"@type\":\"SearchAction\",\"target\":{\"@type\":\"EntryPoint\",\"urlTemplate\":\"https:\/\/portaltela.pt\/?s={search_term_string}\"},\"query-input\":{\"@type\":\"PropertyValueSpecification\",\"valueRequired\":true,\"valueName\":\"search_term_string\"}}],\"inLanguage\":\"pt-PT\"},{\"@type\":\"Person\",\"@id\":\"https:\/\/portaltela.pt\/#\/schema\/person\/c4278d4a6028830caff9ee44b42d32ed\",\"name\":\"Telinha\",\"image\":{\"@type\":\"ImageObject\",\"inLanguage\":\"pt-PT\",\"@id\":\"https:\/\/portaltela.pt\/s.01k8rhncp4jt1\/2025\/11\/talking-bot-125x125.png\",\"url\":\"https:\/\/portaltela.pt\/s.01k8rhncp4jt1\/2025\/11\/talking-bot-125x125.png\",\"contentUrl\":\"https:\/\/portaltela.pt\/s.01k8rhncp4jt1\/2025\/11\/talking-bot-125x125.png\",\"caption\":\"Telinha\"},\"sameAs\":[\"https:\/\/portaltela.pt\/\"],\"url\":\"https:\/\/portaltela.pt\/por\/367410592786\/\"}]}<\/script>\n<!-- \/ Yoast SEO plugin. -->","yoast_head_json":{"title":"Medicina da UMinho celebra 25 anos e planeia Centro Cl\u00ednico Acad\u00e9mico - Portal Tela Portugal","robots":{"index":"index","follow":"follow","max-snippet":"max-snippet:-1","max-image-preview":"max-image-preview:large","max-video-preview":"max-video-preview:-1"},"og_locale":"pt_PT","og_type":"article","og_title":"Medicina da UMinho celebra 25 anos e planeia Centro Cl\u00ednico Acad\u00e9mico - Portal Tela Portugal","og_description":"A Escola de Medicina da Universidade do Minho (EMUM) encerrou as comemora\u00e7\u00f5es dos seus vinte e cinco anos. A universidade j\u00e1 celebrou cinquenta anos em 2024, mantendo o foco na forma\u00e7\u00e3o de m\u00e9dicos. O curso inovou ao colocar os estudantes em contacto com doentes desde os primeiros anos. Este ano letivo saem os primeiros graduados do novo modelo, com o aluno a construir ativamente o seu percurso. O presidente da EMUM, Jorge Correia Pinto, pretende criar um Centro Cl\u00ednico Acad\u00e9mico do Minho que re\u00fana a universidade, as unidades locais de sa\u00fade das regi\u00f5es de Alto Ave, Alto Minho e Braga e outros agentes.","og_url":"https:\/\/portaltela.pt\/noticias\/2025\/12\/22\/medicina-da-uminho-celebra-25-anos-e-planeia-centro-clinico-academico\/","og_site_name":"Portal Tela Portugal","article_published_time":"2025-12-22T11:29:00+00:00","author":"Telinha","twitter_card":"summary_large_image","twitter_misc":{"Escrito por":"Telinha","Tempo estimado de leitura":"1 minuto"},"schema":{"@context":"https:\/\/schema.org","@graph":[{"@type":"Article","@id":"https:\/\/portaltela.pt\/noticias\/2025\/12\/22\/medicina-da-uminho-celebra-25-anos-e-planeia-centro-clinico-academico\/#article","isPartOf":{"@id":"https:\/\/portaltela.pt\/noticias\/2025\/12\/22\/medicina-da-uminho-celebra-25-anos-e-planeia-centro-clinico-academico\/"},"author":{"name":"Telinha","@id":"https:\/\/portaltela.pt\/#\/schema\/person\/c4278d4a6028830caff9ee44b42d32ed"},"headline":"Medicina da UMinho celebra 25 anos e planeia Centro Cl\u00ednico Acad\u00e9mico","datePublished":"2025-12-22T11:29:00+00:00","mainEntityOfPage":{"@id":"https:\/\/portaltela.pt\/noticias\/2025\/12\/22\/medicina-da-uminho-celebra-25-anos-e-planeia-centro-clinico-academico\/"},"wordCount":273,"image":{"@id":"https:\/\/portaltela.pt\/noticias\/2025\/12\/22\/medicina-da-uminho-celebra-25-anos-e-planeia-centro-clinico-academico\/#primaryimage"},"thumbnailUrl":"https:\/\/portaltela.pt\/s.01k8rhncp4jt1\/2025\/12\/image-825.jpg","keywords":["Alto Ave","Braga","educa\u00e7\u00e3o","investiga\u00e7\u00e3o","sa\u00fade","universidades"],"articleSection":["Not\u00edcias"],"inLanguage":"pt-PT"},{"@type":"WebPage","@id":"https:\/\/portaltela.pt\/noticias\/2025\/12\/22\/medicina-da-uminho-celebra-25-anos-e-planeia-centro-clinico-academico\/","url":"https:\/\/portaltela.pt\/noticias\/2025\/12\/22\/medicina-da-uminho-celebra-25-anos-e-planeia-centro-clinico-academico\/","name":"Medicina da UMinho celebra 25 anos e planeia Centro Cl\u00ednico Acad\u00e9mico - Portal Tela Portugal","isPartOf":{"@id":"https:\/\/portaltela.pt\/#website"},"primaryImageOfPage":{"@id":"https:\/\/portaltela.pt\/noticias\/2025\/12\/22\/medicina-da-uminho-celebra-25-anos-e-planeia-centro-clinico-academico\/#primaryimage"},"image":{"@id":"https:\/\/portaltela.pt\/noticias\/2025\/12\/22\/medicina-da-uminho-celebra-25-anos-e-planeia-centro-clinico-academico\/#primaryimage"},"thumbnailUrl":"https:\/\/portaltela.pt\/s.01k8rhncp4jt1\/2025\/12\/image-825.jpg","datePublished":"2025-12-22T11:29:00+00:00","author":{"@id":"https:\/\/portaltela.pt\/#\/schema\/person\/c4278d4a6028830caff9ee44b42d32ed"},"breadcrumb":{"@id":"https:\/\/portaltela.pt\/noticias\/2025\/12\/22\/medicina-da-uminho-celebra-25-anos-e-planeia-centro-clinico-academico\/#breadcrumb"},"inLanguage":"pt-PT","potentialAction":[{"@type":"ReadAction","target":["https:\/\/portaltela.pt\/noticias\/2025\/12\/22\/medicina-da-uminho-celebra-25-anos-e-planeia-centro-clinico-academico\/"]}]},{"@type":"ImageObject","inLanguage":"pt-PT","@id":"https:\/\/portaltela.pt\/noticias\/2025\/12\/22\/medicina-da-uminho-celebra-25-anos-e-planeia-centro-clinico-academico\/#primaryimage","url":"https:\/\/portaltela.pt\/s.01k8rhncp4jt1\/2025\/12\/image-825.jpg","contentUrl":"https:\/\/portaltela.pt\/s.01k8rhncp4jt1\/2025\/12\/image-825.jpg","width":796,"height":448,"caption":"Escola de Medicina da Universidade do Minho, no Campus de Gualtar, em Braga, aposta nas aulas pr\u00e1ticas"},{"@type":"BreadcrumbList","@id":"https:\/\/portaltela.pt\/noticias\/2025\/12\/22\/medicina-da-uminho-celebra-25-anos-e-planeia-centro-clinico-academico\/#breadcrumb","itemListElement":[{"@type":"ListItem","position":1,"name":"In\u00edcio","item":"https:\/\/portaltela.pt\/"},{"@type":"ListItem","position":2,"name":"Medicina da UMinho celebra 25 anos e planeia Centro Cl\u00ednico Acad\u00e9mico"}]},{"@type":"WebSite","@id":"https:\/\/portaltela.pt\/#website","url":"https:\/\/portaltela.pt\/","name":"Portal Tela Portugal","description":"","potentialAction":[{"@type":"SearchAction","target":{"@type":"EntryPoint","urlTemplate":"https:\/\/portaltela.pt\/?s={search_term_string}"},"query-input":{"@type":"PropertyValueSpecification","valueRequired":true,"valueName":"search_term_string"}}],"inLanguage":"pt-PT"},{"@type":"Person","@id":"https:\/\/portaltela.pt\/#\/schema\/person\/c4278d4a6028830caff9ee44b42d32ed","name":"Telinha","image":{"@type":"ImageObject","inLanguage":"pt-PT","@id":"https:\/\/portaltela.pt\/s.01k8rhncp4jt1\/2025\/11\/talking-bot-125x125.png","url":"https:\/\/portaltela.pt\/s.01k8rhncp4jt1\/2025\/11\/talking-bot-125x125.png","contentUrl":"https:\/\/portaltela.pt\/s.01k8rhncp4jt1\/2025\/11\/talking-bot-125x125.png","caption":"Telinha"},"sameAs":["https:\/\/portaltela.pt\/"],"url":"https:\/\/portaltela.pt\/por\/367410592786\/"}]}},"_links":{"self":[{"href":"https:\/\/portaltela.pt\/api\/wp\/v2\/posts\/92049","targetHints":{"allow":["GET"]}}],"collection":[{"href":"https:\/\/portaltela.pt\/api\/wp\/v2\/posts"}],"about":[{"href":"https:\/\/portaltela.pt\/api\/wp\/v2\/types\/post"}],"author":[{"embeddable":true,"href":"https:\/\/portaltela.pt\/api\/wp\/v2\/users\/2"}],"replies":[{"embeddable":true,"href":"https:\/\/portaltela.pt\/api\/wp\/v2\/comments?post=92049"}],"version-history":[{"count":0,"href":"https:\/\/portaltela.pt\/api\/wp\/v2\/posts\/92049\/revisions"}],"wp:featuredmedia":[{"embeddable":true,"href":"https:\/\/portaltela.pt\/api\/wp\/v2\/media\/92050"}],"wp:attachment":[{"href":"https:\/\/portaltela.pt\/api\/wp\/v2\/media?parent=92049"}],"wp:term":[{"taxonomy":"category","embeddable":true,"href":"https:\/\/portaltela.pt\/api\/wp\/v2\/categories?post=92049"},{"taxonomy":"post_tag","embeddable":true,"href":"https:\/\/portaltela.pt\/api\/wp\/v2\/tags?post=92049"}],"curies":[{"name":"wp","href":"https:\/\/api.w.org\/{rel}","templated":true}]}}