{"id":92001,"date":"2025-12-22T08:12:25","date_gmt":"2025-12-22T11:12:25","guid":{"rendered":"https:\/\/portaltela.pt\/noticias\/2025\/12\/22\/felgueiras-conclui-pisa-for-schools-com-332-alunos-de-15-anos\/"},"modified":"2025-12-22T08:12:25","modified_gmt":"2025-12-22T11:12:25","slug":"felgueiras-conclui-pisa-for-schools-com-332-alunos-de-15-anos","status":"publish","type":"post","link":"https:\/\/portaltela.pt\/noticias\/2025\/12\/22\/felgueiras-conclui-pisa-for-schools-com-332-alunos-de-15-anos\/","title":{"rendered":"Felgueiras conclui PISA for Schools com 332 alunos de 15 anos"},"content":{"rendered":"<p>Entre novembro e dezembro de 2025, 332 alunos com 15 anos dos Agrupamentos de Air\u00e3es, Id\u00e3es, D. Manuel Faria e Sousa, Dr. Machado Matos, Lixa e da Escola N\u00e3o Agrupada participaram na fase pr\u00e1tica do PISA for Schools. O teste encerrou a avalia\u00e7\u00e3o pr\u00e1tica no concelho de Felgueiras, integrando resultados com contexto socioecon\u00f3mico e bem-estar estudantil.<\/p>\n<p>O PISA for Schools \u00e9 uma iniciativa do Instituto de Avalia\u00e7\u00e3o Educativa (IAVE), realizada em colabora\u00e7\u00e3o com a comunidade educativa local. Integra o Plano Integrado de Promo\u00e7\u00e3o do Sucesso Escolar (PIPSE) no eixo de Avalia\u00e7\u00e3o e Monitoriza\u00e7\u00e3o, com foco em leitura, matem\u00e1tica, ci\u00eancias, clima escolar e atitudes de aprendizagem.<\/p>\n<p>A iniciativa, iniciada com capacita\u00e7\u00e3o de docentes em abril de 2025, pretende cruzar os resultados acad\u00e9micos com o contexto socioecon\u00f3mico dos alunos. O objetivo \u00e9 promover a\u00e7\u00f5es colaborativas e melhorar o desempenho escolar, no quadro do NORTE2030-2024\/5 em parceria com a CIM-TS.<\/p>\n<h3>Contexto e Objetivos<\/h3>\n<p>A interven\u00e7\u00e3o est\u00e1 alinhada com o objetivo de monitorizar fatores de bem-estar e rela\u00e7\u00f5es entre docentes e alunos. Os dados recolhidos permitir\u00e3o identificar estrat\u00e9gias de melhoria cont\u00ednua do ensino nos agrupamentos do munic\u00edpio.<\/p>\n<h3>Resultados e Monitoriza\u00e7\u00e3o<\/h3>\n<p>A sistematiza\u00e7\u00e3o dos indicadores permitir\u00e1 \u00e0 comunidade educativa adotar medidas de promo\u00e7\u00e3o do sucesso escolar. O acompanhamento ter\u00e1 impacto a curto e longo prazo, com divulga\u00e7\u00e3o de resultados \u00e0 comunidade educativa.<\/p>\n<p>O PISA for Schools refor\u00e7a o compromisso de Felgueiras com uma educa\u00e7\u00e3o de qualidade e inova\u00e7\u00e3o pedag\u00f3gica, integrando a estrat\u00e9gia municipal para promover o sucesso educativo. Fotografia: CM de Felgueiras<\/p>\n","protected":false},"excerpt":{"rendered":"<ul>\n<li>Entre novembro e dezembro de 2025, 332 alunos com 15 anos dos agrupamentos de Air\u00e3es, Id\u00e3es, D. Manuel Faria e Sousa, Dr. Machado Matos, Lixa e da Escola N\u00e3o Agrupada participaram na fase pr\u00e1tica do PISA for Schools em Felgueiras.<\/li>\n<li>O PISA for Schools, promovido pelo Instituto de Avalia\u00e7\u00e3o Educativa (IAVE) em colabora\u00e7\u00e3o com a comunidade educativa, est\u00e1 inserido no Plano Integrado de Promo\u00e7\u00e3o do Sucesso Escolar (PIPSE) do munic\u00edpio, no eixo Avalia\u00e7\u00e3o e Monitoriza\u00e7\u00e3o.<\/li>\n<li>O objetivo \u00e9 avaliar compet\u00eancias em leitura, matem\u00e1tica e ci\u00eancias, bem como o clima escolar, as rela\u00e7\u00f5es docentes-alunos, o envolvimento, as compet\u00eancias socioemocionais e o bem-estar dos estudantes.<\/li>\n<li>A iniciativa cruza os resultados com o contexto socioecon\u00f3mico e as atitudes de aprendizagem, permitindo desenvolver atividades colaborativas e estrat\u00e9gias de melhoria cont\u00ednua.<\/li>\n<li>O projeto teve in\u00edcio em abril de 2025, com capacita\u00e7\u00e3o de docentes e l\u00edderes escolares, e ser\u00e1 monitorizado a curto e longo prazo, contribuindo para pol\u00edticas p\u00fablicas de educa\u00e7\u00e3o alinhadas com NORTE2030 e com a CIM do T\u00e2mega e Sousa.<\/li>\n<\/ul>\n","protected":false},"author":2,"featured_media":92006,"comment_status":"closed","ping_status":"closed","sticky":false,"template":"","format":"standard","meta":{"footnotes":""},"categories":[1],"tags":[206,1795,477,163,215],"class_list":["post-92001","post","type-post","status-publish","format-standard","has-post-thumbnail","hentry","category-noticias","tag-analise","tag-clima-escolar","tag-desempenho","tag-educacao","tag-investigacao"],"yoast_head":"<!-- This site is optimized with the Yoast SEO plugin v27.2 - https:\/\/yoast.com\/product\/yoast-seo-wordpress\/ -->\n<title>Felgueiras conclui PISA for Schools com 332 alunos de 15 anos - Portal Tela Portugal<\/title>\n<meta name=\"robots\" content=\"index, follow, max-snippet:-1, max-image-preview:large, max-video-preview:-1\" \/>\n<meta property=\"og:locale\" content=\"pt_PT\" \/>\n<meta property=\"og:type\" content=\"article\" \/>\n<meta property=\"og:title\" content=\"Felgueiras conclui PISA for Schools com 332 alunos de 15 anos - Portal Tela Portugal\" \/>\n<meta property=\"og:description\" content=\"Entre novembro e dezembro de 2025, 332 alunos com 15 anos dos agrupamentos de Air\u00e3es, Id\u00e3es, D. Manuel Faria e Sousa, Dr. Machado Matos, Lixa e da Escola N\u00e3o Agrupada participaram na fase pr\u00e1tica do PISA for Schools em Felgueiras. O PISA for Schools, promovido pelo Instituto de Avalia\u00e7\u00e3o Educativa (IAVE) em colabora\u00e7\u00e3o com a comunidade educativa, est\u00e1 inserido no Plano Integrado de Promo\u00e7\u00e3o do Sucesso Escolar (PIPSE) do munic\u00edpio, no eixo Avalia\u00e7\u00e3o e Monitoriza\u00e7\u00e3o. O objetivo \u00e9 avaliar compet\u00eancias em leitura, matem\u00e1tica e ci\u00eancias, bem como o clima escolar, as rela\u00e7\u00f5es docentes-alunos, o envolvimento, as compet\u00eancias socioemocionais e o bem-estar dos estudantes. A iniciativa cruza os resultados com o contexto socioecon\u00f3mico e as atitudes de aprendizagem, permitindo desenvolver atividades colaborativas e estrat\u00e9gias de melhoria cont\u00ednua. O projeto teve in\u00edcio em abril de 2025, com capacita\u00e7\u00e3o de docentes e l\u00edderes escolares, e ser\u00e1 monitorizado a curto e longo prazo, contribuindo para pol\u00edticas p\u00fablicas de educa\u00e7\u00e3o alinhadas com NORTE2030 e com a CIM do T\u00e2mega e Sousa.\" \/>\n<meta property=\"og:url\" content=\"https:\/\/portaltela.pt\/noticias\/2025\/12\/22\/felgueiras-conclui-pisa-for-schools-com-332-alunos-de-15-anos\/\" \/>\n<meta property=\"og:site_name\" content=\"Portal Tela Portugal\" \/>\n<meta property=\"article:published_time\" content=\"2025-12-22T11:12:25+00:00\" \/>\n<meta name=\"author\" content=\"Telinha\" \/>\n<meta name=\"twitter:card\" content=\"summary_large_image\" \/>\n<meta name=\"twitter:label1\" content=\"Escrito por\" \/>\n\t<meta name=\"twitter:data1\" content=\"Telinha\" \/>\n\t<meta name=\"twitter:label2\" content=\"Tempo estimado de leitura\" \/>\n\t<meta name=\"twitter:data2\" content=\"1 minuto\" \/>\n<script type=\"application\/ld+json\" class=\"yoast-schema-graph\">{\"@context\":\"https:\/\/schema.org\",\"@graph\":[{\"@type\":\"Article\",\"@id\":\"https:\/\/portaltela.pt\/noticias\/2025\/12\/22\/felgueiras-conclui-pisa-for-schools-com-332-alunos-de-15-anos\/#article\",\"isPartOf\":{\"@id\":\"https:\/\/portaltela.pt\/noticias\/2025\/12\/22\/felgueiras-conclui-pisa-for-schools-com-332-alunos-de-15-anos\/\"},\"author\":{\"name\":\"Telinha\",\"@id\":\"https:\/\/portaltela.pt\/#\/schema\/person\/c4278d4a6028830caff9ee44b42d32ed\"},\"headline\":\"Felgueiras conclui PISA for Schools com 332 alunos de 15 anos\",\"datePublished\":\"2025-12-22T11:12:25+00:00\",\"mainEntityOfPage\":{\"@id\":\"https:\/\/portaltela.pt\/noticias\/2025\/12\/22\/felgueiras-conclui-pisa-for-schools-com-332-alunos-de-15-anos\/\"},\"wordCount\":282,\"image\":{\"@id\":\"https:\/\/portaltela.pt\/noticias\/2025\/12\/22\/felgueiras-conclui-pisa-for-schools-com-332-alunos-de-15-anos\/#primaryimage\"},\"thumbnailUrl\":\"https:\/\/portaltela.pt\/s.01k8rhncp4jt1\/2025\/12\/unnamed-file-1057.jpg\",\"keywords\":[\"an\u00e1lise\",\"clima escolar\",\"desempenho\",\"educa\u00e7\u00e3o\",\"investiga\u00e7\u00e3o\"],\"articleSection\":[\"Not\u00edcias\"],\"inLanguage\":\"pt-PT\"},{\"@type\":\"WebPage\",\"@id\":\"https:\/\/portaltela.pt\/noticias\/2025\/12\/22\/felgueiras-conclui-pisa-for-schools-com-332-alunos-de-15-anos\/\",\"url\":\"https:\/\/portaltela.pt\/noticias\/2025\/12\/22\/felgueiras-conclui-pisa-for-schools-com-332-alunos-de-15-anos\/\",\"name\":\"Felgueiras conclui PISA for Schools com 332 alunos de 15 anos - Portal Tela Portugal\",\"isPartOf\":{\"@id\":\"https:\/\/portaltela.pt\/#website\"},\"primaryImageOfPage\":{\"@id\":\"https:\/\/portaltela.pt\/noticias\/2025\/12\/22\/felgueiras-conclui-pisa-for-schools-com-332-alunos-de-15-anos\/#primaryimage\"},\"image\":{\"@id\":\"https:\/\/portaltela.pt\/noticias\/2025\/12\/22\/felgueiras-conclui-pisa-for-schools-com-332-alunos-de-15-anos\/#primaryimage\"},\"thumbnailUrl\":\"https:\/\/portaltela.pt\/s.01k8rhncp4jt1\/2025\/12\/unnamed-file-1057.jpg\",\"datePublished\":\"2025-12-22T11:12:25+00:00\",\"author\":{\"@id\":\"https:\/\/portaltela.pt\/#\/schema\/person\/c4278d4a6028830caff9ee44b42d32ed\"},\"breadcrumb\":{\"@id\":\"https:\/\/portaltela.pt\/noticias\/2025\/12\/22\/felgueiras-conclui-pisa-for-schools-com-332-alunos-de-15-anos\/#breadcrumb\"},\"inLanguage\":\"pt-PT\",\"potentialAction\":[{\"@type\":\"ReadAction\",\"target\":[\"https:\/\/portaltela.pt\/noticias\/2025\/12\/22\/felgueiras-conclui-pisa-for-schools-com-332-alunos-de-15-anos\/\"]}]},{\"@type\":\"ImageObject\",\"inLanguage\":\"pt-PT\",\"@id\":\"https:\/\/portaltela.pt\/noticias\/2025\/12\/22\/felgueiras-conclui-pisa-for-schools-com-332-alunos-de-15-anos\/#primaryimage\",\"url\":\"https:\/\/portaltela.pt\/s.01k8rhncp4jt1\/2025\/12\/unnamed-file-1057.jpg\",\"contentUrl\":\"https:\/\/portaltela.pt\/s.01k8rhncp4jt1\/2025\/12\/unnamed-file-1057.jpg\",\"width\":796,\"height\":448,\"caption\":\"Photo\"},{\"@type\":\"BreadcrumbList\",\"@id\":\"https:\/\/portaltela.pt\/noticias\/2025\/12\/22\/felgueiras-conclui-pisa-for-schools-com-332-alunos-de-15-anos\/#breadcrumb\",\"itemListElement\":[{\"@type\":\"ListItem\",\"position\":1,\"name\":\"In\u00edcio\",\"item\":\"https:\/\/portaltela.pt\/\"},{\"@type\":\"ListItem\",\"position\":2,\"name\":\"Felgueiras conclui PISA for Schools com 332 alunos de 15 anos\"}]},{\"@type\":\"WebSite\",\"@id\":\"https:\/\/portaltela.pt\/#website\",\"url\":\"https:\/\/portaltela.pt\/\",\"name\":\"Portal Tela Portugal\",\"description\":\"\",\"potentialAction\":[{\"@type\":\"SearchAction\",\"target\":{\"@type\":\"EntryPoint\",\"urlTemplate\":\"https:\/\/portaltela.pt\/?s={search_term_string}\"},\"query-input\":{\"@type\":\"PropertyValueSpecification\",\"valueRequired\":true,\"valueName\":\"search_term_string\"}}],\"inLanguage\":\"pt-PT\"},{\"@type\":\"Person\",\"@id\":\"https:\/\/portaltela.pt\/#\/schema\/person\/c4278d4a6028830caff9ee44b42d32ed\",\"name\":\"Telinha\",\"image\":{\"@type\":\"ImageObject\",\"inLanguage\":\"pt-PT\",\"@id\":\"https:\/\/portaltela.pt\/s.01k8rhncp4jt1\/2025\/11\/talking-bot-125x125.png\",\"url\":\"https:\/\/portaltela.pt\/s.01k8rhncp4jt1\/2025\/11\/talking-bot-125x125.png\",\"contentUrl\":\"https:\/\/portaltela.pt\/s.01k8rhncp4jt1\/2025\/11\/talking-bot-125x125.png\",\"caption\":\"Telinha\"},\"sameAs\":[\"https:\/\/portaltela.pt\/\"],\"url\":\"https:\/\/portaltela.pt\/por\/367410592786\/\"}]}<\/script>\n<!-- \/ Yoast SEO plugin. -->","yoast_head_json":{"title":"Felgueiras conclui PISA for Schools com 332 alunos de 15 anos - Portal Tela Portugal","robots":{"index":"index","follow":"follow","max-snippet":"max-snippet:-1","max-image-preview":"max-image-preview:large","max-video-preview":"max-video-preview:-1"},"og_locale":"pt_PT","og_type":"article","og_title":"Felgueiras conclui PISA for Schools com 332 alunos de 15 anos - Portal Tela Portugal","og_description":"Entre novembro e dezembro de 2025, 332 alunos com 15 anos dos agrupamentos de Air\u00e3es, Id\u00e3es, D. Manuel Faria e Sousa, Dr. Machado Matos, Lixa e da Escola N\u00e3o Agrupada participaram na fase pr\u00e1tica do PISA for Schools em Felgueiras. O PISA for Schools, promovido pelo Instituto de Avalia\u00e7\u00e3o Educativa (IAVE) em colabora\u00e7\u00e3o com a comunidade educativa, est\u00e1 inserido no Plano Integrado de Promo\u00e7\u00e3o do Sucesso Escolar (PIPSE) do munic\u00edpio, no eixo Avalia\u00e7\u00e3o e Monitoriza\u00e7\u00e3o. O objetivo \u00e9 avaliar compet\u00eancias em leitura, matem\u00e1tica e ci\u00eancias, bem como o clima escolar, as rela\u00e7\u00f5es docentes-alunos, o envolvimento, as compet\u00eancias socioemocionais e o bem-estar dos estudantes. A iniciativa cruza os resultados com o contexto socioecon\u00f3mico e as atitudes de aprendizagem, permitindo desenvolver atividades colaborativas e estrat\u00e9gias de melhoria cont\u00ednua. O projeto teve in\u00edcio em abril de 2025, com capacita\u00e7\u00e3o de docentes e l\u00edderes escolares, e ser\u00e1 monitorizado a curto e longo prazo, contribuindo para pol\u00edticas p\u00fablicas de educa\u00e7\u00e3o alinhadas com NORTE2030 e com a CIM do T\u00e2mega e Sousa.","og_url":"https:\/\/portaltela.pt\/noticias\/2025\/12\/22\/felgueiras-conclui-pisa-for-schools-com-332-alunos-de-15-anos\/","og_site_name":"Portal Tela Portugal","article_published_time":"2025-12-22T11:12:25+00:00","author":"Telinha","twitter_card":"summary_large_image","twitter_misc":{"Escrito por":"Telinha","Tempo estimado de leitura":"1 minuto"},"schema":{"@context":"https:\/\/schema.org","@graph":[{"@type":"Article","@id":"https:\/\/portaltela.pt\/noticias\/2025\/12\/22\/felgueiras-conclui-pisa-for-schools-com-332-alunos-de-15-anos\/#article","isPartOf":{"@id":"https:\/\/portaltela.pt\/noticias\/2025\/12\/22\/felgueiras-conclui-pisa-for-schools-com-332-alunos-de-15-anos\/"},"author":{"name":"Telinha","@id":"https:\/\/portaltela.pt\/#\/schema\/person\/c4278d4a6028830caff9ee44b42d32ed"},"headline":"Felgueiras conclui PISA for Schools com 332 alunos de 15 anos","datePublished":"2025-12-22T11:12:25+00:00","mainEntityOfPage":{"@id":"https:\/\/portaltela.pt\/noticias\/2025\/12\/22\/felgueiras-conclui-pisa-for-schools-com-332-alunos-de-15-anos\/"},"wordCount":282,"image":{"@id":"https:\/\/portaltela.pt\/noticias\/2025\/12\/22\/felgueiras-conclui-pisa-for-schools-com-332-alunos-de-15-anos\/#primaryimage"},"thumbnailUrl":"https:\/\/portaltela.pt\/s.01k8rhncp4jt1\/2025\/12\/unnamed-file-1057.jpg","keywords":["an\u00e1lise","clima escolar","desempenho","educa\u00e7\u00e3o","investiga\u00e7\u00e3o"],"articleSection":["Not\u00edcias"],"inLanguage":"pt-PT"},{"@type":"WebPage","@id":"https:\/\/portaltela.pt\/noticias\/2025\/12\/22\/felgueiras-conclui-pisa-for-schools-com-332-alunos-de-15-anos\/","url":"https:\/\/portaltela.pt\/noticias\/2025\/12\/22\/felgueiras-conclui-pisa-for-schools-com-332-alunos-de-15-anos\/","name":"Felgueiras conclui PISA for Schools com 332 alunos de 15 anos - Portal Tela Portugal","isPartOf":{"@id":"https:\/\/portaltela.pt\/#website"},"primaryImageOfPage":{"@id":"https:\/\/portaltela.pt\/noticias\/2025\/12\/22\/felgueiras-conclui-pisa-for-schools-com-332-alunos-de-15-anos\/#primaryimage"},"image":{"@id":"https:\/\/portaltela.pt\/noticias\/2025\/12\/22\/felgueiras-conclui-pisa-for-schools-com-332-alunos-de-15-anos\/#primaryimage"},"thumbnailUrl":"https:\/\/portaltela.pt\/s.01k8rhncp4jt1\/2025\/12\/unnamed-file-1057.jpg","datePublished":"2025-12-22T11:12:25+00:00","author":{"@id":"https:\/\/portaltela.pt\/#\/schema\/person\/c4278d4a6028830caff9ee44b42d32ed"},"breadcrumb":{"@id":"https:\/\/portaltela.pt\/noticias\/2025\/12\/22\/felgueiras-conclui-pisa-for-schools-com-332-alunos-de-15-anos\/#breadcrumb"},"inLanguage":"pt-PT","potentialAction":[{"@type":"ReadAction","target":["https:\/\/portaltela.pt\/noticias\/2025\/12\/22\/felgueiras-conclui-pisa-for-schools-com-332-alunos-de-15-anos\/"]}]},{"@type":"ImageObject","inLanguage":"pt-PT","@id":"https:\/\/portaltela.pt\/noticias\/2025\/12\/22\/felgueiras-conclui-pisa-for-schools-com-332-alunos-de-15-anos\/#primaryimage","url":"https:\/\/portaltela.pt\/s.01k8rhncp4jt1\/2025\/12\/unnamed-file-1057.jpg","contentUrl":"https:\/\/portaltela.pt\/s.01k8rhncp4jt1\/2025\/12\/unnamed-file-1057.jpg","width":796,"height":448,"caption":"Photo"},{"@type":"BreadcrumbList","@id":"https:\/\/portaltela.pt\/noticias\/2025\/12\/22\/felgueiras-conclui-pisa-for-schools-com-332-alunos-de-15-anos\/#breadcrumb","itemListElement":[{"@type":"ListItem","position":1,"name":"In\u00edcio","item":"https:\/\/portaltela.pt\/"},{"@type":"ListItem","position":2,"name":"Felgueiras conclui PISA for Schools com 332 alunos de 15 anos"}]},{"@type":"WebSite","@id":"https:\/\/portaltela.pt\/#website","url":"https:\/\/portaltela.pt\/","name":"Portal Tela Portugal","description":"","potentialAction":[{"@type":"SearchAction","target":{"@type":"EntryPoint","urlTemplate":"https:\/\/portaltela.pt\/?s={search_term_string}"},"query-input":{"@type":"PropertyValueSpecification","valueRequired":true,"valueName":"search_term_string"}}],"inLanguage":"pt-PT"},{"@type":"Person","@id":"https:\/\/portaltela.pt\/#\/schema\/person\/c4278d4a6028830caff9ee44b42d32ed","name":"Telinha","image":{"@type":"ImageObject","inLanguage":"pt-PT","@id":"https:\/\/portaltela.pt\/s.01k8rhncp4jt1\/2025\/11\/talking-bot-125x125.png","url":"https:\/\/portaltela.pt\/s.01k8rhncp4jt1\/2025\/11\/talking-bot-125x125.png","contentUrl":"https:\/\/portaltela.pt\/s.01k8rhncp4jt1\/2025\/11\/talking-bot-125x125.png","caption":"Telinha"},"sameAs":["https:\/\/portaltela.pt\/"],"url":"https:\/\/portaltela.pt\/por\/367410592786\/"}]}},"_links":{"self":[{"href":"https:\/\/portaltela.pt\/api\/wp\/v2\/posts\/92001","targetHints":{"allow":["GET"]}}],"collection":[{"href":"https:\/\/portaltela.pt\/api\/wp\/v2\/posts"}],"about":[{"href":"https:\/\/portaltela.pt\/api\/wp\/v2\/types\/post"}],"author":[{"embeddable":true,"href":"https:\/\/portaltela.pt\/api\/wp\/v2\/users\/2"}],"replies":[{"embeddable":true,"href":"https:\/\/portaltela.pt\/api\/wp\/v2\/comments?post=92001"}],"version-history":[{"count":0,"href":"https:\/\/portaltela.pt\/api\/wp\/v2\/posts\/92001\/revisions"}],"wp:featuredmedia":[{"embeddable":true,"href":"https:\/\/portaltela.pt\/api\/wp\/v2\/media\/92006"}],"wp:attachment":[{"href":"https:\/\/portaltela.pt\/api\/wp\/v2\/media?parent=92001"}],"wp:term":[{"taxonomy":"category","embeddable":true,"href":"https:\/\/portaltela.pt\/api\/wp\/v2\/categories?post=92001"},{"taxonomy":"post_tag","embeddable":true,"href":"https:\/\/portaltela.pt\/api\/wp\/v2\/tags?post=92001"}],"curies":[{"name":"wp","href":"https:\/\/api.w.org\/{rel}","templated":true}]}}