{"id":91959,"date":"2025-12-22T07:46:55","date_gmt":"2025-12-22T10:46:55","guid":{"rendered":"https:\/\/portaltela.pt\/noticias\/2025\/12\/22\/lamego-dois-cidadaos-detidos-por-conducao-sob-efeito-de-alcool\/"},"modified":"2025-12-22T07:46:55","modified_gmt":"2025-12-22T10:46:55","slug":"lamego-dois-cidadaos-detidos-por-conducao-sob-efeito-de-alcool","status":"publish","type":"post","link":"https:\/\/portaltela.pt\/noticias\/2025\/12\/22\/lamego-dois-cidadaos-detidos-por-conducao-sob-efeito-de-alcool\/","title":{"rendered":"Lamego: dois cidad\u00e3os detidos por condu\u00e7\u00e3o sob efeito de \u00e1lcool"},"content":{"rendered":"<p>Durante o fim de semana, agentes da PSP do Comando Distrital de Viseu detiveram dois cidad\u00e3os, com 67 e 69 anos, na Rua da Olaria e na Pra\u00e7a Fernando Amaral, em Lamego, por condu\u00e7\u00e3o de ve\u00edculo sob o efeito de \u00e1lcool. A opera\u00e7\u00e3o integrou a\u00e7\u00f5es de preven\u00e7\u00e3o rodovi\u00e1ria.<\/p>\n<p>Os dois indiv\u00edduos foram submetidos ao teste de alcoolemia, tendo registado taxas de \u00e1lcool no sangue (TAS) de 1,70 g\/L e 1,75 g\/L, respetivamente. As autoridades acionaram os procedimentos legais correspondentes.<\/p>\n<p>Foram notificados para comparecer hoje no Tribunal Judicial de Lamego, no \u00e2mbito do procedimento crime relacionado com condu\u00e7\u00e3o sob influ\u00eancia de bebidas alco\u00f3licas. A PSP n\u00e3o avan\u00e7ou com mais detalhes sobre identidades ou eventuais antecedentes.<\/p>\n<h3>Desdobramentos<\/h3>\n<p>A atua\u00e7\u00e3o decorreu no \u00e2mbito de a\u00e7\u00f5es de fiscaliza\u00e7\u00e3o de rotina dedicadas \u00e0 seguran\u00e7a rodovi\u00e1ria. As autoridades v\u00e3o acompanhar o caso conforme os tr\u00e2mites legais em vigor.<\/p>\n","protected":false},"excerpt":{"rendered":"<ul>\n<li>Durante o fim de semana, na Rua da Olaria e na Pra\u00e7a Fernando Amaral, Lamego, a PSP deteve dois cidad\u00e3os.<\/li>\n<li>As duas pessoas, com 67 e 69 anos, conduziam ve\u00edculo autom\u00f3vel sob o efeito de \u00e1lcool.<\/li>\n<li>Submeteram-se ao teste de alcoolemia, apresentando TAS de 1,70 g\/l e 1,75 g\/l, respetivamente.<\/li>\n<li>Foram notificados para comparecer no Tribunal Judicial de Lamego, no dia de hoje.<\/li>\n<\/ul>\n","protected":false},"author":2,"featured_media":91969,"comment_status":"closed","ping_status":"closed","sticky":false,"template":"","format":"standard","meta":{"footnotes":""},"categories":[1],"tags":[1794,1727,1669,1692,1381,250],"class_list":["post-91959","post","type-post","status-publish","format-standard","has-post-thumbnail","hentry","category-noticias","tag-conducao-sob-a-influencia-de-bebidas-alcoolicas","tag-conducao-sob-o-alcool","tag-conducao-sob-o-efeito-do-alcool","tag-fiscalizacao-de-transito","tag-psp","tag-seguranca-publica"],"yoast_head":"<!-- This site is optimized with the Yoast SEO plugin v27.2 - https:\/\/yoast.com\/product\/yoast-seo-wordpress\/ -->\n<title>Lamego: dois cidad\u00e3os detidos por condu\u00e7\u00e3o sob efeito de \u00e1lcool - Portal Tela Portugal<\/title>\n<meta name=\"robots\" content=\"index, follow, max-snippet:-1, max-image-preview:large, max-video-preview:-1\" \/>\n<meta property=\"og:locale\" content=\"pt_PT\" \/>\n<meta property=\"og:type\" content=\"article\" \/>\n<meta property=\"og:title\" content=\"Lamego: dois cidad\u00e3os detidos por condu\u00e7\u00e3o sob efeito de \u00e1lcool - Portal Tela Portugal\" \/>\n<meta property=\"og:description\" content=\"Durante o fim de semana, na Rua da Olaria e na Pra\u00e7a Fernando Amaral, Lamego, a PSP deteve dois cidad\u00e3os. As duas pessoas, com 67 e 69 anos, conduziam ve\u00edculo autom\u00f3vel sob o efeito de \u00e1lcool. Submeteram-se ao teste de alcoolemia, apresentando TAS de 1,70 g\/l e 1,75 g\/l, respetivamente. Foram notificados para comparecer no Tribunal Judicial de Lamego, no dia de hoje.\" \/>\n<meta property=\"og:url\" content=\"https:\/\/portaltela.pt\/noticias\/2025\/12\/22\/lamego-dois-cidadaos-detidos-por-conducao-sob-efeito-de-alcool\/\" \/>\n<meta property=\"og:site_name\" content=\"Portal Tela Portugal\" \/>\n<meta property=\"article:published_time\" content=\"2025-12-22T10:46:55+00:00\" \/>\n<meta name=\"author\" content=\"Telinha\" \/>\n<meta name=\"twitter:card\" content=\"summary_large_image\" \/>\n<meta name=\"twitter:label1\" content=\"Escrito por\" \/>\n\t<meta name=\"twitter:data1\" content=\"Telinha\" \/>\n\t<meta name=\"twitter:label2\" content=\"Tempo estimado de leitura\" \/>\n\t<meta name=\"twitter:data2\" content=\"1 minuto\" \/>\n<script type=\"application\/ld+json\" class=\"yoast-schema-graph\">{\"@context\":\"https:\/\/schema.org\",\"@graph\":[{\"@type\":\"Article\",\"@id\":\"https:\/\/portaltela.pt\/noticias\/2025\/12\/22\/lamego-dois-cidadaos-detidos-por-conducao-sob-efeito-de-alcool\/#article\",\"isPartOf\":{\"@id\":\"https:\/\/portaltela.pt\/noticias\/2025\/12\/22\/lamego-dois-cidadaos-detidos-por-conducao-sob-efeito-de-alcool\/\"},\"author\":{\"name\":\"Telinha\",\"@id\":\"https:\/\/portaltela.pt\/#\/schema\/person\/c4278d4a6028830caff9ee44b42d32ed\"},\"headline\":\"Lamego: dois cidad\u00e3os detidos por condu\u00e7\u00e3o sob efeito de \u00e1lcool\",\"datePublished\":\"2025-12-22T10:46:55+00:00\",\"mainEntityOfPage\":{\"@id\":\"https:\/\/portaltela.pt\/noticias\/2025\/12\/22\/lamego-dois-cidadaos-detidos-por-conducao-sob-efeito-de-alcool\/\"},\"wordCount\":172,\"image\":{\"@id\":\"https:\/\/portaltela.pt\/noticias\/2025\/12\/22\/lamego-dois-cidadaos-detidos-por-conducao-sob-efeito-de-alcool\/#primaryimage\"},\"thumbnailUrl\":\"https:\/\/portaltela.pt\/s.01k8rhncp4jt1\/2025\/12\/unnamed-file-1054.jpg\",\"keywords\":[\"condu\u00e7\u00e3o sob a influ\u00eancia de bebidas alco\u00f3licas\",\"condu\u00e7\u00e3o sob o \u00e1lcool\",\"condu\u00e7\u00e3o sob o efeito do \u00e1lcool\",\"fiscaliza\u00e7\u00e3o de tr\u00e2nsito\",\"PSP\",\"seguran\u00e7a p\u00fablica\"],\"articleSection\":[\"Not\u00edcias\"],\"inLanguage\":\"pt-PT\"},{\"@type\":\"WebPage\",\"@id\":\"https:\/\/portaltela.pt\/noticias\/2025\/12\/22\/lamego-dois-cidadaos-detidos-por-conducao-sob-efeito-de-alcool\/\",\"url\":\"https:\/\/portaltela.pt\/noticias\/2025\/12\/22\/lamego-dois-cidadaos-detidos-por-conducao-sob-efeito-de-alcool\/\",\"name\":\"Lamego: dois cidad\u00e3os detidos por condu\u00e7\u00e3o sob efeito de \u00e1lcool - Portal Tela Portugal\",\"isPartOf\":{\"@id\":\"https:\/\/portaltela.pt\/#website\"},\"primaryImageOfPage\":{\"@id\":\"https:\/\/portaltela.pt\/noticias\/2025\/12\/22\/lamego-dois-cidadaos-detidos-por-conducao-sob-efeito-de-alcool\/#primaryimage\"},\"image\":{\"@id\":\"https:\/\/portaltela.pt\/noticias\/2025\/12\/22\/lamego-dois-cidadaos-detidos-por-conducao-sob-efeito-de-alcool\/#primaryimage\"},\"thumbnailUrl\":\"https:\/\/portaltela.pt\/s.01k8rhncp4jt1\/2025\/12\/unnamed-file-1054.jpg\",\"datePublished\":\"2025-12-22T10:46:55+00:00\",\"author\":{\"@id\":\"https:\/\/portaltela.pt\/#\/schema\/person\/c4278d4a6028830caff9ee44b42d32ed\"},\"breadcrumb\":{\"@id\":\"https:\/\/portaltela.pt\/noticias\/2025\/12\/22\/lamego-dois-cidadaos-detidos-por-conducao-sob-efeito-de-alcool\/#breadcrumb\"},\"inLanguage\":\"pt-PT\",\"potentialAction\":[{\"@type\":\"ReadAction\",\"target\":[\"https:\/\/portaltela.pt\/noticias\/2025\/12\/22\/lamego-dois-cidadaos-detidos-por-conducao-sob-efeito-de-alcool\/\"]}]},{\"@type\":\"ImageObject\",\"inLanguage\":\"pt-PT\",\"@id\":\"https:\/\/portaltela.pt\/noticias\/2025\/12\/22\/lamego-dois-cidadaos-detidos-por-conducao-sob-efeito-de-alcool\/#primaryimage\",\"url\":\"https:\/\/portaltela.pt\/s.01k8rhncp4jt1\/2025\/12\/unnamed-file-1054.jpg\",\"contentUrl\":\"https:\/\/portaltela.pt\/s.01k8rhncp4jt1\/2025\/12\/unnamed-file-1054.jpg\",\"width\":796,\"height\":448,\"caption\":\"Lamego: Dois cidad\u00e3os detidos por condu\u00e7\u00e3o sob efeito de \u00e1lcool\"},{\"@type\":\"BreadcrumbList\",\"@id\":\"https:\/\/portaltela.pt\/noticias\/2025\/12\/22\/lamego-dois-cidadaos-detidos-por-conducao-sob-efeito-de-alcool\/#breadcrumb\",\"itemListElement\":[{\"@type\":\"ListItem\",\"position\":1,\"name\":\"In\u00edcio\",\"item\":\"https:\/\/portaltela.pt\/\"},{\"@type\":\"ListItem\",\"position\":2,\"name\":\"Lamego: dois cidad\u00e3os detidos por condu\u00e7\u00e3o sob efeito de \u00e1lcool\"}]},{\"@type\":\"WebSite\",\"@id\":\"https:\/\/portaltela.pt\/#website\",\"url\":\"https:\/\/portaltela.pt\/\",\"name\":\"Portal Tela Portugal\",\"description\":\"\",\"potentialAction\":[{\"@type\":\"SearchAction\",\"target\":{\"@type\":\"EntryPoint\",\"urlTemplate\":\"https:\/\/portaltela.pt\/?s={search_term_string}\"},\"query-input\":{\"@type\":\"PropertyValueSpecification\",\"valueRequired\":true,\"valueName\":\"search_term_string\"}}],\"inLanguage\":\"pt-PT\"},{\"@type\":\"Person\",\"@id\":\"https:\/\/portaltela.pt\/#\/schema\/person\/c4278d4a6028830caff9ee44b42d32ed\",\"name\":\"Telinha\",\"image\":{\"@type\":\"ImageObject\",\"inLanguage\":\"pt-PT\",\"@id\":\"https:\/\/portaltela.pt\/s.01k8rhncp4jt1\/2025\/11\/talking-bot-125x125.png\",\"url\":\"https:\/\/portaltela.pt\/s.01k8rhncp4jt1\/2025\/11\/talking-bot-125x125.png\",\"contentUrl\":\"https:\/\/portaltela.pt\/s.01k8rhncp4jt1\/2025\/11\/talking-bot-125x125.png\",\"caption\":\"Telinha\"},\"sameAs\":[\"https:\/\/portaltela.pt\/\"],\"url\":\"https:\/\/portaltela.pt\/por\/367410592786\/\"}]}<\/script>\n<!-- \/ Yoast SEO plugin. -->","yoast_head_json":{"title":"Lamego: dois cidad\u00e3os detidos por condu\u00e7\u00e3o sob efeito de \u00e1lcool - Portal Tela Portugal","robots":{"index":"index","follow":"follow","max-snippet":"max-snippet:-1","max-image-preview":"max-image-preview:large","max-video-preview":"max-video-preview:-1"},"og_locale":"pt_PT","og_type":"article","og_title":"Lamego: dois cidad\u00e3os detidos por condu\u00e7\u00e3o sob efeito de \u00e1lcool - Portal Tela Portugal","og_description":"Durante o fim de semana, na Rua da Olaria e na Pra\u00e7a Fernando Amaral, Lamego, a PSP deteve dois cidad\u00e3os. As duas pessoas, com 67 e 69 anos, conduziam ve\u00edculo autom\u00f3vel sob o efeito de \u00e1lcool. Submeteram-se ao teste de alcoolemia, apresentando TAS de 1,70 g\/l e 1,75 g\/l, respetivamente. Foram notificados para comparecer no Tribunal Judicial de Lamego, no dia de hoje.","og_url":"https:\/\/portaltela.pt\/noticias\/2025\/12\/22\/lamego-dois-cidadaos-detidos-por-conducao-sob-efeito-de-alcool\/","og_site_name":"Portal Tela Portugal","article_published_time":"2025-12-22T10:46:55+00:00","author":"Telinha","twitter_card":"summary_large_image","twitter_misc":{"Escrito por":"Telinha","Tempo estimado de leitura":"1 minuto"},"schema":{"@context":"https:\/\/schema.org","@graph":[{"@type":"Article","@id":"https:\/\/portaltela.pt\/noticias\/2025\/12\/22\/lamego-dois-cidadaos-detidos-por-conducao-sob-efeito-de-alcool\/#article","isPartOf":{"@id":"https:\/\/portaltela.pt\/noticias\/2025\/12\/22\/lamego-dois-cidadaos-detidos-por-conducao-sob-efeito-de-alcool\/"},"author":{"name":"Telinha","@id":"https:\/\/portaltela.pt\/#\/schema\/person\/c4278d4a6028830caff9ee44b42d32ed"},"headline":"Lamego: dois cidad\u00e3os detidos por condu\u00e7\u00e3o sob efeito de \u00e1lcool","datePublished":"2025-12-22T10:46:55+00:00","mainEntityOfPage":{"@id":"https:\/\/portaltela.pt\/noticias\/2025\/12\/22\/lamego-dois-cidadaos-detidos-por-conducao-sob-efeito-de-alcool\/"},"wordCount":172,"image":{"@id":"https:\/\/portaltela.pt\/noticias\/2025\/12\/22\/lamego-dois-cidadaos-detidos-por-conducao-sob-efeito-de-alcool\/#primaryimage"},"thumbnailUrl":"https:\/\/portaltela.pt\/s.01k8rhncp4jt1\/2025\/12\/unnamed-file-1054.jpg","keywords":["condu\u00e7\u00e3o sob a influ\u00eancia de bebidas alco\u00f3licas","condu\u00e7\u00e3o sob o \u00e1lcool","condu\u00e7\u00e3o sob o efeito do \u00e1lcool","fiscaliza\u00e7\u00e3o de tr\u00e2nsito","PSP","seguran\u00e7a p\u00fablica"],"articleSection":["Not\u00edcias"],"inLanguage":"pt-PT"},{"@type":"WebPage","@id":"https:\/\/portaltela.pt\/noticias\/2025\/12\/22\/lamego-dois-cidadaos-detidos-por-conducao-sob-efeito-de-alcool\/","url":"https:\/\/portaltela.pt\/noticias\/2025\/12\/22\/lamego-dois-cidadaos-detidos-por-conducao-sob-efeito-de-alcool\/","name":"Lamego: dois cidad\u00e3os detidos por condu\u00e7\u00e3o sob efeito de \u00e1lcool - Portal Tela Portugal","isPartOf":{"@id":"https:\/\/portaltela.pt\/#website"},"primaryImageOfPage":{"@id":"https:\/\/portaltela.pt\/noticias\/2025\/12\/22\/lamego-dois-cidadaos-detidos-por-conducao-sob-efeito-de-alcool\/#primaryimage"},"image":{"@id":"https:\/\/portaltela.pt\/noticias\/2025\/12\/22\/lamego-dois-cidadaos-detidos-por-conducao-sob-efeito-de-alcool\/#primaryimage"},"thumbnailUrl":"https:\/\/portaltela.pt\/s.01k8rhncp4jt1\/2025\/12\/unnamed-file-1054.jpg","datePublished":"2025-12-22T10:46:55+00:00","author":{"@id":"https:\/\/portaltela.pt\/#\/schema\/person\/c4278d4a6028830caff9ee44b42d32ed"},"breadcrumb":{"@id":"https:\/\/portaltela.pt\/noticias\/2025\/12\/22\/lamego-dois-cidadaos-detidos-por-conducao-sob-efeito-de-alcool\/#breadcrumb"},"inLanguage":"pt-PT","potentialAction":[{"@type":"ReadAction","target":["https:\/\/portaltela.pt\/noticias\/2025\/12\/22\/lamego-dois-cidadaos-detidos-por-conducao-sob-efeito-de-alcool\/"]}]},{"@type":"ImageObject","inLanguage":"pt-PT","@id":"https:\/\/portaltela.pt\/noticias\/2025\/12\/22\/lamego-dois-cidadaos-detidos-por-conducao-sob-efeito-de-alcool\/#primaryimage","url":"https:\/\/portaltela.pt\/s.01k8rhncp4jt1\/2025\/12\/unnamed-file-1054.jpg","contentUrl":"https:\/\/portaltela.pt\/s.01k8rhncp4jt1\/2025\/12\/unnamed-file-1054.jpg","width":796,"height":448,"caption":"Lamego: Dois cidad\u00e3os detidos por condu\u00e7\u00e3o sob efeito de \u00e1lcool"},{"@type":"BreadcrumbList","@id":"https:\/\/portaltela.pt\/noticias\/2025\/12\/22\/lamego-dois-cidadaos-detidos-por-conducao-sob-efeito-de-alcool\/#breadcrumb","itemListElement":[{"@type":"ListItem","position":1,"name":"In\u00edcio","item":"https:\/\/portaltela.pt\/"},{"@type":"ListItem","position":2,"name":"Lamego: dois cidad\u00e3os detidos por condu\u00e7\u00e3o sob efeito de \u00e1lcool"}]},{"@type":"WebSite","@id":"https:\/\/portaltela.pt\/#website","url":"https:\/\/portaltela.pt\/","name":"Portal Tela Portugal","description":"","potentialAction":[{"@type":"SearchAction","target":{"@type":"EntryPoint","urlTemplate":"https:\/\/portaltela.pt\/?s={search_term_string}"},"query-input":{"@type":"PropertyValueSpecification","valueRequired":true,"valueName":"search_term_string"}}],"inLanguage":"pt-PT"},{"@type":"Person","@id":"https:\/\/portaltela.pt\/#\/schema\/person\/c4278d4a6028830caff9ee44b42d32ed","name":"Telinha","image":{"@type":"ImageObject","inLanguage":"pt-PT","@id":"https:\/\/portaltela.pt\/s.01k8rhncp4jt1\/2025\/11\/talking-bot-125x125.png","url":"https:\/\/portaltela.pt\/s.01k8rhncp4jt1\/2025\/11\/talking-bot-125x125.png","contentUrl":"https:\/\/portaltela.pt\/s.01k8rhncp4jt1\/2025\/11\/talking-bot-125x125.png","caption":"Telinha"},"sameAs":["https:\/\/portaltela.pt\/"],"url":"https:\/\/portaltela.pt\/por\/367410592786\/"}]}},"_links":{"self":[{"href":"https:\/\/portaltela.pt\/api\/wp\/v2\/posts\/91959","targetHints":{"allow":["GET"]}}],"collection":[{"href":"https:\/\/portaltela.pt\/api\/wp\/v2\/posts"}],"about":[{"href":"https:\/\/portaltela.pt\/api\/wp\/v2\/types\/post"}],"author":[{"embeddable":true,"href":"https:\/\/portaltela.pt\/api\/wp\/v2\/users\/2"}],"replies":[{"embeddable":true,"href":"https:\/\/portaltela.pt\/api\/wp\/v2\/comments?post=91959"}],"version-history":[{"count":0,"href":"https:\/\/portaltela.pt\/api\/wp\/v2\/posts\/91959\/revisions"}],"wp:featuredmedia":[{"embeddable":true,"href":"https:\/\/portaltela.pt\/api\/wp\/v2\/media\/91969"}],"wp:attachment":[{"href":"https:\/\/portaltela.pt\/api\/wp\/v2\/media?parent=91959"}],"wp:term":[{"taxonomy":"category","embeddable":true,"href":"https:\/\/portaltela.pt\/api\/wp\/v2\/categories?post=91959"},{"taxonomy":"post_tag","embeddable":true,"href":"https:\/\/portaltela.pt\/api\/wp\/v2\/tags?post=91959"}],"curies":[{"name":"wp","href":"https:\/\/api.w.org\/{rel}","templated":true}]}}