{"id":91845,"date":"2025-12-22T06:27:00","date_gmt":"2025-12-22T09:27:00","guid":{"rendered":"https:\/\/portaltela.pt\/noticias\/2025\/12\/22\/hospital-conde-ferreira-cria-centro-de-criacao-artistica-para-a-saude-mental\/"},"modified":"2025-12-22T06:27:00","modified_gmt":"2025-12-22T09:27:00","slug":"hospital-conde-ferreira-cria-centro-de-criacao-artistica-para-a-saude-mental","status":"publish","type":"post","link":"https:\/\/portaltela.pt\/noticias\/2025\/12\/22\/hospital-conde-ferreira-cria-centro-de-criacao-artistica-para-a-saude-mental\/","title":{"rendered":"Hospital Conde Ferreira cria centro de cria\u00e7\u00e3o art\u00edstica para a sa\u00fade mental"},"content":{"rendered":"<p>O Hospital Conde Ferreira vai acolher um Centro de Cria\u00e7\u00e3o Art\u00edstica no espa\u00e7o de uma antiga oficina dentro do recinto. A apresenta\u00e7\u00e3o do projeto ocorreu no \u00faltimo s\u00e1bado, nas instala\u00e7\u00f5es do hospital, na Rua de Costa Cabral.<\/p>\n<p>A iniciativa \u00e9 promovida pela Banda Sinf\u00f3nica Portuguesa (BSP) em parceria com a Miseric\u00f3rdia do Porto. O objetivo \u00e9 revitalizar um espa\u00e7o hist\u00f3rico e simb\u00f3lico da cidade, mantendo-o ativo ao servi\u00e7o da comunidade.<\/p>\n<p>O centro ser\u00e1 um espa\u00e7o permanente para a BSP desenvolver atividades art\u00edsticas, em especial ensaios, grava\u00e7\u00f5es, resid\u00eancias art\u00edsticas e projetos multidisciplinares. A comunidade, escolas e parcerias empresariais poder\u00e3o aceder aos espa\u00e7os.<\/p>\n<p>O projeto prev\u00ea um centro de cria\u00e7\u00e3o dedicado \u00e0 forma\u00e7\u00e3o e \u00e0 produ\u00e7\u00e3o art\u00edstica, com liga\u00e7\u00e3o \u00e0 sa\u00fade mental. O objetivo \u00e9 aproximar o universo criativo do p\u00fablico e das comunidades hospitalares.<\/p>\n<h3>O espa\u00e7o e a arquitetura<\/h3>\n<p>A arquitetura ficou a cargo do arquiteto Hugo Igrejas. O edif\u00edcio em que se insere a antiga oficina ter\u00e1 um est\u00fadio de grava\u00e7\u00e3o, salas de trabalho, \u00e1reas t\u00e9cnicas e zonas de conv\u00edvio.<\/p>\n<p>Al\u00e9m disso, o centro inclui uma sala polivalente para ensaios, concertos, proje\u00e7\u00f5es de cinema ou confer\u00eancias, bem como \u00e1reas de apoio para reuni\u00f5es e atividades criativas. O espa\u00e7o est\u00e1 aberto \u00e0 comunidade e a parcerias.<\/p>\n<h3>Contexto e objetivos<\/h3>\n<p>O projeto assinala a liga\u00e7\u00e3o entre cultura, m\u00fasica e comunidade dentro de um contexto de alto valor hist\u00f3rico. Os promotores destacam que a sa\u00fade mental ser\u00e1 valorizada como dimens\u00e3o complementar do desenvolvimento humano.<\/p>\n<p>Fonte: CM Porto. Foto associada ao local: Igreja dos Grilos.<\/p>\n","protected":false},"excerpt":{"rendered":"<ul>\n<li>O Hospital Conde Ferreira vai ter um Centro de Cria\u00e7\u00e3o Art\u00edstica no espa\u00e7o de uma antiga oficina dentro do seu recinto; a apresenta\u00e7\u00e3o ocorreu no \u00faltimo s\u00e1bado, na Rua de Costa Cabral.<\/li>\n<li>O projeto, proposto pela Banda Sinf\u00f3nica Portuguesa em protocolo com a Miseric\u00f3rdia do Porto, visa um espa\u00e7o permanente para as atividades da banda e a recupera\u00e7\u00e3o de um espa\u00e7o arquitet\u00f3nico e simb\u00f3lico da cidade.<\/li>\n<li>O Centro pretende promover a cria\u00e7\u00e3o art\u00edstica, forma\u00e7\u00e3o e desenvolvimento, ligando cultura, m\u00fasica e comunidade, com abertura a comunidade, escolas e parcerias.<\/li>\n<li>Entre os objetivos est\u00e3o ensaios, grava\u00e7\u00f5es, resid\u00eancias art\u00edsticas e projetos multidisciplinares, aproximando o p\u00fablico e as comunidades hospitalares do universo criativo.<\/li>\n<li>A arquitetura ficou a cargo de Hugo Igrejas; o espa\u00e7o contar\u00e1 com est\u00fadio de grava\u00e7\u00e3o, salas de trabalho, \u00e1reas t\u00e9cnicas, sala polivalente e zonas de conv\u00edvio, para usos como concertos, cinema ou confer\u00eancias.<\/li>\n<\/ul>\n","protected":false},"author":2,"featured_media":91853,"comment_status":"closed","ping_status":"closed","sticky":false,"template":"","format":"standard","meta":{"footnotes":""},"categories":[1],"tags":[142,1259,145,633,982,55],"class_list":["post-91845","post","type-post","status-publish","format-standard","has-post-thumbnail","hentry","category-noticias","tag-arquitetura","tag-banda-sinfonica-portuguesa","tag-cultura","tag-hospital","tag-porto","tag-saude-mental"],"yoast_head":"<!-- This site is optimized with the Yoast SEO plugin v27.2 - https:\/\/yoast.com\/product\/yoast-seo-wordpress\/ -->\n<title>Hospital Conde Ferreira cria centro de cria\u00e7\u00e3o art\u00edstica para a sa\u00fade mental - Portal Tela Portugal<\/title>\n<meta name=\"robots\" content=\"index, follow, max-snippet:-1, max-image-preview:large, max-video-preview:-1\" \/>\n<meta property=\"og:locale\" content=\"pt_PT\" \/>\n<meta property=\"og:type\" content=\"article\" \/>\n<meta property=\"og:title\" content=\"Hospital Conde Ferreira cria centro de cria\u00e7\u00e3o art\u00edstica para a sa\u00fade mental - Portal Tela Portugal\" \/>\n<meta property=\"og:description\" content=\"O Hospital Conde Ferreira vai ter um Centro de Cria\u00e7\u00e3o Art\u00edstica no espa\u00e7o de uma antiga oficina dentro do seu recinto; a apresenta\u00e7\u00e3o ocorreu no \u00faltimo s\u00e1bado, na Rua de Costa Cabral. O projeto, proposto pela Banda Sinf\u00f3nica Portuguesa em protocolo com a Miseric\u00f3rdia do Porto, visa um espa\u00e7o permanente para as atividades da banda e a recupera\u00e7\u00e3o de um espa\u00e7o arquitet\u00f3nico e simb\u00f3lico da cidade. O Centro pretende promover a cria\u00e7\u00e3o art\u00edstica, forma\u00e7\u00e3o e desenvolvimento, ligando cultura, m\u00fasica e comunidade, com abertura a comunidade, escolas e parcerias. Entre os objetivos est\u00e3o ensaios, grava\u00e7\u00f5es, resid\u00eancias art\u00edsticas e projetos multidisciplinares, aproximando o p\u00fablico e as comunidades hospitalares do universo criativo. A arquitetura ficou a cargo de Hugo Igrejas; o espa\u00e7o contar\u00e1 com est\u00fadio de grava\u00e7\u00e3o, salas de trabalho, \u00e1reas t\u00e9cnicas, sala polivalente e zonas de conv\u00edvio, para usos como concertos, cinema ou confer\u00eancias.\" \/>\n<meta property=\"og:url\" content=\"https:\/\/portaltela.pt\/noticias\/2025\/12\/22\/hospital-conde-ferreira-cria-centro-de-criacao-artistica-para-a-saude-mental\/\" \/>\n<meta property=\"og:site_name\" content=\"Portal Tela Portugal\" \/>\n<meta property=\"article:published_time\" content=\"2025-12-22T09:27:00+00:00\" \/>\n<meta name=\"author\" content=\"Telinha\" \/>\n<meta name=\"twitter:card\" content=\"summary_large_image\" \/>\n<meta name=\"twitter:label1\" content=\"Escrito por\" \/>\n\t<meta name=\"twitter:data1\" content=\"Telinha\" \/>\n\t<meta name=\"twitter:label2\" content=\"Tempo estimado de leitura\" \/>\n\t<meta name=\"twitter:data2\" content=\"1 minuto\" \/>\n<script type=\"application\/ld+json\" class=\"yoast-schema-graph\">{\"@context\":\"https:\/\/schema.org\",\"@graph\":[{\"@type\":\"Article\",\"@id\":\"https:\/\/portaltela.pt\/noticias\/2025\/12\/22\/hospital-conde-ferreira-cria-centro-de-criacao-artistica-para-a-saude-mental\/#article\",\"isPartOf\":{\"@id\":\"https:\/\/portaltela.pt\/noticias\/2025\/12\/22\/hospital-conde-ferreira-cria-centro-de-criacao-artistica-para-a-saude-mental\/\"},\"author\":{\"name\":\"Telinha\",\"@id\":\"https:\/\/portaltela.pt\/#\/schema\/person\/c4278d4a6028830caff9ee44b42d32ed\"},\"headline\":\"Hospital Conde Ferreira cria centro de cria\u00e7\u00e3o art\u00edstica para a sa\u00fade mental\",\"datePublished\":\"2025-12-22T09:27:00+00:00\",\"mainEntityOfPage\":{\"@id\":\"https:\/\/portaltela.pt\/noticias\/2025\/12\/22\/hospital-conde-ferreira-cria-centro-de-criacao-artistica-para-a-saude-mental\/\"},\"wordCount\":301,\"image\":{\"@id\":\"https:\/\/portaltela.pt\/noticias\/2025\/12\/22\/hospital-conde-ferreira-cria-centro-de-criacao-artistica-para-a-saude-mental\/#primaryimage\"},\"thumbnailUrl\":\"https:\/\/portaltela.pt\/s.01k8rhncp4jt1\/2025\/12\/unnamed-file-1042.jpg\",\"keywords\":[\"arquitetura\",\"Banda Sinf\u00f3nica Portuguesa\",\"cultura\",\"hospital\",\"Porto\",\"sa\u00fade mental\"],\"articleSection\":[\"Not\u00edcias\"],\"inLanguage\":\"pt-PT\"},{\"@type\":\"WebPage\",\"@id\":\"https:\/\/portaltela.pt\/noticias\/2025\/12\/22\/hospital-conde-ferreira-cria-centro-de-criacao-artistica-para-a-saude-mental\/\",\"url\":\"https:\/\/portaltela.pt\/noticias\/2025\/12\/22\/hospital-conde-ferreira-cria-centro-de-criacao-artistica-para-a-saude-mental\/\",\"name\":\"Hospital Conde Ferreira cria centro de cria\u00e7\u00e3o art\u00edstica para a sa\u00fade mental - Portal Tela Portugal\",\"isPartOf\":{\"@id\":\"https:\/\/portaltela.pt\/#website\"},\"primaryImageOfPage\":{\"@id\":\"https:\/\/portaltela.pt\/noticias\/2025\/12\/22\/hospital-conde-ferreira-cria-centro-de-criacao-artistica-para-a-saude-mental\/#primaryimage\"},\"image\":{\"@id\":\"https:\/\/portaltela.pt\/noticias\/2025\/12\/22\/hospital-conde-ferreira-cria-centro-de-criacao-artistica-para-a-saude-mental\/#primaryimage\"},\"thumbnailUrl\":\"https:\/\/portaltela.pt\/s.01k8rhncp4jt1\/2025\/12\/unnamed-file-1042.jpg\",\"datePublished\":\"2025-12-22T09:27:00+00:00\",\"author\":{\"@id\":\"https:\/\/portaltela.pt\/#\/schema\/person\/c4278d4a6028830caff9ee44b42d32ed\"},\"breadcrumb\":{\"@id\":\"https:\/\/portaltela.pt\/noticias\/2025\/12\/22\/hospital-conde-ferreira-cria-centro-de-criacao-artistica-para-a-saude-mental\/#breadcrumb\"},\"inLanguage\":\"pt-PT\",\"potentialAction\":[{\"@type\":\"ReadAction\",\"target\":[\"https:\/\/portaltela.pt\/noticias\/2025\/12\/22\/hospital-conde-ferreira-cria-centro-de-criacao-artistica-para-a-saude-mental\/\"]}]},{\"@type\":\"ImageObject\",\"inLanguage\":\"pt-PT\",\"@id\":\"https:\/\/portaltela.pt\/noticias\/2025\/12\/22\/hospital-conde-ferreira-cria-centro-de-criacao-artistica-para-a-saude-mental\/#primaryimage\",\"url\":\"https:\/\/portaltela.pt\/s.01k8rhncp4jt1\/2025\/12\/unnamed-file-1042.jpg\",\"contentUrl\":\"https:\/\/portaltela.pt\/s.01k8rhncp4jt1\/2025\/12\/unnamed-file-1042.jpg\",\"width\":796,\"height\":448,\"caption\":\"Photo\"},{\"@type\":\"BreadcrumbList\",\"@id\":\"https:\/\/portaltela.pt\/noticias\/2025\/12\/22\/hospital-conde-ferreira-cria-centro-de-criacao-artistica-para-a-saude-mental\/#breadcrumb\",\"itemListElement\":[{\"@type\":\"ListItem\",\"position\":1,\"name\":\"In\u00edcio\",\"item\":\"https:\/\/portaltela.pt\/\"},{\"@type\":\"ListItem\",\"position\":2,\"name\":\"Hospital Conde Ferreira cria centro de cria\u00e7\u00e3o art\u00edstica para a sa\u00fade mental\"}]},{\"@type\":\"WebSite\",\"@id\":\"https:\/\/portaltela.pt\/#website\",\"url\":\"https:\/\/portaltela.pt\/\",\"name\":\"Portal Tela Portugal\",\"description\":\"\",\"potentialAction\":[{\"@type\":\"SearchAction\",\"target\":{\"@type\":\"EntryPoint\",\"urlTemplate\":\"https:\/\/portaltela.pt\/?s={search_term_string}\"},\"query-input\":{\"@type\":\"PropertyValueSpecification\",\"valueRequired\":true,\"valueName\":\"search_term_string\"}}],\"inLanguage\":\"pt-PT\"},{\"@type\":\"Person\",\"@id\":\"https:\/\/portaltela.pt\/#\/schema\/person\/c4278d4a6028830caff9ee44b42d32ed\",\"name\":\"Telinha\",\"image\":{\"@type\":\"ImageObject\",\"inLanguage\":\"pt-PT\",\"@id\":\"https:\/\/portaltela.pt\/s.01k8rhncp4jt1\/2025\/11\/talking-bot-125x125.png\",\"url\":\"https:\/\/portaltela.pt\/s.01k8rhncp4jt1\/2025\/11\/talking-bot-125x125.png\",\"contentUrl\":\"https:\/\/portaltela.pt\/s.01k8rhncp4jt1\/2025\/11\/talking-bot-125x125.png\",\"caption\":\"Telinha\"},\"sameAs\":[\"https:\/\/portaltela.pt\/\"],\"url\":\"https:\/\/portaltela.pt\/por\/367410592786\/\"}]}<\/script>\n<!-- \/ Yoast SEO plugin. -->","yoast_head_json":{"title":"Hospital Conde Ferreira cria centro de cria\u00e7\u00e3o art\u00edstica para a sa\u00fade mental - Portal Tela Portugal","robots":{"index":"index","follow":"follow","max-snippet":"max-snippet:-1","max-image-preview":"max-image-preview:large","max-video-preview":"max-video-preview:-1"},"og_locale":"pt_PT","og_type":"article","og_title":"Hospital Conde Ferreira cria centro de cria\u00e7\u00e3o art\u00edstica para a sa\u00fade mental - Portal Tela Portugal","og_description":"O Hospital Conde Ferreira vai ter um Centro de Cria\u00e7\u00e3o Art\u00edstica no espa\u00e7o de uma antiga oficina dentro do seu recinto; a apresenta\u00e7\u00e3o ocorreu no \u00faltimo s\u00e1bado, na Rua de Costa Cabral. O projeto, proposto pela Banda Sinf\u00f3nica Portuguesa em protocolo com a Miseric\u00f3rdia do Porto, visa um espa\u00e7o permanente para as atividades da banda e a recupera\u00e7\u00e3o de um espa\u00e7o arquitet\u00f3nico e simb\u00f3lico da cidade. O Centro pretende promover a cria\u00e7\u00e3o art\u00edstica, forma\u00e7\u00e3o e desenvolvimento, ligando cultura, m\u00fasica e comunidade, com abertura a comunidade, escolas e parcerias. Entre os objetivos est\u00e3o ensaios, grava\u00e7\u00f5es, resid\u00eancias art\u00edsticas e projetos multidisciplinares, aproximando o p\u00fablico e as comunidades hospitalares do universo criativo. A arquitetura ficou a cargo de Hugo Igrejas; o espa\u00e7o contar\u00e1 com est\u00fadio de grava\u00e7\u00e3o, salas de trabalho, \u00e1reas t\u00e9cnicas, sala polivalente e zonas de conv\u00edvio, para usos como concertos, cinema ou confer\u00eancias.","og_url":"https:\/\/portaltela.pt\/noticias\/2025\/12\/22\/hospital-conde-ferreira-cria-centro-de-criacao-artistica-para-a-saude-mental\/","og_site_name":"Portal Tela Portugal","article_published_time":"2025-12-22T09:27:00+00:00","author":"Telinha","twitter_card":"summary_large_image","twitter_misc":{"Escrito por":"Telinha","Tempo estimado de leitura":"1 minuto"},"schema":{"@context":"https:\/\/schema.org","@graph":[{"@type":"Article","@id":"https:\/\/portaltela.pt\/noticias\/2025\/12\/22\/hospital-conde-ferreira-cria-centro-de-criacao-artistica-para-a-saude-mental\/#article","isPartOf":{"@id":"https:\/\/portaltela.pt\/noticias\/2025\/12\/22\/hospital-conde-ferreira-cria-centro-de-criacao-artistica-para-a-saude-mental\/"},"author":{"name":"Telinha","@id":"https:\/\/portaltela.pt\/#\/schema\/person\/c4278d4a6028830caff9ee44b42d32ed"},"headline":"Hospital Conde Ferreira cria centro de cria\u00e7\u00e3o art\u00edstica para a sa\u00fade mental","datePublished":"2025-12-22T09:27:00+00:00","mainEntityOfPage":{"@id":"https:\/\/portaltela.pt\/noticias\/2025\/12\/22\/hospital-conde-ferreira-cria-centro-de-criacao-artistica-para-a-saude-mental\/"},"wordCount":301,"image":{"@id":"https:\/\/portaltela.pt\/noticias\/2025\/12\/22\/hospital-conde-ferreira-cria-centro-de-criacao-artistica-para-a-saude-mental\/#primaryimage"},"thumbnailUrl":"https:\/\/portaltela.pt\/s.01k8rhncp4jt1\/2025\/12\/unnamed-file-1042.jpg","keywords":["arquitetura","Banda Sinf\u00f3nica Portuguesa","cultura","hospital","Porto","sa\u00fade mental"],"articleSection":["Not\u00edcias"],"inLanguage":"pt-PT"},{"@type":"WebPage","@id":"https:\/\/portaltela.pt\/noticias\/2025\/12\/22\/hospital-conde-ferreira-cria-centro-de-criacao-artistica-para-a-saude-mental\/","url":"https:\/\/portaltela.pt\/noticias\/2025\/12\/22\/hospital-conde-ferreira-cria-centro-de-criacao-artistica-para-a-saude-mental\/","name":"Hospital Conde Ferreira cria centro de cria\u00e7\u00e3o art\u00edstica para a sa\u00fade mental - Portal Tela Portugal","isPartOf":{"@id":"https:\/\/portaltela.pt\/#website"},"primaryImageOfPage":{"@id":"https:\/\/portaltela.pt\/noticias\/2025\/12\/22\/hospital-conde-ferreira-cria-centro-de-criacao-artistica-para-a-saude-mental\/#primaryimage"},"image":{"@id":"https:\/\/portaltela.pt\/noticias\/2025\/12\/22\/hospital-conde-ferreira-cria-centro-de-criacao-artistica-para-a-saude-mental\/#primaryimage"},"thumbnailUrl":"https:\/\/portaltela.pt\/s.01k8rhncp4jt1\/2025\/12\/unnamed-file-1042.jpg","datePublished":"2025-12-22T09:27:00+00:00","author":{"@id":"https:\/\/portaltela.pt\/#\/schema\/person\/c4278d4a6028830caff9ee44b42d32ed"},"breadcrumb":{"@id":"https:\/\/portaltela.pt\/noticias\/2025\/12\/22\/hospital-conde-ferreira-cria-centro-de-criacao-artistica-para-a-saude-mental\/#breadcrumb"},"inLanguage":"pt-PT","potentialAction":[{"@type":"ReadAction","target":["https:\/\/portaltela.pt\/noticias\/2025\/12\/22\/hospital-conde-ferreira-cria-centro-de-criacao-artistica-para-a-saude-mental\/"]}]},{"@type":"ImageObject","inLanguage":"pt-PT","@id":"https:\/\/portaltela.pt\/noticias\/2025\/12\/22\/hospital-conde-ferreira-cria-centro-de-criacao-artistica-para-a-saude-mental\/#primaryimage","url":"https:\/\/portaltela.pt\/s.01k8rhncp4jt1\/2025\/12\/unnamed-file-1042.jpg","contentUrl":"https:\/\/portaltela.pt\/s.01k8rhncp4jt1\/2025\/12\/unnamed-file-1042.jpg","width":796,"height":448,"caption":"Photo"},{"@type":"BreadcrumbList","@id":"https:\/\/portaltela.pt\/noticias\/2025\/12\/22\/hospital-conde-ferreira-cria-centro-de-criacao-artistica-para-a-saude-mental\/#breadcrumb","itemListElement":[{"@type":"ListItem","position":1,"name":"In\u00edcio","item":"https:\/\/portaltela.pt\/"},{"@type":"ListItem","position":2,"name":"Hospital Conde Ferreira cria centro de cria\u00e7\u00e3o art\u00edstica para a sa\u00fade mental"}]},{"@type":"WebSite","@id":"https:\/\/portaltela.pt\/#website","url":"https:\/\/portaltela.pt\/","name":"Portal Tela Portugal","description":"","potentialAction":[{"@type":"SearchAction","target":{"@type":"EntryPoint","urlTemplate":"https:\/\/portaltela.pt\/?s={search_term_string}"},"query-input":{"@type":"PropertyValueSpecification","valueRequired":true,"valueName":"search_term_string"}}],"inLanguage":"pt-PT"},{"@type":"Person","@id":"https:\/\/portaltela.pt\/#\/schema\/person\/c4278d4a6028830caff9ee44b42d32ed","name":"Telinha","image":{"@type":"ImageObject","inLanguage":"pt-PT","@id":"https:\/\/portaltela.pt\/s.01k8rhncp4jt1\/2025\/11\/talking-bot-125x125.png","url":"https:\/\/portaltela.pt\/s.01k8rhncp4jt1\/2025\/11\/talking-bot-125x125.png","contentUrl":"https:\/\/portaltela.pt\/s.01k8rhncp4jt1\/2025\/11\/talking-bot-125x125.png","caption":"Telinha"},"sameAs":["https:\/\/portaltela.pt\/"],"url":"https:\/\/portaltela.pt\/por\/367410592786\/"}]}},"_links":{"self":[{"href":"https:\/\/portaltela.pt\/api\/wp\/v2\/posts\/91845","targetHints":{"allow":["GET"]}}],"collection":[{"href":"https:\/\/portaltela.pt\/api\/wp\/v2\/posts"}],"about":[{"href":"https:\/\/portaltela.pt\/api\/wp\/v2\/types\/post"}],"author":[{"embeddable":true,"href":"https:\/\/portaltela.pt\/api\/wp\/v2\/users\/2"}],"replies":[{"embeddable":true,"href":"https:\/\/portaltela.pt\/api\/wp\/v2\/comments?post=91845"}],"version-history":[{"count":0,"href":"https:\/\/portaltela.pt\/api\/wp\/v2\/posts\/91845\/revisions"}],"wp:featuredmedia":[{"embeddable":true,"href":"https:\/\/portaltela.pt\/api\/wp\/v2\/media\/91853"}],"wp:attachment":[{"href":"https:\/\/portaltela.pt\/api\/wp\/v2\/media?parent=91845"}],"wp:term":[{"taxonomy":"category","embeddable":true,"href":"https:\/\/portaltela.pt\/api\/wp\/v2\/categories?post=91845"},{"taxonomy":"post_tag","embeddable":true,"href":"https:\/\/portaltela.pt\/api\/wp\/v2\/tags?post=91845"}],"curies":[{"name":"wp","href":"https:\/\/api.w.org\/{rel}","templated":true}]}}