{"id":91664,"date":"2025-12-22T05:21:11","date_gmt":"2025-12-22T08:21:11","guid":{"rendered":"https:\/\/portaltela.pt\/noticias\/2025\/12\/22\/betis-organiza-chuva-de-peluches-em-video\/"},"modified":"2025-12-22T05:21:11","modified_gmt":"2025-12-22T08:21:11","slug":"betis-organiza-chuva-de-peluches-em-video","status":"publish","type":"post","link":"https:\/\/portaltela.pt\/desporto\/futebol\/2025\/12\/22\/betis-organiza-chuva-de-peluches-em-video\/","title":{"rendered":"Betis organiza chuva de peluches em v\u00eddeo"},"content":{"rendered":"<p>O Betis realizou, neste domingo, a tradicional recolha de peluches no \u00faltimo jogo em casa do ano. A iniciativa acontece no intervalo, durante a partida contra o Getafe. Este ano, as pe\u00e7as foram lan\u00e7adas do est\u00e1dio La Cartuja, devido a obras no Benito Villamar\u00edn.<\/p>\n<p>As bancadas e o relvado ficaram cobertos de brinquedos, numa campanha destinada a crian\u00e7as desfavorecidas. O objetivo \u00e9 que nenhuma crian\u00e7a fique sem um presente no Natal.<\/p>\n<p>A a\u00e7\u00e3o, iniciada em 2018, continua a cumprir-se no \u00faltimo jogo da equipa em casa. No ano passado, foram lan\u00e7ados 28 mil bonecos; ainda n\u00e3o foram confirmados dados oficiais sobre o total deste ano.<\/p>\n<h3>Participa\u00e7\u00e3o e local<\/h3>\n<p>O evento envolve a dire\u00e7\u00e3o do Betis e a organiza\u00e7\u00e3o solid\u00e1ria associada \u00e0 campanha natal\u00edcia. A mudan\u00e7a de recinto ocorreu por obras em casa, com o La Cartuja a acolher o evento temporariamente.<\/p>\n<h3>Objetivo e impacto<\/h3>\n<p>A iniciativa visa apoiar fam\u00edlias carenciadas e promover a solidariedade entre adeptos. A campanha mant\u00e9m o foco na entrega de peluches a crian\u00e7as que enfrentam dificuldades durante o Natal.<\/p>\n","protected":false},"excerpt":{"rendered":"<ul>\n<li>A tradicional recolha de peluches do Betis, realizada no \u00faltimo jogo em casa do ano, ocorreu este domingo.<\/li>\n<li>Por obras no Benito Villamar\u00edn, as a\u00e7\u00f5es decorreram no est\u00e1dio emprestado La Cartuja, durante o intervalo do encontro com o Getafe.<\/li>\n<li>Milhares de brinquedos foram lan\u00e7ados das bancadas, cobrindo relvado e cadeiras.<\/li>\n<li>A campanha tem o objetivo de ajudar quem precisa e assegurar que nenhuma crian\u00e7a fique sem brinquedo no Natal.<\/li>\n<li>No ano passado foram lan\u00e7ados 28 mil bonecos; ainda n\u00e3o se sabe se foi atingido o recorde este ano.<\/li>\n<\/ul>\n","protected":false},"author":2,"featured_media":91666,"comment_status":"closed","ping_status":"closed","sticky":false,"template":"","format":"standard","meta":{"footnotes":""},"categories":[21,24],"tags":[1084,1211,152,32,1759,347],"class_list":["post-91664","post","type-post","status-publish","format-standard","has-post-thumbnail","hentry","category-desporto","category-futebol","tag-acao-social","tag-apoio-social","tag-desporto","tag-futebol","tag-infancia","tag-servicos-de-caridade"],"yoast_head":"<!-- This site is optimized with the Yoast SEO plugin v27.2 - https:\/\/yoast.com\/product\/yoast-seo-wordpress\/ -->\n<title>Betis organiza chuva de peluches em v\u00eddeo - Portal Tela Portugal<\/title>\n<meta name=\"robots\" content=\"index, follow, max-snippet:-1, max-image-preview:large, max-video-preview:-1\" \/>\n<meta property=\"og:locale\" content=\"pt_PT\" \/>\n<meta property=\"og:type\" content=\"article\" \/>\n<meta property=\"og:title\" content=\"Betis organiza chuva de peluches em v\u00eddeo - Portal Tela Portugal\" \/>\n<meta property=\"og:description\" content=\"A tradicional recolha de peluches do Betis, realizada no \u00faltimo jogo em casa do ano, ocorreu este domingo. Por obras no Benito Villamar\u00edn, as a\u00e7\u00f5es decorreram no est\u00e1dio emprestado La Cartuja, durante o intervalo do encontro com o Getafe. Milhares de brinquedos foram lan\u00e7ados das bancadas, cobrindo relvado e cadeiras. A campanha tem o objetivo de ajudar quem precisa e assegurar que nenhuma crian\u00e7a fique sem brinquedo no Natal. No ano passado foram lan\u00e7ados 28 mil bonecos; ainda n\u00e3o se sabe se foi atingido o recorde este ano.\" \/>\n<meta property=\"og:url\" content=\"https:\/\/portaltela.pt\/noticias\/2025\/12\/22\/betis-organiza-chuva-de-peluches-em-video\/\" \/>\n<meta property=\"og:site_name\" content=\"Portal Tela Portugal\" \/>\n<meta property=\"article:published_time\" content=\"2025-12-22T08:21:11+00:00\" \/>\n<meta name=\"author\" content=\"Telinha\" \/>\n<meta name=\"twitter:card\" content=\"summary_large_image\" \/>\n<meta name=\"twitter:label1\" content=\"Escrito por\" \/>\n\t<meta name=\"twitter:data1\" content=\"Telinha\" \/>\n\t<meta name=\"twitter:label2\" content=\"Tempo estimado de leitura\" \/>\n\t<meta name=\"twitter:data2\" content=\"1 minuto\" \/>\n<script type=\"application\/ld+json\" class=\"yoast-schema-graph\">{\"@context\":\"https:\/\/schema.org\",\"@graph\":[{\"@type\":\"Article\",\"@id\":\"https:\/\/portaltela.pt\/noticias\/2025\/12\/22\/betis-organiza-chuva-de-peluches-em-video\/#article\",\"isPartOf\":{\"@id\":\"https:\/\/portaltela.pt\/noticias\/2025\/12\/22\/betis-organiza-chuva-de-peluches-em-video\/\"},\"author\":{\"name\":\"Telinha\",\"@id\":\"https:\/\/portaltela.pt\/#\/schema\/person\/c4278d4a6028830caff9ee44b42d32ed\"},\"headline\":\"Betis organiza chuva de peluches em v\u00eddeo\",\"datePublished\":\"2025-12-22T08:21:11+00:00\",\"mainEntityOfPage\":{\"@id\":\"https:\/\/portaltela.pt\/noticias\/2025\/12\/22\/betis-organiza-chuva-de-peluches-em-video\/\"},\"wordCount\":195,\"image\":{\"@id\":\"https:\/\/portaltela.pt\/noticias\/2025\/12\/22\/betis-organiza-chuva-de-peluches-em-video\/#primaryimage\"},\"thumbnailUrl\":\"https:\/\/portaltela.pt\/s.01k8rhncp4jt1\/2025\/12\/04dafdd2-7bd8-4544-8dc6-6fcb08f89d44.jpg\",\"keywords\":[\"A\u00e7\u00e3o Social\",\"Apoio Social\",\"desporto\",\"futebol\",\"inf\u00e2ncia\",\"servi\u00e7os de caridade\"],\"articleSection\":[\"Desporto\",\"Futebol\"],\"inLanguage\":\"pt-PT\"},{\"@type\":\"WebPage\",\"@id\":\"https:\/\/portaltela.pt\/noticias\/2025\/12\/22\/betis-organiza-chuva-de-peluches-em-video\/\",\"url\":\"https:\/\/portaltela.pt\/noticias\/2025\/12\/22\/betis-organiza-chuva-de-peluches-em-video\/\",\"name\":\"Betis organiza chuva de peluches em v\u00eddeo - Portal Tela Portugal\",\"isPartOf\":{\"@id\":\"https:\/\/portaltela.pt\/#website\"},\"primaryImageOfPage\":{\"@id\":\"https:\/\/portaltela.pt\/noticias\/2025\/12\/22\/betis-organiza-chuva-de-peluches-em-video\/#primaryimage\"},\"image\":{\"@id\":\"https:\/\/portaltela.pt\/noticias\/2025\/12\/22\/betis-organiza-chuva-de-peluches-em-video\/#primaryimage\"},\"thumbnailUrl\":\"https:\/\/portaltela.pt\/s.01k8rhncp4jt1\/2025\/12\/04dafdd2-7bd8-4544-8dc6-6fcb08f89d44.jpg\",\"datePublished\":\"2025-12-22T08:21:11+00:00\",\"author\":{\"@id\":\"https:\/\/portaltela.pt\/#\/schema\/person\/c4278d4a6028830caff9ee44b42d32ed\"},\"breadcrumb\":{\"@id\":\"https:\/\/portaltela.pt\/noticias\/2025\/12\/22\/betis-organiza-chuva-de-peluches-em-video\/#breadcrumb\"},\"inLanguage\":\"pt-PT\",\"potentialAction\":[{\"@type\":\"ReadAction\",\"target\":[\"https:\/\/portaltela.pt\/noticias\/2025\/12\/22\/betis-organiza-chuva-de-peluches-em-video\/\"]}]},{\"@type\":\"ImageObject\",\"inLanguage\":\"pt-PT\",\"@id\":\"https:\/\/portaltela.pt\/noticias\/2025\/12\/22\/betis-organiza-chuva-de-peluches-em-video\/#primaryimage\",\"url\":\"https:\/\/portaltela.pt\/s.01k8rhncp4jt1\/2025\/12\/04dafdd2-7bd8-4544-8dc6-6fcb08f89d44.jpg\",\"contentUrl\":\"https:\/\/portaltela.pt\/s.01k8rhncp4jt1\/2025\/12\/04dafdd2-7bd8-4544-8dc6-6fcb08f89d44.jpg\",\"width\":796,\"height\":448,\"caption\":\"J\u00e1 estava na hora: a 'chuva' de peluches organizada pelo Betis (v\u00eddeo)\"},{\"@type\":\"BreadcrumbList\",\"@id\":\"https:\/\/portaltela.pt\/noticias\/2025\/12\/22\/betis-organiza-chuva-de-peluches-em-video\/#breadcrumb\",\"itemListElement\":[{\"@type\":\"ListItem\",\"position\":1,\"name\":\"In\u00edcio\",\"item\":\"https:\/\/portaltela.pt\/\"},{\"@type\":\"ListItem\",\"position\":2,\"name\":\"Betis organiza chuva de peluches em v\u00eddeo\"}]},{\"@type\":\"WebSite\",\"@id\":\"https:\/\/portaltela.pt\/#website\",\"url\":\"https:\/\/portaltela.pt\/\",\"name\":\"Portal Tela Portugal\",\"description\":\"\",\"potentialAction\":[{\"@type\":\"SearchAction\",\"target\":{\"@type\":\"EntryPoint\",\"urlTemplate\":\"https:\/\/portaltela.pt\/?s={search_term_string}\"},\"query-input\":{\"@type\":\"PropertyValueSpecification\",\"valueRequired\":true,\"valueName\":\"search_term_string\"}}],\"inLanguage\":\"pt-PT\"},{\"@type\":\"Person\",\"@id\":\"https:\/\/portaltela.pt\/#\/schema\/person\/c4278d4a6028830caff9ee44b42d32ed\",\"name\":\"Telinha\",\"image\":{\"@type\":\"ImageObject\",\"inLanguage\":\"pt-PT\",\"@id\":\"https:\/\/portaltela.pt\/s.01k8rhncp4jt1\/2025\/11\/talking-bot-125x125.png\",\"url\":\"https:\/\/portaltela.pt\/s.01k8rhncp4jt1\/2025\/11\/talking-bot-125x125.png\",\"contentUrl\":\"https:\/\/portaltela.pt\/s.01k8rhncp4jt1\/2025\/11\/talking-bot-125x125.png\",\"caption\":\"Telinha\"},\"sameAs\":[\"https:\/\/portaltela.pt\/\"],\"url\":\"https:\/\/portaltela.pt\/por\/367410592786\/\"}]}<\/script>\n<!-- \/ Yoast SEO plugin. -->","yoast_head_json":{"title":"Betis organiza chuva de peluches em v\u00eddeo - Portal Tela Portugal","robots":{"index":"index","follow":"follow","max-snippet":"max-snippet:-1","max-image-preview":"max-image-preview:large","max-video-preview":"max-video-preview:-1"},"og_locale":"pt_PT","og_type":"article","og_title":"Betis organiza chuva de peluches em v\u00eddeo - Portal Tela Portugal","og_description":"A tradicional recolha de peluches do Betis, realizada no \u00faltimo jogo em casa do ano, ocorreu este domingo. Por obras no Benito Villamar\u00edn, as a\u00e7\u00f5es decorreram no est\u00e1dio emprestado La Cartuja, durante o intervalo do encontro com o Getafe. Milhares de brinquedos foram lan\u00e7ados das bancadas, cobrindo relvado e cadeiras. A campanha tem o objetivo de ajudar quem precisa e assegurar que nenhuma crian\u00e7a fique sem brinquedo no Natal. No ano passado foram lan\u00e7ados 28 mil bonecos; ainda n\u00e3o se sabe se foi atingido o recorde este ano.","og_url":"https:\/\/portaltela.pt\/noticias\/2025\/12\/22\/betis-organiza-chuva-de-peluches-em-video\/","og_site_name":"Portal Tela Portugal","article_published_time":"2025-12-22T08:21:11+00:00","author":"Telinha","twitter_card":"summary_large_image","twitter_misc":{"Escrito por":"Telinha","Tempo estimado de leitura":"1 minuto"},"schema":{"@context":"https:\/\/schema.org","@graph":[{"@type":"Article","@id":"https:\/\/portaltela.pt\/noticias\/2025\/12\/22\/betis-organiza-chuva-de-peluches-em-video\/#article","isPartOf":{"@id":"https:\/\/portaltela.pt\/noticias\/2025\/12\/22\/betis-organiza-chuva-de-peluches-em-video\/"},"author":{"name":"Telinha","@id":"https:\/\/portaltela.pt\/#\/schema\/person\/c4278d4a6028830caff9ee44b42d32ed"},"headline":"Betis organiza chuva de peluches em v\u00eddeo","datePublished":"2025-12-22T08:21:11+00:00","mainEntityOfPage":{"@id":"https:\/\/portaltela.pt\/noticias\/2025\/12\/22\/betis-organiza-chuva-de-peluches-em-video\/"},"wordCount":195,"image":{"@id":"https:\/\/portaltela.pt\/noticias\/2025\/12\/22\/betis-organiza-chuva-de-peluches-em-video\/#primaryimage"},"thumbnailUrl":"https:\/\/portaltela.pt\/s.01k8rhncp4jt1\/2025\/12\/04dafdd2-7bd8-4544-8dc6-6fcb08f89d44.jpg","keywords":["A\u00e7\u00e3o Social","Apoio Social","desporto","futebol","inf\u00e2ncia","servi\u00e7os de caridade"],"articleSection":["Desporto","Futebol"],"inLanguage":"pt-PT"},{"@type":"WebPage","@id":"https:\/\/portaltela.pt\/noticias\/2025\/12\/22\/betis-organiza-chuva-de-peluches-em-video\/","url":"https:\/\/portaltela.pt\/noticias\/2025\/12\/22\/betis-organiza-chuva-de-peluches-em-video\/","name":"Betis organiza chuva de peluches em v\u00eddeo - Portal Tela Portugal","isPartOf":{"@id":"https:\/\/portaltela.pt\/#website"},"primaryImageOfPage":{"@id":"https:\/\/portaltela.pt\/noticias\/2025\/12\/22\/betis-organiza-chuva-de-peluches-em-video\/#primaryimage"},"image":{"@id":"https:\/\/portaltela.pt\/noticias\/2025\/12\/22\/betis-organiza-chuva-de-peluches-em-video\/#primaryimage"},"thumbnailUrl":"https:\/\/portaltela.pt\/s.01k8rhncp4jt1\/2025\/12\/04dafdd2-7bd8-4544-8dc6-6fcb08f89d44.jpg","datePublished":"2025-12-22T08:21:11+00:00","author":{"@id":"https:\/\/portaltela.pt\/#\/schema\/person\/c4278d4a6028830caff9ee44b42d32ed"},"breadcrumb":{"@id":"https:\/\/portaltela.pt\/noticias\/2025\/12\/22\/betis-organiza-chuva-de-peluches-em-video\/#breadcrumb"},"inLanguage":"pt-PT","potentialAction":[{"@type":"ReadAction","target":["https:\/\/portaltela.pt\/noticias\/2025\/12\/22\/betis-organiza-chuva-de-peluches-em-video\/"]}]},{"@type":"ImageObject","inLanguage":"pt-PT","@id":"https:\/\/portaltela.pt\/noticias\/2025\/12\/22\/betis-organiza-chuva-de-peluches-em-video\/#primaryimage","url":"https:\/\/portaltela.pt\/s.01k8rhncp4jt1\/2025\/12\/04dafdd2-7bd8-4544-8dc6-6fcb08f89d44.jpg","contentUrl":"https:\/\/portaltela.pt\/s.01k8rhncp4jt1\/2025\/12\/04dafdd2-7bd8-4544-8dc6-6fcb08f89d44.jpg","width":796,"height":448,"caption":"J\u00e1 estava na hora: a 'chuva' de peluches organizada pelo Betis (v\u00eddeo)"},{"@type":"BreadcrumbList","@id":"https:\/\/portaltela.pt\/noticias\/2025\/12\/22\/betis-organiza-chuva-de-peluches-em-video\/#breadcrumb","itemListElement":[{"@type":"ListItem","position":1,"name":"In\u00edcio","item":"https:\/\/portaltela.pt\/"},{"@type":"ListItem","position":2,"name":"Betis organiza chuva de peluches em v\u00eddeo"}]},{"@type":"WebSite","@id":"https:\/\/portaltela.pt\/#website","url":"https:\/\/portaltela.pt\/","name":"Portal Tela Portugal","description":"","potentialAction":[{"@type":"SearchAction","target":{"@type":"EntryPoint","urlTemplate":"https:\/\/portaltela.pt\/?s={search_term_string}"},"query-input":{"@type":"PropertyValueSpecification","valueRequired":true,"valueName":"search_term_string"}}],"inLanguage":"pt-PT"},{"@type":"Person","@id":"https:\/\/portaltela.pt\/#\/schema\/person\/c4278d4a6028830caff9ee44b42d32ed","name":"Telinha","image":{"@type":"ImageObject","inLanguage":"pt-PT","@id":"https:\/\/portaltela.pt\/s.01k8rhncp4jt1\/2025\/11\/talking-bot-125x125.png","url":"https:\/\/portaltela.pt\/s.01k8rhncp4jt1\/2025\/11\/talking-bot-125x125.png","contentUrl":"https:\/\/portaltela.pt\/s.01k8rhncp4jt1\/2025\/11\/talking-bot-125x125.png","caption":"Telinha"},"sameAs":["https:\/\/portaltela.pt\/"],"url":"https:\/\/portaltela.pt\/por\/367410592786\/"}]}},"_links":{"self":[{"href":"https:\/\/portaltela.pt\/api\/wp\/v2\/posts\/91664","targetHints":{"allow":["GET"]}}],"collection":[{"href":"https:\/\/portaltela.pt\/api\/wp\/v2\/posts"}],"about":[{"href":"https:\/\/portaltela.pt\/api\/wp\/v2\/types\/post"}],"author":[{"embeddable":true,"href":"https:\/\/portaltela.pt\/api\/wp\/v2\/users\/2"}],"replies":[{"embeddable":true,"href":"https:\/\/portaltela.pt\/api\/wp\/v2\/comments?post=91664"}],"version-history":[{"count":0,"href":"https:\/\/portaltela.pt\/api\/wp\/v2\/posts\/91664\/revisions"}],"wp:featuredmedia":[{"embeddable":true,"href":"https:\/\/portaltela.pt\/api\/wp\/v2\/media\/91666"}],"wp:attachment":[{"href":"https:\/\/portaltela.pt\/api\/wp\/v2\/media?parent=91664"}],"wp:term":[{"taxonomy":"category","embeddable":true,"href":"https:\/\/portaltela.pt\/api\/wp\/v2\/categories?post=91664"},{"taxonomy":"post_tag","embeddable":true,"href":"https:\/\/portaltela.pt\/api\/wp\/v2\/tags?post=91664"}],"curies":[{"name":"wp","href":"https:\/\/api.w.org\/{rel}","templated":true}]}}