{"id":91319,"date":"2025-12-21T20:42:00","date_gmt":"2025-12-21T23:42:00","guid":{"rendered":"https:\/\/portaltela.pt\/noticias\/2025\/12\/21\/alto-minho-e-interior-acordaram-com-nevao-no-primeiro-dia-do-inverno\/"},"modified":"2025-12-21T20:42:00","modified_gmt":"2025-12-21T23:42:00","slug":"alto-minho-e-interior-acordaram-com-nevao-no-primeiro-dia-do-inverno","status":"publish","type":"post","link":"https:\/\/portaltela.pt\/noticias\/2025\/12\/21\/alto-minho-e-interior-acordaram-com-nevao-no-primeiro-dia-do-inverno\/","title":{"rendered":"Alto Minho e Interior acordaram com nev\u00e3o no primeiro dia do inverno"},"content":{"rendered":"<p>O primeiro dia de inverno trouxe neve a diversas regi\u00f5es do Norte e Centro de Portugal, incluindo Alto Minho, Chaves e o Parque Nacional da Peneda-Ger\u00eas. O fen\u00f3meno ocorreu durante a noite e se prolongou pela manh\u00e3, afetando estradas, atividades de lazer e mobilidade rodovi\u00e1ria.<\/p>\n<p>Gerentes de emerg\u00eancia, bombeiros, GNR e SNS emitiram avisos sobre os cuidados a ter perante o frio intenso e as estradas geladas. O IPMA prev\u00ea uma semana de Natal com temperaturas abaixo da m\u00e9dia, especialmente no Interior, entre 5 e 12 graus de temperatura m\u00e1xima e quedas que podem descer a -2 a 4 graus.<\/p>\n<p>A neve atingiu \u00e1reas de maior altitude no Alto Minho, como Castro Laboreiro e Lamas de Mouro, e tamb\u00e9m zonas menos habituais de Paredes de Coura e Ponte de Lima. Em Melga\u00e7o, Arcos de Valdevez e Mon\u00e7\u00e3o a queda foi intensa, com accumula\u00e7\u00f5es superiores a 15 cm em alguns pontos serranos.<\/p>\n<h3>Efeitos na circula\u00e7\u00e3o<\/h3>\n<p>A acumula\u00e7\u00e3o de gelo provocou v\u00e1rios acidentes na A28 durante a noite, incluindo na ponte nova de Viana do Castelo. O n\u00f3 de Esposende esteve com encerramento tempor\u00e1rio para permitir opera\u00e7\u00f5es de limpeza e evitar novos incidentes.<\/p>\n<p>O IPMA prev\u00ea precipita\u00e7\u00e3o fraca a moderada nos pr\u00f3ximos dias, com neve nas serras mais altas do Norte e Centro. O tempo natal\u00edcio dever\u00e1 manter-se seco e com sol na noite de Consoada e no dia de Natal, sem chuva prevista a partir do dia 24.<\/p>\n<p>As autoridades destacam ainda que as menores temperaturas poder\u00e3o favorecer gelo e geada, exigindo condu\u00e7\u00e3o cautelosa e vestu\u00e1rio adequado para as zonas frias. O SNS alerta para manter a hidrata\u00e7\u00e3o e a alimenta\u00e7\u00e3o quente.<\/p>\n","protected":false},"excerpt":{"rendered":"<ul>\n<li>Neve cobre neste domingo o primeiro dia de inverno v\u00e1rias regi\u00f5es do Norte e Centro, incluindo Alto Minho, Chaves e Serra da Estrela, estendendo-se at\u00e9 ao Alto Alentejo.<\/li>\n<li>O IPMA prev\u00ea uma semana de Natal fria, com m\u00e1ximas entre cinco e doze graus no Interior Norte e Centro e m\u00ednimas entre -2 e quatro; no Sul, m\u00e1ximas entre dez e dezasseis e m\u00ednimas entre 1 e oito.<\/li>\n<li>A neve causou acidentes e gelo nas estradas, com a GNR a encerrar temporariamente o n\u00f3 de Esposende na A28 para evitar acidentes e permitir limpeza.<\/li>\n<li>No Alto Minho, a neve atingiu zonas altas habituais e tamb\u00e9m \u00e1reas menos comuns, como Paredes de Coura e Ponte de Lima; Castelo Laboreiro e Lamas de Mouro registaram cerca de 15 cent\u00edmetros.<\/li>\n<li>As autoridades alertam para condu\u00e7\u00e3o com precau\u00e7\u00e3o e fogo frio, e o SNS recomenda agasalhar-se e manter-se hidratado; prev\u00ea-se precipita\u00e7\u00e3o fraca a moderada, sobretudo neve nas serras, com Consoada e Natal secos e com sol.<\/li>\n<\/ul>\n","protected":false},"author":2,"featured_media":91323,"comment_status":"closed","ping_status":"closed","sticky":false,"template":"","format":"standard","meta":{"footnotes":""},"categories":[1],"tags":[1781,1545,1083,1660,1780,1530],"class_list":["post-91319","post","type-post","status-publish","format-standard","has-post-thumbnail","hentry","category-noticias","tag-arcos-de-valdevez","tag-esposende","tag-estradas","tag-geres","tag-paredes-de-coura","tag-viana-do-castelo"],"yoast_head":"<!-- This site is optimized with the Yoast SEO plugin v27.2 - https:\/\/yoast.com\/product\/yoast-seo-wordpress\/ -->\n<title>Alto Minho e Interior acordaram com nev\u00e3o no primeiro dia do inverno - Portal Tela Portugal<\/title>\n<meta name=\"robots\" content=\"index, follow, max-snippet:-1, max-image-preview:large, max-video-preview:-1\" \/>\n<meta property=\"og:locale\" content=\"pt_PT\" \/>\n<meta property=\"og:type\" content=\"article\" \/>\n<meta property=\"og:title\" content=\"Alto Minho e Interior acordaram com nev\u00e3o no primeiro dia do inverno - Portal Tela Portugal\" \/>\n<meta property=\"og:description\" content=\"Neve cobre neste domingo o primeiro dia de inverno v\u00e1rias regi\u00f5es do Norte e Centro, incluindo Alto Minho, Chaves e Serra da Estrela, estendendo-se at\u00e9 ao Alto Alentejo. O IPMA prev\u00ea uma semana de Natal fria, com m\u00e1ximas entre cinco e doze graus no Interior Norte e Centro e m\u00ednimas entre -2 e quatro; no Sul, m\u00e1ximas entre dez e dezasseis e m\u00ednimas entre 1 e oito. A neve causou acidentes e gelo nas estradas, com a GNR a encerrar temporariamente o n\u00f3 de Esposende na A28 para evitar acidentes e permitir limpeza. No Alto Minho, a neve atingiu zonas altas habituais e tamb\u00e9m \u00e1reas menos comuns, como Paredes de Coura e Ponte de Lima; Castelo Laboreiro e Lamas de Mouro registaram cerca de 15 cent\u00edmetros. As autoridades alertam para condu\u00e7\u00e3o com precau\u00e7\u00e3o e fogo frio, e o SNS recomenda agasalhar-se e manter-se hidratado; prev\u00ea-se precipita\u00e7\u00e3o fraca a moderada, sobretudo neve nas serras, com Consoada e Natal secos e com sol.\" \/>\n<meta property=\"og:url\" content=\"https:\/\/portaltela.pt\/noticias\/2025\/12\/21\/alto-minho-e-interior-acordaram-com-nevao-no-primeiro-dia-do-inverno\/\" \/>\n<meta property=\"og:site_name\" content=\"Portal Tela Portugal\" \/>\n<meta property=\"article:published_time\" content=\"2025-12-21T23:42:00+00:00\" \/>\n<meta name=\"author\" content=\"Telinha\" \/>\n<meta name=\"twitter:card\" content=\"summary_large_image\" \/>\n<meta name=\"twitter:label1\" content=\"Escrito por\" \/>\n\t<meta name=\"twitter:data1\" content=\"Telinha\" \/>\n\t<meta name=\"twitter:label2\" content=\"Tempo estimado de leitura\" \/>\n\t<meta name=\"twitter:data2\" content=\"1 minuto\" \/>\n<script type=\"application\/ld+json\" class=\"yoast-schema-graph\">{\"@context\":\"https:\/\/schema.org\",\"@graph\":[{\"@type\":\"Article\",\"@id\":\"https:\/\/portaltela.pt\/noticias\/2025\/12\/21\/alto-minho-e-interior-acordaram-com-nevao-no-primeiro-dia-do-inverno\/#article\",\"isPartOf\":{\"@id\":\"https:\/\/portaltela.pt\/noticias\/2025\/12\/21\/alto-minho-e-interior-acordaram-com-nevao-no-primeiro-dia-do-inverno\/\"},\"author\":{\"name\":\"Telinha\",\"@id\":\"https:\/\/portaltela.pt\/#\/schema\/person\/c4278d4a6028830caff9ee44b42d32ed\"},\"headline\":\"Alto Minho e Interior acordaram com nev\u00e3o no primeiro dia do inverno\",\"datePublished\":\"2025-12-21T23:42:00+00:00\",\"mainEntityOfPage\":{\"@id\":\"https:\/\/portaltela.pt\/noticias\/2025\/12\/21\/alto-minho-e-interior-acordaram-com-nevao-no-primeiro-dia-do-inverno\/\"},\"wordCount\":303,\"image\":{\"@id\":\"https:\/\/portaltela.pt\/noticias\/2025\/12\/21\/alto-minho-e-interior-acordaram-com-nevao-no-primeiro-dia-do-inverno\/#primaryimage\"},\"thumbnailUrl\":\"https:\/\/portaltela.pt\/s.01k8rhncp4jt1\/2025\/12\/image-809.jpg\",\"keywords\":[\"Arcos de Valdevez\",\"Esposende\",\"estradas\",\"Ger\u00eas\",\"Paredes de Coura\",\"Viana do Castelo\"],\"articleSection\":[\"Not\u00edcias\"],\"inLanguage\":\"pt-PT\"},{\"@type\":\"WebPage\",\"@id\":\"https:\/\/portaltela.pt\/noticias\/2025\/12\/21\/alto-minho-e-interior-acordaram-com-nevao-no-primeiro-dia-do-inverno\/\",\"url\":\"https:\/\/portaltela.pt\/noticias\/2025\/12\/21\/alto-minho-e-interior-acordaram-com-nevao-no-primeiro-dia-do-inverno\/\",\"name\":\"Alto Minho e Interior acordaram com nev\u00e3o no primeiro dia do inverno - Portal Tela Portugal\",\"isPartOf\":{\"@id\":\"https:\/\/portaltela.pt\/#website\"},\"primaryImageOfPage\":{\"@id\":\"https:\/\/portaltela.pt\/noticias\/2025\/12\/21\/alto-minho-e-interior-acordaram-com-nevao-no-primeiro-dia-do-inverno\/#primaryimage\"},\"image\":{\"@id\":\"https:\/\/portaltela.pt\/noticias\/2025\/12\/21\/alto-minho-e-interior-acordaram-com-nevao-no-primeiro-dia-do-inverno\/#primaryimage\"},\"thumbnailUrl\":\"https:\/\/portaltela.pt\/s.01k8rhncp4jt1\/2025\/12\/image-809.jpg\",\"datePublished\":\"2025-12-21T23:42:00+00:00\",\"author\":{\"@id\":\"https:\/\/portaltela.pt\/#\/schema\/person\/c4278d4a6028830caff9ee44b42d32ed\"},\"breadcrumb\":{\"@id\":\"https:\/\/portaltela.pt\/noticias\/2025\/12\/21\/alto-minho-e-interior-acordaram-com-nevao-no-primeiro-dia-do-inverno\/#breadcrumb\"},\"inLanguage\":\"pt-PT\",\"potentialAction\":[{\"@type\":\"ReadAction\",\"target\":[\"https:\/\/portaltela.pt\/noticias\/2025\/12\/21\/alto-minho-e-interior-acordaram-com-nevao-no-primeiro-dia-do-inverno\/\"]}]},{\"@type\":\"ImageObject\",\"inLanguage\":\"pt-PT\",\"@id\":\"https:\/\/portaltela.pt\/noticias\/2025\/12\/21\/alto-minho-e-interior-acordaram-com-nevao-no-primeiro-dia-do-inverno\/#primaryimage\",\"url\":\"https:\/\/portaltela.pt\/s.01k8rhncp4jt1\/2025\/12\/image-809.jpg\",\"contentUrl\":\"https:\/\/portaltela.pt\/s.01k8rhncp4jt1\/2025\/12\/image-809.jpg\",\"width\":796,\"height\":448,\"caption\":\"Caf\u00e9 e bolo-rei numa esplanada, neste domingo, em Castro Laboreiro\"},{\"@type\":\"BreadcrumbList\",\"@id\":\"https:\/\/portaltela.pt\/noticias\/2025\/12\/21\/alto-minho-e-interior-acordaram-com-nevao-no-primeiro-dia-do-inverno\/#breadcrumb\",\"itemListElement\":[{\"@type\":\"ListItem\",\"position\":1,\"name\":\"In\u00edcio\",\"item\":\"https:\/\/portaltela.pt\/\"},{\"@type\":\"ListItem\",\"position\":2,\"name\":\"Alto Minho e Interior acordaram com nev\u00e3o no primeiro dia do inverno\"}]},{\"@type\":\"WebSite\",\"@id\":\"https:\/\/portaltela.pt\/#website\",\"url\":\"https:\/\/portaltela.pt\/\",\"name\":\"Portal Tela Portugal\",\"description\":\"\",\"potentialAction\":[{\"@type\":\"SearchAction\",\"target\":{\"@type\":\"EntryPoint\",\"urlTemplate\":\"https:\/\/portaltela.pt\/?s={search_term_string}\"},\"query-input\":{\"@type\":\"PropertyValueSpecification\",\"valueRequired\":true,\"valueName\":\"search_term_string\"}}],\"inLanguage\":\"pt-PT\"},{\"@type\":\"Person\",\"@id\":\"https:\/\/portaltela.pt\/#\/schema\/person\/c4278d4a6028830caff9ee44b42d32ed\",\"name\":\"Telinha\",\"image\":{\"@type\":\"ImageObject\",\"inLanguage\":\"pt-PT\",\"@id\":\"https:\/\/portaltela.pt\/s.01k8rhncp4jt1\/2025\/11\/talking-bot-125x125.png\",\"url\":\"https:\/\/portaltela.pt\/s.01k8rhncp4jt1\/2025\/11\/talking-bot-125x125.png\",\"contentUrl\":\"https:\/\/portaltela.pt\/s.01k8rhncp4jt1\/2025\/11\/talking-bot-125x125.png\",\"caption\":\"Telinha\"},\"sameAs\":[\"https:\/\/portaltela.pt\/\"],\"url\":\"https:\/\/portaltela.pt\/por\/367410592786\/\"}]}<\/script>\n<!-- \/ Yoast SEO plugin. -->","yoast_head_json":{"title":"Alto Minho e Interior acordaram com nev\u00e3o no primeiro dia do inverno - Portal Tela Portugal","robots":{"index":"index","follow":"follow","max-snippet":"max-snippet:-1","max-image-preview":"max-image-preview:large","max-video-preview":"max-video-preview:-1"},"og_locale":"pt_PT","og_type":"article","og_title":"Alto Minho e Interior acordaram com nev\u00e3o no primeiro dia do inverno - Portal Tela Portugal","og_description":"Neve cobre neste domingo o primeiro dia de inverno v\u00e1rias regi\u00f5es do Norte e Centro, incluindo Alto Minho, Chaves e Serra da Estrela, estendendo-se at\u00e9 ao Alto Alentejo. O IPMA prev\u00ea uma semana de Natal fria, com m\u00e1ximas entre cinco e doze graus no Interior Norte e Centro e m\u00ednimas entre -2 e quatro; no Sul, m\u00e1ximas entre dez e dezasseis e m\u00ednimas entre 1 e oito. A neve causou acidentes e gelo nas estradas, com a GNR a encerrar temporariamente o n\u00f3 de Esposende na A28 para evitar acidentes e permitir limpeza. No Alto Minho, a neve atingiu zonas altas habituais e tamb\u00e9m \u00e1reas menos comuns, como Paredes de Coura e Ponte de Lima; Castelo Laboreiro e Lamas de Mouro registaram cerca de 15 cent\u00edmetros. As autoridades alertam para condu\u00e7\u00e3o com precau\u00e7\u00e3o e fogo frio, e o SNS recomenda agasalhar-se e manter-se hidratado; prev\u00ea-se precipita\u00e7\u00e3o fraca a moderada, sobretudo neve nas serras, com Consoada e Natal secos e com sol.","og_url":"https:\/\/portaltela.pt\/noticias\/2025\/12\/21\/alto-minho-e-interior-acordaram-com-nevao-no-primeiro-dia-do-inverno\/","og_site_name":"Portal Tela Portugal","article_published_time":"2025-12-21T23:42:00+00:00","author":"Telinha","twitter_card":"summary_large_image","twitter_misc":{"Escrito por":"Telinha","Tempo estimado de leitura":"1 minuto"},"schema":{"@context":"https:\/\/schema.org","@graph":[{"@type":"Article","@id":"https:\/\/portaltela.pt\/noticias\/2025\/12\/21\/alto-minho-e-interior-acordaram-com-nevao-no-primeiro-dia-do-inverno\/#article","isPartOf":{"@id":"https:\/\/portaltela.pt\/noticias\/2025\/12\/21\/alto-minho-e-interior-acordaram-com-nevao-no-primeiro-dia-do-inverno\/"},"author":{"name":"Telinha","@id":"https:\/\/portaltela.pt\/#\/schema\/person\/c4278d4a6028830caff9ee44b42d32ed"},"headline":"Alto Minho e Interior acordaram com nev\u00e3o no primeiro dia do inverno","datePublished":"2025-12-21T23:42:00+00:00","mainEntityOfPage":{"@id":"https:\/\/portaltela.pt\/noticias\/2025\/12\/21\/alto-minho-e-interior-acordaram-com-nevao-no-primeiro-dia-do-inverno\/"},"wordCount":303,"image":{"@id":"https:\/\/portaltela.pt\/noticias\/2025\/12\/21\/alto-minho-e-interior-acordaram-com-nevao-no-primeiro-dia-do-inverno\/#primaryimage"},"thumbnailUrl":"https:\/\/portaltela.pt\/s.01k8rhncp4jt1\/2025\/12\/image-809.jpg","keywords":["Arcos de Valdevez","Esposende","estradas","Ger\u00eas","Paredes de Coura","Viana do Castelo"],"articleSection":["Not\u00edcias"],"inLanguage":"pt-PT"},{"@type":"WebPage","@id":"https:\/\/portaltela.pt\/noticias\/2025\/12\/21\/alto-minho-e-interior-acordaram-com-nevao-no-primeiro-dia-do-inverno\/","url":"https:\/\/portaltela.pt\/noticias\/2025\/12\/21\/alto-minho-e-interior-acordaram-com-nevao-no-primeiro-dia-do-inverno\/","name":"Alto Minho e Interior acordaram com nev\u00e3o no primeiro dia do inverno - Portal Tela Portugal","isPartOf":{"@id":"https:\/\/portaltela.pt\/#website"},"primaryImageOfPage":{"@id":"https:\/\/portaltela.pt\/noticias\/2025\/12\/21\/alto-minho-e-interior-acordaram-com-nevao-no-primeiro-dia-do-inverno\/#primaryimage"},"image":{"@id":"https:\/\/portaltela.pt\/noticias\/2025\/12\/21\/alto-minho-e-interior-acordaram-com-nevao-no-primeiro-dia-do-inverno\/#primaryimage"},"thumbnailUrl":"https:\/\/portaltela.pt\/s.01k8rhncp4jt1\/2025\/12\/image-809.jpg","datePublished":"2025-12-21T23:42:00+00:00","author":{"@id":"https:\/\/portaltela.pt\/#\/schema\/person\/c4278d4a6028830caff9ee44b42d32ed"},"breadcrumb":{"@id":"https:\/\/portaltela.pt\/noticias\/2025\/12\/21\/alto-minho-e-interior-acordaram-com-nevao-no-primeiro-dia-do-inverno\/#breadcrumb"},"inLanguage":"pt-PT","potentialAction":[{"@type":"ReadAction","target":["https:\/\/portaltela.pt\/noticias\/2025\/12\/21\/alto-minho-e-interior-acordaram-com-nevao-no-primeiro-dia-do-inverno\/"]}]},{"@type":"ImageObject","inLanguage":"pt-PT","@id":"https:\/\/portaltela.pt\/noticias\/2025\/12\/21\/alto-minho-e-interior-acordaram-com-nevao-no-primeiro-dia-do-inverno\/#primaryimage","url":"https:\/\/portaltela.pt\/s.01k8rhncp4jt1\/2025\/12\/image-809.jpg","contentUrl":"https:\/\/portaltela.pt\/s.01k8rhncp4jt1\/2025\/12\/image-809.jpg","width":796,"height":448,"caption":"Caf\u00e9 e bolo-rei numa esplanada, neste domingo, em Castro Laboreiro"},{"@type":"BreadcrumbList","@id":"https:\/\/portaltela.pt\/noticias\/2025\/12\/21\/alto-minho-e-interior-acordaram-com-nevao-no-primeiro-dia-do-inverno\/#breadcrumb","itemListElement":[{"@type":"ListItem","position":1,"name":"In\u00edcio","item":"https:\/\/portaltela.pt\/"},{"@type":"ListItem","position":2,"name":"Alto Minho e Interior acordaram com nev\u00e3o no primeiro dia do inverno"}]},{"@type":"WebSite","@id":"https:\/\/portaltela.pt\/#website","url":"https:\/\/portaltela.pt\/","name":"Portal Tela Portugal","description":"","potentialAction":[{"@type":"SearchAction","target":{"@type":"EntryPoint","urlTemplate":"https:\/\/portaltela.pt\/?s={search_term_string}"},"query-input":{"@type":"PropertyValueSpecification","valueRequired":true,"valueName":"search_term_string"}}],"inLanguage":"pt-PT"},{"@type":"Person","@id":"https:\/\/portaltela.pt\/#\/schema\/person\/c4278d4a6028830caff9ee44b42d32ed","name":"Telinha","image":{"@type":"ImageObject","inLanguage":"pt-PT","@id":"https:\/\/portaltela.pt\/s.01k8rhncp4jt1\/2025\/11\/talking-bot-125x125.png","url":"https:\/\/portaltela.pt\/s.01k8rhncp4jt1\/2025\/11\/talking-bot-125x125.png","contentUrl":"https:\/\/portaltela.pt\/s.01k8rhncp4jt1\/2025\/11\/talking-bot-125x125.png","caption":"Telinha"},"sameAs":["https:\/\/portaltela.pt\/"],"url":"https:\/\/portaltela.pt\/por\/367410592786\/"}]}},"_links":{"self":[{"href":"https:\/\/portaltela.pt\/api\/wp\/v2\/posts\/91319","targetHints":{"allow":["GET"]}}],"collection":[{"href":"https:\/\/portaltela.pt\/api\/wp\/v2\/posts"}],"about":[{"href":"https:\/\/portaltela.pt\/api\/wp\/v2\/types\/post"}],"author":[{"embeddable":true,"href":"https:\/\/portaltela.pt\/api\/wp\/v2\/users\/2"}],"replies":[{"embeddable":true,"href":"https:\/\/portaltela.pt\/api\/wp\/v2\/comments?post=91319"}],"version-history":[{"count":0,"href":"https:\/\/portaltela.pt\/api\/wp\/v2\/posts\/91319\/revisions"}],"wp:featuredmedia":[{"embeddable":true,"href":"https:\/\/portaltela.pt\/api\/wp\/v2\/media\/91323"}],"wp:attachment":[{"href":"https:\/\/portaltela.pt\/api\/wp\/v2\/media?parent=91319"}],"wp:term":[{"taxonomy":"category","embeddable":true,"href":"https:\/\/portaltela.pt\/api\/wp\/v2\/categories?post=91319"},{"taxonomy":"post_tag","embeddable":true,"href":"https:\/\/portaltela.pt\/api\/wp\/v2\/tags?post=91319"}],"curies":[{"name":"wp","href":"https:\/\/api.w.org\/{rel}","templated":true}]}}