{"id":90855,"date":"2025-12-21T15:26:16","date_gmt":"2025-12-21T18:26:16","guid":{"rendered":"https:\/\/portaltela.pt\/noticias\/2025\/12\/21\/milhares-visitam-o-ultimo-dia-do-mercado-de-natal-em-celorico-de-basto\/"},"modified":"2025-12-21T15:26:16","modified_gmt":"2025-12-21T18:26:16","slug":"milhares-visitam-o-ultimo-dia-do-mercado-de-natal-em-celorico-de-basto","status":"publish","type":"post","link":"https:\/\/portaltela.pt\/noticias\/2025\/12\/21\/milhares-visitam-o-ultimo-dia-do-mercado-de-natal-em-celorico-de-basto\/","title":{"rendered":"Milhares visitam o \u00faltimo dia do Mercado de Natal em Celorico de Basto"},"content":{"rendered":"<p>O Mercado de Natal integrado na Villa Natal encerra hoje a edi\u00e7\u00e3o de 2025, em Celorico de Basto. O evento reuniu v\u00e1rias semanas de anima\u00e7\u00e3o, gastronomia e cultura, atraindo visitantes de toda a regi\u00e3o. a celebra\u00e7\u00e3o marca o encerramento da edi\u00e7\u00e3o anual.<\/p>\n<p>Durante a temporada, o mercado destacou-se pela programa\u00e7\u00e3o de entretenimento e pela atua\u00e7\u00e3o de grupos locais, que encantaram p\u00fablico de v\u00e1rias idades. A oferta gastron\u00f3mica regional, vinhos e espumantes de qualidade contribuiu para a aflu\u00eancia nos fins de semana.<\/p>\n<p>O artesanato, instalado na Casa da Terra, foi uma das principais apostas para prendas de Natal, atraindo compradores. Na \u00e1rea LEGO, crian\u00e7as constru\u00edram modelos livres, enquanto o artista Jorge criou obras ao vivo, com foco em LEGO.<\/p>\n<p>Na \u00faltima sess\u00e3o, a programa\u00e7\u00e3o inclui anima\u00e7\u00e3o constante, a passagem do Pai Natal, concertos e a tradicional parada de Natal de encerramento. Tamb\u00e9m h\u00e1 atividades l\u00fadicas, artesanato e degusta\u00e7\u00f5es de gastronomia regional.<\/p>\n<p>A Villa Natal, reconhecida como a Capital das Cam\u00e9lias e Solar do Vinho Verde, conclui mais uma edi\u00e7\u00e3o do Mercado de Natal. O evento refor\u00e7a a liga\u00e7\u00e3o entre cultura, patrim\u00f3nio e lazer na regi\u00e3o.<\/p>\n<p>Fotografias: CM de Celorico de Basto<\/p>\n","protected":false},"excerpt":{"rendered":"<ul>\n<li>O Mercado de Natal integrado na Villa Natal encerra hoje a edi\u00e7\u00e3o de 2025, ap\u00f3s v\u00e1rias semanas de anima\u00e7\u00e3o, gastronomia e cultura, com visitantes de toda a regi\u00e3o.<\/li>\n<li>Ao longo da temporada destacou-se pelos momentos de entretenimento, com grupos locais a apresentar espet\u00e1culos para mi\u00fados e gra\u00fados, e pela gastronomia regional, vinhos e espumantes de elevada qualidade.<\/li>\n<li>O artesanato instalou-se na Casa da Terra e tornou-se op\u00e7\u00e3o de prendas de Natal, atraindo p\u00fablico nos fins de semana.<\/li>\n<li>A \u00e1rea LEGO recebeu aten\u00e7\u00e3o especial aos mais pequenos, com constru\u00e7\u00e3o livre de casas, carros e barcos, acompanhada pelo artista Jorge que criou ao vivo obras em LEGO.<\/li>\n<li>No \u00faltimo dia, a anima\u00e7\u00e3o \u00e9 permanente, h\u00e1 passagem do Pai-Natal, concertos, a parada de Natal de encerramento, al\u00e9m de gastronomia, artesanato e atividades l\u00fadicas.<\/li>\n<li>A Villa Natal de Celorico de Basto, conhecida como a Capital das Cam\u00e9lias e Solar do Vinho Verde, refor\u00e7a a liga\u00e7\u00e3o entre cultura, patrim\u00f3nio e lazer na regi\u00e3o.<\/li>\n<\/ul>\n","protected":false},"author":2,"featured_media":90860,"comment_status":"closed","ping_status":"closed","sticky":false,"template":"","format":"standard","meta":{"footnotes":""},"categories":[1],"tags":[222,1370,145,219,169,385],"class_list":["post-90855","post","type-post","status-publish","format-standard","has-post-thumbnail","hentry","category-noticias","tag-artesanato","tag-celorico-de-basto","tag-cultura","tag-gastronomia","tag-turismo","tag-vinhos-verdes"],"yoast_head":"<!-- This site is optimized with the Yoast SEO plugin v27.2 - https:\/\/yoast.com\/product\/yoast-seo-wordpress\/ -->\n<title>Milhares visitam o \u00faltimo dia do Mercado de Natal em Celorico de Basto - Portal Tela Portugal<\/title>\n<meta name=\"robots\" content=\"index, follow, max-snippet:-1, max-image-preview:large, max-video-preview:-1\" \/>\n<meta property=\"og:locale\" content=\"pt_PT\" \/>\n<meta property=\"og:type\" content=\"article\" \/>\n<meta property=\"og:title\" content=\"Milhares visitam o \u00faltimo dia do Mercado de Natal em Celorico de Basto - Portal Tela Portugal\" \/>\n<meta property=\"og:description\" content=\"O Mercado de Natal integrado na Villa Natal encerra hoje a edi\u00e7\u00e3o de 2025, ap\u00f3s v\u00e1rias semanas de anima\u00e7\u00e3o, gastronomia e cultura, com visitantes de toda a regi\u00e3o. Ao longo da temporada destacou-se pelos momentos de entretenimento, com grupos locais a apresentar espet\u00e1culos para mi\u00fados e gra\u00fados, e pela gastronomia regional, vinhos e espumantes de elevada qualidade. O artesanato instalou-se na Casa da Terra e tornou-se op\u00e7\u00e3o de prendas de Natal, atraindo p\u00fablico nos fins de semana. A \u00e1rea LEGO recebeu aten\u00e7\u00e3o especial aos mais pequenos, com constru\u00e7\u00e3o livre de casas, carros e barcos, acompanhada pelo artista Jorge que criou ao vivo obras em LEGO. No \u00faltimo dia, a anima\u00e7\u00e3o \u00e9 permanente, h\u00e1 passagem do Pai-Natal, concertos, a parada de Natal de encerramento, al\u00e9m de gastronomia, artesanato e atividades l\u00fadicas. A Villa Natal de Celorico de Basto, conhecida como a Capital das Cam\u00e9lias e Solar do Vinho Verde, refor\u00e7a a liga\u00e7\u00e3o entre cultura, patrim\u00f3nio e lazer na regi\u00e3o.\" \/>\n<meta property=\"og:url\" content=\"https:\/\/portaltela.pt\/noticias\/2025\/12\/21\/milhares-visitam-o-ultimo-dia-do-mercado-de-natal-em-celorico-de-basto\/\" \/>\n<meta property=\"og:site_name\" content=\"Portal Tela Portugal\" \/>\n<meta property=\"article:published_time\" content=\"2025-12-21T18:26:16+00:00\" \/>\n<meta name=\"author\" content=\"Telinha\" \/>\n<meta name=\"twitter:card\" content=\"summary_large_image\" \/>\n<meta name=\"twitter:label1\" content=\"Escrito por\" \/>\n\t<meta name=\"twitter:data1\" content=\"Telinha\" \/>\n\t<meta name=\"twitter:label2\" content=\"Tempo estimado de leitura\" \/>\n\t<meta name=\"twitter:data2\" content=\"1 minuto\" \/>\n<script type=\"application\/ld+json\" class=\"yoast-schema-graph\">{\"@context\":\"https:\/\/schema.org\",\"@graph\":[{\"@type\":\"Article\",\"@id\":\"https:\/\/portaltela.pt\/noticias\/2025\/12\/21\/milhares-visitam-o-ultimo-dia-do-mercado-de-natal-em-celorico-de-basto\/#article\",\"isPartOf\":{\"@id\":\"https:\/\/portaltela.pt\/noticias\/2025\/12\/21\/milhares-visitam-o-ultimo-dia-do-mercado-de-natal-em-celorico-de-basto\/\"},\"author\":{\"name\":\"Telinha\",\"@id\":\"https:\/\/portaltela.pt\/#\/schema\/person\/c4278d4a6028830caff9ee44b42d32ed\"},\"headline\":\"Milhares visitam o \u00faltimo dia do Mercado de Natal em Celorico de Basto\",\"datePublished\":\"2025-12-21T18:26:16+00:00\",\"mainEntityOfPage\":{\"@id\":\"https:\/\/portaltela.pt\/noticias\/2025\/12\/21\/milhares-visitam-o-ultimo-dia-do-mercado-de-natal-em-celorico-de-basto\/\"},\"wordCount\":228,\"image\":{\"@id\":\"https:\/\/portaltela.pt\/noticias\/2025\/12\/21\/milhares-visitam-o-ultimo-dia-do-mercado-de-natal-em-celorico-de-basto\/#primaryimage\"},\"thumbnailUrl\":\"https:\/\/portaltela.pt\/s.01k8rhncp4jt1\/2025\/12\/unnamed-file-960.jpg\",\"keywords\":[\"artesanato\",\"Celorico de Basto\",\"cultura\",\"gastronomia\",\"turismo\",\"vinhos verdes\"],\"articleSection\":[\"Not\u00edcias\"],\"inLanguage\":\"pt-PT\"},{\"@type\":\"WebPage\",\"@id\":\"https:\/\/portaltela.pt\/noticias\/2025\/12\/21\/milhares-visitam-o-ultimo-dia-do-mercado-de-natal-em-celorico-de-basto\/\",\"url\":\"https:\/\/portaltela.pt\/noticias\/2025\/12\/21\/milhares-visitam-o-ultimo-dia-do-mercado-de-natal-em-celorico-de-basto\/\",\"name\":\"Milhares visitam o \u00faltimo dia do Mercado de Natal em Celorico de Basto - Portal Tela Portugal\",\"isPartOf\":{\"@id\":\"https:\/\/portaltela.pt\/#website\"},\"primaryImageOfPage\":{\"@id\":\"https:\/\/portaltela.pt\/noticias\/2025\/12\/21\/milhares-visitam-o-ultimo-dia-do-mercado-de-natal-em-celorico-de-basto\/#primaryimage\"},\"image\":{\"@id\":\"https:\/\/portaltela.pt\/noticias\/2025\/12\/21\/milhares-visitam-o-ultimo-dia-do-mercado-de-natal-em-celorico-de-basto\/#primaryimage\"},\"thumbnailUrl\":\"https:\/\/portaltela.pt\/s.01k8rhncp4jt1\/2025\/12\/unnamed-file-960.jpg\",\"datePublished\":\"2025-12-21T18:26:16+00:00\",\"author\":{\"@id\":\"https:\/\/portaltela.pt\/#\/schema\/person\/c4278d4a6028830caff9ee44b42d32ed\"},\"breadcrumb\":{\"@id\":\"https:\/\/portaltela.pt\/noticias\/2025\/12\/21\/milhares-visitam-o-ultimo-dia-do-mercado-de-natal-em-celorico-de-basto\/#breadcrumb\"},\"inLanguage\":\"pt-PT\",\"potentialAction\":[{\"@type\":\"ReadAction\",\"target\":[\"https:\/\/portaltela.pt\/noticias\/2025\/12\/21\/milhares-visitam-o-ultimo-dia-do-mercado-de-natal-em-celorico-de-basto\/\"]}]},{\"@type\":\"ImageObject\",\"inLanguage\":\"pt-PT\",\"@id\":\"https:\/\/portaltela.pt\/noticias\/2025\/12\/21\/milhares-visitam-o-ultimo-dia-do-mercado-de-natal-em-celorico-de-basto\/#primaryimage\",\"url\":\"https:\/\/portaltela.pt\/s.01k8rhncp4jt1\/2025\/12\/unnamed-file-960.jpg\",\"contentUrl\":\"https:\/\/portaltela.pt\/s.01k8rhncp4jt1\/2025\/12\/unnamed-file-960.jpg\",\"width\":796,\"height\":448,\"caption\":\"\u00daltimo dia do Mercado de Natal em Celorico de Basto re\u00fane milhares de visitantes\"},{\"@type\":\"BreadcrumbList\",\"@id\":\"https:\/\/portaltela.pt\/noticias\/2025\/12\/21\/milhares-visitam-o-ultimo-dia-do-mercado-de-natal-em-celorico-de-basto\/#breadcrumb\",\"itemListElement\":[{\"@type\":\"ListItem\",\"position\":1,\"name\":\"In\u00edcio\",\"item\":\"https:\/\/portaltela.pt\/\"},{\"@type\":\"ListItem\",\"position\":2,\"name\":\"Milhares visitam o \u00faltimo dia do Mercado de Natal em Celorico de Basto\"}]},{\"@type\":\"WebSite\",\"@id\":\"https:\/\/portaltela.pt\/#website\",\"url\":\"https:\/\/portaltela.pt\/\",\"name\":\"Portal Tela Portugal\",\"description\":\"\",\"potentialAction\":[{\"@type\":\"SearchAction\",\"target\":{\"@type\":\"EntryPoint\",\"urlTemplate\":\"https:\/\/portaltela.pt\/?s={search_term_string}\"},\"query-input\":{\"@type\":\"PropertyValueSpecification\",\"valueRequired\":true,\"valueName\":\"search_term_string\"}}],\"inLanguage\":\"pt-PT\"},{\"@type\":\"Person\",\"@id\":\"https:\/\/portaltela.pt\/#\/schema\/person\/c4278d4a6028830caff9ee44b42d32ed\",\"name\":\"Telinha\",\"image\":{\"@type\":\"ImageObject\",\"inLanguage\":\"pt-PT\",\"@id\":\"https:\/\/portaltela.pt\/s.01k8rhncp4jt1\/2025\/11\/talking-bot-125x125.png\",\"url\":\"https:\/\/portaltela.pt\/s.01k8rhncp4jt1\/2025\/11\/talking-bot-125x125.png\",\"contentUrl\":\"https:\/\/portaltela.pt\/s.01k8rhncp4jt1\/2025\/11\/talking-bot-125x125.png\",\"caption\":\"Telinha\"},\"sameAs\":[\"https:\/\/portaltela.pt\/\"],\"url\":\"https:\/\/portaltela.pt\/por\/367410592786\/\"}]}<\/script>\n<!-- \/ Yoast SEO plugin. -->","yoast_head_json":{"title":"Milhares visitam o \u00faltimo dia do Mercado de Natal em Celorico de Basto - Portal Tela Portugal","robots":{"index":"index","follow":"follow","max-snippet":"max-snippet:-1","max-image-preview":"max-image-preview:large","max-video-preview":"max-video-preview:-1"},"og_locale":"pt_PT","og_type":"article","og_title":"Milhares visitam o \u00faltimo dia do Mercado de Natal em Celorico de Basto - Portal Tela Portugal","og_description":"O Mercado de Natal integrado na Villa Natal encerra hoje a edi\u00e7\u00e3o de 2025, ap\u00f3s v\u00e1rias semanas de anima\u00e7\u00e3o, gastronomia e cultura, com visitantes de toda a regi\u00e3o. Ao longo da temporada destacou-se pelos momentos de entretenimento, com grupos locais a apresentar espet\u00e1culos para mi\u00fados e gra\u00fados, e pela gastronomia regional, vinhos e espumantes de elevada qualidade. O artesanato instalou-se na Casa da Terra e tornou-se op\u00e7\u00e3o de prendas de Natal, atraindo p\u00fablico nos fins de semana. A \u00e1rea LEGO recebeu aten\u00e7\u00e3o especial aos mais pequenos, com constru\u00e7\u00e3o livre de casas, carros e barcos, acompanhada pelo artista Jorge que criou ao vivo obras em LEGO. No \u00faltimo dia, a anima\u00e7\u00e3o \u00e9 permanente, h\u00e1 passagem do Pai-Natal, concertos, a parada de Natal de encerramento, al\u00e9m de gastronomia, artesanato e atividades l\u00fadicas. A Villa Natal de Celorico de Basto, conhecida como a Capital das Cam\u00e9lias e Solar do Vinho Verde, refor\u00e7a a liga\u00e7\u00e3o entre cultura, patrim\u00f3nio e lazer na regi\u00e3o.","og_url":"https:\/\/portaltela.pt\/noticias\/2025\/12\/21\/milhares-visitam-o-ultimo-dia-do-mercado-de-natal-em-celorico-de-basto\/","og_site_name":"Portal Tela Portugal","article_published_time":"2025-12-21T18:26:16+00:00","author":"Telinha","twitter_card":"summary_large_image","twitter_misc":{"Escrito por":"Telinha","Tempo estimado de leitura":"1 minuto"},"schema":{"@context":"https:\/\/schema.org","@graph":[{"@type":"Article","@id":"https:\/\/portaltela.pt\/noticias\/2025\/12\/21\/milhares-visitam-o-ultimo-dia-do-mercado-de-natal-em-celorico-de-basto\/#article","isPartOf":{"@id":"https:\/\/portaltela.pt\/noticias\/2025\/12\/21\/milhares-visitam-o-ultimo-dia-do-mercado-de-natal-em-celorico-de-basto\/"},"author":{"name":"Telinha","@id":"https:\/\/portaltela.pt\/#\/schema\/person\/c4278d4a6028830caff9ee44b42d32ed"},"headline":"Milhares visitam o \u00faltimo dia do Mercado de Natal em Celorico de Basto","datePublished":"2025-12-21T18:26:16+00:00","mainEntityOfPage":{"@id":"https:\/\/portaltela.pt\/noticias\/2025\/12\/21\/milhares-visitam-o-ultimo-dia-do-mercado-de-natal-em-celorico-de-basto\/"},"wordCount":228,"image":{"@id":"https:\/\/portaltela.pt\/noticias\/2025\/12\/21\/milhares-visitam-o-ultimo-dia-do-mercado-de-natal-em-celorico-de-basto\/#primaryimage"},"thumbnailUrl":"https:\/\/portaltela.pt\/s.01k8rhncp4jt1\/2025\/12\/unnamed-file-960.jpg","keywords":["artesanato","Celorico de Basto","cultura","gastronomia","turismo","vinhos verdes"],"articleSection":["Not\u00edcias"],"inLanguage":"pt-PT"},{"@type":"WebPage","@id":"https:\/\/portaltela.pt\/noticias\/2025\/12\/21\/milhares-visitam-o-ultimo-dia-do-mercado-de-natal-em-celorico-de-basto\/","url":"https:\/\/portaltela.pt\/noticias\/2025\/12\/21\/milhares-visitam-o-ultimo-dia-do-mercado-de-natal-em-celorico-de-basto\/","name":"Milhares visitam o \u00faltimo dia do Mercado de Natal em Celorico de Basto - Portal Tela Portugal","isPartOf":{"@id":"https:\/\/portaltela.pt\/#website"},"primaryImageOfPage":{"@id":"https:\/\/portaltela.pt\/noticias\/2025\/12\/21\/milhares-visitam-o-ultimo-dia-do-mercado-de-natal-em-celorico-de-basto\/#primaryimage"},"image":{"@id":"https:\/\/portaltela.pt\/noticias\/2025\/12\/21\/milhares-visitam-o-ultimo-dia-do-mercado-de-natal-em-celorico-de-basto\/#primaryimage"},"thumbnailUrl":"https:\/\/portaltela.pt\/s.01k8rhncp4jt1\/2025\/12\/unnamed-file-960.jpg","datePublished":"2025-12-21T18:26:16+00:00","author":{"@id":"https:\/\/portaltela.pt\/#\/schema\/person\/c4278d4a6028830caff9ee44b42d32ed"},"breadcrumb":{"@id":"https:\/\/portaltela.pt\/noticias\/2025\/12\/21\/milhares-visitam-o-ultimo-dia-do-mercado-de-natal-em-celorico-de-basto\/#breadcrumb"},"inLanguage":"pt-PT","potentialAction":[{"@type":"ReadAction","target":["https:\/\/portaltela.pt\/noticias\/2025\/12\/21\/milhares-visitam-o-ultimo-dia-do-mercado-de-natal-em-celorico-de-basto\/"]}]},{"@type":"ImageObject","inLanguage":"pt-PT","@id":"https:\/\/portaltela.pt\/noticias\/2025\/12\/21\/milhares-visitam-o-ultimo-dia-do-mercado-de-natal-em-celorico-de-basto\/#primaryimage","url":"https:\/\/portaltela.pt\/s.01k8rhncp4jt1\/2025\/12\/unnamed-file-960.jpg","contentUrl":"https:\/\/portaltela.pt\/s.01k8rhncp4jt1\/2025\/12\/unnamed-file-960.jpg","width":796,"height":448,"caption":"\u00daltimo dia do Mercado de Natal em Celorico de Basto re\u00fane milhares de visitantes"},{"@type":"BreadcrumbList","@id":"https:\/\/portaltela.pt\/noticias\/2025\/12\/21\/milhares-visitam-o-ultimo-dia-do-mercado-de-natal-em-celorico-de-basto\/#breadcrumb","itemListElement":[{"@type":"ListItem","position":1,"name":"In\u00edcio","item":"https:\/\/portaltela.pt\/"},{"@type":"ListItem","position":2,"name":"Milhares visitam o \u00faltimo dia do Mercado de Natal em Celorico de Basto"}]},{"@type":"WebSite","@id":"https:\/\/portaltela.pt\/#website","url":"https:\/\/portaltela.pt\/","name":"Portal Tela Portugal","description":"","potentialAction":[{"@type":"SearchAction","target":{"@type":"EntryPoint","urlTemplate":"https:\/\/portaltela.pt\/?s={search_term_string}"},"query-input":{"@type":"PropertyValueSpecification","valueRequired":true,"valueName":"search_term_string"}}],"inLanguage":"pt-PT"},{"@type":"Person","@id":"https:\/\/portaltela.pt\/#\/schema\/person\/c4278d4a6028830caff9ee44b42d32ed","name":"Telinha","image":{"@type":"ImageObject","inLanguage":"pt-PT","@id":"https:\/\/portaltela.pt\/s.01k8rhncp4jt1\/2025\/11\/talking-bot-125x125.png","url":"https:\/\/portaltela.pt\/s.01k8rhncp4jt1\/2025\/11\/talking-bot-125x125.png","contentUrl":"https:\/\/portaltela.pt\/s.01k8rhncp4jt1\/2025\/11\/talking-bot-125x125.png","caption":"Telinha"},"sameAs":["https:\/\/portaltela.pt\/"],"url":"https:\/\/portaltela.pt\/por\/367410592786\/"}]}},"_links":{"self":[{"href":"https:\/\/portaltela.pt\/api\/wp\/v2\/posts\/90855","targetHints":{"allow":["GET"]}}],"collection":[{"href":"https:\/\/portaltela.pt\/api\/wp\/v2\/posts"}],"about":[{"href":"https:\/\/portaltela.pt\/api\/wp\/v2\/types\/post"}],"author":[{"embeddable":true,"href":"https:\/\/portaltela.pt\/api\/wp\/v2\/users\/2"}],"replies":[{"embeddable":true,"href":"https:\/\/portaltela.pt\/api\/wp\/v2\/comments?post=90855"}],"version-history":[{"count":0,"href":"https:\/\/portaltela.pt\/api\/wp\/v2\/posts\/90855\/revisions"}],"wp:featuredmedia":[{"embeddable":true,"href":"https:\/\/portaltela.pt\/api\/wp\/v2\/media\/90860"}],"wp:attachment":[{"href":"https:\/\/portaltela.pt\/api\/wp\/v2\/media?parent=90855"}],"wp:term":[{"taxonomy":"category","embeddable":true,"href":"https:\/\/portaltela.pt\/api\/wp\/v2\/categories?post=90855"},{"taxonomy":"post_tag","embeddable":true,"href":"https:\/\/portaltela.pt\/api\/wp\/v2\/tags?post=90855"}],"curies":[{"name":"wp","href":"https:\/\/api.w.org\/{rel}","templated":true}]}}