{"id":90817,"date":"2025-12-21T15:05:15","date_gmt":"2025-12-21T18:05:15","guid":{"rendered":"https:\/\/portaltela.pt\/noticias\/2025\/12\/21\/diretor-do-sns-diz-que-formacao-de-medicos-internos-nao-deve-ocorrer-no-interior\/"},"modified":"2025-12-21T15:05:15","modified_gmt":"2025-12-21T18:05:15","slug":"diretor-do-sns-diz-que-formacao-de-medicos-internos-nao-deve-ocorrer-no-interior","status":"publish","type":"post","link":"https:\/\/portaltela.pt\/noticias\/2025\/12\/21\/diretor-do-sns-diz-que-formacao-de-medicos-internos-nao-deve-ocorrer-no-interior\/","title":{"rendered":"Diretor do SNS diz que forma\u00e7\u00e3o de m\u00e9dicos internos n\u00e3o deve ocorrer no Interior"},"content":{"rendered":"<p>O diretor executivo do SNS afirmou hoje que incentivar m\u00e9dicos a permanecer no Interior n\u00e3o deve ocorrer durante a forma\u00e7\u00e3o, mesmo diante da cr\u00edtica da autarca de Bragan\u00e7a. A interven\u00e7\u00e3o ocorreu durante uma visita ao hospital de Bragan\u00e7a, ap\u00f3s a cr\u00edtica sobre a redu\u00e7\u00e3o de m\u00e9dicos internos na Unidade Local de Sa\u00fade do Nordeste e a atribui\u00e7\u00e3o de vagas em grandes centros urbanos.<\/p>\n<p>Isabel Ferreira, presidente da c\u00e2mara de Bragan\u00e7a, disse \u00e0 Lusa que a forma\u00e7\u00e3o do SNS atrai profissionais para al\u00e9m do Interior e agrava o desequil\u00edbrio regional. A autarca defendeu medidas de incentivo ao Interior, com vagas priorit\u00e1rias para territ\u00f3rios interioranos em \u00e1reas de forma\u00e7\u00e3o espec\u00edficas.<\/p>\n<p>Alvaro Almeida, por sua vez, explicou aos jornalistas que a aloca\u00e7\u00e3o dos m\u00e9dicos deve ocorrer depois da forma\u00e7\u00e3o, para evitar discrimina\u00e7\u00e3o positiva na forma\u00e7\u00e3o. O objetivo \u00e9 assegurar que o Interior seja privilegiado na coloca\u00e7\u00e3o final, sem restringir a forma\u00e7\u00e3o necess\u00e1ria.<\/p>\n<h3>Vagas de forma\u00e7\u00e3o na Nordeste<\/h3>\n<p>A Unidade Local de Sa\u00fade do Nordeste registou queda no n\u00famero de m\u00e9dicos internos em forma\u00e7\u00e3o. Em 2024 entraram 38 de 46 vagas, em 2025 entraram 26, e em 2026 dever\u00e3o entrar apenas 11, deixando 35 lugares por preencher. Almeida v\u00ea isto como indicativo da capacidade do SNS de formar m\u00e9dicos suficientes.<\/p>\n<p>Mapas de vagas indicam aumento global para 2026, com incremento de 176 vagas entre 2025 e 2026. O Norte recebe a maior parte do acr\u00e9scimo, com destaque para Braga, Alto Ave, S\u00e3o Ant\u00f3nio e S\u00e3o Jo\u00e3o. Na Nordeste, por\u00e9m, n\u00e3o houve altera\u00e7\u00e3o.<\/p>\n<p>O respons\u00e1vel reiterou que a estrat\u00e9gia \u00e9 mobilizar a forma\u00e7\u00e3o para acolher m\u00e9dicos especialistas, independentemente do local da forma\u00e7\u00e3o. A prioridade \u00e9 preencher vagas para atender a demanda do SNS, mesmo que sejam criadas novas oportunidades em diferentes unidades.<\/p>\n<h3>Urg\u00eancia cir\u00fargica de Mirandela<\/h3>\n<p>Al\u00e9m disso, a ULS Nordeste enfrenta cr\u00edticas pela encerramento da urg\u00eancia cir\u00fargica de Mirandela, h\u00e1 mais de dois anos. A suspens\u00e3o ocorreu durante uma greve de m\u00e9dicos por horas extraordin\u00e1rias, quando dois cirurgi\u00f5es foram deslocados para Bragan\u00e7a.<\/p>\n<p>Questionado sobre a reabertura, Almeida afirmou que a falta de recursos humanos n\u00e3o \u00e9 exclusiva do Interior, nem da regi\u00e3o, sendo um problema nacional. Disse que a gest\u00e3o dos recursos deve priorizar onde s\u00e3o mais necess\u00e1rios e que tem respondido \u00e0s necessidades da ULS Nordeste.<\/p>\n","protected":false},"excerpt":{"rendered":"<ul>\n<li>O diretor executivo do SNS, \u00c1lvaro Almeida, afirmou que incentivos aos m\u00e9dicos para ficarem no Interior n\u00e3o devem ocorrer j\u00e1 na forma\u00e7\u00e3o, apontando para a coloca\u00e7\u00e3o ap\u00f3s a forma\u00e7\u00e3o como necess\u00e1ria.<\/li>\n<li>Isabel Ferreira, presidente da c\u00e2mara de Bragan\u00e7a, criticou a abertura de vagas em grandes centros urbanos e pediu incentivos para o Interior, alegando desequil\u00edbrio regional.<\/li>\n<li>Em 2024 entraram 38 m\u00e9dicos internos na Unidade Local de Sa\u00fade do Nordeste (ULS Nordeste) de um total de 46 vagas; em 2025 foram 26, e em 2026 prev\u00ea-se entrar apenas 11, deixando 35 vagas por preencher.<\/li>\n<li>Mapas de vagas revelam aumento de 176 vagas entre 2025 e 2026, com grande subida no Norte; a ULS Nordeste n\u00e3o teve altera\u00e7\u00e3o nas vagas.<\/li>\n<li>A urg\u00eancia cir\u00fargica de Mirandela permanece encerrada h\u00e1 mais de dois anos, fruto de situa\u00e7\u00f5es associadas a greves e \u00e0 redistribui\u00e7\u00e3o de m\u00e9dicos, com a institui\u00e7\u00e3o a dizer que tem respondido \u00e0s necessidades da regi\u00e3o e que aguardar\u00e1 o preenchimento das vagas.<\/li>\n<\/ul>\n","protected":false},"author":2,"featured_media":90828,"comment_status":"closed","ping_status":"closed","sticky":false,"template":"","format":"standard","meta":{"footnotes":""},"categories":[1],"tags":[1773,1207,1275,1409,172,271],"class_list":["post-90817","post","type-post","status-publish","format-standard","has-post-thumbnail","hentry","category-noticias","tag-alto-ave","tag-braga","tag-descentralizacao-territorial","tag-desenvolvimento-regional","tag-saude","tag-saude-publica"],"yoast_head":"<!-- This site is optimized with the Yoast SEO plugin v27.2 - https:\/\/yoast.com\/product\/yoast-seo-wordpress\/ -->\n<title>Diretor do SNS diz que forma\u00e7\u00e3o de m\u00e9dicos internos n\u00e3o deve ocorrer no Interior - Portal Tela Portugal<\/title>\n<meta name=\"robots\" content=\"index, follow, max-snippet:-1, max-image-preview:large, max-video-preview:-1\" \/>\n<meta property=\"og:locale\" content=\"pt_PT\" \/>\n<meta property=\"og:type\" content=\"article\" \/>\n<meta property=\"og:title\" content=\"Diretor do SNS diz que forma\u00e7\u00e3o de m\u00e9dicos internos n\u00e3o deve ocorrer no Interior - Portal Tela Portugal\" \/>\n<meta property=\"og:description\" content=\"O diretor executivo do SNS, \u00c1lvaro Almeida, afirmou que incentivos aos m\u00e9dicos para ficarem no Interior n\u00e3o devem ocorrer j\u00e1 na forma\u00e7\u00e3o, apontando para a coloca\u00e7\u00e3o ap\u00f3s a forma\u00e7\u00e3o como necess\u00e1ria. Isabel Ferreira, presidente da c\u00e2mara de Bragan\u00e7a, criticou a abertura de vagas em grandes centros urbanos e pediu incentivos para o Interior, alegando desequil\u00edbrio regional. Em 2024 entraram 38 m\u00e9dicos internos na Unidade Local de Sa\u00fade do Nordeste (ULS Nordeste) de um total de 46 vagas; em 2025 foram 26, e em 2026 prev\u00ea-se entrar apenas 11, deixando 35 vagas por preencher. Mapas de vagas revelam aumento de 176 vagas entre 2025 e 2026, com grande subida no Norte; a ULS Nordeste n\u00e3o teve altera\u00e7\u00e3o nas vagas. A urg\u00eancia cir\u00fargica de Mirandela permanece encerrada h\u00e1 mais de dois anos, fruto de situa\u00e7\u00f5es associadas a greves e \u00e0 redistribui\u00e7\u00e3o de m\u00e9dicos, com a institui\u00e7\u00e3o a dizer que tem respondido \u00e0s necessidades da regi\u00e3o e que aguardar\u00e1 o preenchimento das vagas.\" \/>\n<meta property=\"og:url\" content=\"https:\/\/portaltela.pt\/noticias\/2025\/12\/21\/diretor-do-sns-diz-que-formacao-de-medicos-internos-nao-deve-ocorrer-no-interior\/\" \/>\n<meta property=\"og:site_name\" content=\"Portal Tela Portugal\" \/>\n<meta property=\"article:published_time\" content=\"2025-12-21T18:05:15+00:00\" \/>\n<meta name=\"author\" content=\"Telinha\" \/>\n<meta name=\"twitter:card\" content=\"summary_large_image\" \/>\n<meta name=\"twitter:label1\" content=\"Escrito por\" \/>\n\t<meta name=\"twitter:data1\" content=\"Telinha\" \/>\n\t<meta name=\"twitter:label2\" content=\"Tempo estimado de leitura\" \/>\n\t<meta name=\"twitter:data2\" content=\"2 minutos\" \/>\n<script type=\"application\/ld+json\" class=\"yoast-schema-graph\">{\"@context\":\"https:\/\/schema.org\",\"@graph\":[{\"@type\":\"Article\",\"@id\":\"https:\/\/portaltela.pt\/noticias\/2025\/12\/21\/diretor-do-sns-diz-que-formacao-de-medicos-internos-nao-deve-ocorrer-no-interior\/#article\",\"isPartOf\":{\"@id\":\"https:\/\/portaltela.pt\/noticias\/2025\/12\/21\/diretor-do-sns-diz-que-formacao-de-medicos-internos-nao-deve-ocorrer-no-interior\/\"},\"author\":{\"name\":\"Telinha\",\"@id\":\"https:\/\/portaltela.pt\/#\/schema\/person\/c4278d4a6028830caff9ee44b42d32ed\"},\"headline\":\"Diretor do SNS diz que forma\u00e7\u00e3o de m\u00e9dicos internos n\u00e3o deve ocorrer no Interior\",\"datePublished\":\"2025-12-21T18:05:15+00:00\",\"mainEntityOfPage\":{\"@id\":\"https:\/\/portaltela.pt\/noticias\/2025\/12\/21\/diretor-do-sns-diz-que-formacao-de-medicos-internos-nao-deve-ocorrer-no-interior\/\"},\"wordCount\":439,\"image\":{\"@id\":\"https:\/\/portaltela.pt\/noticias\/2025\/12\/21\/diretor-do-sns-diz-que-formacao-de-medicos-internos-nao-deve-ocorrer-no-interior\/#primaryimage\"},\"thumbnailUrl\":\"https:\/\/portaltela.pt\/s.01k8rhncp4jt1\/2025\/12\/unnamed-file-954.jpg\",\"keywords\":[\"Alto Ave\",\"Braga\",\"descentraliza\u00e7\u00e3o territorial\",\"desenvolvimento regional\",\"sa\u00fade\",\"sa\u00fade p\u00fablica\"],\"articleSection\":[\"Not\u00edcias\"],\"inLanguage\":\"pt-PT\"},{\"@type\":\"WebPage\",\"@id\":\"https:\/\/portaltela.pt\/noticias\/2025\/12\/21\/diretor-do-sns-diz-que-formacao-de-medicos-internos-nao-deve-ocorrer-no-interior\/\",\"url\":\"https:\/\/portaltela.pt\/noticias\/2025\/12\/21\/diretor-do-sns-diz-que-formacao-de-medicos-internos-nao-deve-ocorrer-no-interior\/\",\"name\":\"Diretor do SNS diz que forma\u00e7\u00e3o de m\u00e9dicos internos n\u00e3o deve ocorrer no Interior - Portal Tela Portugal\",\"isPartOf\":{\"@id\":\"https:\/\/portaltela.pt\/#website\"},\"primaryImageOfPage\":{\"@id\":\"https:\/\/portaltela.pt\/noticias\/2025\/12\/21\/diretor-do-sns-diz-que-formacao-de-medicos-internos-nao-deve-ocorrer-no-interior\/#primaryimage\"},\"image\":{\"@id\":\"https:\/\/portaltela.pt\/noticias\/2025\/12\/21\/diretor-do-sns-diz-que-formacao-de-medicos-internos-nao-deve-ocorrer-no-interior\/#primaryimage\"},\"thumbnailUrl\":\"https:\/\/portaltela.pt\/s.01k8rhncp4jt1\/2025\/12\/unnamed-file-954.jpg\",\"datePublished\":\"2025-12-21T18:05:15+00:00\",\"author\":{\"@id\":\"https:\/\/portaltela.pt\/#\/schema\/person\/c4278d4a6028830caff9ee44b42d32ed\"},\"breadcrumb\":{\"@id\":\"https:\/\/portaltela.pt\/noticias\/2025\/12\/21\/diretor-do-sns-diz-que-formacao-de-medicos-internos-nao-deve-ocorrer-no-interior\/#breadcrumb\"},\"inLanguage\":\"pt-PT\",\"potentialAction\":[{\"@type\":\"ReadAction\",\"target\":[\"https:\/\/portaltela.pt\/noticias\/2025\/12\/21\/diretor-do-sns-diz-que-formacao-de-medicos-internos-nao-deve-ocorrer-no-interior\/\"]}]},{\"@type\":\"ImageObject\",\"inLanguage\":\"pt-PT\",\"@id\":\"https:\/\/portaltela.pt\/noticias\/2025\/12\/21\/diretor-do-sns-diz-que-formacao-de-medicos-internos-nao-deve-ocorrer-no-interior\/#primaryimage\",\"url\":\"https:\/\/portaltela.pt\/s.01k8rhncp4jt1\/2025\/12\/unnamed-file-954.jpg\",\"contentUrl\":\"https:\/\/portaltela.pt\/s.01k8rhncp4jt1\/2025\/12\/unnamed-file-954.jpg\",\"width\":796,\"height\":448,\"caption\":\"Diretor do SNS diz que forma\u00e7\u00e3o de m\u00e9dicos internos n\u00e3o deve ser incentivo no Interior\"},{\"@type\":\"BreadcrumbList\",\"@id\":\"https:\/\/portaltela.pt\/noticias\/2025\/12\/21\/diretor-do-sns-diz-que-formacao-de-medicos-internos-nao-deve-ocorrer-no-interior\/#breadcrumb\",\"itemListElement\":[{\"@type\":\"ListItem\",\"position\":1,\"name\":\"In\u00edcio\",\"item\":\"https:\/\/portaltela.pt\/\"},{\"@type\":\"ListItem\",\"position\":2,\"name\":\"Diretor do SNS diz que forma\u00e7\u00e3o de m\u00e9dicos internos n\u00e3o deve ocorrer no Interior\"}]},{\"@type\":\"WebSite\",\"@id\":\"https:\/\/portaltela.pt\/#website\",\"url\":\"https:\/\/portaltela.pt\/\",\"name\":\"Portal Tela Portugal\",\"description\":\"\",\"potentialAction\":[{\"@type\":\"SearchAction\",\"target\":{\"@type\":\"EntryPoint\",\"urlTemplate\":\"https:\/\/portaltela.pt\/?s={search_term_string}\"},\"query-input\":{\"@type\":\"PropertyValueSpecification\",\"valueRequired\":true,\"valueName\":\"search_term_string\"}}],\"inLanguage\":\"pt-PT\"},{\"@type\":\"Person\",\"@id\":\"https:\/\/portaltela.pt\/#\/schema\/person\/c4278d4a6028830caff9ee44b42d32ed\",\"name\":\"Telinha\",\"image\":{\"@type\":\"ImageObject\",\"inLanguage\":\"pt-PT\",\"@id\":\"https:\/\/portaltela.pt\/s.01k8rhncp4jt1\/2025\/11\/talking-bot-125x125.png\",\"url\":\"https:\/\/portaltela.pt\/s.01k8rhncp4jt1\/2025\/11\/talking-bot-125x125.png\",\"contentUrl\":\"https:\/\/portaltela.pt\/s.01k8rhncp4jt1\/2025\/11\/talking-bot-125x125.png\",\"caption\":\"Telinha\"},\"sameAs\":[\"https:\/\/portaltela.pt\/\"],\"url\":\"https:\/\/portaltela.pt\/por\/367410592786\/\"}]}<\/script>\n<!-- \/ Yoast SEO plugin. -->","yoast_head_json":{"title":"Diretor do SNS diz que forma\u00e7\u00e3o de m\u00e9dicos internos n\u00e3o deve ocorrer no Interior - Portal Tela Portugal","robots":{"index":"index","follow":"follow","max-snippet":"max-snippet:-1","max-image-preview":"max-image-preview:large","max-video-preview":"max-video-preview:-1"},"og_locale":"pt_PT","og_type":"article","og_title":"Diretor do SNS diz que forma\u00e7\u00e3o de m\u00e9dicos internos n\u00e3o deve ocorrer no Interior - Portal Tela Portugal","og_description":"O diretor executivo do SNS, \u00c1lvaro Almeida, afirmou que incentivos aos m\u00e9dicos para ficarem no Interior n\u00e3o devem ocorrer j\u00e1 na forma\u00e7\u00e3o, apontando para a coloca\u00e7\u00e3o ap\u00f3s a forma\u00e7\u00e3o como necess\u00e1ria. Isabel Ferreira, presidente da c\u00e2mara de Bragan\u00e7a, criticou a abertura de vagas em grandes centros urbanos e pediu incentivos para o Interior, alegando desequil\u00edbrio regional. Em 2024 entraram 38 m\u00e9dicos internos na Unidade Local de Sa\u00fade do Nordeste (ULS Nordeste) de um total de 46 vagas; em 2025 foram 26, e em 2026 prev\u00ea-se entrar apenas 11, deixando 35 vagas por preencher. Mapas de vagas revelam aumento de 176 vagas entre 2025 e 2026, com grande subida no Norte; a ULS Nordeste n\u00e3o teve altera\u00e7\u00e3o nas vagas. A urg\u00eancia cir\u00fargica de Mirandela permanece encerrada h\u00e1 mais de dois anos, fruto de situa\u00e7\u00f5es associadas a greves e \u00e0 redistribui\u00e7\u00e3o de m\u00e9dicos, com a institui\u00e7\u00e3o a dizer que tem respondido \u00e0s necessidades da regi\u00e3o e que aguardar\u00e1 o preenchimento das vagas.","og_url":"https:\/\/portaltela.pt\/noticias\/2025\/12\/21\/diretor-do-sns-diz-que-formacao-de-medicos-internos-nao-deve-ocorrer-no-interior\/","og_site_name":"Portal Tela Portugal","article_published_time":"2025-12-21T18:05:15+00:00","author":"Telinha","twitter_card":"summary_large_image","twitter_misc":{"Escrito por":"Telinha","Tempo estimado de leitura":"2 minutos"},"schema":{"@context":"https:\/\/schema.org","@graph":[{"@type":"Article","@id":"https:\/\/portaltela.pt\/noticias\/2025\/12\/21\/diretor-do-sns-diz-que-formacao-de-medicos-internos-nao-deve-ocorrer-no-interior\/#article","isPartOf":{"@id":"https:\/\/portaltela.pt\/noticias\/2025\/12\/21\/diretor-do-sns-diz-que-formacao-de-medicos-internos-nao-deve-ocorrer-no-interior\/"},"author":{"name":"Telinha","@id":"https:\/\/portaltela.pt\/#\/schema\/person\/c4278d4a6028830caff9ee44b42d32ed"},"headline":"Diretor do SNS diz que forma\u00e7\u00e3o de m\u00e9dicos internos n\u00e3o deve ocorrer no Interior","datePublished":"2025-12-21T18:05:15+00:00","mainEntityOfPage":{"@id":"https:\/\/portaltela.pt\/noticias\/2025\/12\/21\/diretor-do-sns-diz-que-formacao-de-medicos-internos-nao-deve-ocorrer-no-interior\/"},"wordCount":439,"image":{"@id":"https:\/\/portaltela.pt\/noticias\/2025\/12\/21\/diretor-do-sns-diz-que-formacao-de-medicos-internos-nao-deve-ocorrer-no-interior\/#primaryimage"},"thumbnailUrl":"https:\/\/portaltela.pt\/s.01k8rhncp4jt1\/2025\/12\/unnamed-file-954.jpg","keywords":["Alto Ave","Braga","descentraliza\u00e7\u00e3o territorial","desenvolvimento regional","sa\u00fade","sa\u00fade p\u00fablica"],"articleSection":["Not\u00edcias"],"inLanguage":"pt-PT"},{"@type":"WebPage","@id":"https:\/\/portaltela.pt\/noticias\/2025\/12\/21\/diretor-do-sns-diz-que-formacao-de-medicos-internos-nao-deve-ocorrer-no-interior\/","url":"https:\/\/portaltela.pt\/noticias\/2025\/12\/21\/diretor-do-sns-diz-que-formacao-de-medicos-internos-nao-deve-ocorrer-no-interior\/","name":"Diretor do SNS diz que forma\u00e7\u00e3o de m\u00e9dicos internos n\u00e3o deve ocorrer no Interior - Portal Tela Portugal","isPartOf":{"@id":"https:\/\/portaltela.pt\/#website"},"primaryImageOfPage":{"@id":"https:\/\/portaltela.pt\/noticias\/2025\/12\/21\/diretor-do-sns-diz-que-formacao-de-medicos-internos-nao-deve-ocorrer-no-interior\/#primaryimage"},"image":{"@id":"https:\/\/portaltela.pt\/noticias\/2025\/12\/21\/diretor-do-sns-diz-que-formacao-de-medicos-internos-nao-deve-ocorrer-no-interior\/#primaryimage"},"thumbnailUrl":"https:\/\/portaltela.pt\/s.01k8rhncp4jt1\/2025\/12\/unnamed-file-954.jpg","datePublished":"2025-12-21T18:05:15+00:00","author":{"@id":"https:\/\/portaltela.pt\/#\/schema\/person\/c4278d4a6028830caff9ee44b42d32ed"},"breadcrumb":{"@id":"https:\/\/portaltela.pt\/noticias\/2025\/12\/21\/diretor-do-sns-diz-que-formacao-de-medicos-internos-nao-deve-ocorrer-no-interior\/#breadcrumb"},"inLanguage":"pt-PT","potentialAction":[{"@type":"ReadAction","target":["https:\/\/portaltela.pt\/noticias\/2025\/12\/21\/diretor-do-sns-diz-que-formacao-de-medicos-internos-nao-deve-ocorrer-no-interior\/"]}]},{"@type":"ImageObject","inLanguage":"pt-PT","@id":"https:\/\/portaltela.pt\/noticias\/2025\/12\/21\/diretor-do-sns-diz-que-formacao-de-medicos-internos-nao-deve-ocorrer-no-interior\/#primaryimage","url":"https:\/\/portaltela.pt\/s.01k8rhncp4jt1\/2025\/12\/unnamed-file-954.jpg","contentUrl":"https:\/\/portaltela.pt\/s.01k8rhncp4jt1\/2025\/12\/unnamed-file-954.jpg","width":796,"height":448,"caption":"Diretor do SNS diz que forma\u00e7\u00e3o de m\u00e9dicos internos n\u00e3o deve ser incentivo no Interior"},{"@type":"BreadcrumbList","@id":"https:\/\/portaltela.pt\/noticias\/2025\/12\/21\/diretor-do-sns-diz-que-formacao-de-medicos-internos-nao-deve-ocorrer-no-interior\/#breadcrumb","itemListElement":[{"@type":"ListItem","position":1,"name":"In\u00edcio","item":"https:\/\/portaltela.pt\/"},{"@type":"ListItem","position":2,"name":"Diretor do SNS diz que forma\u00e7\u00e3o de m\u00e9dicos internos n\u00e3o deve ocorrer no Interior"}]},{"@type":"WebSite","@id":"https:\/\/portaltela.pt\/#website","url":"https:\/\/portaltela.pt\/","name":"Portal Tela Portugal","description":"","potentialAction":[{"@type":"SearchAction","target":{"@type":"EntryPoint","urlTemplate":"https:\/\/portaltela.pt\/?s={search_term_string}"},"query-input":{"@type":"PropertyValueSpecification","valueRequired":true,"valueName":"search_term_string"}}],"inLanguage":"pt-PT"},{"@type":"Person","@id":"https:\/\/portaltela.pt\/#\/schema\/person\/c4278d4a6028830caff9ee44b42d32ed","name":"Telinha","image":{"@type":"ImageObject","inLanguage":"pt-PT","@id":"https:\/\/portaltela.pt\/s.01k8rhncp4jt1\/2025\/11\/talking-bot-125x125.png","url":"https:\/\/portaltela.pt\/s.01k8rhncp4jt1\/2025\/11\/talking-bot-125x125.png","contentUrl":"https:\/\/portaltela.pt\/s.01k8rhncp4jt1\/2025\/11\/talking-bot-125x125.png","caption":"Telinha"},"sameAs":["https:\/\/portaltela.pt\/"],"url":"https:\/\/portaltela.pt\/por\/367410592786\/"}]}},"_links":{"self":[{"href":"https:\/\/portaltela.pt\/api\/wp\/v2\/posts\/90817","targetHints":{"allow":["GET"]}}],"collection":[{"href":"https:\/\/portaltela.pt\/api\/wp\/v2\/posts"}],"about":[{"href":"https:\/\/portaltela.pt\/api\/wp\/v2\/types\/post"}],"author":[{"embeddable":true,"href":"https:\/\/portaltela.pt\/api\/wp\/v2\/users\/2"}],"replies":[{"embeddable":true,"href":"https:\/\/portaltela.pt\/api\/wp\/v2\/comments?post=90817"}],"version-history":[{"count":0,"href":"https:\/\/portaltela.pt\/api\/wp\/v2\/posts\/90817\/revisions"}],"wp:featuredmedia":[{"embeddable":true,"href":"https:\/\/portaltela.pt\/api\/wp\/v2\/media\/90828"}],"wp:attachment":[{"href":"https:\/\/portaltela.pt\/api\/wp\/v2\/media?parent=90817"}],"wp:term":[{"taxonomy":"category","embeddable":true,"href":"https:\/\/portaltela.pt\/api\/wp\/v2\/categories?post=90817"},{"taxonomy":"post_tag","embeddable":true,"href":"https:\/\/portaltela.pt\/api\/wp\/v2\/tags?post=90817"}],"curies":[{"name":"wp","href":"https:\/\/api.w.org\/{rel}","templated":true}]}}