{"id":90733,"date":"2025-12-21T14:03:10","date_gmt":"2025-12-21T17:03:10","guid":{"rendered":"https:\/\/portaltela.pt\/noticias\/2025\/12\/21\/afvr-resultados-marcadores-e-classificacao-da-15a-jornada-da-divisao-de-honra\/"},"modified":"2025-12-21T14:03:10","modified_gmt":"2025-12-21T17:03:10","slug":"afvr-resultados-marcadores-e-classificacao-da-15a-jornada-da-divisao-de-honra","status":"publish","type":"post","link":"https:\/\/portaltela.pt\/desporto\/futebol\/2025\/12\/21\/afvr-resultados-marcadores-e-classificacao-da-15a-jornada-da-divisao-de-honra\/","title":{"rendered":"AFVR: resultados, marcadores e classifica\u00e7\u00e3o da 15\u00aa jornada da Divis\u00e3o de Honra"},"content":{"rendered":"<p>A AF Vila Real j\u00e1 disputou a 15\u00aa jornada da Divis\u00e3o de Honra, com algumas mudan\u00e7as relevantes na classifica\u00e7\u00e3o. Os jogos desta ronda refletiram v\u00e1rias batalhas competitivas, com marcadores espalhados por toda a jornada. O conjunto de Mons\u00adte\u00adgrel manteve-se perto do topo, enquanto Fontelas continua sem pontos.<\/p>\n<p>Na madrugada de s\u00e1bado, Mes\u00e3o Frio recebeu Fontelas e venceu por 5\u20130, com marcadores de Marcio Meireles (2), Mica, Rafael e Francisco Santos. Em Vila Real, Vilar Perdizes triunfou por 4\u20132 sobre Sabroso, com Axel (2), Bernardo e Carlos Mour\u00e3o (auto-golo) a decidirem a partida.<\/p>\n<p>Constantim empatou 1\u20131 com Cerva, Crespo apontou pela equipa visitante, Ruben Lopes respondeu. Pedras Salgadas e Montalegre tamb\u00e9m empataram 1\u20131, com Alex Machado a colocar os Salgados em vantagem e Karamoko a igualar. Santa Marta bateu Mondinense por 1\u20131, guiado por Gui que fez o golo de empate.<\/p>\n<p>Vila Pouca garantiu uma vit\u00f3ria Por 2\u20130 frente a Valpa\u00e7os, com Pedro Pereira e Gon\u00e7alo R\u00e9gua a marcar. Vidago levou a melhor sobre Cumieira, 2\u20131, com Jo\u00e3o Nuno e Bairon a desequilibrarem a favor dos Vidaguenses; Hugo Almeida reduziu para Cumieira. Folga: Abambres.<\/p>\n<h3>Classifica\u00e7\u00e3o<\/h3>\n<p>1. Montalegre | 14 jogos | 38 pontos<\/p>\n<p>2. R\u00e9gua | 14 jogos | 37 pontos<\/p>\n<p>3. Vidago | 14 jogos | 32 pontos<\/p>\n<p>4. Vila Pouca | 14 jogos | 30 pontos<\/p>\n<p>5. Mondinense | 14 jogos | 27 pontos<\/p>\n<p>6. Vilar Perdizes | 13 jogos | 24 pontos<\/p>\n<p>7. Mes\u00e3o Frio | 14 jogos | 24 pontos<\/p>\n<p>8. Santa Marta | 15 jogos | 24 pontos<\/p>\n<p>9. Valpa\u00e7os | 13 jogos | 21 pontos<\/p>\n<p>10. Pedras Salgadas | 14 jogos | 19 pontos<\/p>\n<p>11. Atei | 14 jogos | 16 pontos<\/p>\n<p>12. Cumieira | 14 jogos | 10 pontos<\/p>\n<p>13. Constantim | 14 jogos | 10 pontos<\/p>\n<p>14. Cerva | 14 jogos | 10 pontos<\/p>\n<p>15. Sabroso | 13 jogos | 9 pontos<\/p>\n<p>16. Abambres | 14 jogos | 6 pontos<\/p>\n<p>17. Fontelas | 14 jogos | 0 pontos<\/p>\n","protected":false},"excerpt":{"rendered":"<ul>\n<li>Resultados da 15\u00aa jornada: Mes\u00e3o Frio goleou Fontelas por cinco a zero; Vilar Perdizes venceu Sabroso por quatro a dois; Constantim empata com Cerva a um; Pedras Salgadas e Montalegre ficaram a um; Santa Marta e Mondinense also terminaram empatados a um; Vila Pouca venceu Valpa\u00e7os por dois a zero; Vidago ganhou a Atei por dois a um; Cumieira venceu Hugo Almeida por quatro a uma; Abambres ficou de folga.<\/li>\n<li>Principais marcadores da jornada: Marcio Meireles (do Mes\u00e3o Frio) marcou dois golos; Axel (duplo) destacou-se em Vilar Perdizes; outros guardaram marcadores como Ricardo (do Cumieira) com dois e Hugo Almeida.<\/li>\n<li>Classifica\u00e7\u00e3o provis\u00f3ria da Divis\u00e3o de Honra da AF Vila Real: Montalegre lidera com 38 pontos em 14 jogos; R\u00e9gua tem 37 pontos em 14 jogos; Vidago soma 32 pontos; Vila Pouca 30; Mondinense 27.<\/li>\n<li>In\u00edcio de parte superior e zonas m\u00e9dias: Vilar Perdizes e Mes\u00e3o Frio seguem com 24 pontos; Santa Marta tem 24; Valpa\u00e7os, Pedras Salgadas e Atei aparecem na faixa entre 16 e 21 pontos; Fontelas mant\u00e9m zero pontos.<\/li>\n<li>Observa\u00e7\u00e3o: Caixote de folga para Abambres na 15\u00aa jornada.<\/li>\n<\/ul>\n","protected":false},"author":2,"featured_media":90734,"comment_status":"closed","ping_status":"closed","sticky":false,"template":"","format":"standard","meta":{"footnotes":""},"categories":[21,24],"tags":[152,1772,32,1390,1391,1665],"class_list":["post-90733","post","type-post","status-publish","format-standard","has-post-thumbnail","hentry","category-desporto","category-futebol","tag-desporto","tag-fontelas","tag-futebol","tag-mondinense","tag-regua","tag-vila-real"],"yoast_head":"<!-- This site is optimized with the Yoast SEO plugin v27.2 - https:\/\/yoast.com\/product\/yoast-seo-wordpress\/ -->\n<title>AFVR: resultados, marcadores e classifica\u00e7\u00e3o da 15\u00aa jornada da Divis\u00e3o de Honra - Portal Tela Portugal<\/title>\n<meta name=\"robots\" content=\"index, follow, max-snippet:-1, max-image-preview:large, max-video-preview:-1\" \/>\n<meta property=\"og:locale\" content=\"pt_PT\" \/>\n<meta property=\"og:type\" content=\"article\" \/>\n<meta property=\"og:title\" content=\"AFVR: resultados, marcadores e classifica\u00e7\u00e3o da 15\u00aa jornada da Divis\u00e3o de Honra - Portal Tela Portugal\" \/>\n<meta property=\"og:description\" content=\"Resultados da 15\u00aa jornada: Mes\u00e3o Frio goleou Fontelas por cinco a zero; Vilar Perdizes venceu Sabroso por quatro a dois; Constantim empata com Cerva a um; Pedras Salgadas e Montalegre ficaram a um; Santa Marta e Mondinense also terminaram empatados a um; Vila Pouca venceu Valpa\u00e7os por dois a zero; Vidago ganhou a Atei por dois a um; Cumieira venceu Hugo Almeida por quatro a uma; Abambres ficou de folga. Principais marcadores da jornada: Marcio Meireles (do Mes\u00e3o Frio) marcou dois golos; Axel (duplo) destacou-se em Vilar Perdizes; outros guardaram marcadores como Ricardo (do Cumieira) com dois e Hugo Almeida. Classifica\u00e7\u00e3o provis\u00f3ria da Divis\u00e3o de Honra da AF Vila Real: Montalegre lidera com 38 pontos em 14 jogos; R\u00e9gua tem 37 pontos em 14 jogos; Vidago soma 32 pontos; Vila Pouca 30; Mondinense 27. In\u00edcio de parte superior e zonas m\u00e9dias: Vilar Perdizes e Mes\u00e3o Frio seguem com 24 pontos; Santa Marta tem 24; Valpa\u00e7os, Pedras Salgadas e Atei aparecem na faixa entre 16 e 21 pontos; Fontelas mant\u00e9m zero pontos. Observa\u00e7\u00e3o: Caixote de folga para Abambres na 15\u00aa jornada.\" \/>\n<meta property=\"og:url\" content=\"https:\/\/portaltela.pt\/noticias\/2025\/12\/21\/afvr-resultados-marcadores-e-classificacao-da-15a-jornada-da-divisao-de-honra\/\" \/>\n<meta property=\"og:site_name\" content=\"Portal Tela Portugal\" \/>\n<meta property=\"article:published_time\" content=\"2025-12-21T17:03:10+00:00\" \/>\n<meta name=\"author\" content=\"Telinha\" \/>\n<meta name=\"twitter:card\" content=\"summary_large_image\" \/>\n<meta name=\"twitter:label1\" content=\"Escrito por\" \/>\n\t<meta name=\"twitter:data1\" content=\"Telinha\" \/>\n\t<meta name=\"twitter:label2\" content=\"Tempo estimado de leitura\" \/>\n\t<meta name=\"twitter:data2\" content=\"1 minuto\" \/>\n<script type=\"application\/ld+json\" class=\"yoast-schema-graph\">{\"@context\":\"https:\/\/schema.org\",\"@graph\":[{\"@type\":\"Article\",\"@id\":\"https:\/\/portaltela.pt\/noticias\/2025\/12\/21\/afvr-resultados-marcadores-e-classificacao-da-15a-jornada-da-divisao-de-honra\/#article\",\"isPartOf\":{\"@id\":\"https:\/\/portaltela.pt\/noticias\/2025\/12\/21\/afvr-resultados-marcadores-e-classificacao-da-15a-jornada-da-divisao-de-honra\/\"},\"author\":{\"name\":\"Telinha\",\"@id\":\"https:\/\/portaltela.pt\/#\/schema\/person\/c4278d4a6028830caff9ee44b42d32ed\"},\"headline\":\"AFVR: resultados, marcadores e classifica\u00e7\u00e3o da 15\u00aa jornada da Divis\u00e3o de Honra\",\"datePublished\":\"2025-12-21T17:03:10+00:00\",\"mainEntityOfPage\":{\"@id\":\"https:\/\/portaltela.pt\/noticias\/2025\/12\/21\/afvr-resultados-marcadores-e-classificacao-da-15a-jornada-da-divisao-de-honra\/\"},\"wordCount\":262,\"image\":{\"@id\":\"https:\/\/portaltela.pt\/noticias\/2025\/12\/21\/afvr-resultados-marcadores-e-classificacao-da-15a-jornada-da-divisao-de-honra\/#primaryimage\"},\"thumbnailUrl\":\"https:\/\/portaltela.pt\/s.01k8rhncp4jt1\/2025\/12\/unnamed-file-949.jpg\",\"keywords\":[\"desporto\",\"Fontelas\",\"futebol\",\"Mondinense\",\"R\u00e9gua\",\"Vila Real\"],\"articleSection\":[\"Desporto\",\"Futebol\"],\"inLanguage\":\"pt-PT\"},{\"@type\":\"WebPage\",\"@id\":\"https:\/\/portaltela.pt\/noticias\/2025\/12\/21\/afvr-resultados-marcadores-e-classificacao-da-15a-jornada-da-divisao-de-honra\/\",\"url\":\"https:\/\/portaltela.pt\/noticias\/2025\/12\/21\/afvr-resultados-marcadores-e-classificacao-da-15a-jornada-da-divisao-de-honra\/\",\"name\":\"AFVR: resultados, marcadores e classifica\u00e7\u00e3o da 15\u00aa jornada da Divis\u00e3o de Honra - Portal Tela Portugal\",\"isPartOf\":{\"@id\":\"https:\/\/portaltela.pt\/#website\"},\"primaryImageOfPage\":{\"@id\":\"https:\/\/portaltela.pt\/noticias\/2025\/12\/21\/afvr-resultados-marcadores-e-classificacao-da-15a-jornada-da-divisao-de-honra\/#primaryimage\"},\"image\":{\"@id\":\"https:\/\/portaltela.pt\/noticias\/2025\/12\/21\/afvr-resultados-marcadores-e-classificacao-da-15a-jornada-da-divisao-de-honra\/#primaryimage\"},\"thumbnailUrl\":\"https:\/\/portaltela.pt\/s.01k8rhncp4jt1\/2025\/12\/unnamed-file-949.jpg\",\"datePublished\":\"2025-12-21T17:03:10+00:00\",\"author\":{\"@id\":\"https:\/\/portaltela.pt\/#\/schema\/person\/c4278d4a6028830caff9ee44b42d32ed\"},\"breadcrumb\":{\"@id\":\"https:\/\/portaltela.pt\/noticias\/2025\/12\/21\/afvr-resultados-marcadores-e-classificacao-da-15a-jornada-da-divisao-de-honra\/#breadcrumb\"},\"inLanguage\":\"pt-PT\",\"potentialAction\":[{\"@type\":\"ReadAction\",\"target\":[\"https:\/\/portaltela.pt\/noticias\/2025\/12\/21\/afvr-resultados-marcadores-e-classificacao-da-15a-jornada-da-divisao-de-honra\/\"]}]},{\"@type\":\"ImageObject\",\"inLanguage\":\"pt-PT\",\"@id\":\"https:\/\/portaltela.pt\/noticias\/2025\/12\/21\/afvr-resultados-marcadores-e-classificacao-da-15a-jornada-da-divisao-de-honra\/#primaryimage\",\"url\":\"https:\/\/portaltela.pt\/s.01k8rhncp4jt1\/2025\/12\/unnamed-file-949.jpg\",\"contentUrl\":\"https:\/\/portaltela.pt\/s.01k8rhncp4jt1\/2025\/12\/unnamed-file-949.jpg\",\"width\":796,\"height\":448,\"caption\":\"Photo\"},{\"@type\":\"BreadcrumbList\",\"@id\":\"https:\/\/portaltela.pt\/noticias\/2025\/12\/21\/afvr-resultados-marcadores-e-classificacao-da-15a-jornada-da-divisao-de-honra\/#breadcrumb\",\"itemListElement\":[{\"@type\":\"ListItem\",\"position\":1,\"name\":\"In\u00edcio\",\"item\":\"https:\/\/portaltela.pt\/\"},{\"@type\":\"ListItem\",\"position\":2,\"name\":\"AFVR: resultados, marcadores e classifica\u00e7\u00e3o da 15\u00aa jornada da Divis\u00e3o de Honra\"}]},{\"@type\":\"WebSite\",\"@id\":\"https:\/\/portaltela.pt\/#website\",\"url\":\"https:\/\/portaltela.pt\/\",\"name\":\"Portal Tela Portugal\",\"description\":\"\",\"potentialAction\":[{\"@type\":\"SearchAction\",\"target\":{\"@type\":\"EntryPoint\",\"urlTemplate\":\"https:\/\/portaltela.pt\/?s={search_term_string}\"},\"query-input\":{\"@type\":\"PropertyValueSpecification\",\"valueRequired\":true,\"valueName\":\"search_term_string\"}}],\"inLanguage\":\"pt-PT\"},{\"@type\":\"Person\",\"@id\":\"https:\/\/portaltela.pt\/#\/schema\/person\/c4278d4a6028830caff9ee44b42d32ed\",\"name\":\"Telinha\",\"image\":{\"@type\":\"ImageObject\",\"inLanguage\":\"pt-PT\",\"@id\":\"https:\/\/portaltela.pt\/s.01k8rhncp4jt1\/2025\/11\/talking-bot-125x125.png\",\"url\":\"https:\/\/portaltela.pt\/s.01k8rhncp4jt1\/2025\/11\/talking-bot-125x125.png\",\"contentUrl\":\"https:\/\/portaltela.pt\/s.01k8rhncp4jt1\/2025\/11\/talking-bot-125x125.png\",\"caption\":\"Telinha\"},\"sameAs\":[\"https:\/\/portaltela.pt\/\"],\"url\":\"https:\/\/portaltela.pt\/por\/367410592786\/\"}]}<\/script>\n<!-- \/ Yoast SEO plugin. -->","yoast_head_json":{"title":"AFVR: resultados, marcadores e classifica\u00e7\u00e3o da 15\u00aa jornada da Divis\u00e3o de Honra - Portal Tela Portugal","robots":{"index":"index","follow":"follow","max-snippet":"max-snippet:-1","max-image-preview":"max-image-preview:large","max-video-preview":"max-video-preview:-1"},"og_locale":"pt_PT","og_type":"article","og_title":"AFVR: resultados, marcadores e classifica\u00e7\u00e3o da 15\u00aa jornada da Divis\u00e3o de Honra - Portal Tela Portugal","og_description":"Resultados da 15\u00aa jornada: Mes\u00e3o Frio goleou Fontelas por cinco a zero; Vilar Perdizes venceu Sabroso por quatro a dois; Constantim empata com Cerva a um; Pedras Salgadas e Montalegre ficaram a um; Santa Marta e Mondinense also terminaram empatados a um; Vila Pouca venceu Valpa\u00e7os por dois a zero; Vidago ganhou a Atei por dois a um; Cumieira venceu Hugo Almeida por quatro a uma; Abambres ficou de folga. Principais marcadores da jornada: Marcio Meireles (do Mes\u00e3o Frio) marcou dois golos; Axel (duplo) destacou-se em Vilar Perdizes; outros guardaram marcadores como Ricardo (do Cumieira) com dois e Hugo Almeida. Classifica\u00e7\u00e3o provis\u00f3ria da Divis\u00e3o de Honra da AF Vila Real: Montalegre lidera com 38 pontos em 14 jogos; R\u00e9gua tem 37 pontos em 14 jogos; Vidago soma 32 pontos; Vila Pouca 30; Mondinense 27. In\u00edcio de parte superior e zonas m\u00e9dias: Vilar Perdizes e Mes\u00e3o Frio seguem com 24 pontos; Santa Marta tem 24; Valpa\u00e7os, Pedras Salgadas e Atei aparecem na faixa entre 16 e 21 pontos; Fontelas mant\u00e9m zero pontos. Observa\u00e7\u00e3o: Caixote de folga para Abambres na 15\u00aa jornada.","og_url":"https:\/\/portaltela.pt\/noticias\/2025\/12\/21\/afvr-resultados-marcadores-e-classificacao-da-15a-jornada-da-divisao-de-honra\/","og_site_name":"Portal Tela Portugal","article_published_time":"2025-12-21T17:03:10+00:00","author":"Telinha","twitter_card":"summary_large_image","twitter_misc":{"Escrito por":"Telinha","Tempo estimado de leitura":"1 minuto"},"schema":{"@context":"https:\/\/schema.org","@graph":[{"@type":"Article","@id":"https:\/\/portaltela.pt\/noticias\/2025\/12\/21\/afvr-resultados-marcadores-e-classificacao-da-15a-jornada-da-divisao-de-honra\/#article","isPartOf":{"@id":"https:\/\/portaltela.pt\/noticias\/2025\/12\/21\/afvr-resultados-marcadores-e-classificacao-da-15a-jornada-da-divisao-de-honra\/"},"author":{"name":"Telinha","@id":"https:\/\/portaltela.pt\/#\/schema\/person\/c4278d4a6028830caff9ee44b42d32ed"},"headline":"AFVR: resultados, marcadores e classifica\u00e7\u00e3o da 15\u00aa jornada da Divis\u00e3o de Honra","datePublished":"2025-12-21T17:03:10+00:00","mainEntityOfPage":{"@id":"https:\/\/portaltela.pt\/noticias\/2025\/12\/21\/afvr-resultados-marcadores-e-classificacao-da-15a-jornada-da-divisao-de-honra\/"},"wordCount":262,"image":{"@id":"https:\/\/portaltela.pt\/noticias\/2025\/12\/21\/afvr-resultados-marcadores-e-classificacao-da-15a-jornada-da-divisao-de-honra\/#primaryimage"},"thumbnailUrl":"https:\/\/portaltela.pt\/s.01k8rhncp4jt1\/2025\/12\/unnamed-file-949.jpg","keywords":["desporto","Fontelas","futebol","Mondinense","R\u00e9gua","Vila Real"],"articleSection":["Desporto","Futebol"],"inLanguage":"pt-PT"},{"@type":"WebPage","@id":"https:\/\/portaltela.pt\/noticias\/2025\/12\/21\/afvr-resultados-marcadores-e-classificacao-da-15a-jornada-da-divisao-de-honra\/","url":"https:\/\/portaltela.pt\/noticias\/2025\/12\/21\/afvr-resultados-marcadores-e-classificacao-da-15a-jornada-da-divisao-de-honra\/","name":"AFVR: resultados, marcadores e classifica\u00e7\u00e3o da 15\u00aa jornada da Divis\u00e3o de Honra - Portal Tela Portugal","isPartOf":{"@id":"https:\/\/portaltela.pt\/#website"},"primaryImageOfPage":{"@id":"https:\/\/portaltela.pt\/noticias\/2025\/12\/21\/afvr-resultados-marcadores-e-classificacao-da-15a-jornada-da-divisao-de-honra\/#primaryimage"},"image":{"@id":"https:\/\/portaltela.pt\/noticias\/2025\/12\/21\/afvr-resultados-marcadores-e-classificacao-da-15a-jornada-da-divisao-de-honra\/#primaryimage"},"thumbnailUrl":"https:\/\/portaltela.pt\/s.01k8rhncp4jt1\/2025\/12\/unnamed-file-949.jpg","datePublished":"2025-12-21T17:03:10+00:00","author":{"@id":"https:\/\/portaltela.pt\/#\/schema\/person\/c4278d4a6028830caff9ee44b42d32ed"},"breadcrumb":{"@id":"https:\/\/portaltela.pt\/noticias\/2025\/12\/21\/afvr-resultados-marcadores-e-classificacao-da-15a-jornada-da-divisao-de-honra\/#breadcrumb"},"inLanguage":"pt-PT","potentialAction":[{"@type":"ReadAction","target":["https:\/\/portaltela.pt\/noticias\/2025\/12\/21\/afvr-resultados-marcadores-e-classificacao-da-15a-jornada-da-divisao-de-honra\/"]}]},{"@type":"ImageObject","inLanguage":"pt-PT","@id":"https:\/\/portaltela.pt\/noticias\/2025\/12\/21\/afvr-resultados-marcadores-e-classificacao-da-15a-jornada-da-divisao-de-honra\/#primaryimage","url":"https:\/\/portaltela.pt\/s.01k8rhncp4jt1\/2025\/12\/unnamed-file-949.jpg","contentUrl":"https:\/\/portaltela.pt\/s.01k8rhncp4jt1\/2025\/12\/unnamed-file-949.jpg","width":796,"height":448,"caption":"Photo"},{"@type":"BreadcrumbList","@id":"https:\/\/portaltela.pt\/noticias\/2025\/12\/21\/afvr-resultados-marcadores-e-classificacao-da-15a-jornada-da-divisao-de-honra\/#breadcrumb","itemListElement":[{"@type":"ListItem","position":1,"name":"In\u00edcio","item":"https:\/\/portaltela.pt\/"},{"@type":"ListItem","position":2,"name":"AFVR: resultados, marcadores e classifica\u00e7\u00e3o da 15\u00aa jornada da Divis\u00e3o de Honra"}]},{"@type":"WebSite","@id":"https:\/\/portaltela.pt\/#website","url":"https:\/\/portaltela.pt\/","name":"Portal Tela Portugal","description":"","potentialAction":[{"@type":"SearchAction","target":{"@type":"EntryPoint","urlTemplate":"https:\/\/portaltela.pt\/?s={search_term_string}"},"query-input":{"@type":"PropertyValueSpecification","valueRequired":true,"valueName":"search_term_string"}}],"inLanguage":"pt-PT"},{"@type":"Person","@id":"https:\/\/portaltela.pt\/#\/schema\/person\/c4278d4a6028830caff9ee44b42d32ed","name":"Telinha","image":{"@type":"ImageObject","inLanguage":"pt-PT","@id":"https:\/\/portaltela.pt\/s.01k8rhncp4jt1\/2025\/11\/talking-bot-125x125.png","url":"https:\/\/portaltela.pt\/s.01k8rhncp4jt1\/2025\/11\/talking-bot-125x125.png","contentUrl":"https:\/\/portaltela.pt\/s.01k8rhncp4jt1\/2025\/11\/talking-bot-125x125.png","caption":"Telinha"},"sameAs":["https:\/\/portaltela.pt\/"],"url":"https:\/\/portaltela.pt\/por\/367410592786\/"}]}},"_links":{"self":[{"href":"https:\/\/portaltela.pt\/api\/wp\/v2\/posts\/90733","targetHints":{"allow":["GET"]}}],"collection":[{"href":"https:\/\/portaltela.pt\/api\/wp\/v2\/posts"}],"about":[{"href":"https:\/\/portaltela.pt\/api\/wp\/v2\/types\/post"}],"author":[{"embeddable":true,"href":"https:\/\/portaltela.pt\/api\/wp\/v2\/users\/2"}],"replies":[{"embeddable":true,"href":"https:\/\/portaltela.pt\/api\/wp\/v2\/comments?post=90733"}],"version-history":[{"count":0,"href":"https:\/\/portaltela.pt\/api\/wp\/v2\/posts\/90733\/revisions"}],"wp:featuredmedia":[{"embeddable":true,"href":"https:\/\/portaltela.pt\/api\/wp\/v2\/media\/90734"}],"wp:attachment":[{"href":"https:\/\/portaltela.pt\/api\/wp\/v2\/media?parent=90733"}],"wp:term":[{"taxonomy":"category","embeddable":true,"href":"https:\/\/portaltela.pt\/api\/wp\/v2\/categories?post=90733"},{"taxonomy":"post_tag","embeddable":true,"href":"https:\/\/portaltela.pt\/api\/wp\/v2\/tags?post=90733"}],"curies":[{"name":"wp","href":"https:\/\/api.w.org\/{rel}","templated":true}]}}