{"id":90375,"date":"2025-12-21T10:26:00","date_gmt":"2025-12-21T13:26:00","guid":{"rendered":"https:\/\/portaltela.pt\/noticias\/2025\/12\/21\/angariacao-de-fundos-para-a-familia-de-nuno-loureiro-2\/"},"modified":"2025-12-21T10:26:00","modified_gmt":"2025-12-21T13:26:00","slug":"angariacao-de-fundos-para-a-familia-de-nuno-loureiro-2","status":"publish","type":"post","link":"https:\/\/portaltela.pt\/noticias\/2025\/12\/21\/angariacao-de-fundos-para-a-familia-de-nuno-loureiro-2\/","title":{"rendered":"Angaria\u00e7\u00e3o de fundos para a fam\u00edlia de Nuno Loureiro"},"content":{"rendered":"<p>Uma angaria\u00e7\u00e3o de fundos est\u00e1 a decorrer na plataforma Go Fund Me para a fam\u00edlia de Nuno Loureiro, o f\u00edsico portugu\u00eas assassinado em Brookline, Massachusetts. A recolha visa apoiar a mulher e as tr\u00eas filhas, ajudando a cobrir encargos educativos e despesas imediatas.<\/p>\n<p>\u00c0 hora da publica\u00e7\u00e3o, a campanha j\u00e1 reunia cerca de 196 mil euros, com o objetivo de chegar aos 300 mil d\u00f3lares. A descri\u00e7\u00e3o do pedit\u00f3rio emphasiza o papel de Nuno e da esposa na cria\u00e7\u00e3o de uma vida est\u00e1vel, marcada pelo amor, educa\u00e7\u00e3o e oportunidades para as filhas.<\/p>\n<h3>Contexto e envolvimento<\/h3>\n<p>Nuno Loureiro era diretor do Centro de Ci\u00eancia do Plasma e Fus\u00e3o do MIT, segundo informa\u00e7\u00f5es de refer\u00eancia regional. O caso envolve Cl\u00e1udio Valente, descrito nas fontes como principal suspeito, ligado a um tiroteio com v\u00e1rias v\u00edtimas numa universidade. A not\u00edcia detalha ainda que a fam\u00edlia vivia na \u00c1rea Metropolitana de Boston.<\/p>\n<p>As doa\u00e7\u00f5es destinam-se, sobretudo, a assegurar a educa\u00e7\u00e3o das filhas nos pr\u00f3ximos anos e a aliviar dificuldades financeiras provocadas pela trag\u00e9dia. A campanha permanece aberta a contribui\u00e7\u00f5es p\u00fablicas na sequ\u00eancia do crime.<\/p>\n<h3>Atualiza\u00e7\u00e3o e informa\u00e7\u00f5es dispon\u00edveis<\/h3>\n<p>As informa\u00e7\u00f5es sobre o caso s\u00e3o partilhadas por ag\u00eancias de not\u00edcia e meios portugueses, que indicam a gravidade do acontecimento e o impacto na fam\u00edlia. N\u00e3o houve observa\u00e7\u00e3o de declara\u00e7\u00f5es adicionais da fam\u00edlia neste momento.<\/p>\n<p>A recolha de fundos est\u00e1 a ser gerida com o objetivo de manter a dignidade financeira da fam\u00edlia durante este per\u00edodo dif\u00edcil. As autoridades continuam a investigar os factos associados ao homic\u00eddio.<\/p>\n<p>Fonte: cobertura de meios portugueses sobre o ocorrido, com refer\u00eancia ao Go Fund Me e aos relatos corroborados pela comunica\u00e7\u00e3o social.<\/p>\n","protected":false},"excerpt":{"rendered":"<ul>\n<li>Uma angaria\u00e7\u00e3o de fundos na Go Fund Me para a fam\u00edlia de Nuno Loureiro j\u00e1 angaria mais de 230 mil d\u00f3lares (196 mil euros) \u00e0 hora de publica\u00e7\u00e3o, com meta de 300 mil d\u00f3lares.<\/li>\n<li>O objetivo \u00e9 entregar o dinheiro \u00e0 mulher e \u00e0s tr\u00eas filhas de Nuno Loureiro.<\/li>\n<li>O pedit\u00f3rio descreve Nuno Loureiro como cientista brilhante, amigo querido, marido e pai dedicado, cuja principal preocupa\u00e7\u00e3o era o futuro das filhas e a sua educa\u00e7\u00e3o.<\/li>\n<li>Nuno Loureiro era diretor do Centro de Ci\u00eancia do Plasma e Fus\u00e3o do Massachusetts Institute of Technology (MIT) e foi morto a tiro em casa, em Brookline, na \u00c1rea Metropolitana de Boston, Massachusetts.<\/li>\n<li>O principal suspeito \u00e9 o portugu\u00eas Cl\u00e1udio Valente, que tamb\u00e9m ter\u00e1 estado envolvido no tiroteio na Universidade de Brown.<\/li>\n<\/ul>\n","protected":false},"author":2,"featured_media":90379,"comment_status":"closed","ping_status":"closed","sticky":false,"template":"","format":"standard","meta":{"footnotes":""},"categories":[1],"tags":[1211,163,1600,1345,215,347],"class_list":["post-90375","post","type-post","status-publish","format-standard","has-post-thumbnail","hentry","category-noticias","tag-apoio-social","tag-educacao","tag-estados-unidos","tag-homicidio","tag-investigacao","tag-servicos-de-caridade"],"yoast_head":"<!-- This site is optimized with the Yoast SEO plugin v27.2 - https:\/\/yoast.com\/product\/yoast-seo-wordpress\/ -->\n<title>Angaria\u00e7\u00e3o de fundos para a fam\u00edlia de Nuno Loureiro - Portal Tela Portugal<\/title>\n<meta name=\"robots\" content=\"index, follow, max-snippet:-1, max-image-preview:large, max-video-preview:-1\" \/>\n<meta property=\"og:locale\" content=\"pt_PT\" \/>\n<meta property=\"og:type\" content=\"article\" \/>\n<meta property=\"og:title\" content=\"Angaria\u00e7\u00e3o de fundos para a fam\u00edlia de Nuno Loureiro - Portal Tela Portugal\" \/>\n<meta property=\"og:description\" content=\"Uma angaria\u00e7\u00e3o de fundos na Go Fund Me para a fam\u00edlia de Nuno Loureiro j\u00e1 angaria mais de 230 mil d\u00f3lares (196 mil euros) \u00e0 hora de publica\u00e7\u00e3o, com meta de 300 mil d\u00f3lares. O objetivo \u00e9 entregar o dinheiro \u00e0 mulher e \u00e0s tr\u00eas filhas de Nuno Loureiro. O pedit\u00f3rio descreve Nuno Loureiro como cientista brilhante, amigo querido, marido e pai dedicado, cuja principal preocupa\u00e7\u00e3o era o futuro das filhas e a sua educa\u00e7\u00e3o. Nuno Loureiro era diretor do Centro de Ci\u00eancia do Plasma e Fus\u00e3o do Massachusetts Institute of Technology (MIT) e foi morto a tiro em casa, em Brookline, na \u00c1rea Metropolitana de Boston, Massachusetts. O principal suspeito \u00e9 o portugu\u00eas Cl\u00e1udio Valente, que tamb\u00e9m ter\u00e1 estado envolvido no tiroteio na Universidade de Brown.\" \/>\n<meta property=\"og:url\" content=\"https:\/\/portaltela.pt\/noticias\/2025\/12\/21\/angariacao-de-fundos-para-a-familia-de-nuno-loureiro-2\/\" \/>\n<meta property=\"og:site_name\" content=\"Portal Tela Portugal\" \/>\n<meta property=\"article:published_time\" content=\"2025-12-21T13:26:00+00:00\" \/>\n<meta name=\"author\" content=\"Telinha\" \/>\n<meta name=\"twitter:card\" content=\"summary_large_image\" \/>\n<meta name=\"twitter:label1\" content=\"Escrito por\" \/>\n\t<meta name=\"twitter:data1\" content=\"Telinha\" \/>\n\t<meta name=\"twitter:label2\" content=\"Tempo estimado de leitura\" \/>\n\t<meta name=\"twitter:data2\" content=\"2 minutos\" \/>\n<script type=\"application\/ld+json\" class=\"yoast-schema-graph\">{\"@context\":\"https:\/\/schema.org\",\"@graph\":[{\"@type\":\"Article\",\"@id\":\"https:\/\/portaltela.pt\/noticias\/2025\/12\/21\/angariacao-de-fundos-para-a-familia-de-nuno-loureiro-2\/#article\",\"isPartOf\":{\"@id\":\"https:\/\/portaltela.pt\/noticias\/2025\/12\/21\/angariacao-de-fundos-para-a-familia-de-nuno-loureiro-2\/\"},\"author\":{\"name\":\"Telinha\",\"@id\":\"https:\/\/portaltela.pt\/#\/schema\/person\/c4278d4a6028830caff9ee44b42d32ed\"},\"headline\":\"Angaria\u00e7\u00e3o de fundos para a fam\u00edlia de Nuno Loureiro\",\"datePublished\":\"2025-12-21T13:26:00+00:00\",\"mainEntityOfPage\":{\"@id\":\"https:\/\/portaltela.pt\/noticias\/2025\/12\/21\/angariacao-de-fundos-para-a-familia-de-nuno-loureiro-2\/\"},\"wordCount\":325,\"image\":{\"@id\":\"https:\/\/portaltela.pt\/noticias\/2025\/12\/21\/angariacao-de-fundos-para-a-familia-de-nuno-loureiro-2\/#primaryimage\"},\"thumbnailUrl\":\"https:\/\/portaltela.pt\/s.01k8rhncp4jt1\/2025\/12\/unnamed-file-922.jpg\",\"keywords\":[\"Apoio Social\",\"educa\u00e7\u00e3o\",\"Estados Unidos\",\"homic\u00eddio\",\"investiga\u00e7\u00e3o\",\"servi\u00e7os de caridade\"],\"articleSection\":[\"Not\u00edcias\"],\"inLanguage\":\"pt-PT\"},{\"@type\":\"WebPage\",\"@id\":\"https:\/\/portaltela.pt\/noticias\/2025\/12\/21\/angariacao-de-fundos-para-a-familia-de-nuno-loureiro-2\/\",\"url\":\"https:\/\/portaltela.pt\/noticias\/2025\/12\/21\/angariacao-de-fundos-para-a-familia-de-nuno-loureiro-2\/\",\"name\":\"Angaria\u00e7\u00e3o de fundos para a fam\u00edlia de Nuno Loureiro - Portal Tela Portugal\",\"isPartOf\":{\"@id\":\"https:\/\/portaltela.pt\/#website\"},\"primaryImageOfPage\":{\"@id\":\"https:\/\/portaltela.pt\/noticias\/2025\/12\/21\/angariacao-de-fundos-para-a-familia-de-nuno-loureiro-2\/#primaryimage\"},\"image\":{\"@id\":\"https:\/\/portaltela.pt\/noticias\/2025\/12\/21\/angariacao-de-fundos-para-a-familia-de-nuno-loureiro-2\/#primaryimage\"},\"thumbnailUrl\":\"https:\/\/portaltela.pt\/s.01k8rhncp4jt1\/2025\/12\/unnamed-file-922.jpg\",\"datePublished\":\"2025-12-21T13:26:00+00:00\",\"author\":{\"@id\":\"https:\/\/portaltela.pt\/#\/schema\/person\/c4278d4a6028830caff9ee44b42d32ed\"},\"breadcrumb\":{\"@id\":\"https:\/\/portaltela.pt\/noticias\/2025\/12\/21\/angariacao-de-fundos-para-a-familia-de-nuno-loureiro-2\/#breadcrumb\"},\"inLanguage\":\"pt-PT\",\"potentialAction\":[{\"@type\":\"ReadAction\",\"target\":[\"https:\/\/portaltela.pt\/noticias\/2025\/12\/21\/angariacao-de-fundos-para-a-familia-de-nuno-loureiro-2\/\"]}]},{\"@type\":\"ImageObject\",\"inLanguage\":\"pt-PT\",\"@id\":\"https:\/\/portaltela.pt\/noticias\/2025\/12\/21\/angariacao-de-fundos-para-a-familia-de-nuno-loureiro-2\/#primaryimage\",\"url\":\"https:\/\/portaltela.pt\/s.01k8rhncp4jt1\/2025\/12\/unnamed-file-922.jpg\",\"contentUrl\":\"https:\/\/portaltela.pt\/s.01k8rhncp4jt1\/2025\/12\/unnamed-file-922.jpg\",\"width\":796,\"height\":448,\"caption\":\"Angaria\u00e7\u00e3o de fundos para fam\u00edlia de Nuno Loureiro\"},{\"@type\":\"BreadcrumbList\",\"@id\":\"https:\/\/portaltela.pt\/noticias\/2025\/12\/21\/angariacao-de-fundos-para-a-familia-de-nuno-loureiro-2\/#breadcrumb\",\"itemListElement\":[{\"@type\":\"ListItem\",\"position\":1,\"name\":\"In\u00edcio\",\"item\":\"https:\/\/portaltela.pt\/\"},{\"@type\":\"ListItem\",\"position\":2,\"name\":\"Angaria\u00e7\u00e3o de fundos para a fam\u00edlia de Nuno Loureiro\"}]},{\"@type\":\"WebSite\",\"@id\":\"https:\/\/portaltela.pt\/#website\",\"url\":\"https:\/\/portaltela.pt\/\",\"name\":\"Portal Tela Portugal\",\"description\":\"\",\"potentialAction\":[{\"@type\":\"SearchAction\",\"target\":{\"@type\":\"EntryPoint\",\"urlTemplate\":\"https:\/\/portaltela.pt\/?s={search_term_string}\"},\"query-input\":{\"@type\":\"PropertyValueSpecification\",\"valueRequired\":true,\"valueName\":\"search_term_string\"}}],\"inLanguage\":\"pt-PT\"},{\"@type\":\"Person\",\"@id\":\"https:\/\/portaltela.pt\/#\/schema\/person\/c4278d4a6028830caff9ee44b42d32ed\",\"name\":\"Telinha\",\"image\":{\"@type\":\"ImageObject\",\"inLanguage\":\"pt-PT\",\"@id\":\"https:\/\/portaltela.pt\/s.01k8rhncp4jt1\/2025\/11\/talking-bot-125x125.png\",\"url\":\"https:\/\/portaltela.pt\/s.01k8rhncp4jt1\/2025\/11\/talking-bot-125x125.png\",\"contentUrl\":\"https:\/\/portaltela.pt\/s.01k8rhncp4jt1\/2025\/11\/talking-bot-125x125.png\",\"caption\":\"Telinha\"},\"sameAs\":[\"https:\/\/portaltela.pt\/\"],\"url\":\"https:\/\/portaltela.pt\/por\/367410592786\/\"}]}<\/script>\n<!-- \/ Yoast SEO plugin. -->","yoast_head_json":{"title":"Angaria\u00e7\u00e3o de fundos para a fam\u00edlia de Nuno Loureiro - Portal Tela Portugal","robots":{"index":"index","follow":"follow","max-snippet":"max-snippet:-1","max-image-preview":"max-image-preview:large","max-video-preview":"max-video-preview:-1"},"og_locale":"pt_PT","og_type":"article","og_title":"Angaria\u00e7\u00e3o de fundos para a fam\u00edlia de Nuno Loureiro - Portal Tela Portugal","og_description":"Uma angaria\u00e7\u00e3o de fundos na Go Fund Me para a fam\u00edlia de Nuno Loureiro j\u00e1 angaria mais de 230 mil d\u00f3lares (196 mil euros) \u00e0 hora de publica\u00e7\u00e3o, com meta de 300 mil d\u00f3lares. O objetivo \u00e9 entregar o dinheiro \u00e0 mulher e \u00e0s tr\u00eas filhas de Nuno Loureiro. O pedit\u00f3rio descreve Nuno Loureiro como cientista brilhante, amigo querido, marido e pai dedicado, cuja principal preocupa\u00e7\u00e3o era o futuro das filhas e a sua educa\u00e7\u00e3o. Nuno Loureiro era diretor do Centro de Ci\u00eancia do Plasma e Fus\u00e3o do Massachusetts Institute of Technology (MIT) e foi morto a tiro em casa, em Brookline, na \u00c1rea Metropolitana de Boston, Massachusetts. O principal suspeito \u00e9 o portugu\u00eas Cl\u00e1udio Valente, que tamb\u00e9m ter\u00e1 estado envolvido no tiroteio na Universidade de Brown.","og_url":"https:\/\/portaltela.pt\/noticias\/2025\/12\/21\/angariacao-de-fundos-para-a-familia-de-nuno-loureiro-2\/","og_site_name":"Portal Tela Portugal","article_published_time":"2025-12-21T13:26:00+00:00","author":"Telinha","twitter_card":"summary_large_image","twitter_misc":{"Escrito por":"Telinha","Tempo estimado de leitura":"2 minutos"},"schema":{"@context":"https:\/\/schema.org","@graph":[{"@type":"Article","@id":"https:\/\/portaltela.pt\/noticias\/2025\/12\/21\/angariacao-de-fundos-para-a-familia-de-nuno-loureiro-2\/#article","isPartOf":{"@id":"https:\/\/portaltela.pt\/noticias\/2025\/12\/21\/angariacao-de-fundos-para-a-familia-de-nuno-loureiro-2\/"},"author":{"name":"Telinha","@id":"https:\/\/portaltela.pt\/#\/schema\/person\/c4278d4a6028830caff9ee44b42d32ed"},"headline":"Angaria\u00e7\u00e3o de fundos para a fam\u00edlia de Nuno Loureiro","datePublished":"2025-12-21T13:26:00+00:00","mainEntityOfPage":{"@id":"https:\/\/portaltela.pt\/noticias\/2025\/12\/21\/angariacao-de-fundos-para-a-familia-de-nuno-loureiro-2\/"},"wordCount":325,"image":{"@id":"https:\/\/portaltela.pt\/noticias\/2025\/12\/21\/angariacao-de-fundos-para-a-familia-de-nuno-loureiro-2\/#primaryimage"},"thumbnailUrl":"https:\/\/portaltela.pt\/s.01k8rhncp4jt1\/2025\/12\/unnamed-file-922.jpg","keywords":["Apoio Social","educa\u00e7\u00e3o","Estados Unidos","homic\u00eddio","investiga\u00e7\u00e3o","servi\u00e7os de caridade"],"articleSection":["Not\u00edcias"],"inLanguage":"pt-PT"},{"@type":"WebPage","@id":"https:\/\/portaltela.pt\/noticias\/2025\/12\/21\/angariacao-de-fundos-para-a-familia-de-nuno-loureiro-2\/","url":"https:\/\/portaltela.pt\/noticias\/2025\/12\/21\/angariacao-de-fundos-para-a-familia-de-nuno-loureiro-2\/","name":"Angaria\u00e7\u00e3o de fundos para a fam\u00edlia de Nuno Loureiro - Portal Tela Portugal","isPartOf":{"@id":"https:\/\/portaltela.pt\/#website"},"primaryImageOfPage":{"@id":"https:\/\/portaltela.pt\/noticias\/2025\/12\/21\/angariacao-de-fundos-para-a-familia-de-nuno-loureiro-2\/#primaryimage"},"image":{"@id":"https:\/\/portaltela.pt\/noticias\/2025\/12\/21\/angariacao-de-fundos-para-a-familia-de-nuno-loureiro-2\/#primaryimage"},"thumbnailUrl":"https:\/\/portaltela.pt\/s.01k8rhncp4jt1\/2025\/12\/unnamed-file-922.jpg","datePublished":"2025-12-21T13:26:00+00:00","author":{"@id":"https:\/\/portaltela.pt\/#\/schema\/person\/c4278d4a6028830caff9ee44b42d32ed"},"breadcrumb":{"@id":"https:\/\/portaltela.pt\/noticias\/2025\/12\/21\/angariacao-de-fundos-para-a-familia-de-nuno-loureiro-2\/#breadcrumb"},"inLanguage":"pt-PT","potentialAction":[{"@type":"ReadAction","target":["https:\/\/portaltela.pt\/noticias\/2025\/12\/21\/angariacao-de-fundos-para-a-familia-de-nuno-loureiro-2\/"]}]},{"@type":"ImageObject","inLanguage":"pt-PT","@id":"https:\/\/portaltela.pt\/noticias\/2025\/12\/21\/angariacao-de-fundos-para-a-familia-de-nuno-loureiro-2\/#primaryimage","url":"https:\/\/portaltela.pt\/s.01k8rhncp4jt1\/2025\/12\/unnamed-file-922.jpg","contentUrl":"https:\/\/portaltela.pt\/s.01k8rhncp4jt1\/2025\/12\/unnamed-file-922.jpg","width":796,"height":448,"caption":"Angaria\u00e7\u00e3o de fundos para fam\u00edlia de Nuno Loureiro"},{"@type":"BreadcrumbList","@id":"https:\/\/portaltela.pt\/noticias\/2025\/12\/21\/angariacao-de-fundos-para-a-familia-de-nuno-loureiro-2\/#breadcrumb","itemListElement":[{"@type":"ListItem","position":1,"name":"In\u00edcio","item":"https:\/\/portaltela.pt\/"},{"@type":"ListItem","position":2,"name":"Angaria\u00e7\u00e3o de fundos para a fam\u00edlia de Nuno Loureiro"}]},{"@type":"WebSite","@id":"https:\/\/portaltela.pt\/#website","url":"https:\/\/portaltela.pt\/","name":"Portal Tela Portugal","description":"","potentialAction":[{"@type":"SearchAction","target":{"@type":"EntryPoint","urlTemplate":"https:\/\/portaltela.pt\/?s={search_term_string}"},"query-input":{"@type":"PropertyValueSpecification","valueRequired":true,"valueName":"search_term_string"}}],"inLanguage":"pt-PT"},{"@type":"Person","@id":"https:\/\/portaltela.pt\/#\/schema\/person\/c4278d4a6028830caff9ee44b42d32ed","name":"Telinha","image":{"@type":"ImageObject","inLanguage":"pt-PT","@id":"https:\/\/portaltela.pt\/s.01k8rhncp4jt1\/2025\/11\/talking-bot-125x125.png","url":"https:\/\/portaltela.pt\/s.01k8rhncp4jt1\/2025\/11\/talking-bot-125x125.png","contentUrl":"https:\/\/portaltela.pt\/s.01k8rhncp4jt1\/2025\/11\/talking-bot-125x125.png","caption":"Telinha"},"sameAs":["https:\/\/portaltela.pt\/"],"url":"https:\/\/portaltela.pt\/por\/367410592786\/"}]}},"_links":{"self":[{"href":"https:\/\/portaltela.pt\/api\/wp\/v2\/posts\/90375","targetHints":{"allow":["GET"]}}],"collection":[{"href":"https:\/\/portaltela.pt\/api\/wp\/v2\/posts"}],"about":[{"href":"https:\/\/portaltela.pt\/api\/wp\/v2\/types\/post"}],"author":[{"embeddable":true,"href":"https:\/\/portaltela.pt\/api\/wp\/v2\/users\/2"}],"replies":[{"embeddable":true,"href":"https:\/\/portaltela.pt\/api\/wp\/v2\/comments?post=90375"}],"version-history":[{"count":0,"href":"https:\/\/portaltela.pt\/api\/wp\/v2\/posts\/90375\/revisions"}],"wp:featuredmedia":[{"embeddable":true,"href":"https:\/\/portaltela.pt\/api\/wp\/v2\/media\/90379"}],"wp:attachment":[{"href":"https:\/\/portaltela.pt\/api\/wp\/v2\/media?parent=90375"}],"wp:term":[{"taxonomy":"category","embeddable":true,"href":"https:\/\/portaltela.pt\/api\/wp\/v2\/categories?post=90375"},{"taxonomy":"post_tag","embeddable":true,"href":"https:\/\/portaltela.pt\/api\/wp\/v2\/tags?post=90375"}],"curies":[{"name":"wp","href":"https:\/\/api.w.org\/{rel}","templated":true}]}}