{"id":90057,"date":"2025-12-21T07:49:00","date_gmt":"2025-12-21T10:49:00","guid":{"rendered":"https:\/\/portaltela.pt\/noticias\/2025\/12\/21\/vila-franca-de-xira-reduz-impostos-em-2026-com-foco-em-familias-e-empresas\/"},"modified":"2025-12-21T07:49:00","modified_gmt":"2025-12-21T10:49:00","slug":"vila-franca-de-xira-reduz-impostos-em-2026-com-foco-em-familias-e-empresas","status":"publish","type":"post","link":"https:\/\/portaltela.pt\/noticias\/economia\/2025\/12\/21\/vila-franca-de-xira-reduz-impostos-em-2026-com-foco-em-familias-e-empresas\/","title":{"rendered":"Vila Franca de Xira reduz impostos em 2026 com foco em fam\u00edlias e empresas"},"content":{"rendered":"<p>A C\u00e2mara Municipal de Vila Franca de Xira aprovou, na reuni\u00e3o de 19 de dezembro, medidas fiscais para 2026 com o objetivo de aliviar a carga tribut\u00e1ria das fam\u00edlias e aumentar a competitividade econ\u00f3mica do concelho. As propostas incluem altera\u00e7\u00f5es ao IRS, ao IMI e a itens de apoio \u00e0s empresas.<\/p>\n<p>No IRS, ficou aprovada a redu\u00e7\u00e3o da participa\u00e7\u00e3o municipal de 4,75% para 4,50%, aplic\u00e1vel aos rendimentos de 2025. A autarquia aponta que a medida aumenta o rendimento dispon\u00edvel das fam\u00edlias residentes. Em 2023 j\u00e1 havia ocorrido uma redu\u00e7\u00e3o de 5% para 4,75%.<\/p>\n<p>A redu\u00e7\u00e3o mant\u00e9m acumula\u00e7\u00e3o: em dois anos consecutivos, a poupan\u00e7a global estimada para os agregados familiares ronda o milh\u00e3o de euros. Em paralelo, o IMI mant\u00e9m a taxa m\u00ednima legal de 0,30%.<\/p>\n<h3>IMI e benef\u00edcios familiares<\/h3>\n<p>Foi revista a dedu\u00e7\u00e3o fixa por dependente no IMI familiar, com redu\u00e7\u00f5es de 30 euros para um dependente, 70 euros para dois dependentes e 140 euros para tr\u00eas ou mais dependentes. A isen\u00e7\u00e3o de IMI para pr\u00e9dios urbanos destinados \u00e0 habita\u00e7\u00e3o pr\u00f3pria permanece por mais dois anos, para agregados com rendimento bruto anual inferior a 153.300 euros.<\/p>\n<p>Tamb\u00e9m h\u00e1 isen\u00e7\u00f5es para im\u00f3veis requalificados ou adquiridos para arrendamento de habita\u00e7\u00e3o cujo valor patrimonial tribut\u00e1rio n\u00e3o ultrapasse os 125.000 euros. Mant\u00eam-se ainda benef\u00edcios para entidades do movimento associativo e para habita\u00e7\u00e3o pr\u00f3pria de pol\u00edcias, militares, guardas-florestais em servi\u00e7o, bem como para bombeiros volunt\u00e1rios residentes no concelho.<\/p>\n<h3>Apoio \u00e0s empresas<\/h3>\n<p>Foi lan\u00e7ada uma Derrama anual de 1,5% para empresas com volume de neg\u00f3cios superior a 150.000 euros, mantendo isen\u00e7\u00f5es at\u00e9 esse limiar. Empresas entre 150.000 e 300.000 euros continuam isentas, se promoverem cria\u00e7\u00e3o e manuten\u00e7\u00e3o de postos de trabalho em 2024 e 2025, com quotas espec\u00edficas por porte.<\/p>\n<p>A estimativa de redu\u00e7\u00e3o de receita municipal com as isen\u00e7\u00f5es da derrama \u00e9 de cerca de 500.000 euros. A autarquia justifica o ajuste como investimento estrat\u00e9gico no tecido econ\u00f3mico local e na cria\u00e7\u00e3o de empregos.<\/p>\n<h3>Impacto pretendido<\/h3>\n<p>As medidas refor\u00e7am a pol\u00edtica fiscal municipal centrada no apoio \u00e0s fam\u00edlias, na habita\u00e7\u00e3o e na atividade econ\u00f3mica. O objetivo \u00e9 manter Vila Franca de Xira como territ\u00f3rio fiscalmente competitivo, equilibrando receitas municipais com benef\u00edcios sociais e econ\u00f3micos para os residentes e empresas.<\/p>\n","protected":false},"excerpt":{"rendered":"<ul>\n<li>A C\u00e2mara de Vila Franca de Xira aprovou medidas fiscais para 2026, com foco em fam\u00edlias e economia local, na reuni\u00e3o de 19 de dezembro.<\/li>\n<li>IRS: taxa municipal de 4,75% para 4,50% (rendimentos de 2025), gerando aumento de rendimento dispon\u00edvel para fam\u00edlias; poupan\u00e7a global estimada em cerca de 1 milh\u00e3o de euros em dois anos.<\/li>\n<li>IMI: taxa m\u00ednima de 0,30% mantida; dedu\u00e7\u00f5es por dependente alteradas (30 euros com um dependente, 70 euros com dois, 140 euros com tr\u00eas ou mais). + Prorroga\u00e7\u00e3o de isen\u00e7\u00e3o por mais dois anos para habita\u00e7\u00e3o pr\u00f3pria de rendimentos baixos e para im\u00f3veis at\u00e9 125.000 euros de valor patrimonial.<\/li>\n<li>Continuidade de isen\u00e7\u00f5es de IMI para entidades do movimento associativo, benef\u00edcios para pol\u00edcias, militares, guardas florestais e bombeiros residentes no concelho.<\/li>\n<li>Derrama municipal de 1,5% para empresas com volume de neg\u00f3cios superior a 150.000 euros, com isen\u00e7\u00f5es at\u00e9 esse valor e regras de promo\u00e7\u00e3o de emprego para faixas entre 150.000 e 300.000 euros; perda de receita estimada em 500.000 euros.<\/li>\n<\/ul>\n","protected":false},"author":2,"featured_media":90069,"comment_status":"closed","ping_status":"closed","sticky":false,"template":"","format":"standard","meta":{"footnotes":""},"categories":[2],"tags":[1211,1209,190,150,1010,1208],"class_list":["post-90057","post","type-post","status-publish","format-standard","has-post-thumbnail","hentry","category-economia","tag-apoio-social","tag-derrama","tag-desenvolvimento-economico","tag-habitacao","tag-habitacao-publica","tag-imi"],"yoast_head":"<!-- This site is optimized with the Yoast SEO plugin v27.2 - https:\/\/yoast.com\/product\/yoast-seo-wordpress\/ -->\n<title>Vila Franca de Xira reduz impostos em 2026 com foco em fam\u00edlias e empresas - Portal Tela Portugal<\/title>\n<meta name=\"robots\" content=\"index, follow, max-snippet:-1, max-image-preview:large, max-video-preview:-1\" \/>\n<meta property=\"og:locale\" content=\"pt_PT\" \/>\n<meta property=\"og:type\" content=\"article\" \/>\n<meta property=\"og:title\" content=\"Vila Franca de Xira reduz impostos em 2026 com foco em fam\u00edlias e empresas - Portal Tela Portugal\" \/>\n<meta property=\"og:description\" content=\"A C\u00e2mara de Vila Franca de Xira aprovou medidas fiscais para 2026, com foco em fam\u00edlias e economia local, na reuni\u00e3o de 19 de dezembro. IRS: taxa municipal de 4,75% para 4,50% (rendimentos de 2025), gerando aumento de rendimento dispon\u00edvel para fam\u00edlias; poupan\u00e7a global estimada em cerca de 1 milh\u00e3o de euros em dois anos. IMI: taxa m\u00ednima de 0,30% mantida; dedu\u00e7\u00f5es por dependente alteradas (30 euros com um dependente, 70 euros com dois, 140 euros com tr\u00eas ou mais). + Prorroga\u00e7\u00e3o de isen\u00e7\u00e3o por mais dois anos para habita\u00e7\u00e3o pr\u00f3pria de rendimentos baixos e para im\u00f3veis at\u00e9 125.000 euros de valor patrimonial. Continuidade de isen\u00e7\u00f5es de IMI para entidades do movimento associativo, benef\u00edcios para pol\u00edcias, militares, guardas florestais e bombeiros residentes no concelho. Derrama municipal de 1,5% para empresas com volume de neg\u00f3cios superior a 150.000 euros, com isen\u00e7\u00f5es at\u00e9 esse valor e regras de promo\u00e7\u00e3o de emprego para faixas entre 150.000 e 300.000 euros; perda de receita estimada em 500.000 euros.\" \/>\n<meta property=\"og:url\" content=\"https:\/\/portaltela.pt\/noticias\/2025\/12\/21\/vila-franca-de-xira-reduz-impostos-em-2026-com-foco-em-familias-e-empresas\/\" \/>\n<meta property=\"og:site_name\" content=\"Portal Tela Portugal\" \/>\n<meta property=\"article:published_time\" content=\"2025-12-21T10:49:00+00:00\" \/>\n<meta name=\"author\" content=\"Telinha\" \/>\n<meta name=\"twitter:card\" content=\"summary_large_image\" \/>\n<meta name=\"twitter:label1\" content=\"Escrito por\" \/>\n\t<meta name=\"twitter:data1\" content=\"Telinha\" \/>\n\t<meta name=\"twitter:label2\" content=\"Tempo estimado de leitura\" \/>\n\t<meta name=\"twitter:data2\" content=\"2 minutos\" \/>\n<script type=\"application\/ld+json\" class=\"yoast-schema-graph\">{\"@context\":\"https:\/\/schema.org\",\"@graph\":[{\"@type\":\"Article\",\"@id\":\"https:\/\/portaltela.pt\/noticias\/2025\/12\/21\/vila-franca-de-xira-reduz-impostos-em-2026-com-foco-em-familias-e-empresas\/#article\",\"isPartOf\":{\"@id\":\"https:\/\/portaltela.pt\/noticias\/2025\/12\/21\/vila-franca-de-xira-reduz-impostos-em-2026-com-foco-em-familias-e-empresas\/\"},\"author\":{\"name\":\"Telinha\",\"@id\":\"https:\/\/portaltela.pt\/#\/schema\/person\/c4278d4a6028830caff9ee44b42d32ed\"},\"headline\":\"Vila Franca de Xira reduz impostos em 2026 com foco em fam\u00edlias e empresas\",\"datePublished\":\"2025-12-21T10:49:00+00:00\",\"mainEntityOfPage\":{\"@id\":\"https:\/\/portaltela.pt\/noticias\/2025\/12\/21\/vila-franca-de-xira-reduz-impostos-em-2026-com-foco-em-familias-e-empresas\/\"},\"wordCount\":413,\"image\":{\"@id\":\"https:\/\/portaltela.pt\/noticias\/2025\/12\/21\/vila-franca-de-xira-reduz-impostos-em-2026-com-foco-em-familias-e-empresas\/#primaryimage\"},\"thumbnailUrl\":\"https:\/\/portaltela.pt\/s.01k8rhncp4jt1\/2025\/12\/Camara_Vila_Franca_Xira.jpg\",\"keywords\":[\"Apoio Social\",\"Derrama\",\"Desenvolvimento econ\u00f3mico\",\"habita\u00e7\u00e3o\",\"habita\u00e7\u00e3o p\u00fablica\",\"IMI\"],\"articleSection\":[\"Economia\"],\"inLanguage\":\"pt-PT\"},{\"@type\":\"WebPage\",\"@id\":\"https:\/\/portaltela.pt\/noticias\/2025\/12\/21\/vila-franca-de-xira-reduz-impostos-em-2026-com-foco-em-familias-e-empresas\/\",\"url\":\"https:\/\/portaltela.pt\/noticias\/2025\/12\/21\/vila-franca-de-xira-reduz-impostos-em-2026-com-foco-em-familias-e-empresas\/\",\"name\":\"Vila Franca de Xira reduz impostos em 2026 com foco em fam\u00edlias e empresas - Portal Tela Portugal\",\"isPartOf\":{\"@id\":\"https:\/\/portaltela.pt\/#website\"},\"primaryImageOfPage\":{\"@id\":\"https:\/\/portaltela.pt\/noticias\/2025\/12\/21\/vila-franca-de-xira-reduz-impostos-em-2026-com-foco-em-familias-e-empresas\/#primaryimage\"},\"image\":{\"@id\":\"https:\/\/portaltela.pt\/noticias\/2025\/12\/21\/vila-franca-de-xira-reduz-impostos-em-2026-com-foco-em-familias-e-empresas\/#primaryimage\"},\"thumbnailUrl\":\"https:\/\/portaltela.pt\/s.01k8rhncp4jt1\/2025\/12\/Camara_Vila_Franca_Xira.jpg\",\"datePublished\":\"2025-12-21T10:49:00+00:00\",\"author\":{\"@id\":\"https:\/\/portaltela.pt\/#\/schema\/person\/c4278d4a6028830caff9ee44b42d32ed\"},\"breadcrumb\":{\"@id\":\"https:\/\/portaltela.pt\/noticias\/2025\/12\/21\/vila-franca-de-xira-reduz-impostos-em-2026-com-foco-em-familias-e-empresas\/#breadcrumb\"},\"inLanguage\":\"pt-PT\",\"potentialAction\":[{\"@type\":\"ReadAction\",\"target\":[\"https:\/\/portaltela.pt\/noticias\/2025\/12\/21\/vila-franca-de-xira-reduz-impostos-em-2026-com-foco-em-familias-e-empresas\/\"]}]},{\"@type\":\"ImageObject\",\"inLanguage\":\"pt-PT\",\"@id\":\"https:\/\/portaltela.pt\/noticias\/2025\/12\/21\/vila-franca-de-xira-reduz-impostos-em-2026-com-foco-em-familias-e-empresas\/#primaryimage\",\"url\":\"https:\/\/portaltela.pt\/s.01k8rhncp4jt1\/2025\/12\/Camara_Vila_Franca_Xira.jpg\",\"contentUrl\":\"https:\/\/portaltela.pt\/s.01k8rhncp4jt1\/2025\/12\/Camara_Vila_Franca_Xira.jpg\",\"width\":796,\"height\":448,\"caption\":\"C\u00e2mara de Vila Franca de Xira refor\u00e7a apoio a associa\u00e7\u00f5es com investimento de quase 870 mil euros em 2025\"},{\"@type\":\"BreadcrumbList\",\"@id\":\"https:\/\/portaltela.pt\/noticias\/2025\/12\/21\/vila-franca-de-xira-reduz-impostos-em-2026-com-foco-em-familias-e-empresas\/#breadcrumb\",\"itemListElement\":[{\"@type\":\"ListItem\",\"position\":1,\"name\":\"In\u00edcio\",\"item\":\"https:\/\/portaltela.pt\/\"},{\"@type\":\"ListItem\",\"position\":2,\"name\":\"Vila Franca de Xira reduz impostos em 2026 com foco em fam\u00edlias e empresas\"}]},{\"@type\":\"WebSite\",\"@id\":\"https:\/\/portaltela.pt\/#website\",\"url\":\"https:\/\/portaltela.pt\/\",\"name\":\"Portal Tela Portugal\",\"description\":\"\",\"potentialAction\":[{\"@type\":\"SearchAction\",\"target\":{\"@type\":\"EntryPoint\",\"urlTemplate\":\"https:\/\/portaltela.pt\/?s={search_term_string}\"},\"query-input\":{\"@type\":\"PropertyValueSpecification\",\"valueRequired\":true,\"valueName\":\"search_term_string\"}}],\"inLanguage\":\"pt-PT\"},{\"@type\":\"Person\",\"@id\":\"https:\/\/portaltela.pt\/#\/schema\/person\/c4278d4a6028830caff9ee44b42d32ed\",\"name\":\"Telinha\",\"image\":{\"@type\":\"ImageObject\",\"inLanguage\":\"pt-PT\",\"@id\":\"https:\/\/portaltela.pt\/s.01k8rhncp4jt1\/2025\/11\/talking-bot-125x125.png\",\"url\":\"https:\/\/portaltela.pt\/s.01k8rhncp4jt1\/2025\/11\/talking-bot-125x125.png\",\"contentUrl\":\"https:\/\/portaltela.pt\/s.01k8rhncp4jt1\/2025\/11\/talking-bot-125x125.png\",\"caption\":\"Telinha\"},\"sameAs\":[\"https:\/\/portaltela.pt\/\"],\"url\":\"https:\/\/portaltela.pt\/por\/367410592786\/\"}]}<\/script>\n<!-- \/ Yoast SEO plugin. -->","yoast_head_json":{"title":"Vila Franca de Xira reduz impostos em 2026 com foco em fam\u00edlias e empresas - Portal Tela Portugal","robots":{"index":"index","follow":"follow","max-snippet":"max-snippet:-1","max-image-preview":"max-image-preview:large","max-video-preview":"max-video-preview:-1"},"og_locale":"pt_PT","og_type":"article","og_title":"Vila Franca de Xira reduz impostos em 2026 com foco em fam\u00edlias e empresas - Portal Tela Portugal","og_description":"A C\u00e2mara de Vila Franca de Xira aprovou medidas fiscais para 2026, com foco em fam\u00edlias e economia local, na reuni\u00e3o de 19 de dezembro. IRS: taxa municipal de 4,75% para 4,50% (rendimentos de 2025), gerando aumento de rendimento dispon\u00edvel para fam\u00edlias; poupan\u00e7a global estimada em cerca de 1 milh\u00e3o de euros em dois anos. IMI: taxa m\u00ednima de 0,30% mantida; dedu\u00e7\u00f5es por dependente alteradas (30 euros com um dependente, 70 euros com dois, 140 euros com tr\u00eas ou mais). + Prorroga\u00e7\u00e3o de isen\u00e7\u00e3o por mais dois anos para habita\u00e7\u00e3o pr\u00f3pria de rendimentos baixos e para im\u00f3veis at\u00e9 125.000 euros de valor patrimonial. Continuidade de isen\u00e7\u00f5es de IMI para entidades do movimento associativo, benef\u00edcios para pol\u00edcias, militares, guardas florestais e bombeiros residentes no concelho. Derrama municipal de 1,5% para empresas com volume de neg\u00f3cios superior a 150.000 euros, com isen\u00e7\u00f5es at\u00e9 esse valor e regras de promo\u00e7\u00e3o de emprego para faixas entre 150.000 e 300.000 euros; perda de receita estimada em 500.000 euros.","og_url":"https:\/\/portaltela.pt\/noticias\/2025\/12\/21\/vila-franca-de-xira-reduz-impostos-em-2026-com-foco-em-familias-e-empresas\/","og_site_name":"Portal Tela Portugal","article_published_time":"2025-12-21T10:49:00+00:00","author":"Telinha","twitter_card":"summary_large_image","twitter_misc":{"Escrito por":"Telinha","Tempo estimado de leitura":"2 minutos"},"schema":{"@context":"https:\/\/schema.org","@graph":[{"@type":"Article","@id":"https:\/\/portaltela.pt\/noticias\/2025\/12\/21\/vila-franca-de-xira-reduz-impostos-em-2026-com-foco-em-familias-e-empresas\/#article","isPartOf":{"@id":"https:\/\/portaltela.pt\/noticias\/2025\/12\/21\/vila-franca-de-xira-reduz-impostos-em-2026-com-foco-em-familias-e-empresas\/"},"author":{"name":"Telinha","@id":"https:\/\/portaltela.pt\/#\/schema\/person\/c4278d4a6028830caff9ee44b42d32ed"},"headline":"Vila Franca de Xira reduz impostos em 2026 com foco em fam\u00edlias e empresas","datePublished":"2025-12-21T10:49:00+00:00","mainEntityOfPage":{"@id":"https:\/\/portaltela.pt\/noticias\/2025\/12\/21\/vila-franca-de-xira-reduz-impostos-em-2026-com-foco-em-familias-e-empresas\/"},"wordCount":413,"image":{"@id":"https:\/\/portaltela.pt\/noticias\/2025\/12\/21\/vila-franca-de-xira-reduz-impostos-em-2026-com-foco-em-familias-e-empresas\/#primaryimage"},"thumbnailUrl":"https:\/\/portaltela.pt\/s.01k8rhncp4jt1\/2025\/12\/Camara_Vila_Franca_Xira.jpg","keywords":["Apoio Social","Derrama","Desenvolvimento econ\u00f3mico","habita\u00e7\u00e3o","habita\u00e7\u00e3o p\u00fablica","IMI"],"articleSection":["Economia"],"inLanguage":"pt-PT"},{"@type":"WebPage","@id":"https:\/\/portaltela.pt\/noticias\/2025\/12\/21\/vila-franca-de-xira-reduz-impostos-em-2026-com-foco-em-familias-e-empresas\/","url":"https:\/\/portaltela.pt\/noticias\/2025\/12\/21\/vila-franca-de-xira-reduz-impostos-em-2026-com-foco-em-familias-e-empresas\/","name":"Vila Franca de Xira reduz impostos em 2026 com foco em fam\u00edlias e empresas - Portal Tela Portugal","isPartOf":{"@id":"https:\/\/portaltela.pt\/#website"},"primaryImageOfPage":{"@id":"https:\/\/portaltela.pt\/noticias\/2025\/12\/21\/vila-franca-de-xira-reduz-impostos-em-2026-com-foco-em-familias-e-empresas\/#primaryimage"},"image":{"@id":"https:\/\/portaltela.pt\/noticias\/2025\/12\/21\/vila-franca-de-xira-reduz-impostos-em-2026-com-foco-em-familias-e-empresas\/#primaryimage"},"thumbnailUrl":"https:\/\/portaltela.pt\/s.01k8rhncp4jt1\/2025\/12\/Camara_Vila_Franca_Xira.jpg","datePublished":"2025-12-21T10:49:00+00:00","author":{"@id":"https:\/\/portaltela.pt\/#\/schema\/person\/c4278d4a6028830caff9ee44b42d32ed"},"breadcrumb":{"@id":"https:\/\/portaltela.pt\/noticias\/2025\/12\/21\/vila-franca-de-xira-reduz-impostos-em-2026-com-foco-em-familias-e-empresas\/#breadcrumb"},"inLanguage":"pt-PT","potentialAction":[{"@type":"ReadAction","target":["https:\/\/portaltela.pt\/noticias\/2025\/12\/21\/vila-franca-de-xira-reduz-impostos-em-2026-com-foco-em-familias-e-empresas\/"]}]},{"@type":"ImageObject","inLanguage":"pt-PT","@id":"https:\/\/portaltela.pt\/noticias\/2025\/12\/21\/vila-franca-de-xira-reduz-impostos-em-2026-com-foco-em-familias-e-empresas\/#primaryimage","url":"https:\/\/portaltela.pt\/s.01k8rhncp4jt1\/2025\/12\/Camara_Vila_Franca_Xira.jpg","contentUrl":"https:\/\/portaltela.pt\/s.01k8rhncp4jt1\/2025\/12\/Camara_Vila_Franca_Xira.jpg","width":796,"height":448,"caption":"C\u00e2mara de Vila Franca de Xira refor\u00e7a apoio a associa\u00e7\u00f5es com investimento de quase 870 mil euros em 2025"},{"@type":"BreadcrumbList","@id":"https:\/\/portaltela.pt\/noticias\/2025\/12\/21\/vila-franca-de-xira-reduz-impostos-em-2026-com-foco-em-familias-e-empresas\/#breadcrumb","itemListElement":[{"@type":"ListItem","position":1,"name":"In\u00edcio","item":"https:\/\/portaltela.pt\/"},{"@type":"ListItem","position":2,"name":"Vila Franca de Xira reduz impostos em 2026 com foco em fam\u00edlias e empresas"}]},{"@type":"WebSite","@id":"https:\/\/portaltela.pt\/#website","url":"https:\/\/portaltela.pt\/","name":"Portal Tela Portugal","description":"","potentialAction":[{"@type":"SearchAction","target":{"@type":"EntryPoint","urlTemplate":"https:\/\/portaltela.pt\/?s={search_term_string}"},"query-input":{"@type":"PropertyValueSpecification","valueRequired":true,"valueName":"search_term_string"}}],"inLanguage":"pt-PT"},{"@type":"Person","@id":"https:\/\/portaltela.pt\/#\/schema\/person\/c4278d4a6028830caff9ee44b42d32ed","name":"Telinha","image":{"@type":"ImageObject","inLanguage":"pt-PT","@id":"https:\/\/portaltela.pt\/s.01k8rhncp4jt1\/2025\/11\/talking-bot-125x125.png","url":"https:\/\/portaltela.pt\/s.01k8rhncp4jt1\/2025\/11\/talking-bot-125x125.png","contentUrl":"https:\/\/portaltela.pt\/s.01k8rhncp4jt1\/2025\/11\/talking-bot-125x125.png","caption":"Telinha"},"sameAs":["https:\/\/portaltela.pt\/"],"url":"https:\/\/portaltela.pt\/por\/367410592786\/"}]}},"_links":{"self":[{"href":"https:\/\/portaltela.pt\/api\/wp\/v2\/posts\/90057","targetHints":{"allow":["GET"]}}],"collection":[{"href":"https:\/\/portaltela.pt\/api\/wp\/v2\/posts"}],"about":[{"href":"https:\/\/portaltela.pt\/api\/wp\/v2\/types\/post"}],"author":[{"embeddable":true,"href":"https:\/\/portaltela.pt\/api\/wp\/v2\/users\/2"}],"replies":[{"embeddable":true,"href":"https:\/\/portaltela.pt\/api\/wp\/v2\/comments?post=90057"}],"version-history":[{"count":0,"href":"https:\/\/portaltela.pt\/api\/wp\/v2\/posts\/90057\/revisions"}],"wp:featuredmedia":[{"embeddable":true,"href":"https:\/\/portaltela.pt\/api\/wp\/v2\/media\/90069"}],"wp:attachment":[{"href":"https:\/\/portaltela.pt\/api\/wp\/v2\/media?parent=90057"}],"wp:term":[{"taxonomy":"category","embeddable":true,"href":"https:\/\/portaltela.pt\/api\/wp\/v2\/categories?post=90057"},{"taxonomy":"post_tag","embeddable":true,"href":"https:\/\/portaltela.pt\/api\/wp\/v2\/tags?post=90057"}],"curies":[{"name":"wp","href":"https:\/\/api.w.org\/{rel}","templated":true}]}}