{"id":89563,"date":"2025-12-20T22:08:06","date_gmt":"2025-12-21T01:08:06","guid":{"rendered":"https:\/\/portaltela.pt\/noticias\/2025\/12\/20\/distrital-sc-sabugal-isola-se-na-lideranca\/"},"modified":"2025-12-20T22:08:06","modified_gmt":"2025-12-21T01:08:06","slug":"distrital-sc-sabugal-isola-se-na-lideranca","status":"publish","type":"post","link":"https:\/\/portaltela.pt\/desporto\/futebol\/2025\/12\/20\/distrital-sc-sabugal-isola-se-na-lideranca\/","title":{"rendered":"Distrital: SC Sabugal isola-se na lideran\u00e7a"},"content":{"rendered":"<p>O SC Sabugal assumiu lideran\u00e7a isolada do campeonato distrital de futsal ao fim da terceira jornada, mantendo o registo de 3 jogos, 3 vit\u00f3rias. A equipa bateu o Penaverdense por 5-1, em casa, subindo aos 9 pontos.<\/p>\n<p>Mesmo com o triunfo dos Sabugais, o Sameiro viu a dist\u00e2ncia para o topo encurtar-se, ao empatar em casa com o Estrela de Almeida, fixando a diferen\u00e7a em 2 pontos para o l\u00edder.<\/p>\n<h3>Resultados da jornada<\/h3>\n<p>O Casal de Cinza aproximou-se do segundo lugar ao vencer por 4-3 em Aguiar da Beira, alcan\u00e7ando 6 pontos. No outro encontro, o Lageosa do Mondego somou os primeiros pontos ao vencer por 6-3 no reduto do M\u00eada.<\/p>\n","protected":false},"excerpt":{"rendered":"<ul>\n<li>SC Sabugal dispara na lideran\u00e7a isolada do campeonato distrital de futsal, com 9 pontos em 9 poss\u00edveis, ap\u00f3s vencer em casa o Penaverdense por 5-1.<\/li>\n<\/ul>\n<p>\u2022<\/p>\n<ul>\n<li>Sameiro empatou em casa com Estrela Almeida, 3-3, caindo a 2 pontos do l\u00edder Sabugalense.<\/li>\n<\/ul>\n<p>\u2022<\/p>\n<ul>\n<li>Casal de Cinza venceu por 4-3 em Aguiar da Beira e subiu ao 3.\u00ba lugar, com 6 pontos.<\/li>\n<\/ul>\n<p>\u2022<\/p>\n<ul>\n<li>Lageosa do Mondego conquistou os primeiros pontos ao vencer por 6-3 no M\u00eada.<\/li>\n<\/ul>\n","protected":false},"author":2,"featured_media":89566,"comment_status":"closed","ping_status":"closed","sticky":false,"template":"","format":"standard","meta":{"footnotes":""},"categories":[21,24],"tags":[1753,1400,152,1589,1355,1363],"class_list":["post-89563","post","type-post","status-publish","format-standard","has-post-thumbnail","hentry","category-desporto","category-futebol","tag-aguiar-da-beira","tag-casal-cinza","tag-desporto","tag-estrela","tag-meda","tag-penaverdense"],"yoast_head":"<!-- This site is optimized with the Yoast SEO plugin v27.2 - https:\/\/yoast.com\/product\/yoast-seo-wordpress\/ -->\n<title>Distrital: SC Sabugal isola-se na lideran\u00e7a - Portal Tela Portugal<\/title>\n<meta name=\"robots\" content=\"index, follow, max-snippet:-1, max-image-preview:large, max-video-preview:-1\" \/>\n<meta property=\"og:locale\" content=\"pt_PT\" \/>\n<meta property=\"og:type\" content=\"article\" \/>\n<meta property=\"og:title\" content=\"Distrital: SC Sabugal isola-se na lideran\u00e7a - Portal Tela Portugal\" \/>\n<meta property=\"og:description\" content=\"SC Sabugal dispara na lideran\u00e7a isolada do campeonato distrital de futsal, com 9 pontos em 9 poss\u00edveis, ap\u00f3s vencer em casa o Penaverdense por 5-1. \u2022 Sameiro empatou em casa com Estrela Almeida, 3-3, caindo a 2 pontos do l\u00edder Sabugalense. \u2022 Casal de Cinza venceu por 4-3 em Aguiar da Beira e subiu ao 3.\u00ba lugar, com 6 pontos. \u2022 Lageosa do Mondego conquistou os primeiros pontos ao vencer por 6-3 no M\u00eada.\" \/>\n<meta property=\"og:url\" content=\"https:\/\/portaltela.pt\/noticias\/2025\/12\/20\/distrital-sc-sabugal-isola-se-na-lideranca\/\" \/>\n<meta property=\"og:site_name\" content=\"Portal Tela Portugal\" \/>\n<meta property=\"article:published_time\" content=\"2025-12-21T01:08:06+00:00\" \/>\n<meta name=\"author\" content=\"Telinha\" \/>\n<meta name=\"twitter:card\" content=\"summary_large_image\" \/>\n<meta name=\"twitter:label1\" content=\"Escrito por\" \/>\n\t<meta name=\"twitter:data1\" content=\"Telinha\" \/>\n\t<meta name=\"twitter:label2\" content=\"Tempo estimado de leitura\" \/>\n\t<meta name=\"twitter:data2\" content=\"1 minuto\" \/>\n<script type=\"application\/ld+json\" class=\"yoast-schema-graph\">{\"@context\":\"https:\/\/schema.org\",\"@graph\":[{\"@type\":\"Article\",\"@id\":\"https:\/\/portaltela.pt\/noticias\/2025\/12\/20\/distrital-sc-sabugal-isola-se-na-lideranca\/#article\",\"isPartOf\":{\"@id\":\"https:\/\/portaltela.pt\/noticias\/2025\/12\/20\/distrital-sc-sabugal-isola-se-na-lideranca\/\"},\"author\":{\"name\":\"Telinha\",\"@id\":\"https:\/\/portaltela.pt\/#\/schema\/person\/c4278d4a6028830caff9ee44b42d32ed\"},\"headline\":\"Distrital: SC Sabugal isola-se na lideran\u00e7a\",\"datePublished\":\"2025-12-21T01:08:06+00:00\",\"mainEntityOfPage\":{\"@id\":\"https:\/\/portaltela.pt\/noticias\/2025\/12\/20\/distrital-sc-sabugal-isola-se-na-lideranca\/\"},\"wordCount\":120,\"image\":{\"@id\":\"https:\/\/portaltela.pt\/noticias\/2025\/12\/20\/distrital-sc-sabugal-isola-se-na-lideranca\/#primaryimage\"},\"thumbnailUrl\":\"https:\/\/portaltela.pt\/s.01k8rhncp4jt1\/2025\/12\/599500988_1388212646425122_3657189024280265605_n.jpg\",\"keywords\":[\"Aguiar da Beira\",\"Casal Cinza\",\"desporto\",\"Estrela\",\"M\u00eada\",\"Penaverdense\"],\"articleSection\":[\"Desporto\",\"Futebol\"],\"inLanguage\":\"pt-PT\"},{\"@type\":\"WebPage\",\"@id\":\"https:\/\/portaltela.pt\/noticias\/2025\/12\/20\/distrital-sc-sabugal-isola-se-na-lideranca\/\",\"url\":\"https:\/\/portaltela.pt\/noticias\/2025\/12\/20\/distrital-sc-sabugal-isola-se-na-lideranca\/\",\"name\":\"Distrital: SC Sabugal isola-se na lideran\u00e7a - Portal Tela Portugal\",\"isPartOf\":{\"@id\":\"https:\/\/portaltela.pt\/#website\"},\"primaryImageOfPage\":{\"@id\":\"https:\/\/portaltela.pt\/noticias\/2025\/12\/20\/distrital-sc-sabugal-isola-se-na-lideranca\/#primaryimage\"},\"image\":{\"@id\":\"https:\/\/portaltela.pt\/noticias\/2025\/12\/20\/distrital-sc-sabugal-isola-se-na-lideranca\/#primaryimage\"},\"thumbnailUrl\":\"https:\/\/portaltela.pt\/s.01k8rhncp4jt1\/2025\/12\/599500988_1388212646425122_3657189024280265605_n.jpg\",\"datePublished\":\"2025-12-21T01:08:06+00:00\",\"author\":{\"@id\":\"https:\/\/portaltela.pt\/#\/schema\/person\/c4278d4a6028830caff9ee44b42d32ed\"},\"breadcrumb\":{\"@id\":\"https:\/\/portaltela.pt\/noticias\/2025\/12\/20\/distrital-sc-sabugal-isola-se-na-lideranca\/#breadcrumb\"},\"inLanguage\":\"pt-PT\",\"potentialAction\":[{\"@type\":\"ReadAction\",\"target\":[\"https:\/\/portaltela.pt\/noticias\/2025\/12\/20\/distrital-sc-sabugal-isola-se-na-lideranca\/\"]}]},{\"@type\":\"ImageObject\",\"inLanguage\":\"pt-PT\",\"@id\":\"https:\/\/portaltela.pt\/noticias\/2025\/12\/20\/distrital-sc-sabugal-isola-se-na-lideranca\/#primaryimage\",\"url\":\"https:\/\/portaltela.pt\/s.01k8rhncp4jt1\/2025\/12\/599500988_1388212646425122_3657189024280265605_n.jpg\",\"contentUrl\":\"https:\/\/portaltela.pt\/s.01k8rhncp4jt1\/2025\/12\/599500988_1388212646425122_3657189024280265605_n.jpg\",\"width\":796,\"height\":448,\"caption\":\"Distrital: SC Sabugal isola-se na lideran\u00e7a\"},{\"@type\":\"BreadcrumbList\",\"@id\":\"https:\/\/portaltela.pt\/noticias\/2025\/12\/20\/distrital-sc-sabugal-isola-se-na-lideranca\/#breadcrumb\",\"itemListElement\":[{\"@type\":\"ListItem\",\"position\":1,\"name\":\"In\u00edcio\",\"item\":\"https:\/\/portaltela.pt\/\"},{\"@type\":\"ListItem\",\"position\":2,\"name\":\"Distrital: SC Sabugal isola-se na lideran\u00e7a\"}]},{\"@type\":\"WebSite\",\"@id\":\"https:\/\/portaltela.pt\/#website\",\"url\":\"https:\/\/portaltela.pt\/\",\"name\":\"Portal Tela Portugal\",\"description\":\"\",\"potentialAction\":[{\"@type\":\"SearchAction\",\"target\":{\"@type\":\"EntryPoint\",\"urlTemplate\":\"https:\/\/portaltela.pt\/?s={search_term_string}\"},\"query-input\":{\"@type\":\"PropertyValueSpecification\",\"valueRequired\":true,\"valueName\":\"search_term_string\"}}],\"inLanguage\":\"pt-PT\"},{\"@type\":\"Person\",\"@id\":\"https:\/\/portaltela.pt\/#\/schema\/person\/c4278d4a6028830caff9ee44b42d32ed\",\"name\":\"Telinha\",\"image\":{\"@type\":\"ImageObject\",\"inLanguage\":\"pt-PT\",\"@id\":\"https:\/\/portaltela.pt\/s.01k8rhncp4jt1\/2025\/11\/talking-bot-125x125.png\",\"url\":\"https:\/\/portaltela.pt\/s.01k8rhncp4jt1\/2025\/11\/talking-bot-125x125.png\",\"contentUrl\":\"https:\/\/portaltela.pt\/s.01k8rhncp4jt1\/2025\/11\/talking-bot-125x125.png\",\"caption\":\"Telinha\"},\"sameAs\":[\"https:\/\/portaltela.pt\/\"],\"url\":\"https:\/\/portaltela.pt\/por\/367410592786\/\"}]}<\/script>\n<!-- \/ Yoast SEO plugin. -->","yoast_head_json":{"title":"Distrital: SC Sabugal isola-se na lideran\u00e7a - Portal Tela Portugal","robots":{"index":"index","follow":"follow","max-snippet":"max-snippet:-1","max-image-preview":"max-image-preview:large","max-video-preview":"max-video-preview:-1"},"og_locale":"pt_PT","og_type":"article","og_title":"Distrital: SC Sabugal isola-se na lideran\u00e7a - Portal Tela Portugal","og_description":"SC Sabugal dispara na lideran\u00e7a isolada do campeonato distrital de futsal, com 9 pontos em 9 poss\u00edveis, ap\u00f3s vencer em casa o Penaverdense por 5-1. \u2022 Sameiro empatou em casa com Estrela Almeida, 3-3, caindo a 2 pontos do l\u00edder Sabugalense. \u2022 Casal de Cinza venceu por 4-3 em Aguiar da Beira e subiu ao 3.\u00ba lugar, com 6 pontos. \u2022 Lageosa do Mondego conquistou os primeiros pontos ao vencer por 6-3 no M\u00eada.","og_url":"https:\/\/portaltela.pt\/noticias\/2025\/12\/20\/distrital-sc-sabugal-isola-se-na-lideranca\/","og_site_name":"Portal Tela Portugal","article_published_time":"2025-12-21T01:08:06+00:00","author":"Telinha","twitter_card":"summary_large_image","twitter_misc":{"Escrito por":"Telinha","Tempo estimado de leitura":"1 minuto"},"schema":{"@context":"https:\/\/schema.org","@graph":[{"@type":"Article","@id":"https:\/\/portaltela.pt\/noticias\/2025\/12\/20\/distrital-sc-sabugal-isola-se-na-lideranca\/#article","isPartOf":{"@id":"https:\/\/portaltela.pt\/noticias\/2025\/12\/20\/distrital-sc-sabugal-isola-se-na-lideranca\/"},"author":{"name":"Telinha","@id":"https:\/\/portaltela.pt\/#\/schema\/person\/c4278d4a6028830caff9ee44b42d32ed"},"headline":"Distrital: SC Sabugal isola-se na lideran\u00e7a","datePublished":"2025-12-21T01:08:06+00:00","mainEntityOfPage":{"@id":"https:\/\/portaltela.pt\/noticias\/2025\/12\/20\/distrital-sc-sabugal-isola-se-na-lideranca\/"},"wordCount":120,"image":{"@id":"https:\/\/portaltela.pt\/noticias\/2025\/12\/20\/distrital-sc-sabugal-isola-se-na-lideranca\/#primaryimage"},"thumbnailUrl":"https:\/\/portaltela.pt\/s.01k8rhncp4jt1\/2025\/12\/599500988_1388212646425122_3657189024280265605_n.jpg","keywords":["Aguiar da Beira","Casal Cinza","desporto","Estrela","M\u00eada","Penaverdense"],"articleSection":["Desporto","Futebol"],"inLanguage":"pt-PT"},{"@type":"WebPage","@id":"https:\/\/portaltela.pt\/noticias\/2025\/12\/20\/distrital-sc-sabugal-isola-se-na-lideranca\/","url":"https:\/\/portaltela.pt\/noticias\/2025\/12\/20\/distrital-sc-sabugal-isola-se-na-lideranca\/","name":"Distrital: SC Sabugal isola-se na lideran\u00e7a - Portal Tela Portugal","isPartOf":{"@id":"https:\/\/portaltela.pt\/#website"},"primaryImageOfPage":{"@id":"https:\/\/portaltela.pt\/noticias\/2025\/12\/20\/distrital-sc-sabugal-isola-se-na-lideranca\/#primaryimage"},"image":{"@id":"https:\/\/portaltela.pt\/noticias\/2025\/12\/20\/distrital-sc-sabugal-isola-se-na-lideranca\/#primaryimage"},"thumbnailUrl":"https:\/\/portaltela.pt\/s.01k8rhncp4jt1\/2025\/12\/599500988_1388212646425122_3657189024280265605_n.jpg","datePublished":"2025-12-21T01:08:06+00:00","author":{"@id":"https:\/\/portaltela.pt\/#\/schema\/person\/c4278d4a6028830caff9ee44b42d32ed"},"breadcrumb":{"@id":"https:\/\/portaltela.pt\/noticias\/2025\/12\/20\/distrital-sc-sabugal-isola-se-na-lideranca\/#breadcrumb"},"inLanguage":"pt-PT","potentialAction":[{"@type":"ReadAction","target":["https:\/\/portaltela.pt\/noticias\/2025\/12\/20\/distrital-sc-sabugal-isola-se-na-lideranca\/"]}]},{"@type":"ImageObject","inLanguage":"pt-PT","@id":"https:\/\/portaltela.pt\/noticias\/2025\/12\/20\/distrital-sc-sabugal-isola-se-na-lideranca\/#primaryimage","url":"https:\/\/portaltela.pt\/s.01k8rhncp4jt1\/2025\/12\/599500988_1388212646425122_3657189024280265605_n.jpg","contentUrl":"https:\/\/portaltela.pt\/s.01k8rhncp4jt1\/2025\/12\/599500988_1388212646425122_3657189024280265605_n.jpg","width":796,"height":448,"caption":"Distrital: SC Sabugal isola-se na lideran\u00e7a"},{"@type":"BreadcrumbList","@id":"https:\/\/portaltela.pt\/noticias\/2025\/12\/20\/distrital-sc-sabugal-isola-se-na-lideranca\/#breadcrumb","itemListElement":[{"@type":"ListItem","position":1,"name":"In\u00edcio","item":"https:\/\/portaltela.pt\/"},{"@type":"ListItem","position":2,"name":"Distrital: SC Sabugal isola-se na lideran\u00e7a"}]},{"@type":"WebSite","@id":"https:\/\/portaltela.pt\/#website","url":"https:\/\/portaltela.pt\/","name":"Portal Tela Portugal","description":"","potentialAction":[{"@type":"SearchAction","target":{"@type":"EntryPoint","urlTemplate":"https:\/\/portaltela.pt\/?s={search_term_string}"},"query-input":{"@type":"PropertyValueSpecification","valueRequired":true,"valueName":"search_term_string"}}],"inLanguage":"pt-PT"},{"@type":"Person","@id":"https:\/\/portaltela.pt\/#\/schema\/person\/c4278d4a6028830caff9ee44b42d32ed","name":"Telinha","image":{"@type":"ImageObject","inLanguage":"pt-PT","@id":"https:\/\/portaltela.pt\/s.01k8rhncp4jt1\/2025\/11\/talking-bot-125x125.png","url":"https:\/\/portaltela.pt\/s.01k8rhncp4jt1\/2025\/11\/talking-bot-125x125.png","contentUrl":"https:\/\/portaltela.pt\/s.01k8rhncp4jt1\/2025\/11\/talking-bot-125x125.png","caption":"Telinha"},"sameAs":["https:\/\/portaltela.pt\/"],"url":"https:\/\/portaltela.pt\/por\/367410592786\/"}]}},"_links":{"self":[{"href":"https:\/\/portaltela.pt\/api\/wp\/v2\/posts\/89563","targetHints":{"allow":["GET"]}}],"collection":[{"href":"https:\/\/portaltela.pt\/api\/wp\/v2\/posts"}],"about":[{"href":"https:\/\/portaltela.pt\/api\/wp\/v2\/types\/post"}],"author":[{"embeddable":true,"href":"https:\/\/portaltela.pt\/api\/wp\/v2\/users\/2"}],"replies":[{"embeddable":true,"href":"https:\/\/portaltela.pt\/api\/wp\/v2\/comments?post=89563"}],"version-history":[{"count":0,"href":"https:\/\/portaltela.pt\/api\/wp\/v2\/posts\/89563\/revisions"}],"wp:featuredmedia":[{"embeddable":true,"href":"https:\/\/portaltela.pt\/api\/wp\/v2\/media\/89566"}],"wp:attachment":[{"href":"https:\/\/portaltela.pt\/api\/wp\/v2\/media?parent=89563"}],"wp:term":[{"taxonomy":"category","embeddable":true,"href":"https:\/\/portaltela.pt\/api\/wp\/v2\/categories?post=89563"},{"taxonomy":"post_tag","embeddable":true,"href":"https:\/\/portaltela.pt\/api\/wp\/v2\/tags?post=89563"}],"curies":[{"name":"wp","href":"https:\/\/api.w.org\/{rel}","templated":true}]}}