{"id":8952,"date":"2025-11-15T23:19:00","date_gmt":"2025-11-15T23:19:00","guid":{"rendered":"https:\/\/portaltela.pt\/2025\/11\/15\/tiroteio-no-fogueteiro-provoca-fuga-rapida-de-moradores\/"},"modified":"2025-11-15T23:19:00","modified_gmt":"2025-11-15T23:19:00","slug":"tiroteio-no-fogueteiro-provoca-fuga-rapida-de-moradores","status":"publish","type":"post","link":"https:\/\/portaltela.pt\/noticias\/politica\/2025\/11\/15\/tiroteio-no-fogueteiro-provoca-fuga-rapida-de-moradores\/","title":{"rendered":"Tiroteio no Fogueteiro provoca fuga r\u00e1pida de moradores"},"content":{"rendered":"<p>A Esta\u00e7\u00e3o Ferrovi\u00e1ria do Fogueteiro, no Seixal, foi palco de confrontos entre dois grupos de cerca de 20 jovens que evolu\u00edram para desordem p\u00fablica com disparos de arma de fogo. O incidente ocorreu este s\u00e1bado, no final da tarde, por volta das 19h45, na via p\u00fablica junto \u00e0 esta\u00e7\u00e3o.<\/p>\n<p>A PSP deslocou-se de imediato ao local, mas os intervenientes j\u00e1 tinham fugido quando chegou. Apenas ficaram vest\u00edgios hem\u00e1ticos e v\u00e1rios inv\u00f3lucros, que agentes utilizam para reconstruir os acontecimentos e identificar envolvidos.<\/p>\n<p>Hospital Garcia de Orta, em Almada, foi alertado para a eventual entrada de feridos, ainda n\u00e3o confirmados. As autoridades continuam as dilig\u00eancias no terreno para identificar os suspeitos e apurar a origem do confronto e a responsabilidade criminal pelos disparos.<\/p>\n<h3>Investiga\u00e7\u00e3o em curso<\/h3>\n<p>A investiga\u00e7\u00e3o policial foca-se na natureza do conflito, nas liga\u00e7\u00f5es entre os grupos e na localiza\u00e7\u00e3o dos objetos recolhidos no local, que podem esclarecer a timeline dos acontecimentos.<\/p>\n","protected":false},"excerpt":{"rendered":"<ul>\n<li>A esta\u00e7\u00e3o Ferrovi\u00e1ria do Fogueteiro, no Seixal, foi palco de viol\u00eancia entre cerca de 20 jovens, com disparos na via p\u00fablica por volta das 19h45 de s\u00e1bado.<\/li>\n<li>Dois grupos envolveram-se em confrontos que evolu\u00edram para desordem p\u00fablica; a Pol\u00edcia de Seguran\u00e7a P\u00fablica (PSP) chegou ao local, mas os intervenientes j\u00e1 tinham fugido.<\/li>\n<li>Ficam vest\u00edgios hem\u00e1ticos e v\u00e1rios inv\u00f3lucros no local, que as autoridades est\u00e3o a usar para reconstruir o sucedido.<\/li>\n<li>O Hospital Garcia de Orta, em Almada, foi alertado para poss\u00edvel entrada de feridos, ainda n\u00e3o confirmados.<\/li>\n<li>Investiga\u00e7\u00f5es est\u00e3o em curso para identificar suspeitos, compreender a origem do confronto e apurar responsabilidades criminais pelos disparos.<\/li>\n<\/ul>\n","protected":false},"author":2,"featured_media":8954,"comment_status":"closed","ping_status":"closed","sticky":false,"template":"","format":"standard","meta":{"footnotes":""},"categories":[1,5],"tags":[124,165,182,38,178,147],"class_list":["post-8952","post","type-post","status-publish","format-standard","has-post-thumbnail","hentry","category-noticias","category-politica","tag-arma-de-fogo","tag-armamento","tag-armas","tag-conflitos","tag-confrontos","tag-crime"],"yoast_head":"<!-- This site is optimized with the Yoast SEO plugin v27.2 - https:\/\/yoast.com\/product\/yoast-seo-wordpress\/ -->\n<title>Tiroteio no Fogueteiro provoca fuga r\u00e1pida de moradores - Portal Tela Portugal<\/title>\n<meta name=\"robots\" content=\"index, follow, max-snippet:-1, max-image-preview:large, max-video-preview:-1\" \/>\n<meta property=\"og:locale\" content=\"pt_PT\" \/>\n<meta property=\"og:type\" content=\"article\" \/>\n<meta property=\"og:title\" content=\"Tiroteio no Fogueteiro provoca fuga r\u00e1pida de moradores - Portal Tela Portugal\" \/>\n<meta property=\"og:description\" content=\"A esta\u00e7\u00e3o Ferrovi\u00e1ria do Fogueteiro, no Seixal, foi palco de viol\u00eancia entre cerca de 20 jovens, com disparos na via p\u00fablica por volta das 19h45 de s\u00e1bado. Dois grupos envolveram-se em confrontos que evolu\u00edram para desordem p\u00fablica; a Pol\u00edcia de Seguran\u00e7a P\u00fablica (PSP) chegou ao local, mas os intervenientes j\u00e1 tinham fugido. Ficam vest\u00edgios hem\u00e1ticos e v\u00e1rios inv\u00f3lucros no local, que as autoridades est\u00e3o a usar para reconstruir o sucedido. O Hospital Garcia de Orta, em Almada, foi alertado para poss\u00edvel entrada de feridos, ainda n\u00e3o confirmados. Investiga\u00e7\u00f5es est\u00e3o em curso para identificar suspeitos, compreender a origem do confronto e apurar responsabilidades criminais pelos disparos.\" \/>\n<meta property=\"og:url\" content=\"https:\/\/portaltela.pt\/noticias\/politica\/2025\/11\/15\/tiroteio-no-fogueteiro-provoca-fuga-rapida-de-moradores\/\" \/>\n<meta property=\"og:site_name\" content=\"Portal Tela Portugal\" \/>\n<meta property=\"article:published_time\" content=\"2025-11-15T23:19:00+00:00\" \/>\n<meta property=\"og:image\" content=\"https:\/\/portaltela.pt\/s.01k8rhncp4jt1\/2025\/11\/PSP-1-1.jpg\" \/>\n\t<meta property=\"og:image:width\" content=\"796\" \/>\n\t<meta property=\"og:image:height\" content=\"448\" \/>\n\t<meta property=\"og:image:type\" content=\"image\/jpeg\" \/>\n<meta name=\"author\" content=\"Telinha\" \/>\n<meta name=\"twitter:card\" content=\"summary_large_image\" \/>\n<meta name=\"twitter:label1\" content=\"Escrito por\" \/>\n\t<meta name=\"twitter:data1\" content=\"Telinha\" \/>\n\t<meta name=\"twitter:label2\" content=\"Tempo estimado de leitura\" \/>\n\t<meta name=\"twitter:data2\" content=\"1 minuto\" \/>\n<script type=\"application\/ld+json\" class=\"yoast-schema-graph\">{\"@context\":\"https:\/\/schema.org\",\"@graph\":[{\"@type\":\"Article\",\"@id\":\"https:\/\/portaltela.pt\/noticias\/politica\/2025\/11\/15\/tiroteio-no-fogueteiro-provoca-fuga-rapida-de-moradores\/#article\",\"isPartOf\":{\"@id\":\"https:\/\/portaltela.pt\/noticias\/politica\/2025\/11\/15\/tiroteio-no-fogueteiro-provoca-fuga-rapida-de-moradores\/\"},\"author\":{\"name\":\"Telinha\",\"@id\":\"https:\/\/portaltela.pt\/#\/schema\/person\/c4278d4a6028830caff9ee44b42d32ed\"},\"headline\":\"Tiroteio no Fogueteiro provoca fuga r\u00e1pida de moradores\",\"datePublished\":\"2025-11-15T23:19:00+00:00\",\"mainEntityOfPage\":{\"@id\":\"https:\/\/portaltela.pt\/noticias\/politica\/2025\/11\/15\/tiroteio-no-fogueteiro-provoca-fuga-rapida-de-moradores\/\"},\"wordCount\":176,\"image\":{\"@id\":\"https:\/\/portaltela.pt\/noticias\/politica\/2025\/11\/15\/tiroteio-no-fogueteiro-provoca-fuga-rapida-de-moradores\/#primaryimage\"},\"thumbnailUrl\":\"https:\/\/portaltela.pt\/s.01k8rhncp4jt1\/2025\/11\/PSP-1-1.jpg\",\"keywords\":[\"arma de fogo\",\"armamento\",\"armas\",\"conflitos\",\"confrontos\",\"crime\"],\"articleSection\":[\"Not\u00edcias\",\"Pol\u00edtica\"],\"inLanguage\":\"pt-PT\"},{\"@type\":\"WebPage\",\"@id\":\"https:\/\/portaltela.pt\/noticias\/politica\/2025\/11\/15\/tiroteio-no-fogueteiro-provoca-fuga-rapida-de-moradores\/\",\"url\":\"https:\/\/portaltela.pt\/noticias\/politica\/2025\/11\/15\/tiroteio-no-fogueteiro-provoca-fuga-rapida-de-moradores\/\",\"name\":\"Tiroteio no Fogueteiro provoca fuga r\u00e1pida de moradores - Portal Tela Portugal\",\"isPartOf\":{\"@id\":\"https:\/\/portaltela.pt\/#website\"},\"primaryImageOfPage\":{\"@id\":\"https:\/\/portaltela.pt\/noticias\/politica\/2025\/11\/15\/tiroteio-no-fogueteiro-provoca-fuga-rapida-de-moradores\/#primaryimage\"},\"image\":{\"@id\":\"https:\/\/portaltela.pt\/noticias\/politica\/2025\/11\/15\/tiroteio-no-fogueteiro-provoca-fuga-rapida-de-moradores\/#primaryimage\"},\"thumbnailUrl\":\"https:\/\/portaltela.pt\/s.01k8rhncp4jt1\/2025\/11\/PSP-1-1.jpg\",\"datePublished\":\"2025-11-15T23:19:00+00:00\",\"author\":{\"@id\":\"https:\/\/portaltela.pt\/#\/schema\/person\/c4278d4a6028830caff9ee44b42d32ed\"},\"breadcrumb\":{\"@id\":\"https:\/\/portaltela.pt\/noticias\/politica\/2025\/11\/15\/tiroteio-no-fogueteiro-provoca-fuga-rapida-de-moradores\/#breadcrumb\"},\"inLanguage\":\"pt-PT\",\"potentialAction\":[{\"@type\":\"ReadAction\",\"target\":[\"https:\/\/portaltela.pt\/noticias\/politica\/2025\/11\/15\/tiroteio-no-fogueteiro-provoca-fuga-rapida-de-moradores\/\"]}]},{\"@type\":\"ImageObject\",\"inLanguage\":\"pt-PT\",\"@id\":\"https:\/\/portaltela.pt\/noticias\/politica\/2025\/11\/15\/tiroteio-no-fogueteiro-provoca-fuga-rapida-de-moradores\/#primaryimage\",\"url\":\"https:\/\/portaltela.pt\/s.01k8rhncp4jt1\/2025\/11\/PSP-1-1.jpg\",\"contentUrl\":\"https:\/\/portaltela.pt\/s.01k8rhncp4jt1\/2025\/11\/PSP-1-1.jpg\",\"width\":796,\"height\":448,\"caption\":\"Tiroteio no Fogueteiro provoca fuga r\u00e1pida de moradores\"},{\"@type\":\"BreadcrumbList\",\"@id\":\"https:\/\/portaltela.pt\/noticias\/politica\/2025\/11\/15\/tiroteio-no-fogueteiro-provoca-fuga-rapida-de-moradores\/#breadcrumb\",\"itemListElement\":[{\"@type\":\"ListItem\",\"position\":1,\"name\":\"In\u00edcio\",\"item\":\"https:\/\/portaltela.pt\/\"},{\"@type\":\"ListItem\",\"position\":2,\"name\":\"Tiroteio no Fogueteiro provoca fuga r\u00e1pida de moradores\"}]},{\"@type\":\"WebSite\",\"@id\":\"https:\/\/portaltela.pt\/#website\",\"url\":\"https:\/\/portaltela.pt\/\",\"name\":\"Portal Tela Portugal\",\"description\":\"\",\"potentialAction\":[{\"@type\":\"SearchAction\",\"target\":{\"@type\":\"EntryPoint\",\"urlTemplate\":\"https:\/\/portaltela.pt\/?s={search_term_string}\"},\"query-input\":{\"@type\":\"PropertyValueSpecification\",\"valueRequired\":true,\"valueName\":\"search_term_string\"}}],\"inLanguage\":\"pt-PT\"},{\"@type\":\"Person\",\"@id\":\"https:\/\/portaltela.pt\/#\/schema\/person\/c4278d4a6028830caff9ee44b42d32ed\",\"name\":\"Telinha\",\"image\":{\"@type\":\"ImageObject\",\"inLanguage\":\"pt-PT\",\"@id\":\"https:\/\/portaltela.pt\/s.01k8rhncp4jt1\/2025\/11\/talking-bot-125x125.png\",\"url\":\"https:\/\/portaltela.pt\/s.01k8rhncp4jt1\/2025\/11\/talking-bot-125x125.png\",\"contentUrl\":\"https:\/\/portaltela.pt\/s.01k8rhncp4jt1\/2025\/11\/talking-bot-125x125.png\",\"caption\":\"Telinha\"},\"sameAs\":[\"https:\/\/portaltela.pt\/\"],\"url\":\"https:\/\/portaltela.pt\/por\/367410592786\/\"}]}<\/script>\n<!-- \/ Yoast SEO plugin. -->","yoast_head_json":{"title":"Tiroteio no Fogueteiro provoca fuga r\u00e1pida de moradores - Portal Tela Portugal","robots":{"index":"index","follow":"follow","max-snippet":"max-snippet:-1","max-image-preview":"max-image-preview:large","max-video-preview":"max-video-preview:-1"},"og_locale":"pt_PT","og_type":"article","og_title":"Tiroteio no Fogueteiro provoca fuga r\u00e1pida de moradores - Portal Tela Portugal","og_description":"A esta\u00e7\u00e3o Ferrovi\u00e1ria do Fogueteiro, no Seixal, foi palco de viol\u00eancia entre cerca de 20 jovens, com disparos na via p\u00fablica por volta das 19h45 de s\u00e1bado. Dois grupos envolveram-se em confrontos que evolu\u00edram para desordem p\u00fablica; a Pol\u00edcia de Seguran\u00e7a P\u00fablica (PSP) chegou ao local, mas os intervenientes j\u00e1 tinham fugido. Ficam vest\u00edgios hem\u00e1ticos e v\u00e1rios inv\u00f3lucros no local, que as autoridades est\u00e3o a usar para reconstruir o sucedido. O Hospital Garcia de Orta, em Almada, foi alertado para poss\u00edvel entrada de feridos, ainda n\u00e3o confirmados. Investiga\u00e7\u00f5es est\u00e3o em curso para identificar suspeitos, compreender a origem do confronto e apurar responsabilidades criminais pelos disparos.","og_url":"https:\/\/portaltela.pt\/noticias\/politica\/2025\/11\/15\/tiroteio-no-fogueteiro-provoca-fuga-rapida-de-moradores\/","og_site_name":"Portal Tela Portugal","article_published_time":"2025-11-15T23:19:00+00:00","og_image":[{"width":796,"height":448,"url":"https:\/\/portaltela.pt\/s.01k8rhncp4jt1\/2025\/11\/PSP-1-1.jpg","type":"image\/jpeg"}],"author":"Telinha","twitter_card":"summary_large_image","twitter_misc":{"Escrito por":"Telinha","Tempo estimado de leitura":"1 minuto"},"schema":{"@context":"https:\/\/schema.org","@graph":[{"@type":"Article","@id":"https:\/\/portaltela.pt\/noticias\/politica\/2025\/11\/15\/tiroteio-no-fogueteiro-provoca-fuga-rapida-de-moradores\/#article","isPartOf":{"@id":"https:\/\/portaltela.pt\/noticias\/politica\/2025\/11\/15\/tiroteio-no-fogueteiro-provoca-fuga-rapida-de-moradores\/"},"author":{"name":"Telinha","@id":"https:\/\/portaltela.pt\/#\/schema\/person\/c4278d4a6028830caff9ee44b42d32ed"},"headline":"Tiroteio no Fogueteiro provoca fuga r\u00e1pida de moradores","datePublished":"2025-11-15T23:19:00+00:00","mainEntityOfPage":{"@id":"https:\/\/portaltela.pt\/noticias\/politica\/2025\/11\/15\/tiroteio-no-fogueteiro-provoca-fuga-rapida-de-moradores\/"},"wordCount":176,"image":{"@id":"https:\/\/portaltela.pt\/noticias\/politica\/2025\/11\/15\/tiroteio-no-fogueteiro-provoca-fuga-rapida-de-moradores\/#primaryimage"},"thumbnailUrl":"https:\/\/portaltela.pt\/s.01k8rhncp4jt1\/2025\/11\/PSP-1-1.jpg","keywords":["arma de fogo","armamento","armas","conflitos","confrontos","crime"],"articleSection":["Not\u00edcias","Pol\u00edtica"],"inLanguage":"pt-PT"},{"@type":"WebPage","@id":"https:\/\/portaltela.pt\/noticias\/politica\/2025\/11\/15\/tiroteio-no-fogueteiro-provoca-fuga-rapida-de-moradores\/","url":"https:\/\/portaltela.pt\/noticias\/politica\/2025\/11\/15\/tiroteio-no-fogueteiro-provoca-fuga-rapida-de-moradores\/","name":"Tiroteio no Fogueteiro provoca fuga r\u00e1pida de moradores - Portal Tela Portugal","isPartOf":{"@id":"https:\/\/portaltela.pt\/#website"},"primaryImageOfPage":{"@id":"https:\/\/portaltela.pt\/noticias\/politica\/2025\/11\/15\/tiroteio-no-fogueteiro-provoca-fuga-rapida-de-moradores\/#primaryimage"},"image":{"@id":"https:\/\/portaltela.pt\/noticias\/politica\/2025\/11\/15\/tiroteio-no-fogueteiro-provoca-fuga-rapida-de-moradores\/#primaryimage"},"thumbnailUrl":"https:\/\/portaltela.pt\/s.01k8rhncp4jt1\/2025\/11\/PSP-1-1.jpg","datePublished":"2025-11-15T23:19:00+00:00","author":{"@id":"https:\/\/portaltela.pt\/#\/schema\/person\/c4278d4a6028830caff9ee44b42d32ed"},"breadcrumb":{"@id":"https:\/\/portaltela.pt\/noticias\/politica\/2025\/11\/15\/tiroteio-no-fogueteiro-provoca-fuga-rapida-de-moradores\/#breadcrumb"},"inLanguage":"pt-PT","potentialAction":[{"@type":"ReadAction","target":["https:\/\/portaltela.pt\/noticias\/politica\/2025\/11\/15\/tiroteio-no-fogueteiro-provoca-fuga-rapida-de-moradores\/"]}]},{"@type":"ImageObject","inLanguage":"pt-PT","@id":"https:\/\/portaltela.pt\/noticias\/politica\/2025\/11\/15\/tiroteio-no-fogueteiro-provoca-fuga-rapida-de-moradores\/#primaryimage","url":"https:\/\/portaltela.pt\/s.01k8rhncp4jt1\/2025\/11\/PSP-1-1.jpg","contentUrl":"https:\/\/portaltela.pt\/s.01k8rhncp4jt1\/2025\/11\/PSP-1-1.jpg","width":796,"height":448,"caption":"Tiroteio no Fogueteiro provoca fuga r\u00e1pida de moradores"},{"@type":"BreadcrumbList","@id":"https:\/\/portaltela.pt\/noticias\/politica\/2025\/11\/15\/tiroteio-no-fogueteiro-provoca-fuga-rapida-de-moradores\/#breadcrumb","itemListElement":[{"@type":"ListItem","position":1,"name":"In\u00edcio","item":"https:\/\/portaltela.pt\/"},{"@type":"ListItem","position":2,"name":"Tiroteio no Fogueteiro provoca fuga r\u00e1pida de moradores"}]},{"@type":"WebSite","@id":"https:\/\/portaltela.pt\/#website","url":"https:\/\/portaltela.pt\/","name":"Portal Tela Portugal","description":"","potentialAction":[{"@type":"SearchAction","target":{"@type":"EntryPoint","urlTemplate":"https:\/\/portaltela.pt\/?s={search_term_string}"},"query-input":{"@type":"PropertyValueSpecification","valueRequired":true,"valueName":"search_term_string"}}],"inLanguage":"pt-PT"},{"@type":"Person","@id":"https:\/\/portaltela.pt\/#\/schema\/person\/c4278d4a6028830caff9ee44b42d32ed","name":"Telinha","image":{"@type":"ImageObject","inLanguage":"pt-PT","@id":"https:\/\/portaltela.pt\/s.01k8rhncp4jt1\/2025\/11\/talking-bot-125x125.png","url":"https:\/\/portaltela.pt\/s.01k8rhncp4jt1\/2025\/11\/talking-bot-125x125.png","contentUrl":"https:\/\/portaltela.pt\/s.01k8rhncp4jt1\/2025\/11\/talking-bot-125x125.png","caption":"Telinha"},"sameAs":["https:\/\/portaltela.pt\/"],"url":"https:\/\/portaltela.pt\/por\/367410592786\/"}]}},"_links":{"self":[{"href":"https:\/\/portaltela.pt\/api\/wp\/v2\/posts\/8952","targetHints":{"allow":["GET"]}}],"collection":[{"href":"https:\/\/portaltela.pt\/api\/wp\/v2\/posts"}],"about":[{"href":"https:\/\/portaltela.pt\/api\/wp\/v2\/types\/post"}],"author":[{"embeddable":true,"href":"https:\/\/portaltela.pt\/api\/wp\/v2\/users\/2"}],"replies":[{"embeddable":true,"href":"https:\/\/portaltela.pt\/api\/wp\/v2\/comments?post=8952"}],"version-history":[{"count":0,"href":"https:\/\/portaltela.pt\/api\/wp\/v2\/posts\/8952\/revisions"}],"wp:featuredmedia":[{"embeddable":true,"href":"https:\/\/portaltela.pt\/api\/wp\/v2\/media\/8954"}],"wp:attachment":[{"href":"https:\/\/portaltela.pt\/api\/wp\/v2\/media?parent=8952"}],"wp:term":[{"taxonomy":"category","embeddable":true,"href":"https:\/\/portaltela.pt\/api\/wp\/v2\/categories?post=8952"},{"taxonomy":"post_tag","embeddable":true,"href":"https:\/\/portaltela.pt\/api\/wp\/v2\/tags?post=8952"}],"curies":[{"name":"wp","href":"https:\/\/api.w.org\/{rel}","templated":true}]}}