{"id":89105,"date":"2025-12-20T16:08:13","date_gmt":"2025-12-20T19:08:13","guid":{"rendered":"https:\/\/portaltela.pt\/noticias\/2025\/12\/20\/seis-tachos-unem-palmela-num-gesto-que-marcou-2025\/"},"modified":"2025-12-20T16:08:13","modified_gmt":"2025-12-20T19:08:13","slug":"seis-tachos-unem-palmela-num-gesto-que-marcou-2025","status":"publish","type":"post","link":"https:\/\/portaltela.pt\/noticias\/2025\/12\/20\/seis-tachos-unem-palmela-num-gesto-que-marcou-2025\/","title":{"rendered":"Seis tachos unem Palmela num gesto que marcou 2025"},"content":{"rendered":"<p>O MotoClube de Palmela encerrou 2025 com mais uma edi\u00e7\u00e3o do Tacho Solid\u00e1rio, a\u00e7\u00e3o que transforma comida em apoio \u00e0 comunidade. O evento ocorreu no final do ano, em Palmela, mantendo a tradi\u00e7\u00e3o de solidariedade no terreno.<\/p>\n<p>Foram preparados cerca de seis tachos, que serviram aproximadamente 120 pessoas cada um. O gesto reuniu volunt\u00e1rios, entidades locais e benefici\u00e1rios, numa demonstra\u00e7\u00e3o de participa\u00e7\u00e3o comunit\u00e1ria e dignidade na entrega das refei\u00e7\u00f5es.<\/p>\n<h3>Parcerias e participa\u00e7\u00e3o institucional<\/h3>\n<p>A edi\u00e7\u00e3o contou com a presen\u00e7a da C\u00e2mara Municipal de Palmela e da Junta de Freguesia de Palmela, sinalizando uma colabora\u00e7\u00e3o entre associa\u00e7\u00f5es e entidades locais. A organiza\u00e7\u00e3o agradece a todos os que contribu\u00edram, reiterando o compromisso com a continuidade em 2026.<\/p>\n<h3>Olhar para o futuro<\/h3>\n<p>A iniciativa destaca que a ajuda pode ter impacto duradouro, mesmo que seja feita de forma simples. O MotoClube refor\u00e7a a inten\u00e7\u00e3o de manter o Tacho Solid\u00e1rio no terreno, com o envolvimento dos parceiros habituais, nas pr\u00f3ximas edi\u00e7\u00f5es.<\/p>\n","protected":false},"excerpt":{"rendered":"<ul>\n<li>Palmela encerrou 2025 com o Tacho Solid\u00e1rio, a\u00e7\u00e3o do MotoClube que refor\u00e7a a solidariedade no terreno.<\/li>\n<li>Foram preparados cerca de seis tachos, servindo aproximadamente 120 pessoas por tacho.<\/li>\n<li>A iniciativa contou com a participa\u00e7\u00e3o da C\u00e2mara Municipal de Palmela e da Junta de Freguesia de Palmela.<\/li>\n<li>O MotoClube agradeceu a volunt\u00e1rios, parceiros e apoiantes e mant\u00e9m o compromisso de continuar em 2026.<\/li>\n<li>O balan\u00e7o sublinha o impacto social do gesto, com votos de Feliz e Santo Natal \u00e0 comunidade.<\/li>\n<\/ul>\n","protected":false},"author":2,"featured_media":89107,"comment_status":"closed","ping_status":"closed","sticky":false,"template":"","format":"standard","meta":{"footnotes":""},"categories":[1],"tags":[1084,703,778,903,1249,347],"class_list":["post-89105","post","type-post","status-publish","format-standard","has-post-thumbnail","hentry","category-noticias","tag-acao-social","tag-camara","tag-comida","tag-comunidades","tag-participacao","tag-servicos-de-caridade"],"yoast_head":"<!-- This site is optimized with the Yoast SEO plugin v27.2 - https:\/\/yoast.com\/product\/yoast-seo-wordpress\/ -->\n<title>Seis tachos unem Palmela num gesto que marcou 2025 - Portal Tela Portugal<\/title>\n<meta name=\"robots\" content=\"index, follow, max-snippet:-1, max-image-preview:large, max-video-preview:-1\" \/>\n<meta property=\"og:locale\" content=\"pt_PT\" \/>\n<meta property=\"og:type\" content=\"article\" \/>\n<meta property=\"og:title\" content=\"Seis tachos unem Palmela num gesto que marcou 2025 - Portal Tela Portugal\" \/>\n<meta property=\"og:description\" content=\"Palmela encerrou 2025 com o Tacho Solid\u00e1rio, a\u00e7\u00e3o do MotoClube que refor\u00e7a a solidariedade no terreno. Foram preparados cerca de seis tachos, servindo aproximadamente 120 pessoas por tacho. A iniciativa contou com a participa\u00e7\u00e3o da C\u00e2mara Municipal de Palmela e da Junta de Freguesia de Palmela. O MotoClube agradeceu a volunt\u00e1rios, parceiros e apoiantes e mant\u00e9m o compromisso de continuar em 2026. O balan\u00e7o sublinha o impacto social do gesto, com votos de Feliz e Santo Natal \u00e0 comunidade.\" \/>\n<meta property=\"og:url\" content=\"https:\/\/portaltela.pt\/noticias\/2025\/12\/20\/seis-tachos-unem-palmela-num-gesto-que-marcou-2025\/\" \/>\n<meta property=\"og:site_name\" content=\"Portal Tela Portugal\" \/>\n<meta property=\"article:published_time\" content=\"2025-12-20T19:08:13+00:00\" \/>\n<meta name=\"author\" content=\"Telinha\" \/>\n<meta name=\"twitter:card\" content=\"summary_large_image\" \/>\n<meta name=\"twitter:label1\" content=\"Escrito por\" \/>\n\t<meta name=\"twitter:data1\" content=\"Telinha\" \/>\n\t<meta name=\"twitter:label2\" content=\"Tempo estimado de leitura\" \/>\n\t<meta name=\"twitter:data2\" content=\"1 minuto\" \/>\n<script type=\"application\/ld+json\" class=\"yoast-schema-graph\">{\"@context\":\"https:\/\/schema.org\",\"@graph\":[{\"@type\":\"Article\",\"@id\":\"https:\/\/portaltela.pt\/noticias\/2025\/12\/20\/seis-tachos-unem-palmela-num-gesto-que-marcou-2025\/#article\",\"isPartOf\":{\"@id\":\"https:\/\/portaltela.pt\/noticias\/2025\/12\/20\/seis-tachos-unem-palmela-num-gesto-que-marcou-2025\/\"},\"author\":{\"name\":\"Telinha\",\"@id\":\"https:\/\/portaltela.pt\/#\/schema\/person\/c4278d4a6028830caff9ee44b42d32ed\"},\"headline\":\"Seis tachos unem Palmela num gesto que marcou 2025\",\"datePublished\":\"2025-12-20T19:08:13+00:00\",\"mainEntityOfPage\":{\"@id\":\"https:\/\/portaltela.pt\/noticias\/2025\/12\/20\/seis-tachos-unem-palmela-num-gesto-que-marcou-2025\/\"},\"wordCount\":184,\"image\":{\"@id\":\"https:\/\/portaltela.pt\/noticias\/2025\/12\/20\/seis-tachos-unem-palmela-num-gesto-que-marcou-2025\/#primaryimage\"},\"thumbnailUrl\":\"https:\/\/portaltela.pt\/s.01k8rhncp4jt1\/2025\/12\/unnamed-file-816.jpg\",\"keywords\":[\"A\u00e7\u00e3o Social\",\"c\u00e2mara\",\"comida\",\"comunidades\",\"participa\u00e7\u00e3o\",\"servi\u00e7os de caridade\"],\"articleSection\":[\"Not\u00edcias\"],\"inLanguage\":\"pt-PT\"},{\"@type\":\"WebPage\",\"@id\":\"https:\/\/portaltela.pt\/noticias\/2025\/12\/20\/seis-tachos-unem-palmela-num-gesto-que-marcou-2025\/\",\"url\":\"https:\/\/portaltela.pt\/noticias\/2025\/12\/20\/seis-tachos-unem-palmela-num-gesto-que-marcou-2025\/\",\"name\":\"Seis tachos unem Palmela num gesto que marcou 2025 - Portal Tela Portugal\",\"isPartOf\":{\"@id\":\"https:\/\/portaltela.pt\/#website\"},\"primaryImageOfPage\":{\"@id\":\"https:\/\/portaltela.pt\/noticias\/2025\/12\/20\/seis-tachos-unem-palmela-num-gesto-que-marcou-2025\/#primaryimage\"},\"image\":{\"@id\":\"https:\/\/portaltela.pt\/noticias\/2025\/12\/20\/seis-tachos-unem-palmela-num-gesto-que-marcou-2025\/#primaryimage\"},\"thumbnailUrl\":\"https:\/\/portaltela.pt\/s.01k8rhncp4jt1\/2025\/12\/unnamed-file-816.jpg\",\"datePublished\":\"2025-12-20T19:08:13+00:00\",\"author\":{\"@id\":\"https:\/\/portaltela.pt\/#\/schema\/person\/c4278d4a6028830caff9ee44b42d32ed\"},\"breadcrumb\":{\"@id\":\"https:\/\/portaltela.pt\/noticias\/2025\/12\/20\/seis-tachos-unem-palmela-num-gesto-que-marcou-2025\/#breadcrumb\"},\"inLanguage\":\"pt-PT\",\"potentialAction\":[{\"@type\":\"ReadAction\",\"target\":[\"https:\/\/portaltela.pt\/noticias\/2025\/12\/20\/seis-tachos-unem-palmela-num-gesto-que-marcou-2025\/\"]}]},{\"@type\":\"ImageObject\",\"inLanguage\":\"pt-PT\",\"@id\":\"https:\/\/portaltela.pt\/noticias\/2025\/12\/20\/seis-tachos-unem-palmela-num-gesto-que-marcou-2025\/#primaryimage\",\"url\":\"https:\/\/portaltela.pt\/s.01k8rhncp4jt1\/2025\/12\/unnamed-file-816.jpg\",\"contentUrl\":\"https:\/\/portaltela.pt\/s.01k8rhncp4jt1\/2025\/12\/unnamed-file-816.jpg\",\"width\":796,\"height\":448,\"caption\":\"Seis tachos bastaram para unir Palmela num gesto que marcou 2025\"},{\"@type\":\"BreadcrumbList\",\"@id\":\"https:\/\/portaltela.pt\/noticias\/2025\/12\/20\/seis-tachos-unem-palmela-num-gesto-que-marcou-2025\/#breadcrumb\",\"itemListElement\":[{\"@type\":\"ListItem\",\"position\":1,\"name\":\"In\u00edcio\",\"item\":\"https:\/\/portaltela.pt\/\"},{\"@type\":\"ListItem\",\"position\":2,\"name\":\"Seis tachos unem Palmela num gesto que marcou 2025\"}]},{\"@type\":\"WebSite\",\"@id\":\"https:\/\/portaltela.pt\/#website\",\"url\":\"https:\/\/portaltela.pt\/\",\"name\":\"Portal Tela Portugal\",\"description\":\"\",\"potentialAction\":[{\"@type\":\"SearchAction\",\"target\":{\"@type\":\"EntryPoint\",\"urlTemplate\":\"https:\/\/portaltela.pt\/?s={search_term_string}\"},\"query-input\":{\"@type\":\"PropertyValueSpecification\",\"valueRequired\":true,\"valueName\":\"search_term_string\"}}],\"inLanguage\":\"pt-PT\"},{\"@type\":\"Person\",\"@id\":\"https:\/\/portaltela.pt\/#\/schema\/person\/c4278d4a6028830caff9ee44b42d32ed\",\"name\":\"Telinha\",\"image\":{\"@type\":\"ImageObject\",\"inLanguage\":\"pt-PT\",\"@id\":\"https:\/\/portaltela.pt\/s.01k8rhncp4jt1\/2025\/11\/talking-bot-125x125.png\",\"url\":\"https:\/\/portaltela.pt\/s.01k8rhncp4jt1\/2025\/11\/talking-bot-125x125.png\",\"contentUrl\":\"https:\/\/portaltela.pt\/s.01k8rhncp4jt1\/2025\/11\/talking-bot-125x125.png\",\"caption\":\"Telinha\"},\"sameAs\":[\"https:\/\/portaltela.pt\/\"],\"url\":\"https:\/\/portaltela.pt\/por\/367410592786\/\"}]}<\/script>\n<!-- \/ Yoast SEO plugin. -->","yoast_head_json":{"title":"Seis tachos unem Palmela num gesto que marcou 2025 - Portal Tela Portugal","robots":{"index":"index","follow":"follow","max-snippet":"max-snippet:-1","max-image-preview":"max-image-preview:large","max-video-preview":"max-video-preview:-1"},"og_locale":"pt_PT","og_type":"article","og_title":"Seis tachos unem Palmela num gesto que marcou 2025 - Portal Tela Portugal","og_description":"Palmela encerrou 2025 com o Tacho Solid\u00e1rio, a\u00e7\u00e3o do MotoClube que refor\u00e7a a solidariedade no terreno. Foram preparados cerca de seis tachos, servindo aproximadamente 120 pessoas por tacho. A iniciativa contou com a participa\u00e7\u00e3o da C\u00e2mara Municipal de Palmela e da Junta de Freguesia de Palmela. O MotoClube agradeceu a volunt\u00e1rios, parceiros e apoiantes e mant\u00e9m o compromisso de continuar em 2026. O balan\u00e7o sublinha o impacto social do gesto, com votos de Feliz e Santo Natal \u00e0 comunidade.","og_url":"https:\/\/portaltela.pt\/noticias\/2025\/12\/20\/seis-tachos-unem-palmela-num-gesto-que-marcou-2025\/","og_site_name":"Portal Tela Portugal","article_published_time":"2025-12-20T19:08:13+00:00","author":"Telinha","twitter_card":"summary_large_image","twitter_misc":{"Escrito por":"Telinha","Tempo estimado de leitura":"1 minuto"},"schema":{"@context":"https:\/\/schema.org","@graph":[{"@type":"Article","@id":"https:\/\/portaltela.pt\/noticias\/2025\/12\/20\/seis-tachos-unem-palmela-num-gesto-que-marcou-2025\/#article","isPartOf":{"@id":"https:\/\/portaltela.pt\/noticias\/2025\/12\/20\/seis-tachos-unem-palmela-num-gesto-que-marcou-2025\/"},"author":{"name":"Telinha","@id":"https:\/\/portaltela.pt\/#\/schema\/person\/c4278d4a6028830caff9ee44b42d32ed"},"headline":"Seis tachos unem Palmela num gesto que marcou 2025","datePublished":"2025-12-20T19:08:13+00:00","mainEntityOfPage":{"@id":"https:\/\/portaltela.pt\/noticias\/2025\/12\/20\/seis-tachos-unem-palmela-num-gesto-que-marcou-2025\/"},"wordCount":184,"image":{"@id":"https:\/\/portaltela.pt\/noticias\/2025\/12\/20\/seis-tachos-unem-palmela-num-gesto-que-marcou-2025\/#primaryimage"},"thumbnailUrl":"https:\/\/portaltela.pt\/s.01k8rhncp4jt1\/2025\/12\/unnamed-file-816.jpg","keywords":["A\u00e7\u00e3o Social","c\u00e2mara","comida","comunidades","participa\u00e7\u00e3o","servi\u00e7os de caridade"],"articleSection":["Not\u00edcias"],"inLanguage":"pt-PT"},{"@type":"WebPage","@id":"https:\/\/portaltela.pt\/noticias\/2025\/12\/20\/seis-tachos-unem-palmela-num-gesto-que-marcou-2025\/","url":"https:\/\/portaltela.pt\/noticias\/2025\/12\/20\/seis-tachos-unem-palmela-num-gesto-que-marcou-2025\/","name":"Seis tachos unem Palmela num gesto que marcou 2025 - Portal Tela Portugal","isPartOf":{"@id":"https:\/\/portaltela.pt\/#website"},"primaryImageOfPage":{"@id":"https:\/\/portaltela.pt\/noticias\/2025\/12\/20\/seis-tachos-unem-palmela-num-gesto-que-marcou-2025\/#primaryimage"},"image":{"@id":"https:\/\/portaltela.pt\/noticias\/2025\/12\/20\/seis-tachos-unem-palmela-num-gesto-que-marcou-2025\/#primaryimage"},"thumbnailUrl":"https:\/\/portaltela.pt\/s.01k8rhncp4jt1\/2025\/12\/unnamed-file-816.jpg","datePublished":"2025-12-20T19:08:13+00:00","author":{"@id":"https:\/\/portaltela.pt\/#\/schema\/person\/c4278d4a6028830caff9ee44b42d32ed"},"breadcrumb":{"@id":"https:\/\/portaltela.pt\/noticias\/2025\/12\/20\/seis-tachos-unem-palmela-num-gesto-que-marcou-2025\/#breadcrumb"},"inLanguage":"pt-PT","potentialAction":[{"@type":"ReadAction","target":["https:\/\/portaltela.pt\/noticias\/2025\/12\/20\/seis-tachos-unem-palmela-num-gesto-que-marcou-2025\/"]}]},{"@type":"ImageObject","inLanguage":"pt-PT","@id":"https:\/\/portaltela.pt\/noticias\/2025\/12\/20\/seis-tachos-unem-palmela-num-gesto-que-marcou-2025\/#primaryimage","url":"https:\/\/portaltela.pt\/s.01k8rhncp4jt1\/2025\/12\/unnamed-file-816.jpg","contentUrl":"https:\/\/portaltela.pt\/s.01k8rhncp4jt1\/2025\/12\/unnamed-file-816.jpg","width":796,"height":448,"caption":"Seis tachos bastaram para unir Palmela num gesto que marcou 2025"},{"@type":"BreadcrumbList","@id":"https:\/\/portaltela.pt\/noticias\/2025\/12\/20\/seis-tachos-unem-palmela-num-gesto-que-marcou-2025\/#breadcrumb","itemListElement":[{"@type":"ListItem","position":1,"name":"In\u00edcio","item":"https:\/\/portaltela.pt\/"},{"@type":"ListItem","position":2,"name":"Seis tachos unem Palmela num gesto que marcou 2025"}]},{"@type":"WebSite","@id":"https:\/\/portaltela.pt\/#website","url":"https:\/\/portaltela.pt\/","name":"Portal Tela Portugal","description":"","potentialAction":[{"@type":"SearchAction","target":{"@type":"EntryPoint","urlTemplate":"https:\/\/portaltela.pt\/?s={search_term_string}"},"query-input":{"@type":"PropertyValueSpecification","valueRequired":true,"valueName":"search_term_string"}}],"inLanguage":"pt-PT"},{"@type":"Person","@id":"https:\/\/portaltela.pt\/#\/schema\/person\/c4278d4a6028830caff9ee44b42d32ed","name":"Telinha","image":{"@type":"ImageObject","inLanguage":"pt-PT","@id":"https:\/\/portaltela.pt\/s.01k8rhncp4jt1\/2025\/11\/talking-bot-125x125.png","url":"https:\/\/portaltela.pt\/s.01k8rhncp4jt1\/2025\/11\/talking-bot-125x125.png","contentUrl":"https:\/\/portaltela.pt\/s.01k8rhncp4jt1\/2025\/11\/talking-bot-125x125.png","caption":"Telinha"},"sameAs":["https:\/\/portaltela.pt\/"],"url":"https:\/\/portaltela.pt\/por\/367410592786\/"}]}},"_links":{"self":[{"href":"https:\/\/portaltela.pt\/api\/wp\/v2\/posts\/89105","targetHints":{"allow":["GET"]}}],"collection":[{"href":"https:\/\/portaltela.pt\/api\/wp\/v2\/posts"}],"about":[{"href":"https:\/\/portaltela.pt\/api\/wp\/v2\/types\/post"}],"author":[{"embeddable":true,"href":"https:\/\/portaltela.pt\/api\/wp\/v2\/users\/2"}],"replies":[{"embeddable":true,"href":"https:\/\/portaltela.pt\/api\/wp\/v2\/comments?post=89105"}],"version-history":[{"count":0,"href":"https:\/\/portaltela.pt\/api\/wp\/v2\/posts\/89105\/revisions"}],"wp:featuredmedia":[{"embeddable":true,"href":"https:\/\/portaltela.pt\/api\/wp\/v2\/media\/89107"}],"wp:attachment":[{"href":"https:\/\/portaltela.pt\/api\/wp\/v2\/media?parent=89105"}],"wp:term":[{"taxonomy":"category","embeddable":true,"href":"https:\/\/portaltela.pt\/api\/wp\/v2\/categories?post=89105"},{"taxonomy":"post_tag","embeddable":true,"href":"https:\/\/portaltela.pt\/api\/wp\/v2\/tags?post=89105"}],"curies":[{"name":"wp","href":"https:\/\/api.w.org\/{rel}","templated":true}]}}