{"id":88714,"date":"2025-12-20T13:00:00","date_gmt":"2025-12-20T16:00:00","guid":{"rendered":"https:\/\/portaltela.pt\/noticias\/2025\/12\/20\/vasco-da-gama-de-sines-recebe-charneca-da-caparica-este-domingo-as-15h00\/"},"modified":"2025-12-20T13:00:00","modified_gmt":"2025-12-20T16:00:00","slug":"vasco-da-gama-de-sines-recebe-charneca-da-caparica-este-domingo-as-15h00","status":"publish","type":"post","link":"https:\/\/portaltela.pt\/desporto\/futebol\/2025\/12\/20\/vasco-da-gama-de-sines-recebe-charneca-da-caparica-este-domingo-as-15h00\/","title":{"rendered":"Vasco da Gama de Sines recebe Charneca da Caparica este domingo \u00e0s 15h00"},"content":{"rendered":"<p>O Vasco da Gama de Sines recebe o Charneca da Caparica este domingo, \u00e0s 15h00, na 12.\u00aa jornada do Campeonato Distrital de Set\u00fabal da 1.\u00aa Divis\u00e3o. O encontro vai decorrer onde o Vasco atua, com o objetivo de somar pontos na tabela.<\/p>\n<p>Al\u00e9m deste jogo, o programa deste domingo inclui Moitense frente ao Montijo, Sesimbra frente ao Barreirense, Palmelense frente ao Alfarim e Vit\u00f3ria de Set\u00fabal diante do Almada, todos a partir das 15h00. O duelo Amora B contra Grandolense tem in\u00edcio \u00e0s 18h00.<\/p>\n<p>O Fabril do Barreiro enfrenta os Pescadores, num jogo j\u00e1 antecipado para s\u00e1bado, \u00e0s 15h00, enquanto o Cova da Piedade joga com o Uni\u00e3o de Santiago numa partida adiada para o dia 21 de janeiro de 2026.<\/p>\n<h3>11.\u00aa jornada da 2.\u00aa divis\u00e3o Distrital de Set\u00fabal<\/h3>\n<p>No mesmo dia, a partir das 15h00, realizam-se jogos da 11.\u00aa jornada da 2.\u00aa divis\u00e3o Distrital de Set\u00fabal, S\u00e9rie A. Entre os encontros, destacam-se Bairro do Olival frente ao Com\u00e9rcio e Ind\u00fastria B, Juventude Melidense frente ao Carvalhal, Afonsoeirense frente ao Pinhalnovense, Quintajense frente ao Botafogo Cabanas e Lagame\u00e7as frente ao Alcacerense.<\/p>\n","protected":false},"excerpt":{"rendered":"<ul>\n<li>No domingo, \u00e0s 15h00, o Vasco da Gama de Sines recebe o Charneca da Caparica, na 12.\u00aa jornada do Campeonato Distrital de Set\u00fabal da 1.\u00aa Divis\u00e3o.<\/li>\n<li>Pelas mesmas circunst\u00e2ncias, jogam Moitense \u2013 Montijo, Sesimbra \u2013 Barreirense, Palmelense \u2013 Alfarim, Vit\u00f3ria de Set\u00fabal \u2013 Almada e o jogo entre Vasco da Gama e Charneca da Caparica, com o Amora B contra Grandolense marcado para as 18h00.<\/li>\n<li>O Fabril do Barreiro vs Pescadores foi antecipado para s\u00e1bado, \u00e0s 15h00.<\/li>\n<li>O Cova da Piedade vs Uni\u00e3o de Santiago ficou adiado para o dia 21 de janeiro de 2026.<\/li>\n<li>Na 11.\u00aa jornada da 2.\u00aa divis\u00e3o Distrital de Set\u00fabal, os jogos come\u00e7am \u00e0s 15h00, com destaque para as novidades da S\u00e9rie A: Bairro do Olival \u2013 Com\u00e9rcio e Ind\u00fastria B, Juventude Melidense \u2013 Carvalhal, Afonsoeirense \u2013 Pinhalnovense, Quintajense \u2013 Botafogo Cabanas e Lagame\u00e7as \u2013 Alcacerense.<\/li>\n<\/ul>\n","protected":false},"author":2,"featured_media":88737,"comment_status":"closed","ping_status":"closed","sticky":false,"template":"","format":"standard","meta":{"footnotes":""},"categories":[21,24],"tags":[1056,32,1058,1065,994,1737],"class_list":["post-88714","post","type-post","status-publish","format-standard","has-post-thumbnail","hentry","category-desporto","category-futebol","tag-barreiro","tag-futebol","tag-montijo","tag-sesimbra","tag-setubal","tag-vitoria-de-setubal"],"yoast_head":"<!-- This site is optimized with the Yoast SEO plugin v27.2 - https:\/\/yoast.com\/product\/yoast-seo-wordpress\/ -->\n<title>Vasco da Gama de Sines recebe Charneca da Caparica este domingo \u00e0s 15h00 - Portal Tela Portugal<\/title>\n<meta name=\"robots\" content=\"index, follow, max-snippet:-1, max-image-preview:large, max-video-preview:-1\" \/>\n<meta property=\"og:locale\" content=\"pt_PT\" \/>\n<meta property=\"og:type\" content=\"article\" \/>\n<meta property=\"og:title\" content=\"Vasco da Gama de Sines recebe Charneca da Caparica este domingo \u00e0s 15h00 - Portal Tela Portugal\" \/>\n<meta property=\"og:description\" content=\"No domingo, \u00e0s 15h00, o Vasco da Gama de Sines recebe o Charneca da Caparica, na 12.\u00aa jornada do Campeonato Distrital de Set\u00fabal da 1.\u00aa Divis\u00e3o. Pelas mesmas circunst\u00e2ncias, jogam Moitense \u2013 Montijo, Sesimbra \u2013 Barreirense, Palmelense \u2013 Alfarim, Vit\u00f3ria de Set\u00fabal \u2013 Almada e o jogo entre Vasco da Gama e Charneca da Caparica, com o Amora B contra Grandolense marcado para as 18h00. O Fabril do Barreiro vs Pescadores foi antecipado para s\u00e1bado, \u00e0s 15h00. O Cova da Piedade vs Uni\u00e3o de Santiago ficou adiado para o dia 21 de janeiro de 2026. Na 11.\u00aa jornada da 2.\u00aa divis\u00e3o Distrital de Set\u00fabal, os jogos come\u00e7am \u00e0s 15h00, com destaque para as novidades da S\u00e9rie A: Bairro do Olival \u2013 Com\u00e9rcio e Ind\u00fastria B, Juventude Melidense \u2013 Carvalhal, Afonsoeirense \u2013 Pinhalnovense, Quintajense \u2013 Botafogo Cabanas e Lagame\u00e7as \u2013 Alcacerense.\" \/>\n<meta property=\"og:url\" content=\"https:\/\/portaltela.pt\/noticias\/2025\/12\/20\/vasco-da-gama-de-sines-recebe-charneca-da-caparica-este-domingo-as-15h00\/\" \/>\n<meta property=\"og:site_name\" content=\"Portal Tela Portugal\" \/>\n<meta property=\"article:published_time\" content=\"2025-12-20T16:00:00+00:00\" \/>\n<meta name=\"author\" content=\"Telinha\" \/>\n<meta name=\"twitter:card\" content=\"summary_large_image\" \/>\n<meta name=\"twitter:label1\" content=\"Escrito por\" \/>\n\t<meta name=\"twitter:data1\" content=\"Telinha\" \/>\n\t<meta name=\"twitter:label2\" content=\"Tempo estimado de leitura\" \/>\n\t<meta name=\"twitter:data2\" content=\"1 minuto\" \/>\n<script type=\"application\/ld+json\" class=\"yoast-schema-graph\">{\"@context\":\"https:\/\/schema.org\",\"@graph\":[{\"@type\":\"Article\",\"@id\":\"https:\/\/portaltela.pt\/noticias\/2025\/12\/20\/vasco-da-gama-de-sines-recebe-charneca-da-caparica-este-domingo-as-15h00\/#article\",\"isPartOf\":{\"@id\":\"https:\/\/portaltela.pt\/noticias\/2025\/12\/20\/vasco-da-gama-de-sines-recebe-charneca-da-caparica-este-domingo-as-15h00\/\"},\"author\":{\"name\":\"Telinha\",\"@id\":\"https:\/\/portaltela.pt\/#\/schema\/person\/c4278d4a6028830caff9ee44b42d32ed\"},\"headline\":\"Vasco da Gama de Sines recebe Charneca da Caparica este domingo \u00e0s 15h00\",\"datePublished\":\"2025-12-20T16:00:00+00:00\",\"mainEntityOfPage\":{\"@id\":\"https:\/\/portaltela.pt\/noticias\/2025\/12\/20\/vasco-da-gama-de-sines-recebe-charneca-da-caparica-este-domingo-as-15h00\/\"},\"wordCount\":202,\"image\":{\"@id\":\"https:\/\/portaltela.pt\/noticias\/2025\/12\/20\/vasco-da-gama-de-sines-recebe-charneca-da-caparica-este-domingo-as-15h00\/#primaryimage\"},\"thumbnailUrl\":\"https:\/\/portaltela.pt\/s.01k8rhncp4jt1\/2025\/12\/unnamed-file-791.jpg\",\"keywords\":[\"Barreiro\",\"futebol\",\"Montijo\",\"Sesimbra\",\"Set\u00fabal\",\"Vit\u00f3ria de Set\u00fabal\"],\"articleSection\":[\"Desporto\",\"Futebol\"],\"inLanguage\":\"pt-PT\"},{\"@type\":\"WebPage\",\"@id\":\"https:\/\/portaltela.pt\/noticias\/2025\/12\/20\/vasco-da-gama-de-sines-recebe-charneca-da-caparica-este-domingo-as-15h00\/\",\"url\":\"https:\/\/portaltela.pt\/noticias\/2025\/12\/20\/vasco-da-gama-de-sines-recebe-charneca-da-caparica-este-domingo-as-15h00\/\",\"name\":\"Vasco da Gama de Sines recebe Charneca da Caparica este domingo \u00e0s 15h00 - Portal Tela Portugal\",\"isPartOf\":{\"@id\":\"https:\/\/portaltela.pt\/#website\"},\"primaryImageOfPage\":{\"@id\":\"https:\/\/portaltela.pt\/noticias\/2025\/12\/20\/vasco-da-gama-de-sines-recebe-charneca-da-caparica-este-domingo-as-15h00\/#primaryimage\"},\"image\":{\"@id\":\"https:\/\/portaltela.pt\/noticias\/2025\/12\/20\/vasco-da-gama-de-sines-recebe-charneca-da-caparica-este-domingo-as-15h00\/#primaryimage\"},\"thumbnailUrl\":\"https:\/\/portaltela.pt\/s.01k8rhncp4jt1\/2025\/12\/unnamed-file-791.jpg\",\"datePublished\":\"2025-12-20T16:00:00+00:00\",\"author\":{\"@id\":\"https:\/\/portaltela.pt\/#\/schema\/person\/c4278d4a6028830caff9ee44b42d32ed\"},\"breadcrumb\":{\"@id\":\"https:\/\/portaltela.pt\/noticias\/2025\/12\/20\/vasco-da-gama-de-sines-recebe-charneca-da-caparica-este-domingo-as-15h00\/#breadcrumb\"},\"inLanguage\":\"pt-PT\",\"potentialAction\":[{\"@type\":\"ReadAction\",\"target\":[\"https:\/\/portaltela.pt\/noticias\/2025\/12\/20\/vasco-da-gama-de-sines-recebe-charneca-da-caparica-este-domingo-as-15h00\/\"]}]},{\"@type\":\"ImageObject\",\"inLanguage\":\"pt-PT\",\"@id\":\"https:\/\/portaltela.pt\/noticias\/2025\/12\/20\/vasco-da-gama-de-sines-recebe-charneca-da-caparica-este-domingo-as-15h00\/#primaryimage\",\"url\":\"https:\/\/portaltela.pt\/s.01k8rhncp4jt1\/2025\/12\/unnamed-file-791.jpg\",\"contentUrl\":\"https:\/\/portaltela.pt\/s.01k8rhncp4jt1\/2025\/12\/unnamed-file-791.jpg\",\"width\":796,\"height\":448,\"caption\":\"Vasco da Gama e Uni\u00e3o de Santiago empataram a dois golos em Sines (com \u00e1udios)\"},{\"@type\":\"BreadcrumbList\",\"@id\":\"https:\/\/portaltela.pt\/noticias\/2025\/12\/20\/vasco-da-gama-de-sines-recebe-charneca-da-caparica-este-domingo-as-15h00\/#breadcrumb\",\"itemListElement\":[{\"@type\":\"ListItem\",\"position\":1,\"name\":\"In\u00edcio\",\"item\":\"https:\/\/portaltela.pt\/\"},{\"@type\":\"ListItem\",\"position\":2,\"name\":\"Vasco da Gama de Sines recebe Charneca da Caparica este domingo \u00e0s 15h00\"}]},{\"@type\":\"WebSite\",\"@id\":\"https:\/\/portaltela.pt\/#website\",\"url\":\"https:\/\/portaltela.pt\/\",\"name\":\"Portal Tela Portugal\",\"description\":\"\",\"potentialAction\":[{\"@type\":\"SearchAction\",\"target\":{\"@type\":\"EntryPoint\",\"urlTemplate\":\"https:\/\/portaltela.pt\/?s={search_term_string}\"},\"query-input\":{\"@type\":\"PropertyValueSpecification\",\"valueRequired\":true,\"valueName\":\"search_term_string\"}}],\"inLanguage\":\"pt-PT\"},{\"@type\":\"Person\",\"@id\":\"https:\/\/portaltela.pt\/#\/schema\/person\/c4278d4a6028830caff9ee44b42d32ed\",\"name\":\"Telinha\",\"image\":{\"@type\":\"ImageObject\",\"inLanguage\":\"pt-PT\",\"@id\":\"https:\/\/portaltela.pt\/s.01k8rhncp4jt1\/2025\/11\/talking-bot-125x125.png\",\"url\":\"https:\/\/portaltela.pt\/s.01k8rhncp4jt1\/2025\/11\/talking-bot-125x125.png\",\"contentUrl\":\"https:\/\/portaltela.pt\/s.01k8rhncp4jt1\/2025\/11\/talking-bot-125x125.png\",\"caption\":\"Telinha\"},\"sameAs\":[\"https:\/\/portaltela.pt\/\"],\"url\":\"https:\/\/portaltela.pt\/por\/367410592786\/\"}]}<\/script>\n<!-- \/ Yoast SEO plugin. -->","yoast_head_json":{"title":"Vasco da Gama de Sines recebe Charneca da Caparica este domingo \u00e0s 15h00 - Portal Tela Portugal","robots":{"index":"index","follow":"follow","max-snippet":"max-snippet:-1","max-image-preview":"max-image-preview:large","max-video-preview":"max-video-preview:-1"},"og_locale":"pt_PT","og_type":"article","og_title":"Vasco da Gama de Sines recebe Charneca da Caparica este domingo \u00e0s 15h00 - Portal Tela Portugal","og_description":"No domingo, \u00e0s 15h00, o Vasco da Gama de Sines recebe o Charneca da Caparica, na 12.\u00aa jornada do Campeonato Distrital de Set\u00fabal da 1.\u00aa Divis\u00e3o. Pelas mesmas circunst\u00e2ncias, jogam Moitense \u2013 Montijo, Sesimbra \u2013 Barreirense, Palmelense \u2013 Alfarim, Vit\u00f3ria de Set\u00fabal \u2013 Almada e o jogo entre Vasco da Gama e Charneca da Caparica, com o Amora B contra Grandolense marcado para as 18h00. O Fabril do Barreiro vs Pescadores foi antecipado para s\u00e1bado, \u00e0s 15h00. O Cova da Piedade vs Uni\u00e3o de Santiago ficou adiado para o dia 21 de janeiro de 2026. Na 11.\u00aa jornada da 2.\u00aa divis\u00e3o Distrital de Set\u00fabal, os jogos come\u00e7am \u00e0s 15h00, com destaque para as novidades da S\u00e9rie A: Bairro do Olival \u2013 Com\u00e9rcio e Ind\u00fastria B, Juventude Melidense \u2013 Carvalhal, Afonsoeirense \u2013 Pinhalnovense, Quintajense \u2013 Botafogo Cabanas e Lagame\u00e7as \u2013 Alcacerense.","og_url":"https:\/\/portaltela.pt\/noticias\/2025\/12\/20\/vasco-da-gama-de-sines-recebe-charneca-da-caparica-este-domingo-as-15h00\/","og_site_name":"Portal Tela Portugal","article_published_time":"2025-12-20T16:00:00+00:00","author":"Telinha","twitter_card":"summary_large_image","twitter_misc":{"Escrito por":"Telinha","Tempo estimado de leitura":"1 minuto"},"schema":{"@context":"https:\/\/schema.org","@graph":[{"@type":"Article","@id":"https:\/\/portaltela.pt\/noticias\/2025\/12\/20\/vasco-da-gama-de-sines-recebe-charneca-da-caparica-este-domingo-as-15h00\/#article","isPartOf":{"@id":"https:\/\/portaltela.pt\/noticias\/2025\/12\/20\/vasco-da-gama-de-sines-recebe-charneca-da-caparica-este-domingo-as-15h00\/"},"author":{"name":"Telinha","@id":"https:\/\/portaltela.pt\/#\/schema\/person\/c4278d4a6028830caff9ee44b42d32ed"},"headline":"Vasco da Gama de Sines recebe Charneca da Caparica este domingo \u00e0s 15h00","datePublished":"2025-12-20T16:00:00+00:00","mainEntityOfPage":{"@id":"https:\/\/portaltela.pt\/noticias\/2025\/12\/20\/vasco-da-gama-de-sines-recebe-charneca-da-caparica-este-domingo-as-15h00\/"},"wordCount":202,"image":{"@id":"https:\/\/portaltela.pt\/noticias\/2025\/12\/20\/vasco-da-gama-de-sines-recebe-charneca-da-caparica-este-domingo-as-15h00\/#primaryimage"},"thumbnailUrl":"https:\/\/portaltela.pt\/s.01k8rhncp4jt1\/2025\/12\/unnamed-file-791.jpg","keywords":["Barreiro","futebol","Montijo","Sesimbra","Set\u00fabal","Vit\u00f3ria de Set\u00fabal"],"articleSection":["Desporto","Futebol"],"inLanguage":"pt-PT"},{"@type":"WebPage","@id":"https:\/\/portaltela.pt\/noticias\/2025\/12\/20\/vasco-da-gama-de-sines-recebe-charneca-da-caparica-este-domingo-as-15h00\/","url":"https:\/\/portaltela.pt\/noticias\/2025\/12\/20\/vasco-da-gama-de-sines-recebe-charneca-da-caparica-este-domingo-as-15h00\/","name":"Vasco da Gama de Sines recebe Charneca da Caparica este domingo \u00e0s 15h00 - Portal Tela Portugal","isPartOf":{"@id":"https:\/\/portaltela.pt\/#website"},"primaryImageOfPage":{"@id":"https:\/\/portaltela.pt\/noticias\/2025\/12\/20\/vasco-da-gama-de-sines-recebe-charneca-da-caparica-este-domingo-as-15h00\/#primaryimage"},"image":{"@id":"https:\/\/portaltela.pt\/noticias\/2025\/12\/20\/vasco-da-gama-de-sines-recebe-charneca-da-caparica-este-domingo-as-15h00\/#primaryimage"},"thumbnailUrl":"https:\/\/portaltela.pt\/s.01k8rhncp4jt1\/2025\/12\/unnamed-file-791.jpg","datePublished":"2025-12-20T16:00:00+00:00","author":{"@id":"https:\/\/portaltela.pt\/#\/schema\/person\/c4278d4a6028830caff9ee44b42d32ed"},"breadcrumb":{"@id":"https:\/\/portaltela.pt\/noticias\/2025\/12\/20\/vasco-da-gama-de-sines-recebe-charneca-da-caparica-este-domingo-as-15h00\/#breadcrumb"},"inLanguage":"pt-PT","potentialAction":[{"@type":"ReadAction","target":["https:\/\/portaltela.pt\/noticias\/2025\/12\/20\/vasco-da-gama-de-sines-recebe-charneca-da-caparica-este-domingo-as-15h00\/"]}]},{"@type":"ImageObject","inLanguage":"pt-PT","@id":"https:\/\/portaltela.pt\/noticias\/2025\/12\/20\/vasco-da-gama-de-sines-recebe-charneca-da-caparica-este-domingo-as-15h00\/#primaryimage","url":"https:\/\/portaltela.pt\/s.01k8rhncp4jt1\/2025\/12\/unnamed-file-791.jpg","contentUrl":"https:\/\/portaltela.pt\/s.01k8rhncp4jt1\/2025\/12\/unnamed-file-791.jpg","width":796,"height":448,"caption":"Vasco da Gama e Uni\u00e3o de Santiago empataram a dois golos em Sines (com \u00e1udios)"},{"@type":"BreadcrumbList","@id":"https:\/\/portaltela.pt\/noticias\/2025\/12\/20\/vasco-da-gama-de-sines-recebe-charneca-da-caparica-este-domingo-as-15h00\/#breadcrumb","itemListElement":[{"@type":"ListItem","position":1,"name":"In\u00edcio","item":"https:\/\/portaltela.pt\/"},{"@type":"ListItem","position":2,"name":"Vasco da Gama de Sines recebe Charneca da Caparica este domingo \u00e0s 15h00"}]},{"@type":"WebSite","@id":"https:\/\/portaltela.pt\/#website","url":"https:\/\/portaltela.pt\/","name":"Portal Tela Portugal","description":"","potentialAction":[{"@type":"SearchAction","target":{"@type":"EntryPoint","urlTemplate":"https:\/\/portaltela.pt\/?s={search_term_string}"},"query-input":{"@type":"PropertyValueSpecification","valueRequired":true,"valueName":"search_term_string"}}],"inLanguage":"pt-PT"},{"@type":"Person","@id":"https:\/\/portaltela.pt\/#\/schema\/person\/c4278d4a6028830caff9ee44b42d32ed","name":"Telinha","image":{"@type":"ImageObject","inLanguage":"pt-PT","@id":"https:\/\/portaltela.pt\/s.01k8rhncp4jt1\/2025\/11\/talking-bot-125x125.png","url":"https:\/\/portaltela.pt\/s.01k8rhncp4jt1\/2025\/11\/talking-bot-125x125.png","contentUrl":"https:\/\/portaltela.pt\/s.01k8rhncp4jt1\/2025\/11\/talking-bot-125x125.png","caption":"Telinha"},"sameAs":["https:\/\/portaltela.pt\/"],"url":"https:\/\/portaltela.pt\/por\/367410592786\/"}]}},"_links":{"self":[{"href":"https:\/\/portaltela.pt\/api\/wp\/v2\/posts\/88714","targetHints":{"allow":["GET"]}}],"collection":[{"href":"https:\/\/portaltela.pt\/api\/wp\/v2\/posts"}],"about":[{"href":"https:\/\/portaltela.pt\/api\/wp\/v2\/types\/post"}],"author":[{"embeddable":true,"href":"https:\/\/portaltela.pt\/api\/wp\/v2\/users\/2"}],"replies":[{"embeddable":true,"href":"https:\/\/portaltela.pt\/api\/wp\/v2\/comments?post=88714"}],"version-history":[{"count":0,"href":"https:\/\/portaltela.pt\/api\/wp\/v2\/posts\/88714\/revisions"}],"wp:featuredmedia":[{"embeddable":true,"href":"https:\/\/portaltela.pt\/api\/wp\/v2\/media\/88737"}],"wp:attachment":[{"href":"https:\/\/portaltela.pt\/api\/wp\/v2\/media?parent=88714"}],"wp:term":[{"taxonomy":"category","embeddable":true,"href":"https:\/\/portaltela.pt\/api\/wp\/v2\/categories?post=88714"},{"taxonomy":"post_tag","embeddable":true,"href":"https:\/\/portaltela.pt\/api\/wp\/v2\/tags?post=88714"}],"curies":[{"name":"wp","href":"https:\/\/api.w.org\/{rel}","templated":true}]}}