{"id":88688,"date":"2025-12-20T12:38:00","date_gmt":"2025-12-20T15:38:00","guid":{"rendered":"https:\/\/portaltela.pt\/noticias\/2025\/12\/20\/afvr-anteve-a-15-a-jornada-da-divisao-de-honra\/"},"modified":"2025-12-20T12:38:00","modified_gmt":"2025-12-20T15:38:00","slug":"afvr-anteve-a-15-a-jornada-da-divisao-de-honra","status":"publish","type":"post","link":"https:\/\/portaltela.pt\/desporto\/futebol\/2025\/12\/20\/afvr-anteve-a-15-a-jornada-da-divisao-de-honra\/","title":{"rendered":"AFVR antev\u00ea a 15.\u00aa jornada da Divis\u00e3o de Honra"},"content":{"rendered":"<p>A 15.\u00aa jornada da Divis\u00e3o de Honra da AF Vila Real decorre entre s\u00e1bado e domingo, 20 e 21 de dezembro. Os encontros comparam equipas de v\u00e1rias zonas da tabela, sempre com base na classifica\u00e7\u00e3o atual. O programa indica jogos entre conjuntos do meio e da parte superior com enfrentamentos frente a advers\u00e1rios de zonas inferiores.<\/p>\n<p>No s\u00e1bado, o Vilar de Perdizes recebe o Sabroso numa partida em casa. O Vilar de Perdizes est\u00e1 no 7.\u00ba lugar, com 21 pontos, enquanto o Sabroso segue em 14.\u00ba, com nove pontos. Ambos apresentam diferen\u00e7as em golos marcados e sofridos.<\/p>\n<p>Ainda no s\u00e1bado, Mes\u00e3o Frio, 9.\u00ba com 21 pontos, recebe o FC Fontelas, \u00faltimo classificado com 0 pontos. Este \u00faltimo regista apenas quatro golos marcados e 60 sofridos. O dia encerra com ADC Constantim (9 pontos) a receber o GD Cerva (12 pontos).<\/p>\n<h3>Confrontos de topo e meio da tabela<\/h3>\n<p>No domingo, FC Santa Marta (6.\u00ba, 23 pontos) recebe Mondinense (5.\u00ba, 26 pontos) num duelo entre dois candidatos a posi\u00e7\u00f5es de acesso. Em Atei, o clube local, 11.\u00ba com 13 pontos, defronta Cumieira (13.\u00ba, 10 pontos).<\/p>\n<p>O SC R\u00e9gua, 2.\u00ba classificado com 34 pontos, recebe o Vidago, 3.\u00ba, com 32 pontos, num dos encontros de maior import\u00e2ncia da jornada. Vila Pouca (4.\u00ba, 27 pontos) joga em casa frente ao GD Valpa\u00e7os (8.\u00ba, 21 pontos).<\/p>\n<p>Para encerrar, Juventude de Pedras Salgadas, 10.\u00aa com 18 pontos, recebe o l\u00edder CDC Montalegre (37 pontos). Montalegre soma 41 golos apontados e apenas 2 sofridos, destacando-se entre as equipas.<\/p>\n<p>Abambres fica de folga esta semana. A jornada promete manter o equil\u00edbrio entre os confrontos de topo e os desafios do meio da tabela, com jogos distribu\u00eddos por v\u00e1rios campos do distrito.<\/p>\n","protected":false},"excerpt":{"rendered":"<ul>\n<li>A 15.\u00aa jornada da Divis\u00e3o de Honra da AF Vila Real realiza-se a 20 e 21 de dezembro, s\u00e1bado e domingo, com jogos entre equipas de diferentes zonas da tabela.<\/li>\n<li>No s\u00e1bado, Vilar de Perdizes (7.\u00ba, 21 pts) recebe Sabroso (14.\u00ba, 9 pts); Mes\u00e3o Frio (9.\u00ba, 21 pts) enfrenta FC Fontelas (17.\u00ba, 0 pts); ADC Constantim (15.\u00ba, 9 pts) recebe GD Cerva (12.\u00ba, 12 pts).<\/li>\n<li>No domingo, FC Santa Marta (6.\u00ba, 23 pts) recebe Mondinense (5.\u00ba, 26 pts); Juventude de Pedras Salgadas (10.\u00ba, 18 pts) recebe o l\u00edder CDC Montalegre (37 pts).<\/li>\n<li>Em Atei, Atei (11.\u00ba, 13 pts) recebe Cumieira (13.\u00ba, 10 pts); SC R\u00e9gua (2.\u00ba, 34 pts) recebe Vidago (3.\u00ba, 32 pts); Vila Pouca (4.\u00ba, 27 pts) joga contra GD Valpa\u00e7os (8.\u00ba, 21 pts).<\/li>\n<li>Abambres fica de folga.<\/li>\n<\/ul>\n","protected":false},"author":2,"featured_media":88697,"comment_status":"closed","ping_status":"closed","sticky":false,"template":"","format":"standard","meta":{"footnotes":""},"categories":[21,24],"tags":[1392,1267,32,1390,1391,1665],"class_list":["post-88688","post","type-post","status-publish","format-standard","has-post-thumbnail","hentry","category-desporto","category-futebol","tag-cerva","tag-divisao-elite","tag-futebol","tag-mondinense","tag-regua","tag-vila-real"],"yoast_head":"<!-- This site is optimized with the Yoast SEO plugin v27.2 - https:\/\/yoast.com\/product\/yoast-seo-wordpress\/ -->\n<title>AFVR antev\u00ea a 15.\u00aa jornada da Divis\u00e3o de Honra - Portal Tela Portugal<\/title>\n<meta name=\"robots\" content=\"index, follow, max-snippet:-1, max-image-preview:large, max-video-preview:-1\" \/>\n<meta property=\"og:locale\" content=\"pt_PT\" \/>\n<meta property=\"og:type\" content=\"article\" \/>\n<meta property=\"og:title\" content=\"AFVR antev\u00ea a 15.\u00aa jornada da Divis\u00e3o de Honra - Portal Tela Portugal\" \/>\n<meta property=\"og:description\" content=\"A 15.\u00aa jornada da Divis\u00e3o de Honra da AF Vila Real realiza-se a 20 e 21 de dezembro, s\u00e1bado e domingo, com jogos entre equipas de diferentes zonas da tabela. No s\u00e1bado, Vilar de Perdizes (7.\u00ba, 21 pts) recebe Sabroso (14.\u00ba, 9 pts); Mes\u00e3o Frio (9.\u00ba, 21 pts) enfrenta FC Fontelas (17.\u00ba, 0 pts); ADC Constantim (15.\u00ba, 9 pts) recebe GD Cerva (12.\u00ba, 12 pts). No domingo, FC Santa Marta (6.\u00ba, 23 pts) recebe Mondinense (5.\u00ba, 26 pts); Juventude de Pedras Salgadas (10.\u00ba, 18 pts) recebe o l\u00edder CDC Montalegre (37 pts). Em Atei, Atei (11.\u00ba, 13 pts) recebe Cumieira (13.\u00ba, 10 pts); SC R\u00e9gua (2.\u00ba, 34 pts) recebe Vidago (3.\u00ba, 32 pts); Vila Pouca (4.\u00ba, 27 pts) joga contra GD Valpa\u00e7os (8.\u00ba, 21 pts). Abambres fica de folga.\" \/>\n<meta property=\"og:url\" content=\"https:\/\/portaltela.pt\/noticias\/2025\/12\/20\/afvr-anteve-a-15-a-jornada-da-divisao-de-honra\/\" \/>\n<meta property=\"og:site_name\" content=\"Portal Tela Portugal\" \/>\n<meta property=\"article:published_time\" content=\"2025-12-20T15:38:00+00:00\" \/>\n<meta name=\"author\" content=\"Telinha\" \/>\n<meta name=\"twitter:card\" content=\"summary_large_image\" \/>\n<meta name=\"twitter:label1\" content=\"Escrito por\" \/>\n\t<meta name=\"twitter:data1\" content=\"Telinha\" \/>\n\t<meta name=\"twitter:label2\" content=\"Tempo estimado de leitura\" \/>\n\t<meta name=\"twitter:data2\" content=\"1 minuto\" \/>\n<script type=\"application\/ld+json\" class=\"yoast-schema-graph\">{\"@context\":\"https:\/\/schema.org\",\"@graph\":[{\"@type\":\"Article\",\"@id\":\"https:\/\/portaltela.pt\/noticias\/2025\/12\/20\/afvr-anteve-a-15-a-jornada-da-divisao-de-honra\/#article\",\"isPartOf\":{\"@id\":\"https:\/\/portaltela.pt\/noticias\/2025\/12\/20\/afvr-anteve-a-15-a-jornada-da-divisao-de-honra\/\"},\"author\":{\"name\":\"Telinha\",\"@id\":\"https:\/\/portaltela.pt\/#\/schema\/person\/c4278d4a6028830caff9ee44b42d32ed\"},\"headline\":\"AFVR antev\u00ea a 15.\u00aa jornada da Divis\u00e3o de Honra\",\"datePublished\":\"2025-12-20T15:38:00+00:00\",\"mainEntityOfPage\":{\"@id\":\"https:\/\/portaltela.pt\/noticias\/2025\/12\/20\/afvr-anteve-a-15-a-jornada-da-divisao-de-honra\/\"},\"wordCount\":276,\"image\":{\"@id\":\"https:\/\/portaltela.pt\/noticias\/2025\/12\/20\/afvr-anteve-a-15-a-jornada-da-divisao-de-honra\/#primaryimage\"},\"thumbnailUrl\":\"https:\/\/portaltela.pt\/s.01k8rhncp4jt1\/2025\/12\/unnamed-file-785.jpg\",\"keywords\":[\"Cerva\",\"Divis\u00e3o Elite\",\"futebol\",\"Mondinense\",\"R\u00e9gua\",\"Vila Real\"],\"articleSection\":[\"Desporto\",\"Futebol\"],\"inLanguage\":\"pt-PT\"},{\"@type\":\"WebPage\",\"@id\":\"https:\/\/portaltela.pt\/noticias\/2025\/12\/20\/afvr-anteve-a-15-a-jornada-da-divisao-de-honra\/\",\"url\":\"https:\/\/portaltela.pt\/noticias\/2025\/12\/20\/afvr-anteve-a-15-a-jornada-da-divisao-de-honra\/\",\"name\":\"AFVR antev\u00ea a 15.\u00aa jornada da Divis\u00e3o de Honra - Portal Tela Portugal\",\"isPartOf\":{\"@id\":\"https:\/\/portaltela.pt\/#website\"},\"primaryImageOfPage\":{\"@id\":\"https:\/\/portaltela.pt\/noticias\/2025\/12\/20\/afvr-anteve-a-15-a-jornada-da-divisao-de-honra\/#primaryimage\"},\"image\":{\"@id\":\"https:\/\/portaltela.pt\/noticias\/2025\/12\/20\/afvr-anteve-a-15-a-jornada-da-divisao-de-honra\/#primaryimage\"},\"thumbnailUrl\":\"https:\/\/portaltela.pt\/s.01k8rhncp4jt1\/2025\/12\/unnamed-file-785.jpg\",\"datePublished\":\"2025-12-20T15:38:00+00:00\",\"author\":{\"@id\":\"https:\/\/portaltela.pt\/#\/schema\/person\/c4278d4a6028830caff9ee44b42d32ed\"},\"breadcrumb\":{\"@id\":\"https:\/\/portaltela.pt\/noticias\/2025\/12\/20\/afvr-anteve-a-15-a-jornada-da-divisao-de-honra\/#breadcrumb\"},\"inLanguage\":\"pt-PT\",\"potentialAction\":[{\"@type\":\"ReadAction\",\"target\":[\"https:\/\/portaltela.pt\/noticias\/2025\/12\/20\/afvr-anteve-a-15-a-jornada-da-divisao-de-honra\/\"]}]},{\"@type\":\"ImageObject\",\"inLanguage\":\"pt-PT\",\"@id\":\"https:\/\/portaltela.pt\/noticias\/2025\/12\/20\/afvr-anteve-a-15-a-jornada-da-divisao-de-honra\/#primaryimage\",\"url\":\"https:\/\/portaltela.pt\/s.01k8rhncp4jt1\/2025\/12\/unnamed-file-785.jpg\",\"contentUrl\":\"https:\/\/portaltela.pt\/s.01k8rhncp4jt1\/2025\/12\/unnamed-file-785.jpg\",\"width\":796,\"height\":448,\"caption\":\"AF Vila Real lan\u00e7a Football School para elevar a forma\u00e7\u00e3o no distrito\"},{\"@type\":\"BreadcrumbList\",\"@id\":\"https:\/\/portaltela.pt\/noticias\/2025\/12\/20\/afvr-anteve-a-15-a-jornada-da-divisao-de-honra\/#breadcrumb\",\"itemListElement\":[{\"@type\":\"ListItem\",\"position\":1,\"name\":\"In\u00edcio\",\"item\":\"https:\/\/portaltela.pt\/\"},{\"@type\":\"ListItem\",\"position\":2,\"name\":\"AFVR antev\u00ea a 15.\u00aa jornada da Divis\u00e3o de Honra\"}]},{\"@type\":\"WebSite\",\"@id\":\"https:\/\/portaltela.pt\/#website\",\"url\":\"https:\/\/portaltela.pt\/\",\"name\":\"Portal Tela Portugal\",\"description\":\"\",\"potentialAction\":[{\"@type\":\"SearchAction\",\"target\":{\"@type\":\"EntryPoint\",\"urlTemplate\":\"https:\/\/portaltela.pt\/?s={search_term_string}\"},\"query-input\":{\"@type\":\"PropertyValueSpecification\",\"valueRequired\":true,\"valueName\":\"search_term_string\"}}],\"inLanguage\":\"pt-PT\"},{\"@type\":\"Person\",\"@id\":\"https:\/\/portaltela.pt\/#\/schema\/person\/c4278d4a6028830caff9ee44b42d32ed\",\"name\":\"Telinha\",\"image\":{\"@type\":\"ImageObject\",\"inLanguage\":\"pt-PT\",\"@id\":\"https:\/\/portaltela.pt\/s.01k8rhncp4jt1\/2025\/11\/talking-bot-125x125.png\",\"url\":\"https:\/\/portaltela.pt\/s.01k8rhncp4jt1\/2025\/11\/talking-bot-125x125.png\",\"contentUrl\":\"https:\/\/portaltela.pt\/s.01k8rhncp4jt1\/2025\/11\/talking-bot-125x125.png\",\"caption\":\"Telinha\"},\"sameAs\":[\"https:\/\/portaltela.pt\/\"],\"url\":\"https:\/\/portaltela.pt\/por\/367410592786\/\"}]}<\/script>\n<!-- \/ Yoast SEO plugin. -->","yoast_head_json":{"title":"AFVR antev\u00ea a 15.\u00aa jornada da Divis\u00e3o de Honra - Portal Tela Portugal","robots":{"index":"index","follow":"follow","max-snippet":"max-snippet:-1","max-image-preview":"max-image-preview:large","max-video-preview":"max-video-preview:-1"},"og_locale":"pt_PT","og_type":"article","og_title":"AFVR antev\u00ea a 15.\u00aa jornada da Divis\u00e3o de Honra - Portal Tela Portugal","og_description":"A 15.\u00aa jornada da Divis\u00e3o de Honra da AF Vila Real realiza-se a 20 e 21 de dezembro, s\u00e1bado e domingo, com jogos entre equipas de diferentes zonas da tabela. No s\u00e1bado, Vilar de Perdizes (7.\u00ba, 21 pts) recebe Sabroso (14.\u00ba, 9 pts); Mes\u00e3o Frio (9.\u00ba, 21 pts) enfrenta FC Fontelas (17.\u00ba, 0 pts); ADC Constantim (15.\u00ba, 9 pts) recebe GD Cerva (12.\u00ba, 12 pts). No domingo, FC Santa Marta (6.\u00ba, 23 pts) recebe Mondinense (5.\u00ba, 26 pts); Juventude de Pedras Salgadas (10.\u00ba, 18 pts) recebe o l\u00edder CDC Montalegre (37 pts). Em Atei, Atei (11.\u00ba, 13 pts) recebe Cumieira (13.\u00ba, 10 pts); SC R\u00e9gua (2.\u00ba, 34 pts) recebe Vidago (3.\u00ba, 32 pts); Vila Pouca (4.\u00ba, 27 pts) joga contra GD Valpa\u00e7os (8.\u00ba, 21 pts). Abambres fica de folga.","og_url":"https:\/\/portaltela.pt\/noticias\/2025\/12\/20\/afvr-anteve-a-15-a-jornada-da-divisao-de-honra\/","og_site_name":"Portal Tela Portugal","article_published_time":"2025-12-20T15:38:00+00:00","author":"Telinha","twitter_card":"summary_large_image","twitter_misc":{"Escrito por":"Telinha","Tempo estimado de leitura":"1 minuto"},"schema":{"@context":"https:\/\/schema.org","@graph":[{"@type":"Article","@id":"https:\/\/portaltela.pt\/noticias\/2025\/12\/20\/afvr-anteve-a-15-a-jornada-da-divisao-de-honra\/#article","isPartOf":{"@id":"https:\/\/portaltela.pt\/noticias\/2025\/12\/20\/afvr-anteve-a-15-a-jornada-da-divisao-de-honra\/"},"author":{"name":"Telinha","@id":"https:\/\/portaltela.pt\/#\/schema\/person\/c4278d4a6028830caff9ee44b42d32ed"},"headline":"AFVR antev\u00ea a 15.\u00aa jornada da Divis\u00e3o de Honra","datePublished":"2025-12-20T15:38:00+00:00","mainEntityOfPage":{"@id":"https:\/\/portaltela.pt\/noticias\/2025\/12\/20\/afvr-anteve-a-15-a-jornada-da-divisao-de-honra\/"},"wordCount":276,"image":{"@id":"https:\/\/portaltela.pt\/noticias\/2025\/12\/20\/afvr-anteve-a-15-a-jornada-da-divisao-de-honra\/#primaryimage"},"thumbnailUrl":"https:\/\/portaltela.pt\/s.01k8rhncp4jt1\/2025\/12\/unnamed-file-785.jpg","keywords":["Cerva","Divis\u00e3o Elite","futebol","Mondinense","R\u00e9gua","Vila Real"],"articleSection":["Desporto","Futebol"],"inLanguage":"pt-PT"},{"@type":"WebPage","@id":"https:\/\/portaltela.pt\/noticias\/2025\/12\/20\/afvr-anteve-a-15-a-jornada-da-divisao-de-honra\/","url":"https:\/\/portaltela.pt\/noticias\/2025\/12\/20\/afvr-anteve-a-15-a-jornada-da-divisao-de-honra\/","name":"AFVR antev\u00ea a 15.\u00aa jornada da Divis\u00e3o de Honra - Portal Tela Portugal","isPartOf":{"@id":"https:\/\/portaltela.pt\/#website"},"primaryImageOfPage":{"@id":"https:\/\/portaltela.pt\/noticias\/2025\/12\/20\/afvr-anteve-a-15-a-jornada-da-divisao-de-honra\/#primaryimage"},"image":{"@id":"https:\/\/portaltela.pt\/noticias\/2025\/12\/20\/afvr-anteve-a-15-a-jornada-da-divisao-de-honra\/#primaryimage"},"thumbnailUrl":"https:\/\/portaltela.pt\/s.01k8rhncp4jt1\/2025\/12\/unnamed-file-785.jpg","datePublished":"2025-12-20T15:38:00+00:00","author":{"@id":"https:\/\/portaltela.pt\/#\/schema\/person\/c4278d4a6028830caff9ee44b42d32ed"},"breadcrumb":{"@id":"https:\/\/portaltela.pt\/noticias\/2025\/12\/20\/afvr-anteve-a-15-a-jornada-da-divisao-de-honra\/#breadcrumb"},"inLanguage":"pt-PT","potentialAction":[{"@type":"ReadAction","target":["https:\/\/portaltela.pt\/noticias\/2025\/12\/20\/afvr-anteve-a-15-a-jornada-da-divisao-de-honra\/"]}]},{"@type":"ImageObject","inLanguage":"pt-PT","@id":"https:\/\/portaltela.pt\/noticias\/2025\/12\/20\/afvr-anteve-a-15-a-jornada-da-divisao-de-honra\/#primaryimage","url":"https:\/\/portaltela.pt\/s.01k8rhncp4jt1\/2025\/12\/unnamed-file-785.jpg","contentUrl":"https:\/\/portaltela.pt\/s.01k8rhncp4jt1\/2025\/12\/unnamed-file-785.jpg","width":796,"height":448,"caption":"AF Vila Real lan\u00e7a Football School para elevar a forma\u00e7\u00e3o no distrito"},{"@type":"BreadcrumbList","@id":"https:\/\/portaltela.pt\/noticias\/2025\/12\/20\/afvr-anteve-a-15-a-jornada-da-divisao-de-honra\/#breadcrumb","itemListElement":[{"@type":"ListItem","position":1,"name":"In\u00edcio","item":"https:\/\/portaltela.pt\/"},{"@type":"ListItem","position":2,"name":"AFVR antev\u00ea a 15.\u00aa jornada da Divis\u00e3o de Honra"}]},{"@type":"WebSite","@id":"https:\/\/portaltela.pt\/#website","url":"https:\/\/portaltela.pt\/","name":"Portal Tela Portugal","description":"","potentialAction":[{"@type":"SearchAction","target":{"@type":"EntryPoint","urlTemplate":"https:\/\/portaltela.pt\/?s={search_term_string}"},"query-input":{"@type":"PropertyValueSpecification","valueRequired":true,"valueName":"search_term_string"}}],"inLanguage":"pt-PT"},{"@type":"Person","@id":"https:\/\/portaltela.pt\/#\/schema\/person\/c4278d4a6028830caff9ee44b42d32ed","name":"Telinha","image":{"@type":"ImageObject","inLanguage":"pt-PT","@id":"https:\/\/portaltela.pt\/s.01k8rhncp4jt1\/2025\/11\/talking-bot-125x125.png","url":"https:\/\/portaltela.pt\/s.01k8rhncp4jt1\/2025\/11\/talking-bot-125x125.png","contentUrl":"https:\/\/portaltela.pt\/s.01k8rhncp4jt1\/2025\/11\/talking-bot-125x125.png","caption":"Telinha"},"sameAs":["https:\/\/portaltela.pt\/"],"url":"https:\/\/portaltela.pt\/por\/367410592786\/"}]}},"_links":{"self":[{"href":"https:\/\/portaltela.pt\/api\/wp\/v2\/posts\/88688","targetHints":{"allow":["GET"]}}],"collection":[{"href":"https:\/\/portaltela.pt\/api\/wp\/v2\/posts"}],"about":[{"href":"https:\/\/portaltela.pt\/api\/wp\/v2\/types\/post"}],"author":[{"embeddable":true,"href":"https:\/\/portaltela.pt\/api\/wp\/v2\/users\/2"}],"replies":[{"embeddable":true,"href":"https:\/\/portaltela.pt\/api\/wp\/v2\/comments?post=88688"}],"version-history":[{"count":0,"href":"https:\/\/portaltela.pt\/api\/wp\/v2\/posts\/88688\/revisions"}],"wp:featuredmedia":[{"embeddable":true,"href":"https:\/\/portaltela.pt\/api\/wp\/v2\/media\/88697"}],"wp:attachment":[{"href":"https:\/\/portaltela.pt\/api\/wp\/v2\/media?parent=88688"}],"wp:term":[{"taxonomy":"category","embeddable":true,"href":"https:\/\/portaltela.pt\/api\/wp\/v2\/categories?post=88688"},{"taxonomy":"post_tag","embeddable":true,"href":"https:\/\/portaltela.pt\/api\/wp\/v2\/tags?post=88688"}],"curies":[{"name":"wp","href":"https:\/\/api.w.org\/{rel}","templated":true}]}}