{"id":87745,"date":"2025-12-20T03:18:00","date_gmt":"2025-12-20T06:18:00","guid":{"rendered":"https:\/\/portaltela.pt\/noticias\/2025\/12\/20\/liquidacao-do-banif-esteve-quase-parada-e-devera-prolongar-se-por-anos\/"},"modified":"2025-12-20T03:18:00","modified_gmt":"2025-12-20T06:18:00","slug":"liquidacao-do-banif-esteve-quase-parada-e-devera-prolongar-se-por-anos","status":"publish","type":"post","link":"https:\/\/portaltela.pt\/noticias\/2025\/12\/20\/liquidacao-do-banif-esteve-quase-parada-e-devera-prolongar-se-por-anos\/","title":{"rendered":"Liquida\u00e7\u00e3o do Banif esteve quase parada e dever\u00e1 prolongar-se por anos"},"content":{"rendered":"<p>A liquida\u00e7\u00e3o do Banif continua marcada pela lentid\u00e3o. Segundo a comiss\u00e3o liquidat\u00e1ria, apresentada ao Tribunal de Com\u00e9rcio de Lisboa, o processo est\u00e1 \u201cpraticamente parado\u201d no segundo trimestre, e a conclus\u00e3o pode levar v\u00e1rios anos.<\/p>\n<p>Os elementos centrais da fase atual s\u00e3o a distribui\u00e7\u00e3o de cerca de 50 milh\u00f5es de euros aos credores, com o Estado a manter uma participa\u00e7\u00e3o relevante nos ativos; o ve\u00edculo de gest\u00e3o de activos Oitante a beneficiar de dividendos adicionais ao Fundo de Resolu\u00e7\u00e3o; e o Santander a apresentar balan\u00e7o positivo pela integra\u00e7\u00e3o do banco.<\/p>\n<h3>Situa\u00e7\u00e3o atual da liquida\u00e7\u00e3o<\/h3>\n<p>O relat\u00f3rio divulgado refere que as etapas finais do processo enfrentam atrasos significativos, retardando a conclus\u00e3o da liquida\u00e7\u00e3o. A an\u00e1lise indica que os recursos dispon\u00edveis j\u00e1 n\u00e3o devem cobrir todos os credores, mantendo o Estado como detentor de parte substancial dos ativos.<\/p>\n<p>O contexto pr\u00e9vio aponta para uma prioridade na solv\u00eancia de credores e na recupera\u00e7\u00e3o de ativos ainda dispon\u00edveis. A expectativa \u00e9 de que o processo avance lentamente, com decis\u00f5es instrumentais dependentes de fun\u00e7\u00f5es administrativas e judiciais.<\/p>\n<h3>O que mudou no segundo trimestre<\/h3>\n<p>A comunica\u00e7\u00e3o entre a comiss\u00e3o liquidat\u00e1ria e o Tribunal do Com\u00e9rcio de Lisboa refor\u00e7ou a percep\u00e7\u00e3o de que a liquida\u00e7\u00e3o est\u00e1 longe de ser conclu\u00edda. A timeline atual sugere anos de atraso antes de qualquer desfecho, com impactos na gest\u00e3o de ativos remanescentes.<\/p>\n<p>Entre os protagonistas, o Banif \u00e9 apresentado como parte de um mosaico que envolve Santander, Oitante e o Fundo de Resolu\u00e7\u00e3o. A posi\u00e7\u00e3o do Estado continua a ser relevante, refletem os dados dispon\u00edveis no relat\u00f3rio.<\/p>\n","protected":false},"excerpt":{"rendered":"<ul>\n<li>A liquida\u00e7\u00e3o do Banif est\u00e1 praticamente parada e dever\u00e1 demorar v\u00e1rios anos, segundo a comiss\u00e3o liquidat\u00e1ria no relat\u00f3rio do segundo trimestre ao Tribunal do Com\u00e9rcio de Lisboa.<\/li>\n<li>O patrim\u00f3nio remanescente tem cerca de 50 milh\u00f5es de euros para distribui\u00e7\u00e3o aos credores, com o Estado a prever ficar com a maior parte dos ativos.<\/li>\n<li>A Oitante dever\u00e1 entregar mais dividendos ao Fundo de Resolu\u00e7\u00e3o.<\/li>\n<li>O Santander regista um balan\u00e7o positivo com a integra\u00e7\u00e3o do Banif.<\/li>\n<\/ul>\n","protected":false},"author":2,"featured_media":87748,"comment_status":"closed","ping_status":"closed","sticky":false,"template":"","format":"standard","meta":{"footnotes":""},"categories":[1],"tags":[733,1707,1144,981,1708,1710],"class_list":["post-87745","post","type-post","status-publish","format-standard","has-post-thumbnail","hentry","category-noticias","tag-financas-publicas","tag-fundo-de-resolucao","tag-instituicoes","tag-lisboa","tag-oitante","tag-santander"],"yoast_head":"<!-- This site is optimized with the Yoast SEO plugin v27.2 - https:\/\/yoast.com\/product\/yoast-seo-wordpress\/ -->\n<title>Liquida\u00e7\u00e3o do Banif esteve quase parada e dever\u00e1 prolongar-se por anos - Portal Tela Portugal<\/title>\n<meta name=\"robots\" content=\"index, follow, max-snippet:-1, max-image-preview:large, max-video-preview:-1\" \/>\n<meta property=\"og:locale\" content=\"pt_PT\" \/>\n<meta property=\"og:type\" content=\"article\" \/>\n<meta property=\"og:title\" content=\"Liquida\u00e7\u00e3o do Banif esteve quase parada e dever\u00e1 prolongar-se por anos - Portal Tela Portugal\" \/>\n<meta property=\"og:description\" content=\"A liquida\u00e7\u00e3o do Banif est\u00e1 praticamente parada e dever\u00e1 demorar v\u00e1rios anos, segundo a comiss\u00e3o liquidat\u00e1ria no relat\u00f3rio do segundo trimestre ao Tribunal do Com\u00e9rcio de Lisboa. O patrim\u00f3nio remanescente tem cerca de 50 milh\u00f5es de euros para distribui\u00e7\u00e3o aos credores, com o Estado a prever ficar com a maior parte dos ativos. A Oitante dever\u00e1 entregar mais dividendos ao Fundo de Resolu\u00e7\u00e3o. O Santander regista um balan\u00e7o positivo com a integra\u00e7\u00e3o do Banif.\" \/>\n<meta property=\"og:url\" content=\"https:\/\/portaltela.pt\/noticias\/2025\/12\/20\/liquidacao-do-banif-esteve-quase-parada-e-devera-prolongar-se-por-anos\/\" \/>\n<meta property=\"og:site_name\" content=\"Portal Tela Portugal\" \/>\n<meta property=\"article:published_time\" content=\"2025-12-20T06:18:00+00:00\" \/>\n<meta name=\"author\" content=\"Telinha\" \/>\n<meta name=\"twitter:card\" content=\"summary_large_image\" \/>\n<meta name=\"twitter:label1\" content=\"Escrito por\" \/>\n\t<meta name=\"twitter:data1\" content=\"Telinha\" \/>\n\t<meta name=\"twitter:label2\" content=\"Tempo estimado de leitura\" \/>\n\t<meta name=\"twitter:data2\" content=\"1 minuto\" \/>\n<script type=\"application\/ld+json\" class=\"yoast-schema-graph\">{\"@context\":\"https:\/\/schema.org\",\"@graph\":[{\"@type\":\"Article\",\"@id\":\"https:\/\/portaltela.pt\/noticias\/2025\/12\/20\/liquidacao-do-banif-esteve-quase-parada-e-devera-prolongar-se-por-anos\/#article\",\"isPartOf\":{\"@id\":\"https:\/\/portaltela.pt\/noticias\/2025\/12\/20\/liquidacao-do-banif-esteve-quase-parada-e-devera-prolongar-se-por-anos\/\"},\"author\":{\"name\":\"Telinha\",\"@id\":\"https:\/\/portaltela.pt\/#\/schema\/person\/c4278d4a6028830caff9ee44b42d32ed\"},\"headline\":\"Liquida\u00e7\u00e3o do Banif esteve quase parada e dever\u00e1 prolongar-se por anos\",\"datePublished\":\"2025-12-20T06:18:00+00:00\",\"mainEntityOfPage\":{\"@id\":\"https:\/\/portaltela.pt\/noticias\/2025\/12\/20\/liquidacao-do-banif-esteve-quase-parada-e-devera-prolongar-se-por-anos\/\"},\"wordCount\":307,\"image\":{\"@id\":\"https:\/\/portaltela.pt\/noticias\/2025\/12\/20\/liquidacao-do-banif-esteve-quase-parada-e-devera-prolongar-se-por-anos\/#primaryimage\"},\"thumbnailUrl\":\"https:\/\/portaltela.pt\/s.01k8rhncp4jt1\/2025\/12\/2053761.jpg\",\"keywords\":[\"finan\u00e7as p\u00fablicas\",\"Fundo de Resolu\u00e7\u00e3o\",\"institui\u00e7\u00f5es\",\"Lisboa\",\"Oitante\",\"Santander\"],\"articleSection\":[\"Not\u00edcias\"],\"inLanguage\":\"pt-PT\"},{\"@type\":\"WebPage\",\"@id\":\"https:\/\/portaltela.pt\/noticias\/2025\/12\/20\/liquidacao-do-banif-esteve-quase-parada-e-devera-prolongar-se-por-anos\/\",\"url\":\"https:\/\/portaltela.pt\/noticias\/2025\/12\/20\/liquidacao-do-banif-esteve-quase-parada-e-devera-prolongar-se-por-anos\/\",\"name\":\"Liquida\u00e7\u00e3o do Banif esteve quase parada e dever\u00e1 prolongar-se por anos - Portal Tela Portugal\",\"isPartOf\":{\"@id\":\"https:\/\/portaltela.pt\/#website\"},\"primaryImageOfPage\":{\"@id\":\"https:\/\/portaltela.pt\/noticias\/2025\/12\/20\/liquidacao-do-banif-esteve-quase-parada-e-devera-prolongar-se-por-anos\/#primaryimage\"},\"image\":{\"@id\":\"https:\/\/portaltela.pt\/noticias\/2025\/12\/20\/liquidacao-do-banif-esteve-quase-parada-e-devera-prolongar-se-por-anos\/#primaryimage\"},\"thumbnailUrl\":\"https:\/\/portaltela.pt\/s.01k8rhncp4jt1\/2025\/12\/2053761.jpg\",\"datePublished\":\"2025-12-20T06:18:00+00:00\",\"author\":{\"@id\":\"https:\/\/portaltela.pt\/#\/schema\/person\/c4278d4a6028830caff9ee44b42d32ed\"},\"breadcrumb\":{\"@id\":\"https:\/\/portaltela.pt\/noticias\/2025\/12\/20\/liquidacao-do-banif-esteve-quase-parada-e-devera-prolongar-se-por-anos\/#breadcrumb\"},\"inLanguage\":\"pt-PT\",\"potentialAction\":[{\"@type\":\"ReadAction\",\"target\":[\"https:\/\/portaltela.pt\/noticias\/2025\/12\/20\/liquidacao-do-banif-esteve-quase-parada-e-devera-prolongar-se-por-anos\/\"]}]},{\"@type\":\"ImageObject\",\"inLanguage\":\"pt-PT\",\"@id\":\"https:\/\/portaltela.pt\/noticias\/2025\/12\/20\/liquidacao-do-banif-esteve-quase-parada-e-devera-prolongar-se-por-anos\/#primaryimage\",\"url\":\"https:\/\/portaltela.pt\/s.01k8rhncp4jt1\/2025\/12\/2053761.jpg\",\"contentUrl\":\"https:\/\/portaltela.pt\/s.01k8rhncp4jt1\/2025\/12\/2053761.jpg\",\"width\":796,\"height\":448,\"caption\":\"A marca Banif desapareceu dos balc\u00f5es (passou a Santander)\"},{\"@type\":\"BreadcrumbList\",\"@id\":\"https:\/\/portaltela.pt\/noticias\/2025\/12\/20\/liquidacao-do-banif-esteve-quase-parada-e-devera-prolongar-se-por-anos\/#breadcrumb\",\"itemListElement\":[{\"@type\":\"ListItem\",\"position\":1,\"name\":\"In\u00edcio\",\"item\":\"https:\/\/portaltela.pt\/\"},{\"@type\":\"ListItem\",\"position\":2,\"name\":\"Liquida\u00e7\u00e3o do Banif esteve quase parada e dever\u00e1 prolongar-se por anos\"}]},{\"@type\":\"WebSite\",\"@id\":\"https:\/\/portaltela.pt\/#website\",\"url\":\"https:\/\/portaltela.pt\/\",\"name\":\"Portal Tela Portugal\",\"description\":\"\",\"potentialAction\":[{\"@type\":\"SearchAction\",\"target\":{\"@type\":\"EntryPoint\",\"urlTemplate\":\"https:\/\/portaltela.pt\/?s={search_term_string}\"},\"query-input\":{\"@type\":\"PropertyValueSpecification\",\"valueRequired\":true,\"valueName\":\"search_term_string\"}}],\"inLanguage\":\"pt-PT\"},{\"@type\":\"Person\",\"@id\":\"https:\/\/portaltela.pt\/#\/schema\/person\/c4278d4a6028830caff9ee44b42d32ed\",\"name\":\"Telinha\",\"image\":{\"@type\":\"ImageObject\",\"inLanguage\":\"pt-PT\",\"@id\":\"https:\/\/portaltela.pt\/s.01k8rhncp4jt1\/2025\/11\/talking-bot-125x125.png\",\"url\":\"https:\/\/portaltela.pt\/s.01k8rhncp4jt1\/2025\/11\/talking-bot-125x125.png\",\"contentUrl\":\"https:\/\/portaltela.pt\/s.01k8rhncp4jt1\/2025\/11\/talking-bot-125x125.png\",\"caption\":\"Telinha\"},\"sameAs\":[\"https:\/\/portaltela.pt\/\"],\"url\":\"https:\/\/portaltela.pt\/por\/367410592786\/\"}]}<\/script>\n<!-- \/ Yoast SEO plugin. -->","yoast_head_json":{"title":"Liquida\u00e7\u00e3o do Banif esteve quase parada e dever\u00e1 prolongar-se por anos - Portal Tela Portugal","robots":{"index":"index","follow":"follow","max-snippet":"max-snippet:-1","max-image-preview":"max-image-preview:large","max-video-preview":"max-video-preview:-1"},"og_locale":"pt_PT","og_type":"article","og_title":"Liquida\u00e7\u00e3o do Banif esteve quase parada e dever\u00e1 prolongar-se por anos - Portal Tela Portugal","og_description":"A liquida\u00e7\u00e3o do Banif est\u00e1 praticamente parada e dever\u00e1 demorar v\u00e1rios anos, segundo a comiss\u00e3o liquidat\u00e1ria no relat\u00f3rio do segundo trimestre ao Tribunal do Com\u00e9rcio de Lisboa. O patrim\u00f3nio remanescente tem cerca de 50 milh\u00f5es de euros para distribui\u00e7\u00e3o aos credores, com o Estado a prever ficar com a maior parte dos ativos. A Oitante dever\u00e1 entregar mais dividendos ao Fundo de Resolu\u00e7\u00e3o. O Santander regista um balan\u00e7o positivo com a integra\u00e7\u00e3o do Banif.","og_url":"https:\/\/portaltela.pt\/noticias\/2025\/12\/20\/liquidacao-do-banif-esteve-quase-parada-e-devera-prolongar-se-por-anos\/","og_site_name":"Portal Tela Portugal","article_published_time":"2025-12-20T06:18:00+00:00","author":"Telinha","twitter_card":"summary_large_image","twitter_misc":{"Escrito por":"Telinha","Tempo estimado de leitura":"1 minuto"},"schema":{"@context":"https:\/\/schema.org","@graph":[{"@type":"Article","@id":"https:\/\/portaltela.pt\/noticias\/2025\/12\/20\/liquidacao-do-banif-esteve-quase-parada-e-devera-prolongar-se-por-anos\/#article","isPartOf":{"@id":"https:\/\/portaltela.pt\/noticias\/2025\/12\/20\/liquidacao-do-banif-esteve-quase-parada-e-devera-prolongar-se-por-anos\/"},"author":{"name":"Telinha","@id":"https:\/\/portaltela.pt\/#\/schema\/person\/c4278d4a6028830caff9ee44b42d32ed"},"headline":"Liquida\u00e7\u00e3o do Banif esteve quase parada e dever\u00e1 prolongar-se por anos","datePublished":"2025-12-20T06:18:00+00:00","mainEntityOfPage":{"@id":"https:\/\/portaltela.pt\/noticias\/2025\/12\/20\/liquidacao-do-banif-esteve-quase-parada-e-devera-prolongar-se-por-anos\/"},"wordCount":307,"image":{"@id":"https:\/\/portaltela.pt\/noticias\/2025\/12\/20\/liquidacao-do-banif-esteve-quase-parada-e-devera-prolongar-se-por-anos\/#primaryimage"},"thumbnailUrl":"https:\/\/portaltela.pt\/s.01k8rhncp4jt1\/2025\/12\/2053761.jpg","keywords":["finan\u00e7as p\u00fablicas","Fundo de Resolu\u00e7\u00e3o","institui\u00e7\u00f5es","Lisboa","Oitante","Santander"],"articleSection":["Not\u00edcias"],"inLanguage":"pt-PT"},{"@type":"WebPage","@id":"https:\/\/portaltela.pt\/noticias\/2025\/12\/20\/liquidacao-do-banif-esteve-quase-parada-e-devera-prolongar-se-por-anos\/","url":"https:\/\/portaltela.pt\/noticias\/2025\/12\/20\/liquidacao-do-banif-esteve-quase-parada-e-devera-prolongar-se-por-anos\/","name":"Liquida\u00e7\u00e3o do Banif esteve quase parada e dever\u00e1 prolongar-se por anos - Portal Tela Portugal","isPartOf":{"@id":"https:\/\/portaltela.pt\/#website"},"primaryImageOfPage":{"@id":"https:\/\/portaltela.pt\/noticias\/2025\/12\/20\/liquidacao-do-banif-esteve-quase-parada-e-devera-prolongar-se-por-anos\/#primaryimage"},"image":{"@id":"https:\/\/portaltela.pt\/noticias\/2025\/12\/20\/liquidacao-do-banif-esteve-quase-parada-e-devera-prolongar-se-por-anos\/#primaryimage"},"thumbnailUrl":"https:\/\/portaltela.pt\/s.01k8rhncp4jt1\/2025\/12\/2053761.jpg","datePublished":"2025-12-20T06:18:00+00:00","author":{"@id":"https:\/\/portaltela.pt\/#\/schema\/person\/c4278d4a6028830caff9ee44b42d32ed"},"breadcrumb":{"@id":"https:\/\/portaltela.pt\/noticias\/2025\/12\/20\/liquidacao-do-banif-esteve-quase-parada-e-devera-prolongar-se-por-anos\/#breadcrumb"},"inLanguage":"pt-PT","potentialAction":[{"@type":"ReadAction","target":["https:\/\/portaltela.pt\/noticias\/2025\/12\/20\/liquidacao-do-banif-esteve-quase-parada-e-devera-prolongar-se-por-anos\/"]}]},{"@type":"ImageObject","inLanguage":"pt-PT","@id":"https:\/\/portaltela.pt\/noticias\/2025\/12\/20\/liquidacao-do-banif-esteve-quase-parada-e-devera-prolongar-se-por-anos\/#primaryimage","url":"https:\/\/portaltela.pt\/s.01k8rhncp4jt1\/2025\/12\/2053761.jpg","contentUrl":"https:\/\/portaltela.pt\/s.01k8rhncp4jt1\/2025\/12\/2053761.jpg","width":796,"height":448,"caption":"A marca Banif desapareceu dos balc\u00f5es (passou a Santander)"},{"@type":"BreadcrumbList","@id":"https:\/\/portaltela.pt\/noticias\/2025\/12\/20\/liquidacao-do-banif-esteve-quase-parada-e-devera-prolongar-se-por-anos\/#breadcrumb","itemListElement":[{"@type":"ListItem","position":1,"name":"In\u00edcio","item":"https:\/\/portaltela.pt\/"},{"@type":"ListItem","position":2,"name":"Liquida\u00e7\u00e3o do Banif esteve quase parada e dever\u00e1 prolongar-se por anos"}]},{"@type":"WebSite","@id":"https:\/\/portaltela.pt\/#website","url":"https:\/\/portaltela.pt\/","name":"Portal Tela Portugal","description":"","potentialAction":[{"@type":"SearchAction","target":{"@type":"EntryPoint","urlTemplate":"https:\/\/portaltela.pt\/?s={search_term_string}"},"query-input":{"@type":"PropertyValueSpecification","valueRequired":true,"valueName":"search_term_string"}}],"inLanguage":"pt-PT"},{"@type":"Person","@id":"https:\/\/portaltela.pt\/#\/schema\/person\/c4278d4a6028830caff9ee44b42d32ed","name":"Telinha","image":{"@type":"ImageObject","inLanguage":"pt-PT","@id":"https:\/\/portaltela.pt\/s.01k8rhncp4jt1\/2025\/11\/talking-bot-125x125.png","url":"https:\/\/portaltela.pt\/s.01k8rhncp4jt1\/2025\/11\/talking-bot-125x125.png","contentUrl":"https:\/\/portaltela.pt\/s.01k8rhncp4jt1\/2025\/11\/talking-bot-125x125.png","caption":"Telinha"},"sameAs":["https:\/\/portaltela.pt\/"],"url":"https:\/\/portaltela.pt\/por\/367410592786\/"}]}},"_links":{"self":[{"href":"https:\/\/portaltela.pt\/api\/wp\/v2\/posts\/87745","targetHints":{"allow":["GET"]}}],"collection":[{"href":"https:\/\/portaltela.pt\/api\/wp\/v2\/posts"}],"about":[{"href":"https:\/\/portaltela.pt\/api\/wp\/v2\/types\/post"}],"author":[{"embeddable":true,"href":"https:\/\/portaltela.pt\/api\/wp\/v2\/users\/2"}],"replies":[{"embeddable":true,"href":"https:\/\/portaltela.pt\/api\/wp\/v2\/comments?post=87745"}],"version-history":[{"count":0,"href":"https:\/\/portaltela.pt\/api\/wp\/v2\/posts\/87745\/revisions"}],"wp:featuredmedia":[{"embeddable":true,"href":"https:\/\/portaltela.pt\/api\/wp\/v2\/media\/87748"}],"wp:attachment":[{"href":"https:\/\/portaltela.pt\/api\/wp\/v2\/media?parent=87745"}],"wp:term":[{"taxonomy":"category","embeddable":true,"href":"https:\/\/portaltela.pt\/api\/wp\/v2\/categories?post=87745"},{"taxonomy":"post_tag","embeddable":true,"href":"https:\/\/portaltela.pt\/api\/wp\/v2\/tags?post=87745"}],"curies":[{"name":"wp","href":"https:\/\/api.w.org\/{rel}","templated":true}]}}